{"id":127211,"date":"2020-04-03T12:38:52","date_gmt":"2020-04-03T10:38:52","guid":{"rendered":"https:\/\/www.radiopiu.net\/wordpress\/?p=127211"},"modified":"2020-04-03T14:15:21","modified_gmt":"2020-04-03T12:15:21","slug":"la-conferenza-stampa-del-presidente-del-veneto-luca-zaia-3-aprile-2020","status":"publish","type":"post","link":"https:\/\/www.radiopiu.net\/wordpress\/la-conferenza-stampa-del-presidente-del-veneto-luca-zaia-3-aprile-2020\/","title":{"rendered":"LA CONFERENZA STAMPA DEL PRESIDENTE DEL VENETO LUCA ZAIA 3 APRILE 2020"},"content":{"rendered":"<p><strong>VENEZIA<\/strong> Dalla sala stampa della sede della Protezione Civile di Marghera, il Presidente del Veneto Luca Zaia fa il punto sull&#8217;emergenza COVID-19.<\/p>\n<blockquote>\n<h2>LEGGI LA CONFERENZA STAMPA DI LUCA ZAIA<\/h2>\n<\/blockquote>\n<h1><span style=\"color: #ff0000;\">&#8220;FINITA L&#8217;EMERGENZA CORONAVIRUS SI RIPARTE CON L&#8217;AUTONOMIA&#8221;<\/span><\/h1>\n<blockquote>\n<h3><em>Calano i ricoverati e in terapia intensiva il dato \u00e8 stabile. I dimessi superano i ricoverati, 82 nuovi nati. <\/em>126.490 tamponi fatti. Da lunedi con la nuova macchina 7-8 mila tamponi al giorno. <strong>DONAZIONI\u00a0<\/strong>Quasi 20 milioni di euro.<\/h3>\n<p>&nbsp;<\/p><\/blockquote>\n<h2>LA NUOVA ORDINANZA<\/h2>\n<p><em><strong>\u00a0La Polizia destiner\u00e0 le somme delle multe al conto della Regione contro il Coronavirus.<\/strong><\/em><\/p>\n<p><strong>NUOVE LIMITAZIONI<\/strong> La vecchia ordinanza ormai in scadenza sar\u00e0 rinnovata\u00a0 fino al 13 aprile, restano le distanze di 200 metri da casa e i 200 metri\u00a0 sono il raggio della zona, comunque\u00a0 in linea d&#8217;aria. Solo attivit\u00e0 individuale e non di gruppo. Altre misure sono il\u00a0 divieto di mercati di prodotti alimentari su aree pubbliche anche di generi alimentari se non nei Comuni dove sia adottato un apposito piano. I mercati alimentari se non hanno un piano di gestione chiudono: devono essere transennati, perimetrati con varchi di accesso ed uscita. Sorveglianza pubblica o privata che verifichi le distanze evitando assembramenti, quindi ci si mette in fila come nei supermercati. Venditori e compratori dovranno usare guanti e mascherina. Vietata la vendita di\u00a0 prodotti di fiori e piante se non\u00a0 a domicilio. A livello nazionale il codice da l&#8217;apertura ma non \u00e8 motivo indifferibile. Potranno essere effettuate manutenzione su\u00a0 aree verdi per gli interventi di urgenza per incolumit\u00e0 alle persone e al patrimonio arboreo naturale. I campeggi turistici ad esempio devono prepararsi per la stagione, sono ammesse un minimo di squadre per mettere in ordine a siepi e prati ad esempio. Obbligo per tutti gli esercizi commerciali di far circolare solo soggetti con mascherina e guanti comunque con la copertura di naso e bocca. La vendita di articoli di\u00a0 cancelleria \u00e8 consentita anche all&#8217;interno dei supermercati. Sono consentiti i lavori per opere di protezione civile urgenti (tipo cantieri post Vaia) anche per la tutela del territorio dal punto di vista idrogeologico. Necessit\u00e0 di evitare il contatto a distanza entro il metro. Per le violazioni provvedono gli organi di polizia con destinazione delle somme per la sanit\u00e0 del Veneto ovvero contro il coronavirus chi sgarr\u00e0 avr\u00e0 contribuito a far fronte al virus.<\/p>\n<p><strong>SCARICA LA NUOVA ORDINANZA\u00a0<\/strong><\/p>\n<p><a href=\"https:\/\/www.radiopiu.net\/wordpress\/wp-content\/uploads\/2020\/04\/RPS-LYBRA-BK_PR-B-77388_0246_001.pdf\">CLICCA E LEGGI L&#8217;ORDINANZA DELLA REGIONE\u00a0<\/a><\/p>\n<p>&nbsp;<\/p>\n<h2><span style=\"color: #0000ff;\">DOMANDE\u00a0<\/span><\/h2>\n<p><strong>GARDEN<\/strong> Prodotti per giardino vanno solo consegnati. I Garden rimangono chiusi non e&#8217; motivo indifferibile andare a comperare piante.<\/p>\n<p><strong>MERCATI<\/strong> Non ci sono stati ancora contatti con i sindaci. C&#8217;\u00e8 chi come Verona ha chiuso tutto, ma c&#8217;\u00e8 una situazione di equilibrio e buon senso. Chi apre deve rispettare le regole. Se un sindaco mi dice vuole tenere aperto e non perimetrare e non gliene frega niente di assembramento&#8230; penso che sindaci cos\u00ec in Veneto non ne abbiamo. Per tenere aperto un mercato il sindaco deve fare il piano di gestione con parametri precisi, ingressi, uscita, perimetrazione, guanti e mascherina e vigilanza pubblica o privata come al supermercato. Mascherine e guanti devono usarla tutti soprattutto i negozianti.\u00a0 Se i sindaci non faranno le giuste ordinanze il mercato all&#8217;aperto deve chiudere o \u00e8 gestito come il supermercato o chiude.<\/p>\n<p><strong>MANUTENZIONI<\/strong> Gli anziani possono chiamare qualcuno a falciare il prato? Ci vuole buon senso, si faccia tutto quello che \u00e8 inderogabile. La mia preghiera di fare il minimo con il buon senso.<\/p>\n<p><strong>CHIUSURA FINO AL 1 MAGGIO (Borrelli) <\/strong>Spero finisca prima questa tragedia e questo trauma, stiamo lavorando sulle riaperture. con i test sierologici e la patente di immunit\u00e0.<\/p>\n<p><strong>MACCHINA PER TAMPONI FINITA IN PUGLIA sequestrate dal governatore della Puglia Emiliano<\/strong> Se era destinata a noi in Veneto e ce l&#8217;hanno confiscata vado a riprenderla di persona. Ma non so nulla dovr\u00f2 verificare.<\/p>\n<p><strong>COME REPLICA A CHI DICE CHE IL TEST SUL SANGUE NON E&#8217; AFFIDABILE (Ricciardi)<\/strong> C&#8217;\u00e8 un dibattito tra scienziati, non devo rispondere io. Il mondo della scienza si confronter\u00e0 ci sono diverse teorie. Ognuno ha il suo ruolo.<\/p>\n<p><strong>IMPORTO DELLE MULTE VI FIDATE DEI VIGILI E DEI COMUNI <\/strong>\u00a0Io penso che dobbiamo venire fuori da questa tragedia che \u00e8 la vera sfida. L&#8217;Istituzione deve rispettare le ordinanze e che i soldi vadano alla sanit\u00e0.<\/p>\n<p><strong>SANITA&#8217; CENTRALIZZATA<\/strong> Ho letto le dichiarazioni, Orlando ha detto la sanit\u00e0 non funziona centralizziamola. Da noi funziona. Se qualcuno mette in dubbio la nostra sanit\u00e0 lo chiederemo ai veneti se vogliono farsi curare da noi o da Roma, sia chiaro che con l&#8217;ultimo paziente di corona virus dimessa riprendiamo con l&#8217;autonomia.<\/p>\n<p><strong>IL GOVERNO SEMBRA CONTRARIO ALLA RIAPERTURA DIFFERENZIATA ANCHE PER IL VENETO\u00a0<\/strong> Noi siamo dell&#8217;idea che se le condizioni epidemiologiche e sanitarie lo permettono sollecitero&#8217; il Governo per ripartire.<\/p>\n<p><strong>MASCHERINE FERME IN MAGAZZINO PER LA MANCANZA DELL&#8217;OK DELL&#8217;ISS.<\/strong> Noi le mascherine da una settimana, dieci giorni, vengono consegnate con puntualit\u00e0 ogni mattina. Le mascherine chirurgiche ce le offrono 10 volte al giorno ci sono i magazzini pieni. I privati hanno difficolt\u00e0 a sdoganarle e spero che il Governo chiarifichi questo aspetto. Oggi sul mercato le troviamo le mascherine.<\/p>\n<p><strong>REFERENDUM SANITA&#8217; UNA PROVOCAZIONE O UN&#8217;IDEA? <\/strong>\u00a0Non siamo d&#8217;accordo \u00e8 un&#8217;uscita improvvida perche&#8217; nasce dal fatto che non si puo&#8217; andare avanti cosi&#8217; ma non e&#8217; il caso del Veneto. Siamo pronti a chiedere ai veneti se vogliono farsi curare da Roma o Venezia.<\/p>\n<p>&nbsp;<\/p>\n<p>https:\/\/www.facebook.com\/zaiaufficiale\/videos\/523842361523498<\/p>\n","protected":false},"excerpt":{"rendered":"<p>VENEZIA Dalla sala stampa della sede della Protezione Civile di Marghera, il Presidente del Veneto Luca Zaia fa il punto sull&#8217;emergenza COVID-19. LEGGI LA CONFERENZA STAMPA DI LUCA ZAIA &#8220;FINITA L&#8217;EMERGENZA CORONAVIRUS SI RIPARTE CON L&#8217;AUTONOMIA&#8221; Calano i ricoverati e in terapia intensiva il dato \u00e8 stabile. I dimessi superano i ricoverati, 82 nuovi nati.&hellip;<\/p>\n","protected":false},"author":4,"featured_media":121391,"comment_status":"closed","ping_status":"closed","sticky":false,"template":"","format":"standard","meta":{"_monsterinsights_skip_tracking":false,"_monsterinsights_sitenote_active":false,"_monsterinsights_sitenote_note":"","_monsterinsights_sitenote_category":0,"footnotes":""},"categories":[49],"tags":[],"class_list":["post-127211","post","type-post","status-publish","format-standard","has-post-thumbnail","hentry","category-news-18","category-49","description-off"],"img_url":"https:\/\/www.radiopiu.net\/wordpress\/wp-content\/uploads\/2020\/03\/covid-zaia.jpg","_links":{"self":[{"href":"https:\/\/www.radiopiu.net\/wordpress\/wp-json\/wp\/v2\/posts\/127211","targetHints":{"allow":["GET"]}}],"collection":[{"href":"https:\/\/www.radiopiu.net\/wordpress\/wp-json\/wp\/v2\/posts"}],"about":[{"href":"https:\/\/www.radiopiu.net\/wordpress\/wp-json\/wp\/v2\/types\/post"}],"author":[{"embeddable":true,"href":"https:\/\/www.radiopiu.net\/wordpress\/wp-json\/wp\/v2\/users\/4"}],"replies":[{"embeddable":true,"href":"https:\/\/www.radiopiu.net\/wordpress\/wp-json\/wp\/v2\/comments?post=127211"}],"version-history":[{"count":0,"href":"https:\/\/www.radiopiu.net\/wordpress\/wp-json\/wp\/v2\/posts\/127211\/revisions"}],"wp:featuredmedia":[{"embeddable":true,"href":"https:\/\/www.radiopiu.net\/wordpress\/wp-json\/wp\/v2\/media\/121391"}],"wp:attachment":[{"href":"https:\/\/www.radiopiu.net\/wordpress\/wp-json\/wp\/v2\/media?parent=127211"}],"wp:term":[{"taxonomy":"category","embeddable":true,"href":"https:\/\/www.radiopiu.net\/wordpress\/wp-json\/wp\/v2\/categories?post=127211"},{"taxonomy":"post_tag","embeddable":true,"href":"https:\/\/www.radiopiu.net\/wordpress\/wp-json\/wp\/v2\/tags?post=127211"}],"curies":[{"name":"wp","href":"https:\/\/api.w.org\/{rel}","templated":true}]}}