{"id":127420,"date":"2020-04-04T10:21:15","date_gmt":"2020-04-04T08:21:15","guid":{"rendered":"https:\/\/www.radiopiu.net\/wordpress\/?p=127420"},"modified":"2020-04-04T08:19:16","modified_gmt":"2020-04-04T06:19:16","slug":"volete-voi-farvi-curare-nel-veneto-o-a-romadi-mirko-mezzacasa","status":"publish","type":"post","link":"https:\/\/www.radiopiu.net\/wordpress\/volete-voi-farvi-curare-nel-veneto-o-a-romadi-mirko-mezzacasa\/","title":{"rendered":"&#8220;VOLETE VOI FARVI CURARE NEL VENETO O A ROMA?&#8221;di Mirko Mezzacasa"},"content":{"rendered":"<blockquote>\n<h2><span style=\"color: #339966;\">SE IL GOVERNO INTENDE CENTRALIZZARE LA SANITA&#8217;<\/span> IL PRESIDENTE LUCA ZAIA E&#8217; PRONTO A CHIAMARE LA GENTE <span style=\"color: #ff0000;\">AD UN REFERENDUM PER CHIEDEREGLI: &#8220;VOLETE VOI FARVI CURARE NEL VENETO O A ROMA?&#8221;<\/span><\/h2>\n<\/blockquote>\n<p><strong>Agordino solidale con l&#8217;ospedale di Agordo, l&#8217;affetto, la stima, l&#8217;amore per il nosocomio agordino confermato nelle intenzioni delle associazioni di San Tomaso e dell&#8217;Agordina Calcio che hanno devoluto un contributo sostanzioso<\/strong><\/p>\n<p>&nbsp;<\/p>\n<p><span style=\"color: #339966;\">di Mirko<\/span> Mezz<span style=\"color: #ff0000;\">acasa\u00a0<\/span><\/p>\n<p>C&#8217;\u00e8 chi parla, mette paura e poi si giustifica dicendo che sono stati gli altri a fraintendere ma il bello della radio \u00e8 che quando apre i microfoni rende pubbliche le dichiarazioni e non si permette di manipolare concetti che arrivano diritti all&#8217;orecchio dell&#8217;ascoltatore. Ieri ha &#8220;frainteso&#8221; un&#8217;intera nazione quando il capo della Protezione civile Angelo Borrelli ha fatto capire che staremo in casa fino al 16 maggio o meglio le onde radio hanno viaggiato da nord a sud riportando la voce di Borrelli <em>&#8220;Forse ne parleremo dopo la met\u00e0 di maggio&#8221;.<\/em> Apriti cielo per tutto il giorno ieri non s&#8217;\u00e8 parlato d&#8217;altro nonostante la successiva precisazione<em> &#8220;Io frainteso, decideranno i politici&#8221;<\/em>. C&#8217;\u00e8 chi parla e scatena la &#8220;rissa&#8221;, come\u00a0 Andrea Orlando del Pd che invita il Governo a pensare ad una sanit\u00e0 centralizzata, non \u00e8 chiaro se la sua sparata sia stata un&#8217;idea o una provocazione.<em> &#8220;Ovvio che non siamo d&#8217;accordo &#8211; ha risposta Luca Zaia dalla sede della protezione civile del Veneto &#8211;\u00a0 \u00e8 un\u2019uscita improvvida perche\u2019 nasce dal fatto che come dice lui non si puo\u2019 andare avanti cosi\u2019,\u00a0 ma non e\u2019 il caso del Veneto. Siamo pronti a chiedere ai veneti se vogliono farsi curare da Roma o Venezia&#8221;. <\/em>In Italia \u00e8 iniziata la lenta decrescita, 2339 nuovi casi di positivit\u00e0 in 24 ore contro i 2477 di giovedi, 766 i decessi contro i 760 del giorno prima. La curva s&#8217;\u00e8 appiattita o come dice il fisico Enzo Marinari \u00e8 una sorta di altopiano. In Veneto alcuni segnali positivi: aumento delle dimissioni (+3), il calo dei ricoveri (-26) e dei ricoveri in terapia intensiva (-8) ma anche ieri considerevole il numero dei decessi (37 negli ospedali) e il conto sale a 598 (compresi gli anziani delle case di riposo), giovedi se ne contavano 42 in meno. A San Don\u00e0 di Piave positivo il sindaco e l&#8217;intera Giunta \u00e8 in quarantena. In provincia ieri altri 3 decessi e prima vittima all&#8217;ospedale di Agordo con la scomparsa di Edoardo Del Favero, 94enne di Ponte nelle Alpi, a Belluno sono morti Vincenzo Cal\u00f2 81 anni di Belluno e un 87enne bellunese, entrambi ricoverati in pneumologia.I tre pazienti, positivi al coronavirus, avevano patologie pregresse e l&#8217;Istituto Superiore di Sanit\u00e0 valuter\u00e0 se il decesso \u00e8 imputabile alla pandemia. Dopo la morte di Silvio Baratto di Valdobbiadene, maestro di sci a Falcade, Cortina\u00a0 piange e ricorda l&#8217;ex cuoco del Miramonti, Francesco Lavarini di 66 anni, trevigiano e gi\u00e0 chef negli alberghi ampezzani. Le persone attualmente positive in provincia sono 458 ieri si sono contati 20 nuovi casi. I negativizzati cio\u00e8 non pi\u00f9 positivi al tampone sono invece 28, vivono in isolamento domiciliare 1349 persone. I Comuni pi\u00f9 colpiti: Cortina, Alano di Piave, Lamon, Alpago, Chies e Borca. Nessun contagio nei Comuni di San Nicolo&#8217;, San Pietro, Vigo, Lorenzago, Perarolo, Ospitale e Selva di Cadore e Vodo di Cadore.\u00a0 La nuova stretta di Zaia per limitare la diffusione del contagio limita i mercati all&#8217;aperto e chiude i punti vendita floro vivaistici, l&#8217;ordinanza in vigore fino al 13 aprile. I mercati alimentari se non hanno un piano di gestione chiudono: devono essere transennati, prevedere\u00a0 varchi di accesso ed uscita. I sindaci se decidono di autorizzarli dovranno pretendere la\u00a0 sorveglianza pubblica o privata che verifichi le distanze evitando assembramenti, quindi ci si mette in fila come nei supermercati. Venditori e compratori dovranno usare guanti e mascherina. Vietata la vendita di prodotti di fiori e piante se non a domicilio. Potranno essere effettuate manutenzioni su aree verdi per gli interventi di urgenza. Obbligo per tutti gli esercizi commerciali di far circolare solo soggetti con mascherina e guanti comunque con la copertura di naso e bocca. La vendita di articoli di cancelleria \u00e8 consentita anche all\u2019interno dei supermercati. Sono consentiti i lavori per opere di protezione civile urgenti anche per la tutela del territorio dal punto di vista idrogeologico. Rimane l&#8217;imposizione di evitare il contatto a distanza entro il metro e le passeggiante dei singoli sono concesse solo nel raggio dei 200 metri dalle abitazioni. Il controllo \u00e8 affidato\u00a0 agli organi di polizia e le somme destinate al capitolo della sanit\u00e0 della Regione. Chi sgarr\u00e0\u00a0 contribuir\u00e0 a far fronte al virus. Ricordiamo al proposito che in Veneto sono state controllare 187.825 persone, 2032 sono state sanzionate, 6004 denunciate, sanzionati anche 250 gestori di locali pubblici. Tra i governatori Michele Emiliano e Luca Zaia \u00e8 scoppiata&#8230; la pace. Ma prima erano entrati in collisione. Il presidente della Regione Puglia voleva requisire i macchinari per la diagnosi del coronavirus di un&#8217;azienda di Bari destinati al Veneto, il presidente del Veneto aveva risposto a tono <em>&#8220;Vado a riprendermeli di persona&#8221;,<\/em> Nel pomeriggio con un giro di telefonate il chiarimento ed \u00e8 stata trovata la soluzione, i prodotti arriveranno in Veneto e saranno acquistati con una donazione fatta alla Regione. Da lunedi entra in funzione anche la macchina di produzione olandese capace di effettuare anche 8 mila tamponi al giorno. Ieri ha parlato anche il direttore della Ulss1 Adriano Rasi Caldogno che ha confermato che anche alla casa di soggiorno di Taibon \u00e8 arrivato il virus, un paziente positivo ricoverato all&#8217;ospedale di Belluno e 4 persone dello staff costrette all&#8217;isolamento. <em>\u00abAbbiamo effettuato 7.426 tamponi &#8211; ha detto Caldogno &#8211; 4.178 hanno coinvolto i dipendenti e 981 case di riposo. In provincia, la percentuale di popolazione positiva al Covid \u00e8 dello 0,23 contro una media regionale dello 0,20; gli asintomatici sono il 70,4 per cento (media in regione: 64,2), quelli ricoverati in area Covid non critica sono il 15,9 (17,8 in regione), i pazienti terapia intensiva il 2,2 (3,6 in Veneto). I dimessi raggiungono l&#8217;8 per cento (9,4 a livello regionale) e i decessi il 3,5 (4,9)\u00bb.\u00a0<\/em>La Prefettura di Belluno conferma che la vigilanza sulle strade provinciali sar\u00e0 intensificata <em>&#8220;In questo momento &#8211; ha detto il Prefetto Adriana Cogode &#8211; data la delicatezza del momento \u00e8 necessario promuovere ogni sforzo per assicurare il rispetto delle disposizioni governative a tutela della salute pubblica&#8221;. <\/em>A proposito di vigilanza a Belluno sono stati assegnati 18 nuovi agenti della Polizia di Stato, 13 a Belluno e 5 a Cortina, ne ha dato notizia con soddisfazione il sindacato unitario dei lavoratori di Polizia (Siulp). Continuano i controlli della Guardia di Finanza nelle Farmacie e Parafarmacie, ha denunciato la vendita di mascherine fuorilegge in tessuto e il commercio di oltre 1500 prodotti privi del marchio CE. Le fiamme gialle hanno impiegato 56 pattuglie (comprese quelle del Soccorso Alpino di Auronzo e Cortina) elevando 5 sanzioni amministrative ai cittadini del capitolo &#8220;de coccio&#8221;. In provincia sono stati eseguiti quasi 15 mila controlli dalle Forze di Polizia, 418 persone denunciate, 116 multate. Quasi 40 mila i controlli agli esercizi commerciali, 24 le violazioni accertate. Ieri sono state prese decisioni importanti con un danno notevole per il turismo, annullata la Maratona dles Dolomites, la TransCivetta, la Mountain Hero Dolomites ed \u00e8 probabile che saltino anche le giornate con i passi dolomitici aperti solo ai ciclisti, ovvero le due bike day di giugno.<\/p>\n<p>&nbsp;<\/p>\n<p>&nbsp;<\/p>\n","protected":false},"excerpt":{"rendered":"<p>SE IL GOVERNO INTENDE CENTRALIZZARE LA SANITA&#8217; IL PRESIDENTE LUCA ZAIA E&#8217; PRONTO A CHIAMARE LA GENTE AD UN REFERENDUM PER CHIEDEREGLI: &#8220;VOLETE VOI FARVI CURARE NEL VENETO O A ROMA?&#8221; Agordino solidale con l&#8217;ospedale di Agordo, l&#8217;affetto, la stima, l&#8217;amore per il nosocomio agordino confermato nelle intenzioni delle associazioni di San Tomaso e dell&#8217;Agordina&hellip;<\/p>\n","protected":false},"author":1,"featured_media":0,"comment_status":"closed","ping_status":"closed","sticky":false,"template":"","format":"standard","meta":{"_monsterinsights_skip_tracking":false,"_monsterinsights_sitenote_active":false,"_monsterinsights_sitenote_note":"","_monsterinsights_sitenote_category":0,"footnotes":""},"categories":[51,49],"tags":[],"class_list":["post-127420","post","type-post","status-publish","format-standard","hentry","category-evidenza-top","category-news-18","category-51","category-49","description-off"],"img_url":false,"_links":{"self":[{"href":"https:\/\/www.radiopiu.net\/wordpress\/wp-json\/wp\/v2\/posts\/127420","targetHints":{"allow":["GET"]}}],"collection":[{"href":"https:\/\/www.radiopiu.net\/wordpress\/wp-json\/wp\/v2\/posts"}],"about":[{"href":"https:\/\/www.radiopiu.net\/wordpress\/wp-json\/wp\/v2\/types\/post"}],"author":[{"embeddable":true,"href":"https:\/\/www.radiopiu.net\/wordpress\/wp-json\/wp\/v2\/users\/1"}],"replies":[{"embeddable":true,"href":"https:\/\/www.radiopiu.net\/wordpress\/wp-json\/wp\/v2\/comments?post=127420"}],"version-history":[{"count":0,"href":"https:\/\/www.radiopiu.net\/wordpress\/wp-json\/wp\/v2\/posts\/127420\/revisions"}],"wp:attachment":[{"href":"https:\/\/www.radiopiu.net\/wordpress\/wp-json\/wp\/v2\/media?parent=127420"}],"wp:term":[{"taxonomy":"category","embeddable":true,"href":"https:\/\/www.radiopiu.net\/wordpress\/wp-json\/wp\/v2\/categories?post=127420"},{"taxonomy":"post_tag","embeddable":true,"href":"https:\/\/www.radiopiu.net\/wordpress\/wp-json\/wp\/v2\/tags?post=127420"}],"curies":[{"name":"wp","href":"https:\/\/api.w.org\/{rel}","templated":true}]}}