{"id":127448,"date":"2020-04-05T07:39:10","date_gmt":"2020-04-05T05:39:10","guid":{"rendered":"https:\/\/www.radiopiu.net\/wordpress\/?p=127448"},"modified":"2020-04-05T09:31:24","modified_gmt":"2020-04-05T07:31:24","slug":"05aprile","status":"publish","type":"post","link":"https:\/\/www.radiopiu.net\/wordpress\/05aprile\/","title":{"rendered":"GIORNALE RADIOPIU 05 APRILE 2020 DIRETTORE MIRKO MEZZACASA"},"content":{"rendered":"<h3><strong>PER RICEVERE QUESTO NOTIZIARIO DIRETTAMENTE SUL TUO CELLULARE ISCRIVITI AL CANALE\u00a0TELEGRAM\u00a0<\/strong><strong>\u201cRADIO PIU\u00a0 INFORMAZIONE\u201d<\/strong><\/h3>\n<p>&nbsp;<\/p>\n<hr \/>\n<h2>IL MUNICIPIO DI TAIBON<\/h2>\n<p><a class=\"dt-pswp-item\" href=\"https:\/\/www.radiopiu.net\/wordpress\/wp-content\/uploads\/2020\/04\/68ff95ff-643c-43d5-a06b-f91f5b42bba8.jpg\" data-dt-img-description=\"\" data-large_image_width=\"800\" data-large_image_height=\"1600\"><img loading=\"lazy\" decoding=\"async\" class=\"alignnone wp-image-127592\" src=\"https:\/\/www.radiopiu.net\/wordpress\/wp-content\/uploads\/2020\/04\/68ff95ff-643c-43d5-a06b-f91f5b42bba8-512x1024.jpg\" alt=\"\" width=\"230\" height=\"460\" srcset=\"https:\/\/www.radiopiu.net\/wordpress\/wp-content\/uploads\/2020\/04\/68ff95ff-643c-43d5-a06b-f91f5b42bba8-512x1024.jpg 512w, https:\/\/www.radiopiu.net\/wordpress\/wp-content\/uploads\/2020\/04\/68ff95ff-643c-43d5-a06b-f91f5b42bba8-150x300.jpg 150w, https:\/\/www.radiopiu.net\/wordpress\/wp-content\/uploads\/2020\/04\/68ff95ff-643c-43d5-a06b-f91f5b42bba8-768x1536.jpg 768w, https:\/\/www.radiopiu.net\/wordpress\/wp-content\/uploads\/2020\/04\/68ff95ff-643c-43d5-a06b-f91f5b42bba8.jpg 800w\" sizes=\"auto, (max-width: 230px) 100vw, 230px\" \/><\/a><\/p>\n<blockquote>\n<h3>VENERE CON LE PLEADI SU CIMA MONTE AGNER&#8230;Foto di Mario De Marco (VOLTAGO)<\/h3>\n<\/blockquote>\n<p><a class=\"dt-pswp-item\" href=\"https:\/\/www.radiopiu.net\/wordpress\/wp-content\/uploads\/2020\/04\/63027861-011e-462e-936c-e3895890ec7a.jpg\" data-dt-img-description=\"\" data-large_image_width=\"1080\" data-large_image_height=\"718\"><img loading=\"lazy\" decoding=\"async\" class=\"alignnone size-large wp-image-127590\" src=\"https:\/\/www.radiopiu.net\/wordpress\/wp-content\/uploads\/2020\/04\/63027861-011e-462e-936c-e3895890ec7a-1024x681.jpg\" alt=\"\" width=\"1024\" height=\"681\" srcset=\"https:\/\/www.radiopiu.net\/wordpress\/wp-content\/uploads\/2020\/04\/63027861-011e-462e-936c-e3895890ec7a-1024x681.jpg 1024w, https:\/\/www.radiopiu.net\/wordpress\/wp-content\/uploads\/2020\/04\/63027861-011e-462e-936c-e3895890ec7a-300x199.jpg 300w, https:\/\/www.radiopiu.net\/wordpress\/wp-content\/uploads\/2020\/04\/63027861-011e-462e-936c-e3895890ec7a-768x511.jpg 768w, https:\/\/www.radiopiu.net\/wordpress\/wp-content\/uploads\/2020\/04\/63027861-011e-462e-936c-e3895890ec7a.jpg 1080w\" sizes=\"auto, (max-width: 1024px) 100vw, 1024px\" \/><\/a><\/p>\n<p>&nbsp;<\/p>\n<hr \/>\n<p>&nbsp;<\/p>\n<blockquote>\n<h3>GRAZIE A SKYTG24 CHE SI E&#8217; RICORDATO DI AGORDO<\/h3>\n<\/blockquote>\n<p><strong>AGORDO<\/strong> Ieri le telecamere di SkyTG24 sono state ad Agordo con il giornalista Gianfranco Gatto. Pi\u00f9 precisamente hanno fatto visita alla FUSINA MARCELLO &amp; C. dove Maurizio Farenzena ha spiegato la scelta di produrre le guide per la produzione di mascherine chirurgiche<\/p>\n<p><strong>IL SERVIZIO<\/strong><\/p>\n<div style=\"width: 640px;\" class=\"wp-video\"><video class=\"wp-video-shortcode\" id=\"video-127448-1\" width=\"640\" height=\"360\" preload=\"metadata\" controls=\"controls\"><source type=\"video\/mp4\" src=\"https:\/\/www.radiopiu.net\/wordpress\/wp-content\/uploads\/2020\/04\/MAURIZIO-FARENZENA-SKY.mp4?_=1\" \/><a href=\"https:\/\/www.radiopiu.net\/wordpress\/wp-content\/uploads\/2020\/04\/MAURIZIO-FARENZENA-SKY.mp4\">https:\/\/www.radiopiu.net\/wordpress\/wp-content\/uploads\/2020\/04\/MAURIZIO-FARENZENA-SKY.mp4<\/a><\/video><\/div>\n<p>&nbsp;<\/p>\n<hr \/>\n<p>&nbsp;<\/p>\n<div class=\"page-title-head hgroup\">\n<h3 class=\"entry-title\">CAMBIA IL MODULO DI AUTOCERTIFICAZIONE PER GLI SPOSTAMENTI<\/h3>\n<\/div>\n<div class=\"page-title-breadcrumbs\">CLICCA\u00a0 PER SCARICARE IL MODULO<\/div>\n<p><a href=\"https:\/\/www.radiopiu.net\/wordpress\/wp-content\/uploads\/2020\/03\/AUTOCERTIFICAZIONE-26-MARZO.pdf\">AUTOCERTIFICAZIONE 26 MARZO<\/a><\/p>\n<p>&nbsp;<\/p>\n<hr \/>\n<p>&nbsp;<\/p>\n<div class=\"page-title-head hgroup\">\n<blockquote>\n<h3 class=\"entry-title\">IL PERITO MINERARIO VITTIMA DEL CORONAVIRUS<\/h3>\n<\/blockquote>\n<\/div>\n<div class=\"page-title-breadcrumbs\"><strong class=\"photoswipe-wrapper\"><img loading=\"lazy\" decoding=\"async\" class=\"wp-image-127519 alignleft jetpack-lazy-image jetpack-lazy-image--handled\" src=\"https:\/\/i2.wp.com\/www.radiopiu.net\/wordpress\/wp-content\/uploads\/2020\/04\/5a6f540c-42ba-4401-bcbe-d37f7e9c7206.jpg?resize=183%2C366&amp;ssl=1\" sizes=\"auto, (max-width: 183px) 100vw, 183px\" srcset=\"https:\/\/i2.wp.com\/www.radiopiu.net\/wordpress\/wp-content\/uploads\/2020\/04\/5a6f540c-42ba-4401-bcbe-d37f7e9c7206.jpg?resize=512%2C1024&amp;ssl=1 512w, https:\/\/i2.wp.com\/www.radiopiu.net\/wordpress\/wp-content\/uploads\/2020\/04\/5a6f540c-42ba-4401-bcbe-d37f7e9c7206.jpg?resize=150%2C300&amp;ssl=1 150w, https:\/\/i2.wp.com\/www.radiopiu.net\/wordpress\/wp-content\/uploads\/2020\/04\/5a6f540c-42ba-4401-bcbe-d37f7e9c7206.jpg?w=720&amp;ssl=1 720w\" alt=\"\" width=\"183\" height=\"366\" data-recalc-dims=\"1\" data-lazy-loaded=\"1\" \/>CAVALESE<\/strong> Lutto in Val di Fiemme ma anche ad Agordo dove Raffaele Zancanella era molto conosciuto negli ambienti dei periti minerari. E\u2019 morto all\u2019et\u00e0 di 75 anni strappato alla vita dal Covid_19. Era ricoverato all\u2019ospedale di Trento\u00a0 ed era \u00a0uno dei cittadini pi\u00f9 noti e pi\u00f9 illustri della realt\u00e0\u00a0 della valle, una di quelle persone che hanno dato un contributo importante alla vita culturale ed amministrativa di Fiemme. Lascia la moglie e quattro figli, oltre a tanti amici. Per oltre 20 anni, aveva lavorato in Sudafrica come perito minerario e gemmologo, dopo il diploma conseguito ad Agordo, prima di tornare a Cavalese, dove aveva anche aperto una scuola per il taglio dei diamanti e dove ha anche prodotto una significativa, stimolante serie di scritti sulla sua straordinaria attivit\u00e0. Quindi giorni fa la febbre da bronchite forse sottovalutata e scambiata per un male di stagione, poi la situazione \u00e8 degenerata e con essa il quadro clinico, si era rivolto all\u2019ospedale di Cavalese, dove le sue condizioni erano apparse subito gravi per cui era stato trasferito al Santa Chiara di Trento, dove purtroppo il virus non gli ha lasciato scampo.<\/div>\n<div><\/div>\n<div><\/div>\n<div><\/div>\n<div><\/div>\n<div><\/div>\n<div>\n<hr \/>\n<\/div>\n<p>I dati della Protezione civile del 4 aprile: 124.632 sono i casi totali in Italia, 88.274 i malati attuali. Le vittime salgono a 15.362 e i guariti\u00a0a 20.996;\u00a0 \u00a0Trump: &#8220;Ci saranno molti morti, le prossime due settimane saranno le pi\u00f9 dure&#8221; \u00a0In Lombardia diventa obbligatorio coprire il volto per strada; \u00a0Nel mondo superati i 64mila morti<\/p>\n<p>&nbsp;<\/p>\n<blockquote>\n<h3><span style=\"color: #339966;\">NESSUNO DECEDUTO IERI A BELLUNO,<\/span> TRA I SEGNALI DI SPERANZA LE DIMISSIONI DALL&#8217;OSPEDALE<span style=\"color: #ff0000;\"> DELLA BIMBA DI 5 ANNI DEL PRIMIERO.<\/span><\/h3>\n<\/blockquote>\n<p><em><a class=\"dt-pswp-item\" href=\"https:\/\/www.radiopiu.net\/wordpress\/wp-content\/uploads\/2019\/05\/TAIBON-BRUNO-BULF.jpg\" data-dt-img-description=\"\" data-large_image_width=\"236\" data-large_image_height=\"300\"><img loading=\"lazy\" decoding=\"async\" class=\" wp-image-86481 alignleft\" src=\"https:\/\/www.radiopiu.net\/wordpress\/wp-content\/uploads\/2019\/05\/TAIBON-BRUNO-BULF.jpg\" alt=\"\" width=\"135\" height=\"172\" \/><\/a><\/em><\/p>\n<p><em>PER BRUNO BULF CHE DIRIGE LA CASA DI SOGGIORNO PER PERSONE ANZIANE\u00a0 DI TAIBON AGORDINO NON E&#8217; CORRETTA LA NOTIZIA DEI POSITIVI ALLA CASA DI SOGGIORNO DI\u00a0 TAIBON, NON SONO ANCORA STATI FATTI I TAMPONI. 1 OSPITE POSITIVO E&#8217; DECEDUTO ALL&#8217;OSPEDALE DI BELLUNO. 4 PERSONE DELLO STAFF IN ISOLAMENTO PRECAUZIONALE COME AVEVA CONFERMATO IL DIRETTORE DELLA ULSS1 ADRIANO RASI CALDOGNO\u00a0<\/em><\/p>\n<p><strong>COMUNQUE A TAIBON GLI ISOLATI (NON POSITIVI) SONO 8\u00a0<\/strong><\/p>\n<p><strong>IL PRESIDENTE DELLA CASA DI SOGGIORNO DI TAIBON BRUNO BULF<\/strong><\/p>\n<audio class=\"wp-audio-shortcode\" id=\"audio-127448-1\" preload=\"none\" style=\"width: 100%;\" controls=\"controls\"><source type=\"audio\/mpeg\" src=\"https:\/\/www.radiopiu.net\/wordpress\/wp-content\/uploads\/2020\/04\/BRUNO-BULF.mp3?_=1\" \/><a href=\"https:\/\/www.radiopiu.net\/wordpress\/wp-content\/uploads\/2020\/04\/BRUNO-BULF.mp3\">https:\/\/www.radiopiu.net\/wordpress\/wp-content\/uploads\/2020\/04\/BRUNO-BULF.mp3<\/a><\/audio>\n<p>&nbsp;<\/p>\n<p>&nbsp;<\/p>\n<p><span style=\"color: #339966;\">di Mirko<\/span> Mezz<span style=\"color: #ff0000;\">acasa\u00a0<\/span><\/p>\n<p>Da Roma e da Venezia all&#8217;unisono &#8220;restate a casa&#8221; ermergenza \u00e8 ancora parola attuale, oggi come ieri, come domani, come a Pasqua ed a Pasquetta. Lo ribadisce il commissario straordinario Arcuri<em> &#8220;Non \u00e8 arrivato il momento di tornare alla normalit\u00e0&#8221;<\/em>, lo urla il Presidente Luca Zaia che rafforza l&#8217;ordinanza e chiarisce <em>&#8220;Non \u00e8 che a Pasquetta sia finito tutto e si riprende come prima&#8221; <\/em>in altre parole l&#8217;ordinanza regionale \u00e8 in vigore anche nel giorno di Pasquetta, giusto per fare chiarezza anche il 14 aprile i supermercati saranno chiusi, tra le novit\u00e0 la possibilit\u00e0 per i tabacchini di vendere anche prodotti di cancelleria. In vista della festivit\u00e0 pasquali saranno rafforzati i controlli sulle strade e non solo, sono sempre tanti i furbetti del capitolo &#8220;de coccio&#8221;, in una settimana 205 persone denunciate, oltre 50 mila i sanzionati le persone fuori casa sono davvero tante e ogni giorno in aumento. Il\u00a0 premio furbo dei furbi oggi va assegnato al ciclista partito da Vedelago e fermato in Valle di Gares dalle Forze dell&#8217;Ordine. Il riva al lago di Arsi\u00e8 sanzionato un gruppo di 20 giovani in festa, per tutti la multa da 400 euro.\u00a0 Il virus sta uccidendo la popolazione anziana e i nostri medici e personale sanitario, 80 i medici deceduti in Italia, nelle case di riposo 1000 tra nonni e operatori positivi al tampone (su un totale di 30 mila) e fino ad oggi \u00e8 stato tamponato il 40% della popolazione dei centri servizi. Sono \u00a0133mila i tamponi eseguiti in regione, da mercoled\u00ec con la sola macchina nuova ne sono previsti 9000 con obiettivo\u00a0 15000 al giorno. Ieri per il secondo giorno il numero dei dimessi ha superato\u00a0 quello dei ricoveri, e nelle ultime 24 sono 95 i nuovi nati. Ieri segnali positivi in Veneto, meno malati in terapia intensiva, meno ricoveri ma sempre altro il numero delle vittime (21). Segnali incoraggianti che invitano a pensare alla ripartenza, sar\u00e0 parte di un progetto nazionale e la Regione Veneto \u00e8 pronta a portare un importante contributo, un destino che si conoscer\u00e0 in prossimit\u00e0 della Pasqua quando il Governo scriver\u00e0 un nuovo DPCM in accordo con le Regioni. <em>&#8220;Abbiamo 11mila cittadini ricoverati negli ospedali del Veneto &#8211; ha spiegato ieri Zaia in conferenza stampa &#8211;\u00a0 2000 per coronavirus, prima avevano oltre 4000 accessi al pronto soccorso al giorno, oggi sono 1200. Abbiamo sempre 2000 persone in ospedale malati di Covid_19 nei reparti\u00a0 (1587 letti) o in terapia intensiva (327) e garantiamo l\u2019operativit\u00e0 ai non coronavirus. Come detto questa \u00e8 stata la settimana cruciale e ci ha detto che \u00e8 in corso un lento recupero ma dobbiamo continuare ad investire sul \u201cstai a casa\u201d ringraziando i veneti i pi\u00f9 virtuosi a rispettare le regole, lo dicono le celle telefoniche e i tracciati. Sono stati dimezzati i flussi, da 5 milioni di transiti al giorno&#8221;. <\/em>\u00a0Nessun decesso ieri in provincia, 4 le persone guarite definitivamente, nessun nuovo ricovero in terapia intensiva, ieri sono stati effettuati 357 tamponi con\u00a0 27\u00a0 nuovi casi di positivit\u00e0\u00a0 che portano il totale delle persone positive a 484 (535 dal 21 febbraio). In ospedale a Belluno era ricoverata anche una bimba di 5 anni del Primiero, ieri ha lasciato il letto del San Martino.\u00a0 Continua a pieno ritmo la sanificazione della strade a cura della Provincia con la collaborazione degli agricoltori, ieri interessati 8 Comuni e la prossima settimana trattori e mezzi adatti arriveranno anche nell&#8217;Agordino. Da Venezia ieri Luca Zaia ha chiesto massimo rispetto per gli anziani senza risparmiare la staffilata a chi predica <em>&#8220;Avete fatto un gran casino per nulla&#8221;,<\/em> con 2000 persone in ospedle- che sono\u00a0 sei alberghi &#8211; <em>&#8220;Non dite monate in giro per il paese&#8221;<\/em> ha ammonito il governatore. <strong>La scenetta<\/strong> quando un cittadino ha criticato l&#8217;operato dell&#8217;ospedale di Venezia <em>&#8220;Si aspettano anche 16-24 giorni per un tampone, \u00e8 successo a mia figlia tamponata il 21 marzo&#8221;<\/em>. Zaia ha chiesto l&#8217;immediata verifica telefonica con stupore e dispiacere. Dall&#8217;ospedale il cittadino \u00e8 stato smentito, il tampone fatto il\u00a0 24 marzo, accettato il giorno dopo \u00e8 stato refertato ieri,\u00a0 quindi non sono passati 16-24 giorni tra l\u2019altro il laboratorio di Venezia \u00e8 efficiente anche se mancano materiali. Zaia ha pure\u00a0 chiesto di fare chiarezza sentendo\u00a0 il medico della paziente per capire se ci siano altri casi di attesa. <strong>Reinfezion<\/strong>i: una cittadina cinese\u00a0 nel veronese in seguito a polmonite potrebbe essere stata re infettata, ma il caso deve essere verificato da un punto di vista scientifico.<\/p>\n<p>&nbsp;<\/p>\n<hr \/>\n<p>&nbsp;<\/p>\n<p>&nbsp;<\/p>\n<blockquote class=\"wp-embedded-content\" data-secret=\"uxo71jStqR\"><p><a href=\"https:\/\/www.radiopiu.net\/wordpress\/127551-2\/\">SEMPRE IN CRESCITA IL NUMERO DEI CONTAGI, MENO RICOVERI IN OSPEDALE MA ANCHE OGGI 21 DECESSI, 15 NELLE ULTIME 12 ORE<\/a><\/p><\/blockquote>\n<p><iframe loading=\"lazy\" title=\"&#8220;SEMPRE IN CRESCITA IL NUMERO DEI CONTAGI, MENO RICOVERI IN OSPEDALE MA ANCHE OGGI 21 DECESSI, 15 NELLE ULTIME 12 ORE&#8221; &#8212; Radio Pi\u00f9\" class=\"wp-embedded-content\" sandbox=\"allow-scripts\" security=\"restricted\" style=\"position: absolute; clip: rect(1px, 1px, 1px, 1px);\" src=\"https:\/\/www.radiopiu.net\/wordpress\/127551-2\/embed\/#?secret=uxo71jStqR\" data-secret=\"uxo71jStqR\" width=\"600\" height=\"338\" frameborder=\"0\" marginwidth=\"0\" marginheight=\"0\" scrolling=\"no\"><\/iframe><\/p>\n<p>&nbsp;<\/p>\n<hr \/>\n<p>&nbsp;<\/p>\n<blockquote>\n<h3>ULSS 1: 357 I TAMPONI DI OGGI, 83 PERSONE IN PIU&#8217; IN ISOLAMENTO DOMICILIARE<\/h3>\n<\/blockquote>\n<p><strong>BELLUNO<\/strong>\u00a0GLI AGGIORNAMENTI DALLA ULSS 1 DOLOMITI<\/p>\n<p><strong>SORVEGLIANZA SANITARIA COVID-19<\/strong>\u00a0Numero totale tamponi effettuati per ricerca nCoV al 4 aprile 2020:\u00a0<b>8.480 (+ 357).\u00a0<\/b>Persone residenti in Ulss Dolomiti in isolamento domiciliare fiduciario e sorveglianza attiva al 4 aprile 2020:\u00a0<b>1.392 (+ 83 rispetto ieri) <\/b>Alcuni tamponi sono stati effettuati pi\u00f9 volte sulle stesse persone<\/p>\n<p><strong>OSPEDALE DI BELLUNO<\/strong>\u00a0Installate altre 3 tende della Protezione Civile al Blocco F per il percorso dedicato ai sospetti COVID,\u00a0Attivato il Punto Medico Avanzato. Le degenze di MEDICINA E ONCOLOGIA sono state collocate al 2\u00b0piano del Blocco chirurgico,\u00a0le degenze della PNEUMOLOGIA e GERIATRIA sono state collocate al 3\u00b0 piano del Blocco Chirurgico (lato EST)<span class=\"Apple-converted-space\">\u00a0,\u00a0<\/span>le degenze di CHIRURGIA, NEFROLOGIA e UROLOGIA sono state compattate al 3\u00b0 piano del Blocco Chirurgico<span class=\"Apple-converted-space\">\u00a0,\u00a0<\/span>le degenze di NEUROLOGIA sono state spostate al 2\u00b0 piano del Blocco Medico. Le aree per sospetti COVID e pazienti COVID a bassa intensit\u00e0 sono collocate al 3\u00b0 e 4\u00b0piano del Blocco Medico,<span class=\"s2\">Sono stati attivati ulteriori 18 posti letto per pazienti COVID a bassa intensit\u00e0 al 3\u00b0 piano del blocco medico per un totale di 34 posti letto. I posti letto di media intensit\u00e0 sono 12 a Malattie infettive e 16 a Pneumologia COVID .\u00a0<\/span>il contenitore della Terapia Intensiva (9 posti letto) \u00e8 stato allargato anche al gruppo operatorio di Belluno dove al momento sono stati attivati ulteriori 4 posti letto di terapia intensiva dedicati a eventuali pazienti covid positivi. I pazienti in arrivo dal 118 che dovessero necessitare di ricoveri urgenti in terapia intensiva COVID negativi saranno centralizzati alla Rianimazione di Feltre. Sono temporaneamente SOSPESI i ricoveri in Geriatria NON COVID visto l\u2019impegno dei medici della Geriatria nell\u2019area Covid. I ricoveri gi\u00e0 destinati a questa area degenziale, saranno assegnati secondo criterio di patologia prevalente alle degenze di Cardiologia, Pneumologia, Medicina di Belluno o di Pieve .<\/p>\n<p><b>OSPEDALE DI AGORDO<\/b>\u00a0attivata attivit\u00e0 di ricovero per pazienti COVID positivi a bassa intensit\u00e0 di cura \u2013 modello ospedale di comunit\u00e0;<\/p>\n<p><b>OSPEDALE DI PIEVE DI CADORE\u00a0<\/b>\u00e8 attivo un filtro all\u2019ingresso per il controllo degli accessi grazie al personale della Protezione Civile, attivata un\u2019area per sospetti COVID al 2\u00b0 piano<\/p>\n<p><b>OSPEDALE DI FELTRE\u00a0<\/b>Il reparto di PNEUMOLOGIA \u00e8 stato trasferito al 6\u00b0 piano del Padiglione Dalla Palma.\u00a0Il reparto di GERIATRIA \u00e8 rientrato al 5\u00b0 piano del Padiglione Dalla Palma,\u00a0l\u2019area di degenza dedicata ai casi positivi Covid-19 \u00e8 al 4\u00b0 Piano del Padiglione Dalla Palma.\u00a0<b><\/b>L\u2019ingresso in ospedale \u00e8 consentito solo con l\u2019utilizzo di mascherina portata da casa ed esclusivamente a: mariti\/compagni di partorienti, parenti stretti di pazienti in fin di vita o deceduti, una sola persona al giorno negli orari di visita per i degenti, pazienti per visite ambulatoriali, donatori di sangue. Situazioni specifiche saranno valutate dal personale sanitario preposto. \u00c8 vietato per gli accompagnatori o visitatori entrare nelle aree COVID.<\/p>\n<p><a class=\"dt-pswp-item\" href=\"https:\/\/www.radiopiu.net\/wordpress\/wp-content\/uploads\/2020\/04\/Schermata-2020-04-04-alle-18.46.37.png\" data-dt-img-description=\"\" data-large_image_width=\"1356\" data-large_image_height=\"1710\"><img loading=\"lazy\" decoding=\"async\" class=\"alignnone wp-image-127554\" src=\"https:\/\/www.radiopiu.net\/wordpress\/wp-content\/uploads\/2020\/04\/Schermata-2020-04-04-alle-18.46.37-812x1024.png\" alt=\"\" width=\"330\" height=\"416\" srcset=\"https:\/\/www.radiopiu.net\/wordpress\/wp-content\/uploads\/2020\/04\/Schermata-2020-04-04-alle-18.46.37-812x1024.png 812w, https:\/\/www.radiopiu.net\/wordpress\/wp-content\/uploads\/2020\/04\/Schermata-2020-04-04-alle-18.46.37-238x300.png 238w, https:\/\/www.radiopiu.net\/wordpress\/wp-content\/uploads\/2020\/04\/Schermata-2020-04-04-alle-18.46.37-768x968.png 768w, https:\/\/www.radiopiu.net\/wordpress\/wp-content\/uploads\/2020\/04\/Schermata-2020-04-04-alle-18.46.37-1218x1536.png 1218w, https:\/\/www.radiopiu.net\/wordpress\/wp-content\/uploads\/2020\/04\/Schermata-2020-04-04-alle-18.46.37.png 1356w\" sizes=\"auto, (max-width: 330px) 100vw, 330px\" \/><\/a><\/p>\n<p>&nbsp;<\/p>\n<hr \/>\n<p>&nbsp;<\/p>\n<blockquote class=\"wp-embedded-content\" data-secret=\"7qO39c8CSc\"><p><a href=\"https:\/\/www.radiopiu.net\/wordpress\/aggiornamento-assessorato-protezione-civile-04-aprile-2020\/\">AGGIORNAMENTO ASSESSORATO PROTEZIONE CIVILE 04 APRILE 2020<\/a><\/p><\/blockquote>\n<p><iframe loading=\"lazy\" title=\"&#8220;AGGIORNAMENTO ASSESSORATO PROTEZIONE CIVILE 04 APRILE 2020&#8221; &#8212; Radio Pi\u00f9\" class=\"wp-embedded-content\" sandbox=\"allow-scripts\" security=\"restricted\" style=\"position: absolute; clip: rect(1px, 1px, 1px, 1px);\" src=\"https:\/\/www.radiopiu.net\/wordpress\/aggiornamento-assessorato-protezione-civile-04-aprile-2020\/embed\/#?secret=7qO39c8CSc\" data-secret=\"7qO39c8CSc\" width=\"600\" height=\"338\" frameborder=\"0\" marginwidth=\"0\" marginheight=\"0\" scrolling=\"no\"><\/iframe><\/p>\n<p><strong>L&#8217;INTERVENTO DELL&#8217;ASSESSORE GIANPAOLO BOTTACIN IERI A RADIO PIU<\/strong><\/p>\n<audio class=\"wp-audio-shortcode\" id=\"audio-127448-2\" preload=\"none\" style=\"width: 100%;\" controls=\"controls\"><source type=\"audio\/mpeg\" src=\"https:\/\/www.radiopiu.net\/wordpress\/wp-content\/uploads\/2020\/04\/BOTTACIN-04-APRILE-2020.mp3?_=2\" \/><a href=\"https:\/\/www.radiopiu.net\/wordpress\/wp-content\/uploads\/2020\/04\/BOTTACIN-04-APRILE-2020.mp3\">https:\/\/www.radiopiu.net\/wordpress\/wp-content\/uploads\/2020\/04\/BOTTACIN-04-APRILE-2020.mp3<\/a><\/audio>\n<p>&nbsp;<\/p>\n<hr \/>\n<p>&nbsp;<\/p>\n<h3>DATI E GRAFICI DEL GIORNO, PROVINCIA &#8211; REGIONE 04 APRILE 2020<\/h3>\n<p><strong>Con la collaborazione di Tiziano De Col<\/strong><\/p>\n<p>Nella giornata odierna, i dati dei contagi riportano un rallentamento dell&#8217;incremento giornaliero, ma che vede comunque la Provincia di Belluno con uno dei pi\u00f9 alti incrementi giornalieri, seconda solo a Vicenza .La provincia di Belluno resta con il rapporto contagi &#8211; popolazione tra i pi\u00f9 alti tra le Province Venete dopo Padova e Verona<\/p>\n<p><a class=\"dt-pswp-item\" href=\"https:\/\/www.radiopiu.net\/wordpress\/wp-content\/uploads\/2020\/04\/Schermata-2020-04-04-alle-18.59.50.png\" data-dt-img-description=\"\" data-large_image_width=\"722\" data-large_image_height=\"452\"><img loading=\"lazy\" decoding=\"async\" class=\"alignnone wp-image-127567\" src=\"https:\/\/www.radiopiu.net\/wordpress\/wp-content\/uploads\/2020\/04\/Schermata-2020-04-04-alle-18.59.50.png\" alt=\"\" width=\"259\" height=\"162\" srcset=\"https:\/\/www.radiopiu.net\/wordpress\/wp-content\/uploads\/2020\/04\/Schermata-2020-04-04-alle-18.59.50.png 722w, https:\/\/www.radiopiu.net\/wordpress\/wp-content\/uploads\/2020\/04\/Schermata-2020-04-04-alle-18.59.50-300x188.png 300w\" sizes=\"auto, (max-width: 259px) 100vw, 259px\" \/><\/a><a class=\"dt-pswp-item\" href=\"https:\/\/www.radiopiu.net\/wordpress\/wp-content\/uploads\/2020\/04\/cdf78352-2baf-4ed4-a43c-e83615739835.jpg\" data-dt-img-description=\"\" data-large_image_width=\"480\" data-large_image_height=\"289\"><img loading=\"lazy\" decoding=\"async\" class=\"alignnone wp-image-127563\" src=\"https:\/\/www.radiopiu.net\/wordpress\/wp-content\/uploads\/2020\/04\/cdf78352-2baf-4ed4-a43c-e83615739835.jpg\" alt=\"\" width=\"267\" height=\"161\" srcset=\"https:\/\/www.radiopiu.net\/wordpress\/wp-content\/uploads\/2020\/04\/cdf78352-2baf-4ed4-a43c-e83615739835.jpg 480w, https:\/\/www.radiopiu.net\/wordpress\/wp-content\/uploads\/2020\/04\/cdf78352-2baf-4ed4-a43c-e83615739835-300x181.jpg 300w\" sizes=\"auto, (max-width: 267px) 100vw, 267px\" \/><\/a><\/p>\n<p>&nbsp;<\/p>\n<hr \/>\n<p>&nbsp;<\/p>\n<blockquote>\n<h2>LEGGI LA CONFERENZA STAMPA DI LUCA ZAIA<\/h2>\n<\/blockquote>\n<p><em>\u00a0133mila tamponi eseguiti,da mercoled\u00ec con la sola macchina nuova ne sono previsti 9000 con obiettivo\u00a0 15000 al giorno. Per il secondo giorno i dimessi superano i ricoveri, e nelle ultime 24 sono 95 i nuovi nati.<\/em><\/p>\n<p><strong>243 nuovi casi di positivit\u00e0 i casi con tampone positivo\u00a0 sono 10.824. \u201cSolo\u201d\u00a0 6 decessi in pi\u00f9 rispetto a ieri sera, per un dato complessivo di 607 vittime compresi gli anziani morti nelle case di riposo. Va meglio in terapie intensive (-3), e sui reparti di area non critica (-4). Attualmente positivi: 9.306, in isolamento domiciliare 20.058, negativizzati virologici 911<\/strong><\/p>\n<p>Abbiamo 11mila cittadini ricoverati negli ospedali del Veneto, 2000 per coronavirus, prima avevano oltre 4000 accessi al pronto soccorso al giorno, oggi sono sui 1200. Abbiamo sempre 2000 persone in ospedale malati di Covid_19 o in malattine infettive (1600 letti) o in terapia intensiva (oltre 800 posti) e garantiamo l\u2019operativit\u00e0 ai non coronavirus. Come detto questa \u00e8 stata la settimana cruciale e ci ha detto che \u00e8 in corso un lento recupero ma dobbiamo continuare ad investire sul \u201cstai a casa\u201d ringraziando i veneti i pi\u00f9 virtuosi a rispettare le regole, lo dicono le celle telefoniche e i tracciati. Sono stati dimezzati i flussi, da 5 milioni di transiti al giorno. I veneti eccezionali per il grande lavoro di squadra, dagli operatori della sanit\u00e0 alla popolazione che ha rispettato le restrizioni. La prossima settimana sar\u00e0 determinante anche per le restrizioni confermate e firmate ieri. <strong>NOVITA\u2019<\/strong> Tabacchi e altre attivit\u00e0 aperte per legge potranno vendere cancelleria,<em> \u201cStiamo scrivendo una nuova ordinanza in queste ore per mettere a punto alcuni dettagli\u201d.<\/em> RIAPERTURA AZIENDE Le decisioni competono \u00a0al governo, \u00e8 necessario siano validate dal mondo scientifico, non possiamo permetterci ricadute. Molte imprese sono in difficolt\u00e0, se non riescono a ripartire nel breve avranno grossi danni. In generale ho dato disponibilit\u00e0 al presidente del Consiglio, ma gli ho detto che stiamo redigendo il nostro piano di riapertura, mettendolo a disposizione per il piano nazionale TEST SIEROLOGICO\u00a0 \u00e8\u00a0 competenza del mondo scientifico.NON SI TROVANO I GUANTI \u00a0di certo non ci sar\u00e0 il \u201ctaglio delle mani\u201d, alle forze dell\u2019ordine dico: siamo in emergenza, cerchiamo di non avere troppi eccessi di zelo, e capire le difficolt\u00e0 dei cittadini.<\/p>\n<h2><strong>DOMANDE<\/strong><\/h2>\n<p>PER NOI DEVE RIMANERE TUTTO CHIUSO NON SOLO PER PASQUA MA ANCHE PER PASQUETTA<\/p>\n<p><strong>ANZIANI E VOCI<\/strong> Abbiate rispetto per i tema anziani, abbiamo 2000 persone in terapia intensiva, che sono\u00a0 sei alberghi. Non scriviamo \u201cmonate\u201d e non dite che abbiamo fatto un \u201cgran casino\u201d per niente.<\/p>\n<p><strong>RIAPERTURE<\/strong> E\u2019 direttamente proporzionale agli interventi sul mercato. Se significa trovarsi ai blocchi di partenza con la Germania tonica (in conto corrente ha visto sul conto corrente 30 mila euro in pi\u00f9 dal Governo) significa che la concorrenza \u00e8 scorreta. Se manca l\u2019Europa in questa grande emergenza a cosa serve? Sulle riaperture ci stiamo lavorando ma servir\u00e0 il piano nazionale, noi porteremo in dote il nostro lavoro. Dipendesse da me sul quando non posso dare risposte, spero finisca presto, sicuramente graduale, servir\u00e0 la garanzia che non ci saranno ulteriori contagi. Non so quando il Governo dar\u00e0 il via alle riaperture \u00e8 sempre un last minute, io ho chiesto di mettere in piedi un tavolo prima del 13 aprile quando scadr\u00e0 il decreto. Se ci saranno procedure validate dagli scienziati noi siamo pronti a utilizzarli per le riaperture ovvero la patenta per gli immuni, una certificazione per chi ha sviluppato anticorpi al virus.<\/p>\n<p>LA RICHIESTA IN DIRETTA DEL CITTADINO CON DATI NON PRECISI E RISPOSTA IMMEDIATA<\/p>\n<p><strong>TAMPONI<\/strong> Si aspettano anche 16-24 giorni \u2013 testimonia un cittadino che lo ha richiesto per sua figlia il 21 marzo- Zaia chiede chi lo abbia fatto e vuole la verifica in tempo reale. PARE CI SIANO DIVERSI CASI\u00a0 \u2013 insiste il cittadino \u2013 Voglio i nomi \u2013 risponde Zaia \u2013 sui tamponi abbiamo un paio di problemi sulla processazione e sui reagenti che non si trovano pi\u00f9. I tamponi rimangono in parcheggio, le direttive ci dicono che le diagnosi si fanno con i tamponi. Per questi ritardi mi dispiace ma verificheremo.\u00a0 Commento di Zaia\u00a0 con stupore e dispiacere. <strong>La risposta <\/strong>\u00a0c\u2019\u00e8 scritto che \u00e8 stato fatto il 24, accettato il 25 e refertato oggi quindi non sono passati 16-24 giorni tra l\u2019altro il laboratorio di Venezia \u00e8 efficiente anche se mancano materiali. Zaia ha pure\u00a0 chiesto di fare chiarezza sentendo\u00a0 il medico della paziente per capire se ci siano altri casi di attesa.<\/p>\n<p><strong>MASCHERINE PER TUTTI IN FAMIGLIA<\/strong> Di certo ha ragione Crisanti dal punto di vista scientifico, ma \u00e8 pur vero che i cittadini vivono il problema della quotidianit\u00e0 e si deve trovare una mediazione.<\/p>\n<p><strong>MERCATO DI RIALTO A VENEZIA<\/strong> Chiedo il sacrificio di evitare assembramenti e non piangere dopo i contagi. Stamattina ci sono state tensioni, noi non ci stiamo divertendo con le ordinanze, lo facciamo per la sanit\u00e0 pubblica, capisco la difficolt\u00e0 ma chiedo a tutti di fare\u00a0 sacrifici perch\u00e8 Il contagio \u00e8 dietro l\u2019angolo.<\/p>\n<p><strong>REINFEZIONI?<\/strong> Piuttosto la storia di una cittadina cinese che stiamo verificando nel veronese in seguito a polmonite,\u00a0 ma deve essere verificato da un punto di vista scientifico.<\/p>\n<p><strong>QUARANTENA IN ALBERGHI CHIUSI<\/strong> Stiamo lavorando anche per gli ospedali di comunit\u00e0 \u00e8 un progetto nostro<\/p>\n<p><strong>A PADOVA OGGI NESSUN MERCATO ALL\u2019APERTO SONO STATI PRESI IN CONTROPIEDE<\/strong> Ogni risposta rischia di essere strumentalizzata, hanno ragione se ti avvisano un anno prima riesci a comperarti i banchi nuovi. Ma \u00e8 anche vero che l\u2019ordinanza dice di perimetrare e basta una cordella di nastro, di fare due varchi e la cordella si taglia su due punti, di mettere due vigili o due volontari li mandiamo anche noi se li chiedono, che organizzino le code e pretendano guanti e mascherina. Tutto qui, non abbiamo mica chiesto muri in calcestruzzo.<\/p>\n<h2>MANUELA LANZARIN<\/h2>\n<p><strong>CASE DI RIPOSO<\/strong> Tamponi a tappeto nelle strutture agli ospiti e dipendenti, il problema di tamponi e reagenti ha portato a dei ritardi. Siamo ad una percentuale del 40 anche 50 per cento in alcune strutture per ospiti e operatori. In base all\u2019ultimo piano di sanit\u00e0 ogni azienda ha costituito unit\u00e0 mobili che vanno nelle strutture. Abbiamo chiesto ad ogni azienda di fare l\u2019analisi del rischio struttura per strutura, se i positivi sono isolati rispetto ai negativi, se ci sono persone che si incrociano ed eventuali problemi con gli operatori. Si pensi a strutture solo per positivi e negativi. Stiamo distribuendo i presidi essenziali dove ci sono casi con invio giornaliero alle Ulss che poi distribuisce sul territorio.<strong> I contagiati su 30 mila ospiti (22 mila operatori)\u00a0 \u00a0sono circa 800-850. Oggi le situazioni piu\u2019 pesanti nel veronese Legnago Villa Bartolomea con parecchi decessi iniziali, due situazioni nel vicentino anche ad Asiago, Monselice nel padovano e poi ci sono anche strutture nel trevigiano. DECESSI fin da subito attivato una specifica piattaforma informatizzata che raccoglie tutti i dati alimentati da ospedali, medici, servizi sanit\u00e0 pubblica<\/strong><\/p>\n<p>https:\/\/www.facebook.com\/zaiaufficiale\/videos\/1068470293528966<\/p>\n<p>&nbsp;<\/p>\n<hr \/>\n<p>&nbsp;<\/p>\n<blockquote>\n<h3>LA REGIONE DISTRIBUISCE L&#8217;INTEGRATIVA ALL&#8217;ORDINANZA DI VENERDI&#8217;<\/h3>\n<\/blockquote>\n<p><strong>VENEZIA<\/strong> Come annunciato nella conferenza stampa di oggi, Luca Zaia ha firmato l&#8217;integrativa all&#8217;ordinanza che riguarda la chiusura dei supermercati nei giorni festivi, compreso il 13 aprile<\/p>\n<p><a href=\"https:\/\/www.radiopiu.net\/wordpress\/wp-content\/uploads\/2020\/04\/515-2020-ordinanza-4-4-2020-numerata.pdf\">CLICCA QUI PER VISUALIZZARE L&#8217;ORDINANZA<\/a><\/p>\n<div class=\"page-title-head hgroup\">\n<h3 class=\"entry-title\"><\/h3>\n<\/div>\n<h3><\/h3>\n<hr \/>\n<p>&nbsp;<\/p>\n<div class=\"page-title-head hgroup\">\n<blockquote>\n<h3 class=\"entry-title\">CAPITOLO \u201cDE COCCIO\u201d: I DATI DALLA PREFETTURA. 128 PERSONE SANZIONATE IN 5 GIORNI<\/h3>\n<\/blockquote>\n<\/div>\n<div class=\"page-title-breadcrumbs\">\n<p><strong>BELLUNO<\/strong> Continuano i controlli da parte delle Forze dell\u2019Ordine sulle strade, e non solo, del bellunese. Di seguito i dati dei primi 5 giorni di questa settimana.<\/p>\n<p class=\"photoswipe-wrapper\"><a class=\"dt-pswp-item pspw-wrap-ready\" href=\"https:\/\/i1.wp.com\/www.radiopiu.net\/wordpress\/wp-content\/uploads\/2020\/04\/04.04_-_MONITORAGGIO_SETTIMANALE_DEI_SERVIZI_DI_CONTROLLO_nuovo.jpg?ssl=1\" data-dt-img-description=\"\" data-large_image_width=\"1240\" data-large_image_height=\"1754\"><img loading=\"lazy\" decoding=\"async\" class=\"alignnone wp-image-127451 jetpack-lazy-image jetpack-lazy-image--handled\" src=\"https:\/\/i1.wp.com\/www.radiopiu.net\/wordpress\/wp-content\/uploads\/2020\/04\/04.04_-_MONITORAGGIO_SETTIMANALE_DEI_SERVIZI_DI_CONTROLLO_nuovo.jpg?resize=724%2C1024&amp;ssl=1\" sizes=\"auto, (max-width: 724px) 100vw, 724px\" srcset=\"https:\/\/i1.wp.com\/www.radiopiu.net\/wordpress\/wp-content\/uploads\/2020\/04\/04.04_-_MONITORAGGIO_SETTIMANALE_DEI_SERVIZI_DI_CONTROLLO_nuovo.jpg?resize=724%2C1024&amp;ssl=1 724w, https:\/\/i1.wp.com\/www.radiopiu.net\/wordpress\/wp-content\/uploads\/2020\/04\/04.04_-_MONITORAGGIO_SETTIMANALE_DEI_SERVIZI_DI_CONTROLLO_nuovo.jpg?resize=212%2C300&amp;ssl=1 212w, https:\/\/i1.wp.com\/www.radiopiu.net\/wordpress\/wp-content\/uploads\/2020\/04\/04.04_-_MONITORAGGIO_SETTIMANALE_DEI_SERVIZI_DI_CONTROLLO_nuovo.jpg?resize=768%2C1086&amp;ssl=1 768w, https:\/\/i1.wp.com\/www.radiopiu.net\/wordpress\/wp-content\/uploads\/2020\/04\/04.04_-_MONITORAGGIO_SETTIMANALE_DEI_SERVIZI_DI_CONTROLLO_nuovo.jpg?resize=1086%2C1536&amp;ssl=1 1086w, https:\/\/i1.wp.com\/www.radiopiu.net\/wordpress\/wp-content\/uploads\/2020\/04\/04.04_-_MONITORAGGIO_SETTIMANALE_DEI_SERVIZI_DI_CONTROLLO_nuovo.jpg?w=1240&amp;ssl=1 1240w\" alt=\"\" width=\"340\" height=\"481\" data-recalc-dims=\"1\" data-lazy-loaded=\"1\" \/><\/a><\/p>\n<p>&nbsp;<\/p>\n<hr \/>\n<p>&nbsp;<\/p>\n<blockquote>\n<h3 class=\"entry-title\">PRIMA PICCHIA L\u2019AMICO E POI GLI CHIEDE OSPITALITA\u2019, ORA E\u2019 IN CARCERE ANCHE PER MINACCE CON MOTOSEGA ALLA MANO<\/h3>\n<\/blockquote>\n<p><strong><img decoding=\"async\" class=\"alignleft jetpack-lazy-image jetpack-lazy-image--handled\" src=\"https:\/\/i2.wp.com\/www.radiopiu.net\/wordpress\/wp-content\/uploads\/2018\/07\/image1.jpeg?w=1200&amp;ssl=1\" data-recalc-dims=\"1\" data-lazy-loaded=\"1\" \/>BELLUNO<\/strong> La Squadra Mobile della Questura ha eseguito una misura cautelare di custodia in carcere, emessa dal Giudice per le Indagini Preliminari di Belluno su richiesta della Procura della Repubblica. Nei guai un\u00a0 italiano di 45 anni, pluripregiudicato per reati contro la persona e il patrimonio. L\u2019ordinanza \u00e8 stata emessa a seguito di un episodio successo il 23 marzo scorso, quando l\u2019uomo, senza fissa dimora, si era recato a casa di un conoscente per richiedere ospitalit\u00e0, ma aveva ricevuto una risposta negativa.\u00a0Il diniego dall\u2019amico, impaurito dalla situazione, era dovuto al fatto che una settimana prima, l\u2019arrestato lo aveva brutalmente picchiato con calci e pugni per un futile motivo, una discussione legata al comportamento del cane del malcapitato, cagionandogli un trauma facciale da\u00a0 25 giorni di prognosi a causa delle lesioni riportate. Di fronte al rifiuto della parte offesa, confermando la sua indole estremamente violenta ed imprevedibile, l\u2019uomo ha brandito una motosega rimediata nelle vicinanze ed ha squarciato completamente la porta d\u2019ingresso dell\u2019abitazione del conoscente, arrivando a minacciarlo di morte e pretendendo di restare in quella casa. Solo il pronto intervento di una Volante della Questura, a sua volta minacciata dall\u2019uomo con la motosega, non ha permesso che l\u2019aggressione potesse arrivare a conseguenze ben pi\u00f9 gravi.\u00a0 L\u2019uomo \u00e8 stato rintracciato in strada nel pomeriggio di ieri, \u00e8 stato associato alla Casa Circondariale di Baldenich e deve rispondere dei reati di violazione di domicilio minaccia e resistenza a pubblico ufficiale aggravate.<\/p>\n<p>&nbsp;<\/p>\n<hr \/>\n<p>&nbsp;<\/p>\n<blockquote>\n<h3 class=\"entry-title\">QUANDO LA POLITICA E\u2019 LO SCARICABARILE DELLE COLPE, MEDICI E OPERATORI SANITARI NON CI STANNO<\/h3>\n<\/blockquote>\n<p class=\"photoswipe-wrapper\"><img loading=\"lazy\" decoding=\"async\" class=\"alignleft wp-image-127477 size-medium jetpack-lazy-image jetpack-lazy-image--handled\" src=\"https:\/\/i0.wp.com\/www.radiopiu.net\/wordpress\/wp-content\/uploads\/2020\/04\/fd4e54c5-1346-4c96-b60a-1689a23dfc0f.jpg?resize=169%2C300&amp;ssl=1\" sizes=\"auto, (max-width: 169px) 100vw, 169px\" srcset=\"https:\/\/i0.wp.com\/www.radiopiu.net\/wordpress\/wp-content\/uploads\/2020\/04\/fd4e54c5-1346-4c96-b60a-1689a23dfc0f.jpg?resize=169%2C300&amp;ssl=1 169w, https:\/\/i0.wp.com\/www.radiopiu.net\/wordpress\/wp-content\/uploads\/2020\/04\/fd4e54c5-1346-4c96-b60a-1689a23dfc0f.jpg?w=540&amp;ssl=1 540w\" alt=\"\" width=\"169\" height=\"300\" data-recalc-dims=\"1\" data-lazy-loaded=\"1\" \/><strong>ROMA<\/strong> \u201c<em>Gli oltre i 70 medici morti e i pi\u00f9 10000 operatori sanitari contagiati gridano vendetta davanti al tentativo messo in atto da un emendamento al Decreto Cura Italia (AS 1766<\/em>)\u201d cos\u00ec Pina Onotri, Segretario Generale del Sindacato Medici Italiani in una dichiarazione critica la proposta che sar\u00e0 in discussione nei prossimi giorni a Palazzo Madama.\u201d<em>Si vuole, in ambito sanitario ed ospedaliero creare una \u2018salvaguardia legale\u2019 per gli amministratori che non ottemperano all\u2019obbligo di dotare tutto il personale medico e infermieristici di dispostivi di protezione efficaci ed a norma<\/em>\u201d continua Onotri. \u201c<em>Sancire la non responsabilit\u00e0 potrebbe indurre alcuni datori di lavoro, in ambito sanitario, ad agire con minore avvedutezza, contravvenendo alle norme sulla sicurezza sul lavorio e mettendo cos\u00ec a rischio l\u2019incolumit\u00e0 dei medici e personale in genere. N\u00e9 tanto meno \u00e8 accettabile, come prevede l\u2019emendamento, che per i danni ai pazienti, compresi quelli derivanti dall\u2019insufficienza o inadeguatezza dei dispositivi di protezione individuale, risponde civilmente il solo ente di appartenenza del soggetto operante ferme restando, in caso di dolo, le responsabilit\u00e0 individuali. \u00c8 aberrante<\/em>!\u201d aggiunge Onotri. \u201c<em>I politici irresponsabili, checche\u2019 vadano dicendo, di quello che hanno messo in atto per il contrasto al coronavirus in Lombardia, hanno fatto una pessima figura in tutto il mondo ed hanno dato l\u2019esempio di ci\u00f2 che non si dovrebbe fare non solo nell\u2019emergenza.\u00a0Molti amministratori che hanno sempre difeso il privato convenzionato (quello che si occupa delle patologie ad alto rendimento economico ed a bassa intensit\u00e0 di cura) adesso temono richieste di risarcimenti, cause di lavoro e vertenze legali varie alla fine di questo triste periodo. Il Parlamento non pu\u00f2 rappresentare il nuovo patibolo per i medici o il luogo dove il silenzio assordante regna a fronte di chi dovrebbe tutelare i professionisti medici e la salute dei cittadini: respinga con fermezza questo emendamento<\/em>\u201d conclude Onotri<\/p>\n<p><b>IL LINK DELL\u2019EMENDAMENTO\u00a0<\/b><\/p>\n<p><a href=\"http:\/\/www.senato.it\/japp\/bgt\/showdoc\/frame.jsp?tipodoc=Emendc&amp;leg=18&amp;id=1146138&amp;idoggetto=1154567\">CLICCA QUI<\/a><\/p>\n<p>&nbsp;<\/p>\n<hr \/>\n<p>&nbsp;<\/p>\n<div class=\"page-title-head hgroup\">\n<blockquote>\n<h3 class=\"entry-title\">CORONAVIRUS: CGIL CISL UIL FP, DA LEGA EMENDAMENTO VERGOGNA SU OPERATORI SANITARI<\/h3>\n<\/blockquote>\n<\/div>\n<div class=\"page-title-breadcrumbs\"><strong><img loading=\"lazy\" decoding=\"async\" class=\"alignleft jetpack-lazy-image jetpack-lazy-image--handled\" src=\"https:\/\/i0.wp.com\/www.radiopiu.net\/wordpress\/wp-content\/uploads\/2020\/03\/rmedici.jpg?resize=238%2C157&amp;ssl=1\" width=\"238\" height=\"157\" data-recalc-dims=\"1\" data-lazy-loaded=\"1\" \/>ROMA<\/strong> Da un lato il senatore Salvini fa tanta retorica sul valore degli operatori sanitari impegnati nell\u2019emergenza Coronavirus mentre dall\u2019altra in Senato lavora per scaricare sulle loro spalle le responsabilit\u00e0 civili e penali. Salvini ritiri l\u2019emendamento vergogna che lascia scoperti medici, infermieri e operatori sanitari\u201d. Ad affermarlo sono Fp Cgil, Cisl Fp e Uil Fpl in merito all\u2019emendamento presentato dalla Lega, con primo firmatario il senatore Salvini, al ddl di conversione del decreto Cura Italia e che scaricherebbe sugli operatori sanitari le responsabilit\u00e0 civili e penali. \u201cSalvini smentisce Salvini \u2013 spiegano i sindacati -. Il senatore della Lega, che in Aula a Palazzo Madama invocava maggiori tutele e protezioni per i medici e per il personale sanitario tutto impegnato nella gestione di questa emergenza, ora \u00e8 lo stesso che presenta un emendamento che tutela solo i datori di lavoro nei confronti della responsabilit\u00e0 civile e penale, scaricando tutto sulle spalle degli operatori sanitari\u201d. Con questo emendamento, affermano i sindacati, \u201cgli operatori sanitari pagherebbero questa emergenza tre volte: perch\u00e9 sono senza Dpi e mettono a rischio la propria salute, perch\u00e9 non hanno alcuna valorizzazione professionale ed economica e, adesso, con la responsabilit\u00e0 civile e penale che gli verr\u00e0 scaricata sulle spalle, nonostante il contesto in cui operano e l\u2019alta soglia di rischio alla quale sono sottoposti\u201d. Fp Cgil, Cisl Fp e Uil Fpl precisano che \u201cnon \u00e8 assolutamente ci\u00f2 che abbiamo chiesto al Parlamento in queste ore. Abbiamo, al contrario, chiesto una valorizzazione economica, riconoscendo una indennit\u00e0 al personale impegnato nell\u2019emergenza; cos\u00ec come, anche attraverso il protocollo sottoscritto col Ministero della Salute, abbiamo chiesto che in via prioritaria il personale avesse dispositivi di protezione individuale adeguati e che fossero sottoposti al test coloro che sono stati esposti al rischio. Il tutto insieme ad un potenziamento in termini di risorse umane per dare ristoro a tutti quegli operatori che da giorni, e per molte ore, sono alle prese con la gestione di questa emergenza. Questo emendamento della Lega \u00e8 una vergogna, ci aspettiamo che venga ritirato subito\u201d, concludono.<\/div>\n<div><\/div>\n<div>\n<hr \/>\n<\/div>\n<div><\/div>\n<blockquote>\n<h3><b>TRASPORTO PUBBLICO: REGIONE VENETO CHIEDE A GOVERNO DI PROLUNGARE LA VALIDIT\u00c0 DEGLI ABBONAMENTI NON UTILIZZATI PER LE LIMITAZIONI IMPOSTE DALL\u2019EMERGENZA COVID 19<\/b><\/h3>\n<\/blockquote>\n<p><strong><a class=\"dt-pswp-item\" href=\"https:\/\/www.radiopiu.net\/wordpress\/wp-content\/uploads\/2016\/09\/Elisa-De-Berti-assessore.jpg\" data-dt-img-description=\"\" data-large_image_width=\"149\" data-large_image_height=\"179\"><img loading=\"lazy\" decoding=\"async\" class=\"size-full wp-image-23638 alignleft\" src=\"https:\/\/www.radiopiu.net\/wordpress\/wp-content\/uploads\/2016\/09\/Elisa-De-Berti-assessore.jpg\" alt=\"\" width=\"149\" height=\"179\" \/><\/a>VENEZIA<\/strong>\u00a0\u201c<em>Desidero rassicurare tutti i cittadini e soprattutto i pendolari che in questo momento chiedono informazioni sul riutilizzo o il rimborso degli abbonamenti del trasporto pubblico locale, ferroviari, su gomma e di navigazione, non utilizzati a causa delle chiusure delle attivit\u00e0 lavorative e delle scuole disposte per far fronte all\u2019emergenza Covid-19, che la Regione del Veneto si \u00e8 attivata subito con il Governo nazionale per chiedere l\u2019adozione di una legge che tuteli gli interessi dell\u2019utenza e riconosca la mancata fruizione dei servizi gi\u00e0 pagati<\/em>\u201d.\u00a0Risponde cos\u00ec l\u2019assessore regionale ai trasporti, Elisa De Berti, alle tante legittime domande dei pendolari che chiedono chiarimenti e informazioni sulla possibilit\u00e0 di recuperare le spese per gli abbonamenti non utilizzati per le limitazioni conseguenti al diffondersi della pandemia.\u00a0Lo stanziamento richiesto in prima battuta dalle Regioni per equilibrare i bilanci delle aziende di Trasporto Pubblico Locale, causa le mancate entrata dei biglietti e per prorogare la validit\u00e0 dei titoli di viaggio, ammonta a livello nazionale a 600 milioni di euro.<\/p>\n<p>&nbsp;<\/p>\n<hr \/>\n<p>&nbsp;<\/p>\n<\/div>\n<blockquote>\n<h3>PARTITA LA SANIFICAZIONE DI STRADE E MARCIAPIEDI DEL TERRITORIO PROVINCIALE: AL VIA I PRIMI OTTO COMUNI<\/h3>\n<\/blockquote>\n<p><strong><a class=\"dt-pswp-item\" href=\"https:\/\/www.radiopiu.net\/wordpress\/wp-content\/uploads\/2020\/04\/PHOTO-2020-04-04-09-46-17.jpg\" data-dt-img-description=\"\" data-large_image_width=\"1280\" data-large_image_height=\"960\"><img loading=\"lazy\" decoding=\"async\" class=\"size-medium wp-image-127480 alignleft\" src=\"https:\/\/www.radiopiu.net\/wordpress\/wp-content\/uploads\/2020\/04\/PHOTO-2020-04-04-09-46-17-300x225.jpg\" alt=\"\" width=\"300\" height=\"225\" srcset=\"https:\/\/www.radiopiu.net\/wordpress\/wp-content\/uploads\/2020\/04\/PHOTO-2020-04-04-09-46-17-300x225.jpg 300w, https:\/\/www.radiopiu.net\/wordpress\/wp-content\/uploads\/2020\/04\/PHOTO-2020-04-04-09-46-17-1024x768.jpg 1024w, https:\/\/www.radiopiu.net\/wordpress\/wp-content\/uploads\/2020\/04\/PHOTO-2020-04-04-09-46-17-768x576.jpg 768w, https:\/\/www.radiopiu.net\/wordpress\/wp-content\/uploads\/2020\/04\/PHOTO-2020-04-04-09-46-17.jpg 1280w\" sizes=\"auto, (max-width: 300px) 100vw, 300px\" \/><\/a>BELLUNO<\/strong> \u00c8 cominciata questa mattina la sanificazione delle strade del Bellunese, coordinata dalla Provincia di Belluno. Alle prime luci dell\u2019alba i mezzi agricoli messi a disposizione dalle associazioni di categoria si sono mossi in otto Comuni, per disinfettare marciapiedi, tratti di viabilit\u00e0 comunale di afflusso e le grandi aree davanti a supermercati e attivit\u00e0 di servizio (uffici postali, banche, negozi di alimentari). A supporto, anche le squadre di Protezione Civile, con uomini a piedi dotati di botte a tracolla, per la sanificazione \u201cdi fino\u201d di alcune aree pi\u00f9 piccole (piazzole ecologiche, sottoportici e altro). \u00abAbbiamo cominciato da alcune zone specifiche, come concordato con le Unioni Montane, vale dire Alano e Quero Vas nel Feltrino; Santa Giustina in Valbelluna; Longarone, Soverzene, Zopp\u00e8 per l\u2019area longaronese-zoldada; e Alpago e Chies per quanto riguarda la zona dell\u2019Alpago &#8211; spiega il consigliere provinciale Massimo Bortoluzzi -. Al prossimo giro, con ogni probabilit\u00e0 nella giornata di luned\u00ec, completeremo il Feltrino e la zona di Ponte nelle Alpi. Marted\u00ec abbiamo in programma di proseguire con l\u2019Agordino, mentre gi\u00e0 domani saranno attivi i volontari di Protezione Civile per Cibiana. Attendiamo le indicazioni delle Unioni Montane per programmare anche le altre aree della provincia, sempre d\u2019intesa con Confagricoltura, Coldiretti e Cia, che ci mettono a disposizione una cinquantina di mezzi agricoli dotati di atomizzatori e irroratori, consentendo cos\u00ec un\u2019operazione di pulizia senza dilavamento della sostanza chimica utilizzata (ipoclorito di sodio, in soluzione allo 0,1%) che tiene conto anche dell\u2019ambiente\u00bb. La sanificazione in questa fase viene condotta solo nelle aree di maggior afflusso, nei centri di paese e non sulle strade di collegamento tra le frazioni di uno stesso Comune: con le restrizioni agli spostamenti, infatti, non avrebbe senso disinfettare segmenti di viabilit\u00e0 in cui i movimenti di persone sono rarissimi. \u00abRingrazio tutti coloro che stanno collaborando in maniera attiva a queste operazioni di sanificazione, utili a contrastare il contagio del coronavirus &#8211; commenta il presidente della Provincia, Roberto Padrin -. Quando si mettono insieme tante persone che hanno un unico obiettivo, si riesce sempre a portare a casa qualcosa di positivo. Mi auguro che, passata l\u2019emergenza, si riesca sempre a lavorare con questa unit\u00e0 di intenti, per il bene del nostro territorio\u00bb.<\/p>\n<p>&nbsp;<\/p>\n<hr \/>\n<p>&nbsp;<\/p>\n<div class=\"page-title-head hgroup\">\n<blockquote>\n<h3 class=\"entry-title\">CROLLA L\u2019ARTIGIANATO IN VENETO: LA CGIA SI APPELLA ALL\u2019ART. 45 DELLA COSTITUZIONE<\/h3>\n<\/blockquote>\n<\/div>\n<div class=\"page-title-breadcrumbs\">\n<p class=\"photoswipe-wrapper\"><img loading=\"lazy\" decoding=\"async\" class=\"alignleft wp-image-127468 size-medium jetpack-lazy-image jetpack-lazy-image--handled\" src=\"https:\/\/i1.wp.com\/www.radiopiu.net\/wordpress\/wp-content\/uploads\/2020\/04\/Schermata-2020-04-04-alle-12.32.35.png?resize=180%2C300&amp;ssl=1\" sizes=\"auto, (max-width: 180px) 100vw, 180px\" srcset=\"https:\/\/i1.wp.com\/www.radiopiu.net\/wordpress\/wp-content\/uploads\/2020\/04\/Schermata-2020-04-04-alle-12.32.35.png?resize=180%2C300&amp;ssl=1 180w, https:\/\/i1.wp.com\/www.radiopiu.net\/wordpress\/wp-content\/uploads\/2020\/04\/Schermata-2020-04-04-alle-12.32.35.png?resize=614%2C1024&amp;ssl=1 614w, https:\/\/i1.wp.com\/www.radiopiu.net\/wordpress\/wp-content\/uploads\/2020\/04\/Schermata-2020-04-04-alle-12.32.35.png?resize=768%2C1280&amp;ssl=1 768w, https:\/\/i1.wp.com\/www.radiopiu.net\/wordpress\/wp-content\/uploads\/2020\/04\/Schermata-2020-04-04-alle-12.32.35.png?w=894&amp;ssl=1 894w\" alt=\"\" width=\"180\" height=\"300\" data-recalc-dims=\"1\" data-lazy-loaded=\"1\" \/>Almeno 777 milioni di euro. A tanto ammonta la stima della perdita di fatturato che le imprese artigiane venete subiranno in questo mese di chiusura a causa del Coronavirus (dal 12 marzo al 13 aprile 2020). A fare i conti \u00e8 stato l\u2019Ufficio studi della CGIA.<\/p>\n<p>\u201cAnche in Veneto, l\u2019artigianato rischia di estinguersi, o quasi, in particolar modo nelle piccole citt\u00e0 e nei paesi di periferia, molte attivit\u00e0 \u2013 segnala il coordinatore dell\u2019Ufficio studi Paolo Zabeo \u2013 a fronte dell\u2019azzeramento degli incassi, degli affitti insostenibili e di una pressione fiscale eccessiva, non reggeranno il colpo e saranno costrette a chiudere. Per questo ci appelliamo al Governo e al Parlamento affinch\u00e9 intervengano in soccorso a questo settore, appellandoci all\u2019articolo 45 della Costituzione che stabilisce che la legge deve provvedere alla tutela e allo sviluppo dell\u2019artigianato\u201d.<\/p>\n<p>Una situazione, quella che sta vivendo l\u2019artigianato veneto in queste settimane, molto difficile che si sovrappone ad un quadro generale altrettanto pesante che negli ultimi 10 anni ha visto crollare il numero delle imprese presenti in questo settore. Tra il 2009 e il 2019, infatti, le aziende artigiane venete che hanno chiuso definitivamente sono state poco meno di 18 mila (per la precisione 17.775), pari al -12,4 per cento. Se nel 2009 lo stock era pari a 143.330, al 31 dicembre dell\u2019anno scorso il numero \u00e8 sceso a 125.575.<\/p>\n<p>\u201cQuasi il 60 per cento della contrazione delle imprese artigiane registrata in questi ultimi 10 anni \u2013 fa notare il segretario Renato Mason \u2013 riguarda attivit\u00e0 legate al comparto casa. Edili, lattonieri, posatori, dipintori, elettricisti, idraulici, etc. hanno vissuto anni difficili e molti sono stati costretti a gettare la spugna. La crisi del settore e la caduta verticale dei consumi delle famiglie sono stati letali. Certo, molte altre professioni artigiane, soprattutto legate al mondo del design, del web, della comunicazione, si stanno imponendo. Purtroppo, le profonde trasformazioni in atto e la drammatica crisi che vivremo nei prossimi mesi cancelleranno molti mestieri che hanno caratterizzato la storia dell\u2019artigianato e la vita di molti quartieri e citt\u00e0\u201d.<\/p>\n<p class=\"photoswipe-wrapper\"><img loading=\"lazy\" decoding=\"async\" class=\"alignleft wp-image-127469 size-medium jetpack-lazy-image jetpack-lazy-image--handled\" src=\"https:\/\/i0.wp.com\/www.radiopiu.net\/wordpress\/wp-content\/uploads\/2020\/04\/Schermata-2020-04-04-alle-12.33.35.png?resize=236%2C300&amp;ssl=1\" sizes=\"auto, (max-width: 236px) 100vw, 236px\" srcset=\"https:\/\/i0.wp.com\/www.radiopiu.net\/wordpress\/wp-content\/uploads\/2020\/04\/Schermata-2020-04-04-alle-12.33.35.png?resize=236%2C300&amp;ssl=1 236w, https:\/\/i0.wp.com\/www.radiopiu.net\/wordpress\/wp-content\/uploads\/2020\/04\/Schermata-2020-04-04-alle-12.33.35.png?resize=807%2C1024&amp;ssl=1 807w, https:\/\/i0.wp.com\/www.radiopiu.net\/wordpress\/wp-content\/uploads\/2020\/04\/Schermata-2020-04-04-alle-12.33.35.png?resize=768%2C974&amp;ssl=1 768w, https:\/\/i0.wp.com\/www.radiopiu.net\/wordpress\/wp-content\/uploads\/2020\/04\/Schermata-2020-04-04-alle-12.33.35.png?w=1124&amp;ssl=1 1124w\" alt=\"\" width=\"236\" height=\"300\" data-recalc-dims=\"1\" data-lazy-loaded=\"1\" \/>\u00a0Vecchi mestieri in via di estinzione<br \/>\nA fronte delle difficolt\u00e0 che certamente si intensificheranno nei prossimi mesi, la CGIA ha elencato anche 25 vecchi mestieri artigiani che, gi\u00e0 in forte agonia, rischiano di scomparire definitivamente soprattutto nei paesi di campagna, o professioni che sono in via di estinzione anche a causa delle profonde trasformazioni tecnologiche in atto. Essi sono:<\/p>\n<p>Arrotino (molatore o affilatore di lame);<br \/>\n\u2022\u00a0\u00a0\u00a0\u00a0\u00a0\u00a0\u00a0 Barbiere (addetto al taglio dei capelli su uomo e alla rasatura della barba);<br \/>\n\u2022\u00a0\u00a0\u00a0\u00a0\u00a0\u00a0\u00a0 Calzolaio (riparatore di suole, tacchi, borse e cinture);<br \/>\n\u2022\u00a0\u00a0\u00a0\u00a0\u00a0\u00a0\u00a0 Casaro (addetto alla lavorazione, preparazione e conservazione dei latticini);<br \/>\n\u2022\u00a0\u00a0\u00a0\u00a0\u00a0\u00a0\u00a0 Canestraio (produttore di canestri, ceste, panieri, etc.);<br \/>\n\u2022\u00a0\u00a0\u00a0\u00a0\u00a0\u00a0\u00a0 Castrino\u00a0 (figura artigianale tipica del mondo mezzadrile con il compito di castrare gli animali);<br \/>\n\u2022\u00a0\u00a0\u00a0\u00a0\u00a0\u00a0\u00a0 Ceraio (produttore di torce, lumini e candele con l\u2019uso della cera);<br \/>\n\u2022\u00a0\u00a0\u00a0\u00a0\u00a0\u00a0\u00a0 Cocciaio (produttore di piatti, ciotole e vasi);<br \/>\n\u2022\u00a0\u00a0\u00a0\u00a0\u00a0\u00a0\u00a0 Cordaio (fabbricante di corde, funi e spaghi);<br \/>\n\u2022\u00a0\u00a0\u00a0\u00a0\u00a0\u00a0\u00a0 Corniciaio;<br \/>\n\u2022\u00a0\u00a0\u00a0\u00a0\u00a0\u00a0\u00a0 Fotografo;<br \/>\n\u2022\u00a0\u00a0\u00a0\u00a0\u00a0\u00a0\u00a0 Guantaio (produttore e riparatore di guanti);<br \/>\n\u2022\u00a0\u00a0\u00a0\u00a0\u00a0\u00a0\u00a0 Legatore (rilegatore di libri);<br \/>\n\u2022\u00a0\u00a0\u00a0\u00a0\u00a0\u00a0\u00a0 Norcino (addetto alla macellazione del maiale e alla lavorazione delle carni);<br \/>\n\u2022\u00a0\u00a0\u00a0\u00a0\u00a0\u00a0\u00a0 Materassaio (colui che confeziona o rinnova materassi, trapunte, cuscini, etc.);<br \/>\n\u2022\u00a0\u00a0\u00a0\u00a0\u00a0\u00a0\u00a0 Mugnaio (macinatore di grano e granaglie);<br \/>\n\u2022\u00a0\u00a0\u00a0\u00a0\u00a0\u00a0\u00a0 Maniscalco \u00a0(addetto alla ferratura dei cavalli, degli asini\u00a0e dei muli);<br \/>\n\u2022\u00a0\u00a0\u00a0\u00a0\u00a0\u00a0\u00a0 Ombrellaio (riparatore\/rattoppatore di ombrelli rotti);<br \/>\n\u2022\u00a0\u00a0\u00a0\u00a0\u00a0\u00a0\u00a0 Ricamatrice\u00a0 (decoratrice del\u00a0tessuto con motivi ornamentali);<br \/>\n\u2022\u00a0\u00a0\u00a0\u00a0\u00a0\u00a0\u00a0 Sarto\/a (colui o colei che confeziona abiti maschili o femminili);<br \/>\n\u2022\u00a0\u00a0\u00a0\u00a0\u00a0\u00a0\u00a0 Selciatore (addetto alla posa in opera di cubetti di porfido);<br \/>\n\u2022\u00a0\u00a0\u00a0\u00a0\u00a0\u00a0\u00a0 Sellaio (produttore di selle per animali);<br \/>\n\u2022\u00a0\u00a0\u00a0\u00a0\u00a0\u00a0\u00a0 Scopettaio (produttore di spazzole e scope);<br \/>\n\u2022\u00a0\u00a0\u00a0\u00a0\u00a0\u00a0\u00a0 Scalpellino (colui che sgrossa e lavora la pietra o il marmo con lo scalpello);<br \/>\n\u2022\u00a0\u00a0\u00a0\u00a0\u00a0\u00a0\u00a0 Seggiolaio (produttore o riparatore di seggiole impagliate).<\/p>\n<p><img loading=\"lazy\" decoding=\"async\" class=\"alignleft wp-image-127470 size-medium jetpack-lazy-image jetpack-lazy-image--handled\" src=\"https:\/\/i0.wp.com\/www.radiopiu.net\/wordpress\/wp-content\/uploads\/2020\/04\/Schermata-2020-04-04-alle-12.33.08.png?resize=251%2C300&amp;ssl=1\" sizes=\"auto, (max-width: 251px) 100vw, 251px\" srcset=\"https:\/\/i0.wp.com\/www.radiopiu.net\/wordpress\/wp-content\/uploads\/2020\/04\/Schermata-2020-04-04-alle-12.33.08.png?resize=251%2C300&amp;ssl=1 251w, https:\/\/i0.wp.com\/www.radiopiu.net\/wordpress\/wp-content\/uploads\/2020\/04\/Schermata-2020-04-04-alle-12.33.08.png?resize=856%2C1024&amp;ssl=1 856w, https:\/\/i0.wp.com\/www.radiopiu.net\/wordpress\/wp-content\/uploads\/2020\/04\/Schermata-2020-04-04-alle-12.33.08.png?resize=768%2C918&amp;ssl=1 768w, https:\/\/i0.wp.com\/www.radiopiu.net\/wordpress\/wp-content\/uploads\/2020\/04\/Schermata-2020-04-04-alle-12.33.08.png?resize=1284%2C1536&amp;ssl=1 1284w, https:\/\/i0.wp.com\/www.radiopiu.net\/wordpress\/wp-content\/uploads\/2020\/04\/Schermata-2020-04-04-alle-12.33.08.png?w=1286&amp;ssl=1 1286w\" alt=\"\" width=\"251\" height=\"300\" data-recalc-dims=\"1\" data-lazy-loaded=\"1\" \/>Il COVID 19 ha costretto alla chiusura 6 artigiani su 10<br \/>\nTornando alle chiusure imposte dalla legge in queste ultime 2 settimane a causa del COVID 19, sono 76.240 le imprese artigiane venete che sono state costrette a sospendere l\u2019attivit\u00e0 (pari al 60,7 per cento del totale); il conto sale a 80.312 se si considerano anche le attivit\u00e0 per le quali \u00e8 prevista la possibilit\u00e0 di fare solo somministrazione per asporto. A livello regionale solo la Toscana (65,6 per cento), la Valle d\u2019Aosta (63,9 per cento) e l\u2019Umbria (61,1 per cento) hanno registrato percentuali di chiusura superiori alla nostra regione.<\/p>\n<\/div>\n<p>&nbsp;<\/p>\n<p>&nbsp;<\/p>\n<p>&nbsp;<\/p>\n<p>&nbsp;<\/p>\n<p>&nbsp;<\/p>\n<hr \/>\n<p>&nbsp;<\/p>\n<blockquote>\n<h3>A CANALE D\u2019AGORDO LA CONSEGNA A DOMICILIO DI MASCHERINE SU RICHIESTA<\/h3>\n<\/blockquote>\n<p><strong class=\"photoswipe-wrapper\"><img loading=\"lazy\" decoding=\"async\" class=\"wp-image-126460 alignleft jetpack-lazy-image jetpack-lazy-image--handled\" src=\"https:\/\/i2.wp.com\/www.radiopiu.net\/wordpress\/wp-content\/uploads\/2020\/03\/MASCHERINA-CHIRURGICA.png?resize=122%2C97&amp;ssl=1\" sizes=\"auto, (max-width: 122px) 100vw, 122px\" srcset=\"https:\/\/i2.wp.com\/www.radiopiu.net\/wordpress\/wp-content\/uploads\/2020\/03\/MASCHERINA-CHIRURGICA.png?resize=300%2C239&amp;ssl=1 300w, https:\/\/i2.wp.com\/www.radiopiu.net\/wordpress\/wp-content\/uploads\/2020\/03\/MASCHERINA-CHIRURGICA.png?resize=1024%2C817&amp;ssl=1 1024w, https:\/\/i2.wp.com\/www.radiopiu.net\/wordpress\/wp-content\/uploads\/2020\/03\/MASCHERINA-CHIRURGICA.png?resize=768%2C613&amp;ssl=1 768w, https:\/\/i2.wp.com\/www.radiopiu.net\/wordpress\/wp-content\/uploads\/2020\/03\/MASCHERINA-CHIRURGICA.png?w=1280&amp;ssl=1 1280w\" alt=\"\" width=\"122\" height=\"97\" data-recalc-dims=\"1\" data-lazy-loaded=\"1\" \/>CANALE D\u2019AGORDO<\/strong> Il comune di Canale D\u2019Agordo ha cominciato la consegna a domicilio delle mascherine a richiesta. Al fine di limitare gli spostamenti, coloro che avessero bisogno di mascherine sono pregati di contattare il numero 320 3298245 dalle 9 alle 12 il luned\u00ec, mercoled\u00ec e venerd\u00ec. La consegna del materiale verr\u00e0 effettuato dalle associazioni di volontariato del territorio direttamente a casa. In caso di urgenze il numero \u00e8 0437 590323.<\/p>\n<p>&nbsp;<\/p>\n<hr \/>\n<p>&nbsp;<\/p>\n<blockquote>\n<h3>LA CROCE BIANCA VAL FIORENTINA CONSEGNA LA SPESA A DOMICILIO<\/h3>\n<\/blockquote>\n<p><strong>SELVA DI CADORE<\/strong>\u00a0I volontari della Croce Bianca Val Fiorentina vengono in aiuto agli anziani e alle persone bisognose che non possono muoversi di casa attivando un servizio di consegna a domicilio della spesa. Il servizio sar\u00e0 erogato il luned\u00ec, mercoled\u00ec e sabato. Per accedere al servizio basta contattare il negozio Conad di Selva di Cadore allo 0437 720613 o l\u2019alimentari di Pescul allo 0437 521071 entro le ore 10 poi i volontari della Croce Bianca Val Fiorentina consegneranno la spesa a casa.<\/p>\n<p>&nbsp;<\/p>\n<hr \/>\n<p>&nbsp;<\/p>\n<p>&nbsp;<\/p>\n<blockquote>\n<h3>A LA VALLE PARTE LA CONSEGNA A DOMICILIO DI FARMACI E SPESA<\/h3>\n<\/blockquote>\n<p><strong>LA VALLE AGORDINA<\/strong>\u00a0Il Sindaco informa che sono stati attivati i servizi di consegna a domicilio per farmaci e per la spesa. Per la consegna dei farmaci i numeri da chiamare sono 0437 62298 oppure 0437 63896, servizio attivo dal luned\u00ec al venerd\u00ec dalle 9 alle 12:30 e dalle 15:30 alle 18:30. Per la consegna della spesa a domicilio basta telefonare al Panificio \u201cEl Forner\u201d 0437 63040, servizio garantito dal lunedi al sabato dalle 7 alle 12:30 e dalle 16:30 alle 19, anche la domenica dalle 7 alle 12:30<\/p>\n<p>&nbsp;<\/p>\n<hr \/>\n<p>&nbsp;<\/p>\n<blockquote>\n<h3>SERVIZIO A DOMICILIO ANCHE A CANALE D\u2019AGORDO<\/h3>\n<\/blockquote>\n<p><strong>CANALE D\u2019AGORDO<\/strong>\u00a0Il comune, in collaborazione con le associazioni di volontariato del territorio, ha attivato il servizio di consegna a domicilio di farmaci e beni di prima necessit\u00e0 alle persone che sono impossibiltate a muoversi (anziani, persone non autosufficienti, persone sole e\/o che non possono uscire dalla propria abitazione. Servizio attivo il luned\u00ec, mercoled\u00ec e venerd\u00ec. Per avvalersi del servizio il numero da chiamare \u00e8 320 3298245<\/p>\n<p>&nbsp;<\/p>\n<hr \/>\n<p>&nbsp;<\/p>\n<blockquote>\n<h3>SERVIZIO SPESA GRATIS PER FODOM<\/h3>\n<\/blockquote>\n<p class=\"photoswipe-wrapper\"><strong>LIVINALLONGO<\/strong>\u00a0Questo servizio \u00e8 rivolto a persone anziane e malate, ma anche alle famiglie e alle persone sole che non hanno la possibilit\u00e0 di fare acquisti. Il servizio pu\u00f2 essere richiesto ogni giorno ed \u00e8 gratuito.\u00a0Potr\u00e0 essere richiesto al 0471 444 444 dalle ore 8-18. La consegna avviene lo stesso giorno o al pi\u00f9 tardi il giorno successivo. Il servizio viene eseguito esclusivamente da volontari della Croce Bianca che possono identificarsi come collaboratori dell\u2019associazione e indossano la divisa e tesserino.<\/p>\n<p>&nbsp;<\/p>\n<hr \/>\n<p>&nbsp;<\/p>\n<blockquote>\n<h3>AGORDINOMERON, DAL 16 MARZO UN APPUNTAMENTO QUOTIDIANO SULLE FREQUENZE DI RADIO PIU\u2019<\/h3>\n<\/blockquote>\n<p><strong class=\"photoswipe-wrapper\"><img loading=\"lazy\" decoding=\"async\" class=\"size-medium wp-image-122417 alignleft jetpack-lazy-image jetpack-lazy-image--handled\" src=\"https:\/\/i2.wp.com\/www.radiopiu.net\/wordpress\/wp-content\/uploads\/2020\/03\/agordinomeron-pag.jpg?resize=300%2C225&amp;ssl=1\" sizes=\"auto, (max-width: 300px) 100vw, 300px\" srcset=\"https:\/\/i2.wp.com\/www.radiopiu.net\/wordpress\/wp-content\/uploads\/2020\/03\/agordinomeron-pag.jpg?resize=300%2C225&amp;ssl=1 300w, https:\/\/i2.wp.com\/www.radiopiu.net\/wordpress\/wp-content\/uploads\/2020\/03\/agordinomeron-pag.jpg?resize=768%2C576&amp;ssl=1 768w, https:\/\/i2.wp.com\/www.radiopiu.net\/wordpress\/wp-content\/uploads\/2020\/03\/agordinomeron-pag.jpg?w=800&amp;ssl=1 800w\" alt=\"\" width=\"300\" height=\"225\" data-lazy-loaded=\"1\" \/>RADIO PIU\u2019<\/strong> Dal 16 di marzo, ogni giorno alle 9.05 e alle 18.05, Agordinomeron ci sta tenendo compagnia con i racconti, gli aneddoti, i ritratti che alcuni amici ci hanno inviato da varie parti della vallata. A quanti hanno collaborato, rispondendo al nostro personale invito o mandando spontaneamente il loro prezioso contributo, va il nostro grazie perch\u00e9 ci hanno fatto e ci stanno facendo sorridere, riflettere, conoscere e viaggiare con l\u2019immaginazione.\u00a0Questo programma, per\u00f2, non ha mai voluto e non vuole essere un club ristretto in cui qualcuno narra e gli altri ascoltano. Esso vuole essere un luogo aperto a tutti coloro che hanno una storia di argomento agordino da raccontare e che desiderano condividerla, per tramandarla, con i tanti ascoltatori della nostra comunit\u00e0.\u00a0Per questo l\u2019invito che Radio Pi\u00f9 vi rivolge \u00e8 di registrare i vostri racconti e di mandarceli a questo numero 347 4914517 o via mail a radiopiu@radiopiu.it.<\/p>\n<p>&nbsp;<\/p>\n<hr \/>\n<p>&nbsp;<\/p>\n<blockquote class=\"wp-embedded-content\" data-secret=\"JVyHsJl05F\"><p><a href=\"https:\/\/www.radiopiu.net\/wordpress\/la-maestra-margherita-e-la-gallina-polly\/\">LA MAESTRA MARGHERITA E LA GALLINA POLLY<\/a><\/p><\/blockquote>\n<p><iframe loading=\"lazy\" title=\"&#8220;LA MAESTRA MARGHERITA E LA GALLINA POLLY&#8221; &#8212; Radio Pi\u00f9\" class=\"wp-embedded-content\" sandbox=\"allow-scripts\" security=\"restricted\" style=\"position: absolute; clip: rect(1px, 1px, 1px, 1px);\" src=\"https:\/\/www.radiopiu.net\/wordpress\/la-maestra-margherita-e-la-gallina-polly\/embed\/#?secret=JVyHsJl05F\" data-secret=\"JVyHsJl05F\" width=\"600\" height=\"338\" frameborder=\"0\" marginwidth=\"0\" marginheight=\"0\" scrolling=\"no\"><\/iframe><\/p>\n<p>&nbsp;<\/p>\n<hr \/>\n<p>&nbsp;<\/p>\n<blockquote class=\"wp-embedded-content\" data-secret=\"48Etwrfz8l\"><p><a href=\"https:\/\/www.radiopiu.net\/wordpress\/il-messaggio-dai-sacerdoti-della-conca-su-radio-piu-alle-7-30-e-19-30\/\">IL MESSAGGIO DAI SACERDOTI SU RADIO PIU&#8217; ALLE 7.30 E 19.30<\/a><\/p><\/blockquote>\n<p><iframe loading=\"lazy\" title=\"&#8220;IL MESSAGGIO DAI SACERDOTI SU RADIO PIU&#8217; ALLE 7.30 E 19.30&#8221; &#8212; Radio Pi\u00f9\" class=\"wp-embedded-content\" sandbox=\"allow-scripts\" security=\"restricted\" style=\"position: absolute; clip: rect(1px, 1px, 1px, 1px);\" src=\"https:\/\/www.radiopiu.net\/wordpress\/il-messaggio-dai-sacerdoti-della-conca-su-radio-piu-alle-7-30-e-19-30\/embed\/#?secret=48Etwrfz8l\" data-secret=\"48Etwrfz8l\" width=\"600\" height=\"338\" frameborder=\"0\" marginwidth=\"0\" marginheight=\"0\" scrolling=\"no\"><\/iframe><\/p>\n<p>&nbsp;<\/p>\n<hr \/>\n<p>&nbsp;<\/p>\n<blockquote class=\"wp-embedded-content\" data-secret=\"AsNnpTBQ2I\"><p><a href=\"https:\/\/www.radiopiu.net\/wordpress\/don-fabiano-e-il-saluto-del-sabato\/\">DON FABIANO E IL SALUTO DEL SABATO<\/a><\/p><\/blockquote>\n<p><iframe loading=\"lazy\" title=\"&#8220;DON FABIANO E IL SALUTO DEL SABATO&#8221; &#8212; Radio Pi\u00f9\" class=\"wp-embedded-content\" sandbox=\"allow-scripts\" security=\"restricted\" style=\"position: absolute; clip: rect(1px, 1px, 1px, 1px);\" src=\"https:\/\/www.radiopiu.net\/wordpress\/don-fabiano-e-il-saluto-del-sabato\/embed\/#?secret=AsNnpTBQ2I\" data-secret=\"AsNnpTBQ2I\" width=\"600\" height=\"338\" frameborder=\"0\" marginwidth=\"0\" marginheight=\"0\" scrolling=\"no\"><\/iframe><\/p>\n<p>&nbsp;<\/p>\n<hr \/>\n<p>&nbsp;<\/p>\n<p>STAI A CASA, A TAIBON E\u2019 LA FARMACIA CHE VIENE DA TE! AIUTACI AD AIUTARCI\u00a0 La distribuzione dei farmaci a domicilio, per gli abitanti di Taibon<\/p>\n<p>0437 640307 LA FRUTTA DIRETTAMENTE A CASA TUA CON MIRKO E L\u2019ORTOFRUTTA MARTINI DI AGORDO<\/p>\n<p>LA PIZZERIA BOCCON DIVINO A TAIBON AGORDINO COMUNICA CHE EFFETTUA SERVIZIO CONSEGNE PIZZE A DOMICILIO, TUTTI I GIORNI A PARTIRE DALLE ORE 18,\u00a0NEI COMUNI DI TAIBON AGORDINO E AGORDO.\u00a0POTETE PRENOTARE LE VOSTRE PIZZE, DALLE 16 ALLE 18 TELEFONICAMENTE AL 340 2986275<\/p>\n<p>DA SAPPADE DI FALCADE PICCOLA BAITA PORTA SULLE VOSTRE TAVOLE I SAPORI DEL TERRITORIO WWW.PICCOLABAITA.NET PER LE ORDINAZIONI ON LINE. 0437 590491<\/p>\n<p>L\u2019AZIENDA AGRICOLA MILCHHOF AGOSTINI DI SELVA DI CADORE. INFORMA CHE E\u2019 A DISPOSIZONE PER CONSEGNE GRATUITE A DOMICILIO IN TUTTA LA PROVICIA DI FORMAGGI, YOGURT, RICOTTE, MOZZARELLE DI PROPRIA PRODUZIONE, POTETE CONTATTARCI VIA TELEFONICA AL 380 39,57,409. PRENOTAZIONI ANCHE VIA WHATS UP ALLO STESSO NUMERO. \u00a0LA CONSEGNA AVVERRA\u2019 IN UNO O AL MASSIMO DUE GIORNI. AZIENDA AGRICLA MILCHOFF AGOSTINI. SELVA DI CADORE. 380 3957409<\/p>\n<p>Restiamo a casa, ma rafforziamoci per rimanere in salute!\u00a0Segui online le sessioni di allenamento della Palestra All Fit di Trichiana: ogni settimana avrai 2 sessioni di allenamento gratuite!\u00a0In pi\u00f9 ogni gioved\u00ec alle 18.30 ti aspetta la diretta Facebook durante la quale farai esercizio insieme allo staff All Fit e a centinaia di altre persone connesse anche loro da casa.\u00a0Per accedere al servizio gratuito, contatta All Fit tramite messaggio sulla pagina Facebook.\u00a0Non aspettare, prepariamoci per ripartire in salute pi\u00f9 forti di prima!<\/p>\n<p>DEVI SPOSTARTI? NON SAI COME FARE IN QUESTO DIFFICILE PERIODO?\u00a0 SENTI DOLOMITI VIAGGI DI FALCADE,\u00a0 COME UN TAXI:\u00a0 AUTOVETTURE E PULMINO NOLEGGIO CON CONDUCENTE. CHIAMA IL NUMERO 329 35,26,156.\u00a0 SAPRA\u2019 CONSIGLIARTI PER UN TRASPORTO IN SICUREZZA NEL RISPETTO DELLE MISURE ATTUALI DI CONTENIMENTO DEL CONTAGIO.<\/p>\n<p>Taxi thomas disponibile x vari spostamenti servizio farmacie servizio spesa aereoporto \u00e8 molto altro con macchina sanificata e rispettando le nuove normative noi taxi &#x1f695; non ci fermiamo x info 342\/0311829<\/p>\n<p>E SEMPRE AD ALLEGHE TAXI ALLEGHE DI GIANLUCA GAIARDI garantisce il servizio senza limitazioni. Le VOSTRE ESIGENZE DI MOBILIT\u00c0 DOVRANNO ESSERE OVVIAMENTE INDEROGABILI E DIMOSTRABILI a richiesta delle Forze di Polizia . TELEFONO 340 679 6016<\/p>\n<p>ZUMBRILLENBER AGORDO CONSEGNA A DOMICILIO. PIATTI DI CARNE, PESCE, E PIZZE. A DOMICILIO, NEL RAGGIO DI 15 CHILOMETRI DA AGORDO, TUTTI I GIORNI. ANCHE WHATS UP ENTRO LE 20.30. TUTTI I GIORNI, PER PRANZO E CENA. 345 9135042<\/p>\n<p>I SERVIZI A DOMICILIO PER LE PERSONE ANZIANE DEL COMUNE DI ROCCA PIETORE. FARMACI: Farmacia dr. Fassa Caprile 0437 721112. RICETTE: Dott. Allegro 338 3312357, Dott. Mascanzoni 347 7145560. SPESA ALIMENTARE: Coop Rocca Pietore 0437 721304, Coop Alleghe 0437 523640, Coop Caprile 0437 721123, Alimentari Sottoguda 0437 722120, Alimentari Digonera 0437 529070, Macelleria Da Pian Caprile 0437 721151, Macelleria Ongaro Alleghe 0437 523317<\/p>\n<p>Cooperativa di Alleghe, Caprile, Livinallongo, Rocca Pietore. Gi\u00e0 messi a dura prova nei giorni di vaia sono al lavoro dall\u2019inizio dell\u2019emergenza Covid_19 con l\u2019apertura dei locali tutti i giorni (escluso il mercoledi pomeriggio) dalle 8 alle 12.30 e dalle 15.30 alle 19. Ottima L\u2019organizzazione per i servizio a domicilio previa telefonata allo 0437 523640<\/p>\n<p>LA PASTICCERIA LES BON BON DI AGORDO TI INFORMA CHE E\u2019 ATTIVO IL SERVIZIO DI CONSEGNA A DOMICILIO, AD AGORDO E PAESI LIMITROFI. PORTIAMO A CASA TUA LE NOSTRE COLOMBE E I NOSTRI PRODOTTI DI PASTICCERIA, MA ANCHE OVETTI SFUSI LINDT E BARATTI. CONIGLIETTI, PULCINI, PELUCHE. PER INFO E PRENOTAZIONI. TELEFONO O WHATS UP AL 342 59,80,559. RIPETO. CI TROVI ANCHE SU FACEBOOK, INSTAGRAM, O EMAIL ALL\u2019INDIRIZZO LESBONBONSAGORDO@GMAIL.COM.\u00a0NELLA SETTIMANA DI PASQUA, CONSEGNE ANCHE IN ALTRI PAESI DELL\u2019AGORDINO.<\/p>\n<p>A RIVAMONTE DAISY! PANINI, BRUSCHETTE, TOAST. PER LA TUA CENA ALTERNATIVA E GUSTOSA. RICHIEDI IL NOSTRO LISTINO. TROVI DECINE DI PROPOSTE, E TANTE NOVITA\u2019. PER TE ANCHE LE NOSTRE BIRRE E I NOSTRI VINI DA ABBINARE. STATE A CASA, CHE ARRIVAMO NOI. CONSEGNAMO OGNI SERA. LE PRENOTAZIONI SI RICEVONO ENTRO LE ORE 17 AL 348 56,42,568. CONSEGNAMO A RIVAMONTE, GOSALDO, FRASSENE\u2019, VOLTAGO, TAIBON, AGORDO, LA VALLE.<\/p>\n<p>LA QUARANTENA TI ANNOIA? SCEGLI IL LIBRO DA LEGGERE, NOI TE LO PORTIAMO A CASA. 1: COLLEGATI AL SITO\u00a0http:\/\/bibel.regione.veneto.it\/ 2: SELEZIONA LA BIBLIOTECA DI LAMON 3: VERIFICA LA DISPONIBILIT\u00c0 INSERENDO UN TITOLO CHE TI PIACE O TRAMITE LA RICERCA AVANZATA (GENERE, AUTORE, ANNO, ECC.) 4: PRENOTA LA TUA CONSEGNA MANDANDOCI: UNA EMAIL A\u00a0prolocolamon@libero.it OPPURE MESSAGGIO WHATSAPP AL 333-6153959 NELLA PRENOTAZIONE INCLUDERE TITOLO SCELTO, DATI ANAGRAFICI DEL RICHIEDENTE ED INDIRIZZO DI CONSEGNA. CONSEGNE E RITIRI TUTTE LE SETTIMANE OGNI MARTED\u00cc MATTINA. PRENOTAZIONI ENTRO LA DOMENICA SERA. I VOLUMI DEVONO ESSERE PRESENTI NELLA SEDE DI LAMON.<\/p>\n<p>La Profumeria Wanda di Agordo consegna i prodotti a domicilio. Puoi chiamare, spiegare le tue esigenze e scegliere quello di cui hai bisogno. Consegna direttamente a casa senza spese in tutto l\u2019Agordino il martedi e venerdi odinando il giorno precedente entro le 17. Per ulteriori informazioni 331 4662006. Negozio aperto dalle 10.30 alle 11.30 e dalle 16 alle 17<\/p>\n<p>L&#8217;AZIENDA AGRICOLA ZANCHETTA, SPACCIO DI AGORDO INFORMA CHE EFFETTUA LA CONSEGNA A DOMICILIO DEL VINO DELLA PROPRIA PRODUZIONE. ARRIVIAMO DA VOI IL MERCOLEDI&#8217; POMERIGGIO, AD AGORDO E PAESI LIMITROFI. VINO BIANCO O ROSSO, IN BOTTIGLIA O DAMA DA 5 LITRI. PRENOTAZIONI ENTRO IL MERCOLEDI&#8217; MATTINA AL 335 6285096<\/p>\n<p>LA MACELLERIA COSTA INFORMA CHE EFFETTUA CONSEGNE A DOMICILIO GRATUITE IN TUTTO L&#8217;AGORDINO. TUTTI I GIORNI DAL LUNEDI AL VENERDI&#8217;. INFO PRENOTAZIONI E RICHIESTE LISTINO AL 340 9714699 anche social MACELLERIA COSTA CANALE D&#8217;AGORDO<\/p>\n<p>&nbsp;<\/p>\n<hr \/>\n<p>&nbsp;<\/p>\n<p><img loading=\"lazy\" decoding=\"async\" class=\"size-full wp-image-60761 jetpack-lazy-image jetpack-lazy-image--handled aligncenter\" src=\"https:\/\/i1.wp.com\/www.radiopiu.net\/wordpress\/wp-content\/uploads\/2018\/09\/sport.jpg?resize=800%2C100&amp;ssl=1\" sizes=\"auto, (max-width: 800px) 100vw, 800px\" srcset=\"https:\/\/i1.wp.com\/www.radiopiu.net\/wordpress\/wp-content\/uploads\/2018\/09\/sport.jpg?w=800&amp;ssl=1 800w, https:\/\/i1.wp.com\/www.radiopiu.net\/wordpress\/wp-content\/uploads\/2018\/09\/sport.jpg?resize=300%2C38&amp;ssl=1 300w, https:\/\/i1.wp.com\/www.radiopiu.net\/wordpress\/wp-content\/uploads\/2018\/09\/sport.jpg?resize=768%2C96&amp;ssl=1 768w\" alt=\"\" width=\"800\" height=\"100\" data-recalc-dims=\"1\" data-lazy-loaded=\"1\" \/><\/p>\n<p>&nbsp;<\/p>\n<blockquote>\n<h3>RINVIATO IL RALLY DEL BELLUNESE<\/h3>\n<\/blockquote>\n<p><a class=\"dt-pswp-item\" href=\"https:\/\/www.radiopiu.net\/wordpress\/wp-content\/uploads\/2019\/04\/SignorBernardiRallyElba.jpg\" data-dt-img-description=\"\" data-large_image_width=\"960\" data-large_image_height=\"640\"><img loading=\"lazy\" decoding=\"async\" class=\"size-medium wp-image-83895 alignleft\" src=\"https:\/\/www.radiopiu.net\/wordpress\/wp-content\/uploads\/2019\/04\/SignorBernardiRallyElba-300x200.jpg\" alt=\"\" width=\"300\" height=\"200\" srcset=\"https:\/\/www.radiopiu.net\/wordpress\/wp-content\/uploads\/2019\/04\/SignorBernardiRallyElba-300x200.jpg 300w, https:\/\/www.radiopiu.net\/wordpress\/wp-content\/uploads\/2019\/04\/SignorBernardiRallyElba-768x512.jpg 768w, https:\/\/www.radiopiu.net\/wordpress\/wp-content\/uploads\/2019\/04\/SignorBernardiRallyElba.jpg 960w\" sizes=\"auto, (max-width: 300px) 100vw, 300px\" \/><\/a>Di Renato Bona<\/p>\n<audio class=\"wp-audio-shortcode\" id=\"audio-127448-3\" preload=\"none\" style=\"width: 100%;\" controls=\"controls\"><source type=\"audio\/mpeg\" src=\"https:\/\/www.radiopiu.net\/wordpress\/wp-content\/uploads\/2020\/04\/RENATO-BONA-RALLY-RINVIATO.mp3?_=3\" \/><a href=\"https:\/\/www.radiopiu.net\/wordpress\/wp-content\/uploads\/2020\/04\/RENATO-BONA-RALLY-RINVIATO.mp3\">https:\/\/www.radiopiu.net\/wordpress\/wp-content\/uploads\/2020\/04\/RENATO-BONA-RALLY-RINVIATO.mp3<\/a><\/audio>\n<p>&nbsp;<\/p>\n<hr \/>\n<p>&nbsp;<\/p>\n<p><img loading=\"lazy\" decoding=\"async\" class=\"size-full wp-image-61378 aligncenter jetpack-lazy-image jetpack-lazy-image--handled\" src=\"https:\/\/i0.wp.com\/www.radiopiu.net\/wordpress\/wp-content\/uploads\/2018\/09\/WhatsApp-Image-2018-09-20-at-16.04.06.jpeg?resize=800%2C100&amp;ssl=1\" sizes=\"auto, (max-width: 800px) 100vw, 800px\" srcset=\"https:\/\/i0.wp.com\/www.radiopiu.net\/wordpress\/wp-content\/uploads\/2018\/09\/WhatsApp-Image-2018-09-20-at-16.04.06.jpeg?w=800&amp;ssl=1 800w, https:\/\/i0.wp.com\/www.radiopiu.net\/wordpress\/wp-content\/uploads\/2018\/09\/WhatsApp-Image-2018-09-20-at-16.04.06.jpeg?resize=300%2C38&amp;ssl=1 300w, https:\/\/i0.wp.com\/www.radiopiu.net\/wordpress\/wp-content\/uploads\/2018\/09\/WhatsApp-Image-2018-09-20-at-16.04.06.jpeg?resize=768%2C96&amp;ssl=1 768w\" alt=\"\" width=\"800\" height=\"100\" data-lazy-loaded=\"1\" \/><\/p>\n<p>&nbsp;<\/p>\n<p><center><b>Domenica 5<\/b><\/center><b>Tempo atteso:\u00a0<\/b>Tempo stabile e ben soleggiato con cielo generalmente sereno, eccetto qualche innocuo cumulo di bel tempo durante le ore pi\u00f9 calde e locali addensamenti in prossimit\u00e0 delle vette sia di quelle dolomitiche che prealpine.<br \/>\n<b>Precipitazioni:\u00a0<\/b>Assenti (0%).<br \/>\n<b>Temperature:\u00a0<\/b>Minime in lieve calo nelle valli e altipiani, in lieve aumento in alta montagna; massime in lieve ulteriore aumento a tutte le quote, su Valori tipicamente primaverili, con clima rispetto a sabato un po&#8217; pi\u00f9 mite. Su Prealpi a 1500 m min -1\u00b0C max 7\u00b0C, a 2000 m min -5\u00b0C max 4\u00b0C. Su Dolomiti a 2000 m min -4\u00b0C max 6\u00b0C, a 3000 m min -8\u00b0C max -1\u00b0C.<br \/>\n<b>Venti:\u00a0<\/b>Nelle valli deboli\/moderati di direzione variabile per brezze, in quota in genere moderati in prevalenza dai quadranti orientali, a 15-20 km\/h a 2000 m, a 25-30 km\/h a 3000 m.<\/p>\n<hr \/>\n<p><center><b>Lunedi 6<\/b><\/center><b>Tempo atteso:\u00a0<\/b>Tempo stabile e ben soleggiato con cielo generalmente sereno o poco nuvoloso per qualche locale e innocuo addensamento nuvoloso durante le ore pi\u00f9 calde, specie in prossimit\u00e0 delle cime.<br \/>\n<b>Precipitazioni:\u00a0<\/b>Assenti (0%).<br \/>\n<b>Temperature:\u00a0<\/b>Temperature senza notevoli variazioni, salvo qualche aumento delle minime in quota e delle massime nelle valli e altipiani, con valori nella norma o di qualche grado superiori. Su Prealpi a 1500 m min 0\u00b0C max 7\u00b0C, a 2000 m min -4\u00b0C max 4\u00b0C. Su Dolomiti a 2000 m min -3\u00b0C max 6\u00b0C, a 3000 m min -7\u00b0C max 0\u00b0C.<br \/>\n<b>Venti:\u00a0<\/b>Nelle valli generalmente deboli o moderati a regime di brezza, in alta montagna deboli o moderati in prevalenza sud-orientali, a 10-20 km\/h sia a 2000 m che a 3000 m.<\/p>\n<hr \/>\n<p><center><b>Martedi 7<\/b><\/center>Ancora una giornata tipicamente primaverile, ben soleggiata e stabile, con temperature in aumento specie in quota e con moderata inversione termica nelle ore pi\u00f9 fredde. Clima ancora fresco al mattino, ma piuttosto mite di giorno, con un&#8217;elevata escursione termica giornaliera, specie nelle valli e altipiani. Venti in alta montagna moderati dai quadranti orientali, nelle valli generalmente deboli\/moderati a regime di brezza.<\/p>\n<hr \/>\n<p><center><b>Mercoledi 8<\/b><\/center>Tempo simile a quello di marted\u00ec stabile e ben soleggiato. Clima tipicamente primaverile. Temperature senza notevoli variazioni salvo dei locali lievi aumenti delle minime. Valori diurni al di sopra delle medie stagionali. Elevata escursione termica giornaliera e moderata inversione termica nelle ore pi\u00f9 fredde. Venti in alta montagna deboli\/moderati orientali. Previsore: M.Padoan<\/p>\n","protected":false},"excerpt":{"rendered":"<p>PER RICEVERE QUESTO NOTIZIARIO DIRETTAMENTE SUL TUO CELLULARE ISCRIVITI AL CANALE\u00a0TELEGRAM\u00a0\u201cRADIO PIU\u00a0 INFORMAZIONE\u201d &nbsp; IL MUNICIPIO DI TAIBON VENERE CON LE PLEADI SU CIMA MONTE AGNER&#8230;Foto di Mario De Marco (VOLTAGO) &nbsp; &nbsp; GRAZIE A SKYTG24 CHE SI E&#8217; RICORDATO DI AGORDO AGORDO Ieri le telecamere di SkyTG24 sono state ad Agordo con il giornalista&hellip;<\/p>\n","protected":false},"author":4,"featured_media":127592,"comment_status":"closed","ping_status":"closed","sticky":false,"template":"","format":"standard","meta":{"_monsterinsights_skip_tracking":false,"_monsterinsights_sitenote_active":false,"_monsterinsights_sitenote_note":"","_monsterinsights_sitenote_category":0,"footnotes":""},"categories":[1,51,86,49],"tags":[],"class_list":["post-127448","post","type-post","status-publish","format-standard","has-post-thumbnail","hentry","category-senza-categoria","category-evidenza-top","category-gr","category-news-18","category-1","category-51","category-86","category-49","description-off"],"img_url":"https:\/\/www.radiopiu.net\/wordpress\/wp-content\/uploads\/2020\/04\/68ff95ff-643c-43d5-a06b-f91f5b42bba8.jpg","_links":{"self":[{"href":"https:\/\/www.radiopiu.net\/wordpress\/wp-json\/wp\/v2\/posts\/127448","targetHints":{"allow":["GET"]}}],"collection":[{"href":"https:\/\/www.radiopiu.net\/wordpress\/wp-json\/wp\/v2\/posts"}],"about":[{"href":"https:\/\/www.radiopiu.net\/wordpress\/wp-json\/wp\/v2\/types\/post"}],"author":[{"embeddable":true,"href":"https:\/\/www.radiopiu.net\/wordpress\/wp-json\/wp\/v2\/users\/4"}],"replies":[{"embeddable":true,"href":"https:\/\/www.radiopiu.net\/wordpress\/wp-json\/wp\/v2\/comments?post=127448"}],"version-history":[{"count":0,"href":"https:\/\/www.radiopiu.net\/wordpress\/wp-json\/wp\/v2\/posts\/127448\/revisions"}],"wp:featuredmedia":[{"embeddable":true,"href":"https:\/\/www.radiopiu.net\/wordpress\/wp-json\/wp\/v2\/media\/127592"}],"wp:attachment":[{"href":"https:\/\/www.radiopiu.net\/wordpress\/wp-json\/wp\/v2\/media?parent=127448"}],"wp:term":[{"taxonomy":"category","embeddable":true,"href":"https:\/\/www.radiopiu.net\/wordpress\/wp-json\/wp\/v2\/categories?post=127448"},{"taxonomy":"post_tag","embeddable":true,"href":"https:\/\/www.radiopiu.net\/wordpress\/wp-json\/wp\/v2\/tags?post=127448"}],"curies":[{"name":"wp","href":"https:\/\/api.w.org\/{rel}","templated":true}]}}