{"id":127476,"date":"2020-04-04T12:55:51","date_gmt":"2020-04-04T10:55:51","guid":{"rendered":"https:\/\/www.radiopiu.net\/wordpress\/?p=127476"},"modified":"2020-04-04T12:55:51","modified_gmt":"2020-04-04T10:55:51","slug":"quando-la-politica-e-lo-scaricabarile-delle-colpe-medici-e-operatori-sanitari-non-ci-stanno","status":"publish","type":"post","link":"https:\/\/www.radiopiu.net\/wordpress\/quando-la-politica-e-lo-scaricabarile-delle-colpe-medici-e-operatori-sanitari-non-ci-stanno\/","title":{"rendered":"QUANDO LA POLITICA E&#8217; LO SCARICABARILE DELLE COLPE, MEDICI E OPERATORI SANITARI NON CI STANNO"},"content":{"rendered":"<p><a class=\"dt-pswp-item\" href=\"https:\/\/www.radiopiu.net\/wordpress\/wp-content\/uploads\/2020\/04\/fd4e54c5-1346-4c96-b60a-1689a23dfc0f.jpg\" data-dt-img-description=\"\" data-large_image_width=\"540\" data-large_image_height=\"960\"><img loading=\"lazy\" decoding=\"async\" class=\"alignleft wp-image-127477 size-medium\" src=\"https:\/\/www.radiopiu.net\/wordpress\/wp-content\/uploads\/2020\/04\/fd4e54c5-1346-4c96-b60a-1689a23dfc0f-169x300.jpg\" alt=\"\" width=\"169\" height=\"300\" srcset=\"https:\/\/www.radiopiu.net\/wordpress\/wp-content\/uploads\/2020\/04\/fd4e54c5-1346-4c96-b60a-1689a23dfc0f-169x300.jpg 169w, https:\/\/www.radiopiu.net\/wordpress\/wp-content\/uploads\/2020\/04\/fd4e54c5-1346-4c96-b60a-1689a23dfc0f.jpg 540w\" sizes=\"auto, (max-width: 169px) 100vw, 169px\" \/><\/a><strong>ROMA<\/strong> &#8220;<em>Gli oltre i 70 medici morti e i pi\u00f9 10000 operatori sanitari contagiati gridano vendetta davanti al tentativo messo in atto da un emendamento al Decreto Cura Italia (AS 1766<\/em>)&#8221; cos\u00ec Pina Onotri, Segretario Generale del Sindacato Medici Italiani in una dichiarazione critica la proposta che sar\u00e0 in discussione nei prossimi giorni a Palazzo Madama.&#8221;<em>Si vuole, in ambito sanitario ed ospedaliero creare una \u2018salvaguardia legale\u2019 per gli amministratori che non ottemperano all\u2019obbligo di dotare tutto il personale medico e infermieristici di dispostivi di protezione efficaci ed a norma<\/em>&#8221; continua Onotri. &#8220;<em>Sancire la non responsabilit\u00e0 potrebbe indurre alcuni datori di lavoro, in ambito sanitario, ad agire con minore avvedutezza, contravvenendo alle norme sulla sicurezza sul lavorio e mettendo cos\u00ec a rischio l\u2019incolumit\u00e0 dei medici e personale in genere. N\u00e9 tanto meno \u00e8 accettabile, come prevede l\u2019emendamento, che per i danni ai pazienti, compresi quelli derivanti dall&#8217;insufficienza o inadeguatezza dei dispositivi di protezione individuale, risponde civilmente il solo ente di appartenenza del soggetto operante ferme restando, in caso di dolo, le responsabilit\u00e0 individuali. \u00c8 aberrante<\/em>!&#8221; aggiunge Onotri. &#8220;<em>I politici irresponsabili, checche\u2019 vadano dicendo, di quello che hanno messo in atto per il contrasto al coronavirus in Lombardia, hanno fatto una pessima figura in tutto il mondo ed hanno dato l\u2019esempio di ci\u00f2 che non si dovrebbe fare non solo nell\u2019emergenza.\u00a0Molti amministratori che hanno sempre difeso il privato convenzionato (quello che si occupa delle patologie ad alto rendimento economico ed a bassa intensit\u00e0 di cura) adesso temono richieste di risarcimenti, cause di lavoro e vertenze legali varie alla fine di questo triste periodo. Il Parlamento non pu\u00f2 rappresentare il nuovo patibolo per i medici o il luogo dove il silenzio assordante regna a fronte di chi dovrebbe tutelare i professionisti medici e la salute dei cittadini: respinga con fermezza questo emendamento<\/em>&#8221; conclude Onotri<\/p>\n<p><b>IL LINK DELL\u2019EMENDAMENTO\u00a0<\/b><\/p>\n<p><a href=\"http:\/\/www.senato.it\/japp\/bgt\/showdoc\/frame.jsp?tipodoc=Emendc&amp;leg=18&amp;id=1146138&amp;idoggetto=1154567\">CLICCA QUI<\/a><\/p>\n","protected":false},"excerpt":{"rendered":"<p>ROMA &#8220;Gli oltre i 70 medici morti e i pi\u00f9 10000 operatori sanitari contagiati gridano vendetta davanti al tentativo messo in atto da un emendamento al Decreto Cura Italia (AS 1766)&#8221; cos\u00ec Pina Onotri, Segretario Generale del Sindacato Medici Italiani in una dichiarazione critica la proposta che sar\u00e0 in discussione nei prossimi giorni a Palazzo&hellip;<\/p>\n","protected":false},"author":4,"featured_media":127477,"comment_status":"closed","ping_status":"closed","sticky":false,"template":"","format":"standard","meta":{"_monsterinsights_skip_tracking":false,"_monsterinsights_sitenote_active":false,"_monsterinsights_sitenote_note":"","_monsterinsights_sitenote_category":0,"footnotes":""},"categories":[49],"tags":[],"class_list":["post-127476","post","type-post","status-publish","format-standard","has-post-thumbnail","hentry","category-news-18","category-49","description-off"],"img_url":"https:\/\/www.radiopiu.net\/wordpress\/wp-content\/uploads\/2020\/04\/fd4e54c5-1346-4c96-b60a-1689a23dfc0f.jpg","_links":{"self":[{"href":"https:\/\/www.radiopiu.net\/wordpress\/wp-json\/wp\/v2\/posts\/127476","targetHints":{"allow":["GET"]}}],"collection":[{"href":"https:\/\/www.radiopiu.net\/wordpress\/wp-json\/wp\/v2\/posts"}],"about":[{"href":"https:\/\/www.radiopiu.net\/wordpress\/wp-json\/wp\/v2\/types\/post"}],"author":[{"embeddable":true,"href":"https:\/\/www.radiopiu.net\/wordpress\/wp-json\/wp\/v2\/users\/4"}],"replies":[{"embeddable":true,"href":"https:\/\/www.radiopiu.net\/wordpress\/wp-json\/wp\/v2\/comments?post=127476"}],"version-history":[{"count":0,"href":"https:\/\/www.radiopiu.net\/wordpress\/wp-json\/wp\/v2\/posts\/127476\/revisions"}],"wp:featuredmedia":[{"embeddable":true,"href":"https:\/\/www.radiopiu.net\/wordpress\/wp-json\/wp\/v2\/media\/127477"}],"wp:attachment":[{"href":"https:\/\/www.radiopiu.net\/wordpress\/wp-json\/wp\/v2\/media?parent=127476"}],"wp:term":[{"taxonomy":"category","embeddable":true,"href":"https:\/\/www.radiopiu.net\/wordpress\/wp-json\/wp\/v2\/categories?post=127476"},{"taxonomy":"post_tag","embeddable":true,"href":"https:\/\/www.radiopiu.net\/wordpress\/wp-json\/wp\/v2\/tags?post=127476"}],"curies":[{"name":"wp","href":"https:\/\/api.w.org\/{rel}","templated":true}]}}