{"id":127507,"date":"2020-04-04T14:21:14","date_gmt":"2020-04-04T12:21:14","guid":{"rendered":"https:\/\/www.radiopiu.net\/wordpress\/?p=127507"},"modified":"2020-04-04T14:21:14","modified_gmt":"2020-04-04T12:21:14","slug":"i-passaggi-principali-della-conferenza-stampa-di-zaia-oggi","status":"publish","type":"post","link":"https:\/\/www.radiopiu.net\/wordpress\/i-passaggi-principali-della-conferenza-stampa-di-zaia-oggi\/","title":{"rendered":"I PASSAGGI PRINCIPALI DELLA CONFERENZA STAMPA DI ZAIA OGGI"},"content":{"rendered":"<p><b>TABACCHI E ALTRE ATTIVIT\u00c0 APERTE PER LEGGE POTRANNO VENDERE CANCELLERIA<\/b><\/p>\n<p><em>\u201cStiamo scrivendo una nuova ordinanza in queste ore per mettere a punto alcuni dettagli\u201d<\/em><\/p>\n<audio class=\"wp-audio-shortcode\" id=\"audio-127507-1\" preload=\"none\" style=\"width: 100%;\" controls=\"controls\"><source type=\"audio\/mpeg\" src=\"https:\/\/www.radiopiu.net\/wordpress\/wp-content\/uploads\/2020\/04\/ZAIA-TABACCHINI.mp3?_=1\" \/><a href=\"https:\/\/www.radiopiu.net\/wordpress\/wp-content\/uploads\/2020\/04\/ZAIA-TABACCHINI.mp3\">https:\/\/www.radiopiu.net\/wordpress\/wp-content\/uploads\/2020\/04\/ZAIA-TABACCHINI.mp3<\/a><\/audio>\n<p>&nbsp;<\/p>\n<p><strong>RIAPERTURE<\/strong><\/p>\n<p>Sulle riaperture ci stiamo lavorando ma servir\u00e0 il piano nazionale, noi porteremo in dote il nostro lavoro. Dipendesse da me sul quando non posso dare risposte, spero finisca presto, sicuramente graduale, servir\u00e0 la garanzia che non ci saranno ulteriori contagi. Non so quando il Governo dar\u00e0 il via alle riaperture \u00e8 sempre un last minute, io ho chiesto di mettere in piedi un tavolo prima del 13 aprile quando scadr\u00e0 il decreto.<\/p>\n<audio class=\"wp-audio-shortcode\" id=\"audio-127507-2\" preload=\"none\" style=\"width: 100%;\" controls=\"controls\"><source type=\"audio\/mpeg\" src=\"https:\/\/www.radiopiu.net\/wordpress\/wp-content\/uploads\/2020\/04\/ZAIA-RIAPERTURE.mp3?_=2\" \/><a href=\"https:\/\/www.radiopiu.net\/wordpress\/wp-content\/uploads\/2020\/04\/ZAIA-RIAPERTURE.mp3\">https:\/\/www.radiopiu.net\/wordpress\/wp-content\/uploads\/2020\/04\/ZAIA-RIAPERTURE.mp3<\/a><\/audio>\n<p>&nbsp;<\/p>\n<p><strong>LA RICHIESTA IN DIRETTA DEL CITTADINO CON DATI NON PRECISI E RISPOSTA IMMEDIATA<\/strong><\/p>\n<p>Si aspettano anche 16-24 giorni \u2013 testimonia un cittadino che lo ha richiesto per sua figlia il 21 marzo- Zaia chiede chi lo abbia fatto e vuole la verifica in tempo reale. PARE CI SIANO DIVERSI CASI\u00a0 \u2013 insiste il cittadino \u2013 Voglio i nomi \u2013 risponde Zaia \u2013 sui tamponi abbiamo un paio di problemi sulla processazione e sui reagenti che non si trovano pi\u00f9. I tamponi rimangono in parcheggio, le direttive ci dicono che le diagnosi si fanno con i tamponi. Per questi ritardi mi dispiace ma verificheremo.\u00a0 Commento di Zaia\u00a0 con stupore e dispiacere. <strong>La risposta <\/strong>\u00a0c\u2019\u00e8 scritto che \u00e8 stato fatto il 24, accettato il 25 e refertato oggi quindi non sono passati 16-24 giorni tra l\u2019altro il laboratorio di Venezia \u00e8 efficiente anche se mancano materiali. Zaia ha pure\u00a0 chiesto di fare chiarezza sentendo\u00a0 il medico della paziente per capire se ci siano altri casi di attesa.<\/p>\n<audio class=\"wp-audio-shortcode\" id=\"audio-127507-3\" preload=\"none\" style=\"width: 100%;\" controls=\"controls\"><source type=\"audio\/mpeg\" src=\"https:\/\/www.radiopiu.net\/wordpress\/wp-content\/uploads\/2020\/04\/ZAIA-DOMANDA-E-RISPOSTA-TAMPONI.mp3?_=3\" \/><a href=\"https:\/\/www.radiopiu.net\/wordpress\/wp-content\/uploads\/2020\/04\/ZAIA-DOMANDA-E-RISPOSTA-TAMPONI.mp3\">https:\/\/www.radiopiu.net\/wordpress\/wp-content\/uploads\/2020\/04\/ZAIA-DOMANDA-E-RISPOSTA-TAMPONI.mp3<\/a><\/audio>\n","protected":false},"excerpt":{"rendered":"<p>TABACCHI E ALTRE ATTIVIT\u00c0 APERTE PER LEGGE POTRANNO VENDERE CANCELLERIA \u201cStiamo scrivendo una nuova ordinanza in queste ore per mettere a punto alcuni dettagli\u201d &nbsp; RIAPERTURE Sulle riaperture ci stiamo lavorando ma servir\u00e0 il piano nazionale, noi porteremo in dote il nostro lavoro. Dipendesse da me sul quando non posso dare risposte, spero finisca presto,&hellip;<\/p>\n","protected":false},"author":4,"featured_media":127508,"comment_status":"closed","ping_status":"closed","sticky":false,"template":"","format":"standard","meta":{"_monsterinsights_skip_tracking":false,"_monsterinsights_sitenote_active":false,"_monsterinsights_sitenote_note":"","_monsterinsights_sitenote_category":0,"footnotes":""},"categories":[49],"tags":[],"class_list":["post-127507","post","type-post","status-publish","format-standard","has-post-thumbnail","hentry","category-news-18","category-49","description-off"],"img_url":"https:\/\/www.radiopiu.net\/wordpress\/wp-content\/uploads\/2020\/04\/ZAIA-OOOKKK.png","_links":{"self":[{"href":"https:\/\/www.radiopiu.net\/wordpress\/wp-json\/wp\/v2\/posts\/127507","targetHints":{"allow":["GET"]}}],"collection":[{"href":"https:\/\/www.radiopiu.net\/wordpress\/wp-json\/wp\/v2\/posts"}],"about":[{"href":"https:\/\/www.radiopiu.net\/wordpress\/wp-json\/wp\/v2\/types\/post"}],"author":[{"embeddable":true,"href":"https:\/\/www.radiopiu.net\/wordpress\/wp-json\/wp\/v2\/users\/4"}],"replies":[{"embeddable":true,"href":"https:\/\/www.radiopiu.net\/wordpress\/wp-json\/wp\/v2\/comments?post=127507"}],"version-history":[{"count":0,"href":"https:\/\/www.radiopiu.net\/wordpress\/wp-json\/wp\/v2\/posts\/127507\/revisions"}],"wp:featuredmedia":[{"embeddable":true,"href":"https:\/\/www.radiopiu.net\/wordpress\/wp-json\/wp\/v2\/media\/127508"}],"wp:attachment":[{"href":"https:\/\/www.radiopiu.net\/wordpress\/wp-json\/wp\/v2\/media?parent=127507"}],"wp:term":[{"taxonomy":"category","embeddable":true,"href":"https:\/\/www.radiopiu.net\/wordpress\/wp-json\/wp\/v2\/categories?post=127507"},{"taxonomy":"post_tag","embeddable":true,"href":"https:\/\/www.radiopiu.net\/wordpress\/wp-json\/wp\/v2\/tags?post=127507"}],"curies":[{"name":"wp","href":"https:\/\/api.w.org\/{rel}","templated":true}]}}