{"id":127523,"date":"2020-04-04T17:22:56","date_gmt":"2020-04-04T15:22:56","guid":{"rendered":"https:\/\/www.radiopiu.net\/wordpress\/?p=127523"},"modified":"2020-04-04T17:22:56","modified_gmt":"2020-04-04T15:22:56","slug":"coronavirus-cgil-cisl-uil-fp-da-lega-emendamento-vergogna-su-operatori-sanitari","status":"publish","type":"post","link":"https:\/\/www.radiopiu.net\/wordpress\/coronavirus-cgil-cisl-uil-fp-da-lega-emendamento-vergogna-su-operatori-sanitari\/","title":{"rendered":"Coronavirus: Cgil Cisl Uil Fp, da Lega emendamento vergogna su operatori sanitari"},"content":{"rendered":"<p>&nbsp;<\/p>\n<p><strong><img loading=\"lazy\" decoding=\"async\" class=\"alignleft\" src=\"https:\/\/www.radiopiu.net\/wordpress\/wp-content\/uploads\/2020\/03\/rmedici.jpg\" width=\"238\" height=\"157\" \/>ROMA<\/strong> Da un lato il senatore Salvini fa tanta retorica sul valore degli operatori sanitari impegnati nell&#8217;emergenza Coronavirus mentre dall&#8217;altra in Senato lavora per scaricare sulle loro spalle le responsabilit\u00e0 civili e penali. Salvini ritiri l&#8217;emendamento vergogna che lascia scoperti medici, infermieri e operatori sanitari&#8221;. Ad affermarlo sono Fp Cgil, Cisl Fp e Uil Fpl in merito all&#8217;emendamento presentato dalla Lega, con primo firmatario il senatore Salvini, al ddl di conversione del decreto Cura Italia e che scaricherebbe sugli operatori sanitari le responsabilit\u00e0 civili e penali. &#8220;Salvini smentisce Salvini &#8211; spiegano i sindacati -. Il senatore della Lega, che in Aula a Palazzo Madama invocava maggiori tutele e protezioni per i medici e per il personale sanitario tutto impegnato nella gestione di questa emergenza, ora \u00e8 lo stesso che presenta un emendamento che tutela solo i datori di lavoro nei confronti della responsabilit\u00e0 civile e penale, scaricando tutto sulle spalle degli operatori sanitari&#8221;. Con questo emendamento, affermano i sindacati, &#8220;gli operatori sanitari pagherebbero questa emergenza tre volte: perch\u00e9 sono senza Dpi e mettono a rischio la propria salute, perch\u00e9 non hanno alcuna valorizzazione professionale ed economica e, adesso, con la responsabilit\u00e0 civile e penale che gli verr\u00e0 scaricata sulle spalle, nonostante il contesto in cui operano e l&#8217;alta soglia di rischio alla quale sono sottoposti&#8221;. Fp Cgil, Cisl Fp e Uil Fpl precisano che &#8220;non \u00e8 assolutamente ci\u00f2 che abbiamo chiesto al Parlamento in queste ore. Abbiamo, al contrario, chiesto una valorizzazione economica, riconoscendo una indennit\u00e0 al personale impegnato nell&#8217;emergenza; cos\u00ec come, anche attraverso il protocollo sottoscritto col Ministero della Salute, abbiamo chiesto che in via prioritaria il personale avesse dispositivi di protezione individuale adeguati e che fossero sottoposti al test coloro che sono stati esposti al rischio. Il tutto insieme ad un potenziamento in termini di risorse umane per dare ristoro a tutti quegli operatori che da giorni, e per molte ore, sono alle prese con la gestione di questa emergenza. Questo emendamento della Lega \u00e8 una vergogna, ci aspettiamo che venga ritirato subito&#8221;, concludono.<\/p>\n","protected":false},"excerpt":{"rendered":"<p>&nbsp; ROMA Da un lato il senatore Salvini fa tanta retorica sul valore degli operatori sanitari impegnati nell&#8217;emergenza Coronavirus mentre dall&#8217;altra in Senato lavora per scaricare sulle loro spalle le responsabilit\u00e0 civili e penali. Salvini ritiri l&#8217;emendamento vergogna che lascia scoperti medici, infermieri e operatori sanitari&#8221;. Ad affermarlo sono Fp Cgil, Cisl Fp e Uil&hellip;<\/p>\n","protected":false},"author":1,"featured_media":121644,"comment_status":"closed","ping_status":"closed","sticky":false,"template":"","format":"standard","meta":{"_monsterinsights_skip_tracking":false,"_monsterinsights_sitenote_active":false,"_monsterinsights_sitenote_note":"","_monsterinsights_sitenote_category":0,"footnotes":""},"categories":[49],"tags":[],"class_list":["post-127523","post","type-post","status-publish","format-standard","has-post-thumbnail","hentry","category-news-18","category-49","description-off"],"img_url":"https:\/\/www.radiopiu.net\/wordpress\/wp-content\/uploads\/2020\/03\/rmedici.jpg","_links":{"self":[{"href":"https:\/\/www.radiopiu.net\/wordpress\/wp-json\/wp\/v2\/posts\/127523","targetHints":{"allow":["GET"]}}],"collection":[{"href":"https:\/\/www.radiopiu.net\/wordpress\/wp-json\/wp\/v2\/posts"}],"about":[{"href":"https:\/\/www.radiopiu.net\/wordpress\/wp-json\/wp\/v2\/types\/post"}],"author":[{"embeddable":true,"href":"https:\/\/www.radiopiu.net\/wordpress\/wp-json\/wp\/v2\/users\/1"}],"replies":[{"embeddable":true,"href":"https:\/\/www.radiopiu.net\/wordpress\/wp-json\/wp\/v2\/comments?post=127523"}],"version-history":[{"count":0,"href":"https:\/\/www.radiopiu.net\/wordpress\/wp-json\/wp\/v2\/posts\/127523\/revisions"}],"wp:featuredmedia":[{"embeddable":true,"href":"https:\/\/www.radiopiu.net\/wordpress\/wp-json\/wp\/v2\/media\/121644"}],"wp:attachment":[{"href":"https:\/\/www.radiopiu.net\/wordpress\/wp-json\/wp\/v2\/media?parent=127523"}],"wp:term":[{"taxonomy":"category","embeddable":true,"href":"https:\/\/www.radiopiu.net\/wordpress\/wp-json\/wp\/v2\/categories?post=127523"},{"taxonomy":"post_tag","embeddable":true,"href":"https:\/\/www.radiopiu.net\/wordpress\/wp-json\/wp\/v2\/tags?post=127523"}],"curies":[{"name":"wp","href":"https:\/\/api.w.org\/{rel}","templated":true}]}}