{"id":127577,"date":"2020-04-04T19:58:01","date_gmt":"2020-04-04T17:58:01","guid":{"rendered":"https:\/\/www.radiopiu.net\/wordpress\/?p=127577"},"modified":"2020-04-04T19:58:01","modified_gmt":"2020-04-04T17:58:01","slug":"partita-la-sanificazione-di-strade-e-marciapiedi-del-territorio-provinciale-al-via-i-primi-otto-comuni","status":"publish","type":"post","link":"https:\/\/www.radiopiu.net\/wordpress\/partita-la-sanificazione-di-strade-e-marciapiedi-del-territorio-provinciale-al-via-i-primi-otto-comuni\/","title":{"rendered":"PARTITA LA SANIFICAZIONE DI STRADE E MARCIAPIEDI DEL TERRITORIO PROVINCIALE: AL VIA I PRIMI OTTO COMUNI"},"content":{"rendered":"<p><strong><a class=\"dt-pswp-item\" href=\"https:\/\/www.radiopiu.net\/wordpress\/wp-content\/uploads\/2020\/04\/PHOTO-2020-04-04-09-46-17.jpg\" data-dt-img-description=\"\" data-large_image_width=\"1280\" data-large_image_height=\"960\"><img loading=\"lazy\" decoding=\"async\" class=\"size-medium wp-image-127480 alignleft\" src=\"https:\/\/www.radiopiu.net\/wordpress\/wp-content\/uploads\/2020\/04\/PHOTO-2020-04-04-09-46-17-300x225.jpg\" alt=\"\" width=\"300\" height=\"225\" srcset=\"https:\/\/www.radiopiu.net\/wordpress\/wp-content\/uploads\/2020\/04\/PHOTO-2020-04-04-09-46-17-300x225.jpg 300w, https:\/\/www.radiopiu.net\/wordpress\/wp-content\/uploads\/2020\/04\/PHOTO-2020-04-04-09-46-17-1024x768.jpg 1024w, https:\/\/www.radiopiu.net\/wordpress\/wp-content\/uploads\/2020\/04\/PHOTO-2020-04-04-09-46-17-768x576.jpg 768w, https:\/\/www.radiopiu.net\/wordpress\/wp-content\/uploads\/2020\/04\/PHOTO-2020-04-04-09-46-17.jpg 1280w\" sizes=\"auto, (max-width: 300px) 100vw, 300px\" \/><\/a>BELLUNO<\/strong> \u00c8 cominciata questa mattina la sanificazione delle strade del Bellunese, coordinata dalla Provincia di Belluno. Alle prime luci dell\u2019alba i mezzi agricoli messi a disposizione dalle associazioni di categoria si sono mossi in otto Comuni, per disinfettare marciapiedi, tratti di viabilit\u00e0 comunale di afflusso e le grandi aree davanti a supermercati e attivit\u00e0 di servizio (uffici postali, banche, negozi di alimentari). A supporto, anche le squadre di Protezione Civile, con uomini a piedi dotati di botte a tracolla, per la sanificazione \u201cdi fino\u201d di alcune aree pi\u00f9 piccole (piazzole ecologiche, sottoportici e altro). \u00abAbbiamo cominciato da alcune zone specifiche, come concordato con le Unioni Montane, vale dire Alano e Quero Vas nel Feltrino; Santa Giustina in Valbelluna; Longarone, Soverzene, Zopp\u00e8 per l\u2019area longaronese-zoldada; e Alpago e Chies per quanto riguarda la zona dell\u2019Alpago &#8211; spiega il consigliere provinciale Massimo Bortoluzzi -. Al prossimo giro, con ogni probabilit\u00e0 nella giornata di luned\u00ec, completeremo il Feltrino e la zona di Ponte nelle Alpi. Marted\u00ec abbiamo in programma di proseguire con l\u2019Agordino, mentre gi\u00e0 domani saranno attivi i volontari di Protezione Civile per Cibiana. Attendiamo le indicazioni delle Unioni Montane per programmare anche le altre aree della provincia, sempre d\u2019intesa con Confagricoltura, Coldiretti e Cia, che ci mettono a disposizione una cinquantina di mezzi agricoli dotati di atomizzatori e irroratori, consentendo cos\u00ec un\u2019operazione di pulizia senza dilavamento della sostanza chimica utilizzata (ipoclorito di sodio, in soluzione allo 0,1%) che tiene conto anche dell\u2019ambiente\u00bb. La sanificazione in questa fase viene condotta solo nelle aree di maggior afflusso, nei centri di paese e non sulle strade di collegamento tra le frazioni di uno stesso Comune: con le restrizioni agli spostamenti, infatti, non avrebbe senso disinfettare segmenti di viabilit\u00e0 in cui i movimenti di persone sono rarissimi. \u00abRingrazio tutti coloro che stanno collaborando in maniera attiva a queste operazioni di sanificazione, utili a contrastare il contagio del coronavirus &#8211; commenta il presidente della Provincia, Roberto Padrin -. Quando si mettono insieme tante persone che hanno un unico obiettivo, si riesce sempre a portare a casa qualcosa di positivo. Mi auguro che, passata l\u2019emergenza, si riesca sempre a lavorare con questa unit\u00e0 di intenti, per il bene del nostro territorio\u00bb.<\/p>\n","protected":false},"excerpt":{"rendered":"<p>BELLUNO \u00c8 cominciata questa mattina la sanificazione delle strade del Bellunese, coordinata dalla Provincia di Belluno. Alle prime luci dell\u2019alba i mezzi agricoli messi a disposizione dalle associazioni di categoria si sono mossi in otto Comuni, per disinfettare marciapiedi, tratti di viabilit\u00e0 comunale di afflusso e le grandi aree davanti a supermercati e attivit\u00e0 di&hellip;<\/p>\n","protected":false},"author":4,"featured_media":127480,"comment_status":"closed","ping_status":"closed","sticky":false,"template":"","format":"standard","meta":{"_monsterinsights_skip_tracking":false,"_monsterinsights_sitenote_active":false,"_monsterinsights_sitenote_note":"","_monsterinsights_sitenote_category":0,"footnotes":""},"categories":[49],"tags":[],"class_list":["post-127577","post","type-post","status-publish","format-standard","has-post-thumbnail","hentry","category-news-18","category-49","description-off"],"img_url":"https:\/\/www.radiopiu.net\/wordpress\/wp-content\/uploads\/2020\/04\/PHOTO-2020-04-04-09-46-17.jpg","_links":{"self":[{"href":"https:\/\/www.radiopiu.net\/wordpress\/wp-json\/wp\/v2\/posts\/127577","targetHints":{"allow":["GET"]}}],"collection":[{"href":"https:\/\/www.radiopiu.net\/wordpress\/wp-json\/wp\/v2\/posts"}],"about":[{"href":"https:\/\/www.radiopiu.net\/wordpress\/wp-json\/wp\/v2\/types\/post"}],"author":[{"embeddable":true,"href":"https:\/\/www.radiopiu.net\/wordpress\/wp-json\/wp\/v2\/users\/4"}],"replies":[{"embeddable":true,"href":"https:\/\/www.radiopiu.net\/wordpress\/wp-json\/wp\/v2\/comments?post=127577"}],"version-history":[{"count":0,"href":"https:\/\/www.radiopiu.net\/wordpress\/wp-json\/wp\/v2\/posts\/127577\/revisions"}],"wp:featuredmedia":[{"embeddable":true,"href":"https:\/\/www.radiopiu.net\/wordpress\/wp-json\/wp\/v2\/media\/127480"}],"wp:attachment":[{"href":"https:\/\/www.radiopiu.net\/wordpress\/wp-json\/wp\/v2\/media?parent=127577"}],"wp:term":[{"taxonomy":"category","embeddable":true,"href":"https:\/\/www.radiopiu.net\/wordpress\/wp-json\/wp\/v2\/categories?post=127577"},{"taxonomy":"post_tag","embeddable":true,"href":"https:\/\/www.radiopiu.net\/wordpress\/wp-json\/wp\/v2\/tags?post=127577"}],"curies":[{"name":"wp","href":"https:\/\/api.w.org\/{rel}","templated":true}]}}