{"id":127643,"date":"2020-04-06T05:55:24","date_gmt":"2020-04-06T03:55:24","guid":{"rendered":"https:\/\/www.radiopiu.net\/wordpress\/?p=127643"},"modified":"2020-04-06T11:20:12","modified_gmt":"2020-04-06T09:20:12","slug":"giornale-radiopiu-06-aprile-2020-direttore-mirko-mezzacasa","status":"publish","type":"post","link":"https:\/\/www.radiopiu.net\/wordpress\/giornale-radiopiu-06-aprile-2020-direttore-mirko-mezzacasa\/","title":{"rendered":"GIORNALE RADIOPIU 06 APRILE 2020 DIRETTORE MIRKO MEZZACASA"},"content":{"rendered":"<h3><strong>PER RICEVERE QUESTO NOTIZIARIO DIRETTAMENTE SUL TUO CELLULARE ISCRIVITI AL CANALE\u00a0TELEGRAM\u00a0<\/strong><strong>\u201cRADIO PIU\u00a0 INFORMAZIONE\u201d<\/strong><\/h3>\n<p>&nbsp;<\/p>\n<hr \/>\n<div class=\"page-title-head hgroup\">\n<h3 class=\"entry-title\">IL MODULO DI AUTOCERTIFICAZIONE PER GLI SPOSTAMENTI<\/h3>\n<\/div>\n<div class=\"page-title-breadcrumbs\">CLICCA\u00a0 PER SCARICARE IL MODULO<\/div>\n<p><a href=\"https:\/\/www.radiopiu.net\/wordpress\/wp-content\/uploads\/2020\/03\/AUTOCERTIFICAZIONE-26-MARZO.pdf\">AUTOCERTIFICAZIONE 26 MARZO<\/a><\/p>\n<p>&nbsp;<\/p>\n<hr \/>\n<blockquote class=\"wp-embedded-content\" data-secret=\"walTNio5dy\"><p><a href=\"https:\/\/www.radiopiu.net\/wordpress\/otto-non-ha-paura-del-coronavirus\/\">&#8220;OTTO&#8221; NON HA PAURA DEL CORONAVIRUS<\/a><\/p><\/blockquote>\n<p><iframe loading=\"lazy\" title=\"&#8220;&#8220;OTTO&#8221; NON HA PAURA DEL CORONAVIRUS&#8221; &#8212; Radio Pi\u00f9\" class=\"wp-embedded-content\" sandbox=\"allow-scripts\" security=\"restricted\" style=\"position: absolute; clip: rect(1px, 1px, 1px, 1px);\" src=\"https:\/\/www.radiopiu.net\/wordpress\/otto-non-ha-paura-del-coronavirus\/embed\/#?secret=walTNio5dy\" data-secret=\"walTNio5dy\" width=\"600\" height=\"338\" frameborder=\"0\" marginwidth=\"0\" marginheight=\"0\" scrolling=\"no\"><\/iframe><\/p>\n<hr \/>\n<p>&nbsp;<\/p>\n<p><strong><a class=\"dt-pswp-item\" href=\"https:\/\/www.radiopiu.net\/wordpress\/wp-content\/uploads\/2020\/04\/image.jpg\" data-dt-img-description=\"\" data-large_image_width=\"960\" data-large_image_height=\"540\"><img loading=\"lazy\" decoding=\"async\" class=\"wp-image-127786 alignleft\" src=\"https:\/\/www.radiopiu.net\/wordpress\/wp-content\/uploads\/2020\/04\/image.jpg\" alt=\"\" width=\"187\" height=\"105\" srcset=\"https:\/\/www.radiopiu.net\/wordpress\/wp-content\/uploads\/2020\/04\/image.jpg 960w, https:\/\/www.radiopiu.net\/wordpress\/wp-content\/uploads\/2020\/04\/image-300x169.jpg 300w, https:\/\/www.radiopiu.net\/wordpress\/wp-content\/uploads\/2020\/04\/image-768x432.jpg 768w\" sizes=\"auto, (max-width: 187px) 100vw, 187px\" \/><\/a>FALCADE<\/strong> Abbiamo appreso questa notte dalla figlia Marzia della scomparsa di Mario Cemin, il volto noto, amico e sempre cordiale di\u00a0 Passo Valles. Un grande dolore tra i famigliari e i tanti che hanno avuto modo di conoscerlo. Purtroppo per direttive precise non si terranno i funerali e non sar\u00e0 possibile salutarlo come molti vorrebbero. Da Radio Pi\u00f9 alla famiglia Cemin un messaggio di condoglianze e grande solidariet\u00e0. In suo ricordo vogliamo riproporvi un articolo di alcuni anni fa scritto in &#8220;punta di penna&#8221; dal giornalista Andrea Selva per il quotidiano &#8220;TRENTINO&#8221;.<\/p>\n<p>FOTO ARCHIVIO DEL CORRIERE DELLE ALPI_BELLUNO<\/p>\n<p><strong>ARTICOLO DA &#8220;TRENTINO&#8221; DI ANDREA SELVA, 16 FEBBRAIO 2014<\/strong><\/p>\n<h1><strong><span style=\"color: #0000ff;\"><a style=\"color: #0000ff;\" href=\"https:\/\/www.giornaletrentino.it\/cronaca\/trento\/a-passo-valles-il-custode-della-neve-1.982625\">CLICCA QUI<\/a><\/span><\/strong><\/h1>\n<p><strong>E RECENTEMENTE A LINEA BIANCA, MINUTO 15&#8217;17\u00a0<\/strong><\/p>\n<h2><span style=\"color: #0000ff;\"><a style=\"color: #0000ff;\" href=\"https:\/\/www.raiplay.it\/video\/2020\/01\/linea-bianca---falcade-1a0c1bd1-517d-4a9e-8ba0-4f23e475df4b.html\">CLICCA QUI<\/a><\/span><\/h2>\n<p>&nbsp;<\/p>\n<p>&nbsp;<\/p>\n<p>&nbsp;<\/p>\n<hr \/>\n<p>&nbsp;<\/p>\n<p><span style=\"color: #ff0000;\">R.O. 50 ANNI DI POLPET SE NE FREGA DEI DIVIETI ED ENTRA DI DIRITTO NEL CAPITOLO DEI &#8220;DE COCCIO&#8221; , NON UN RAGAZZINO, MA UN CINQUANTENNE DI POLPET &#8230; CHE FIGURA! SEGNALATO AI CARABINIERI VISTO CHE ERA BEN LONTANO DA CASA NON CERTO NEI 200 METRI. SARA&#8217; SANZIONATO (DA 400 A 3000 EURO). INASCOLTATI GLI APPELLI ALLA PRUDENZA DEL SOCCORSO ALPINO E DEL 118. SUI SOCIAL LA PUBBLICA GOGNA.<\/span><\/p>\n<blockquote>\n<h2>RECUPERATO ESCURSIONISTA SUL SERVA<\/h2>\n<\/blockquote>\n<p><strong><a class=\"dt-pswp-item\" href=\"https:\/\/www.radiopiu.net\/wordpress\/wp-content\/uploads\/2020\/04\/IMG-20200405-WA0046.jpg\" data-dt-img-description=\"\" data-large_image_width=\"1200\" data-large_image_height=\"1600\"><img loading=\"lazy\" decoding=\"async\" class=\"wp-image-127773 alignleft\" src=\"https:\/\/www.radiopiu.net\/wordpress\/wp-content\/uploads\/2020\/04\/IMG-20200405-WA0046-768x1024.jpg\" alt=\"\" width=\"126\" height=\"168\" srcset=\"https:\/\/www.radiopiu.net\/wordpress\/wp-content\/uploads\/2020\/04\/IMG-20200405-WA0046-768x1024.jpg 768w, https:\/\/www.radiopiu.net\/wordpress\/wp-content\/uploads\/2020\/04\/IMG-20200405-WA0046-225x300.jpg 225w, https:\/\/www.radiopiu.net\/wordpress\/wp-content\/uploads\/2020\/04\/IMG-20200405-WA0046-1152x1536.jpg 1152w, https:\/\/www.radiopiu.net\/wordpress\/wp-content\/uploads\/2020\/04\/IMG-20200405-WA0046.jpg 1200w\" sizes=\"auto, (max-width: 126px) 100vw, 126px\" \/><\/a>PONTE NELLE ALPI<\/strong>\u00a0 Attorno alle 18 il Soccorso alpino di Longarone \u00e8 stato allertato per un escursionista rimasto incrodato a circa 1.700 metri sul Serva. Partito in mattinata da Polpet, l&#8217;uomo, un cinquantenne di Ponte nelle Alpi (BL), ha raggiunto Pra d&#8217;Anties per poi proseguire verso Pian de le Vedele. Nel rientrare per\u00f2 ha smarrito la strada e si \u00e8 trovato bloccato sopra salti di roccia. L&#8217;elicottero del Suem di Pieve di Cadore ha imbarcato due soccorritori di Longarone, mentre una squadra si preparava a intervenire assieme a un&#8217;altra arrivata da Belluno, e si \u00e8 portato in quota. Fortunatamente, durante il sorvolo, l&#8217;uomo \u00e8 stato individuato, recuperato col verricello dal tecnico di elisoccorso e trasportato a valle.<\/p>\n<p>&nbsp;<\/p>\n<hr \/>\n<p>&nbsp;<\/p>\n<p>Il bollettino della Protezione civile: sono 128.948 i casi totali. I morti nelle ultime 24 ore sono 525, il dato pi\u00f9 basso dal 19 marzo. In totale il numero dei deceduti \u00e8 salito a 15.887, quello dei guariti a 21.815; \u00a0Il primo ministro Boris Johnson, malato di Covid-19, \u00e8 stato ricoverato in ospedale per esami. Storico discorso della regina: &#8220;Tempi difficili, siate forti&#8221;; \u2022<\/p>\n<p>&nbsp;<\/p>\n<blockquote>\n<h3><span style=\"color: #339966;\">LA DIREZIONE E&#8217; SEGNATA, MA SE NON SI RIMANE IN CASA E<\/span>&#8216; UN ATTIMO RIPA<span style=\"color: #ff0000;\">RTIRE CON L&#8217;EPIDEMIA\u00a0<\/span><\/h3>\n<\/blockquote>\n<p>L&#8217;epidemia in provincia in dieci Comuni ha portato alla morte 17 persone in pi\u00f9 rispetto alla media degli ultimi 10 anni, dato che emerge dall&#8217;inchiesta dell&#8217;Istat che ha contato 47 vittime (35 lo scorso anno, 24 nel 2016)<\/p>\n<p><span style=\"color: #339966;\">di Mi<\/span>rko Me<span style=\"color: #ff0000;\">zzacasa\u00a0<\/span><\/p>\n<p><em>&#8220;Non mi sento oggi di dire che abbiamo passato \u2018il&#8217; picco: certo abbiamo passato &#8216;un&#8217; picco, ma non so dire se ce ne potr\u00e0 essere un altro, e perch\u00e9 ci\u00f2 non avvenga, bisogna che i veneti restino a casa\u00bb\u00a0<\/em>Cos\u00ec Luca Zaia ieri in conferenza stampa chiudendo una settimana che ha iniziato a dare una direzione sulla scorta di quattro bollettini positivi, anche ieri meno pazienti ricoverati e quelli ricoverati in terapia intensiva sono saliti di sole 3 unit\u00e0 mentre aumentano invece i pazienti guariti. Ma anche ieri il &#8220;bollettino di guerra&#8221; ha messo in evidenza 22 morti, 54 contagi a \u00a0Padova 54 in 12 ore, 39 a Vicenza, 27 a Verona e Venezia,\u00a0 19 a Belluno dove altri 2 pazienti sono finiti in terapia intensiva. Negli ospedali veneti sono ricoverati 1585 pazienti, 327 in terapia intensiva, 605 il totale dei decessi in ospedale, 1199 i guariti. I positivi attuali sono 9790, sono decedute 654 persone\u00a0 (dato cumulativo anche extra ospedale), sono la met\u00e0 della media nazionale e un terzo rispetto alla Lombardia, inferiore anche alle regioni Marche ed Emilia Romagna. E&#8217; al contrario disastrosa la situazione nelle case di riposo nel nord est con quasi 131 decessi in Veneto e 153 in Friuli e Trentino Alto Adige. Sono\u00a0 963 i negativizzati, 19.987 in isolamento fiduciario. Negli ospedali bellunesi aumentano di nuovo i ricoveri in terapia intensiva +2 (10),\u00a0 in area non critica 68 il totale dei pazienti (stabile), tre pazienti in meno al San Martino (34) e 7 a Feltre (-1) . Nei due ospedali di comunit\u00e0 14 pazienti a Belluno (invariato), 13 ad Agordo (+1). Risultano 557 i casi positivi nel Bellunese (+19\u00a0 ieri in 12 ore), 32 i\u00a0 negativizzati. I bellunesi in isolamento domiciliare fiduciario sono 1.234. Per oggi \u00e8 probabile venga firmato un importante decreto salva aziende da \u00a0dieci miliardi di euro\u00a0 per garantire alle imprese con meno di 500 dipendenti fino a 25 mila euro di prestito\u00a0 erogati in base al fatturato,\u00a0 prestiti per aziende con ricavi fino a 100 mila euro. Fino a 800 mila euro il Fondo centrale prester\u00e0 una garanzia del 100% sul fido. Sospesi i versamenti di tasse e contributi nei prossimi due mesi. Scuola: lezioni via web obbligatorie, tutti promossi nelle classi intermedie, salta la prova finale per gli studenti di terza media e se non si tornasse a scuola, ci sar\u00e0 un&#8217;unica prova orale per la maturit\u00e0. Da Roma non si perde occasione per accendere polemiche, ma tutti i nodi arriveranno al pettine ne siamo certi. L&#8217;ultima sparata provocazione \u00e8 del sottosegretario Achille Variati che accusa:<em> &#8220;I nostri appelli sono inascoltati&#8221;<\/em> il riferimento alla case di riposo perch\u00e9 gli appelli e le denunce dei sindacati non sarebbero stati ascoltati in una Regione come il Veneto che si vanta per standard ed efficienza&#8221;, un&#8217;accusa pesante che si scontra con le idee del Ministro per gli affari regionali Francesco Boccia che invita a fare squadra e non polemiche, ma Variati ha cercato la prima pagina ed ha trovato il pugno nello stomaco nella risposta del Presidente Luca Zaia:<em> &#8220;Io andrei subito in Procura a denunciare la Regione Veneto che presenter\u00e0 le carte. Le istituzioni hanno un obbligo: non dire, ma fare. Le Procure hanno un sacco di carte mie su cose che ho fatto e non ho detto in questi anni. Questa \u00e8 una squallida polemica. E&#8217; inutile stare ore in video conferenza con il Governo quando poi per vincere la partita delle case di riposo c&#8217;e&#8217; qualcuno che dice il contrario&#8221;<\/em>. In serata Variati ha corretto il tiro <em>&#8220;Spero che si facciano i tamponi a tutti gli ospiti e operatori delle case di riposo ed in fretta escludendo trasferimenti degli ospiti. Il Governo \u00e8 a fianco delle Regioni&#8221;.\u00a0<\/em>Per chiudere l&#8217;argomento: le case di riposo pagano lo scotto di non aver avuto i dispositivi quando non ce n&#8217;erano, non \u00e8 stata una distrazione, i magazzini erano vuoti anche per i 30 mila ospiti veneti delle RSA e i 25 mila operatori. In Veneto l&#8217;et\u00e0 media dei 600 morti \u00e8 82 anni. A proposito di casa di riposo ieri il Presidente della casa di soggiorno di Taibon Bruno Bulf ha precisato che non ci sono tamponi positivi (dall&#8217;inizio dell&#8217;epidemia un solo caso di positivit\u00e0 di un ospite ricoverato all&#8217;ospedale San Martino di Belluno dove \u00e8 deceduto), ma Bulf ha pure detto che ad oggi non sono ancora stati fatti i tamponi ad ospiti e personale. Quattro persone sono per\u00f2 in isolamento precauzionale evidentemente per aver avuto contatti con l&#8217;ospite deceduto. I positivi in paese sarebbero 8, anche a La Valle \u00e8 cresciuto il numero dei positivi, ieri erano 7 (10 persone in isolamento), non si conoscono altri dati perch\u00e9 la Ulss1 se ne guarda bene dal comunicarli &#8220;top secret&#8221;, lo sanno solo i sindaci che devono controllare che i positivi rimangano reclusi in casa, sollevata dal compito il sindaco di Selva di Cadore Silvia Cestaro che non ha casi di positivit\u00e0 in paese <strong>La bella notizia<\/strong> A Padova resiste la macchina dei trapianti nonostante il problema della pandemia, una ragazzina moldava di 11 anni residente in Veneto \u00e8 stata trapiantata di reni.. <strong>IL PICCO E\u2019 PASSATO?<\/strong><em> &#8220;Decisamente no &#8211; ha concluso ieri Zaia &#8211;\u00a0 uno di sicuro lo abbiamo passato ora dipende dai veneti se vogliamo uscire di casa dobbiamo stare in casa&#8221;.<\/em><\/p>\n<p>&nbsp;<\/p>\n<blockquote><p><strong><span style=\"color: #ff0000;\">NATALE CON I TUOI, PASQUA SUI POGIOI!\u00a0<\/span> RESTA A CASA NON FARTI SANZIONARE E SPUTTANARE SUI SOCIAL<\/strong><\/p><\/blockquote>\n<p><strong>SISTEMA ANTI SPOSTAMENTO IN CINA CHE NON E&#8217; L&#8217;USCITA DELL&#8217;A27<\/strong><\/p>\n<p>https:\/\/www.facebook.com\/simone.martini.334491\/videos\/2086831551463335\/<\/p>\n<p>&nbsp;<\/p>\n<p>&nbsp;<\/p>\n<p>&nbsp;<\/p>\n<hr \/>\n<p>&nbsp;<\/p>\n<p>&nbsp;<\/p>\n<blockquote class=\"wp-embedded-content\" data-secret=\"CEvH7DxYZK\"><p><a href=\"https:\/\/www.radiopiu.net\/wordpress\/anche-oggi-22-decessi-in-regione-in-aumento-i-ricoveri-ma-calano-i-pazienti-in-terapia-intensiva-di-nuovo-in-crescita-gli-infetti-181\/\">ANCHE OGGI 22 DECESSI IN REGIONE, IN AUMENTO I RICOVERI MA CALANO I PAZIENTI IN TERAPIA INTENSIVA, DI NUOVO IN CRESCITA GLI INFETTI +181<\/a><\/p><\/blockquote>\n<p><iframe loading=\"lazy\" title=\"&#8220;ANCHE OGGI 22 DECESSI IN REGIONE, IN AUMENTO I RICOVERI MA CALANO I PAZIENTI IN TERAPIA INTENSIVA, DI NUOVO IN CRESCITA GLI INFETTI +181&#8221; &#8212; Radio Pi\u00f9\" class=\"wp-embedded-content\" sandbox=\"allow-scripts\" security=\"restricted\" style=\"position: absolute; clip: rect(1px, 1px, 1px, 1px);\" src=\"https:\/\/www.radiopiu.net\/wordpress\/anche-oggi-22-decessi-in-regione-in-aumento-i-ricoveri-ma-calano-i-pazienti-in-terapia-intensiva-di-nuovo-in-crescita-gli-infetti-181\/embed\/#?secret=CEvH7DxYZK\" data-secret=\"CEvH7DxYZK\" width=\"600\" height=\"338\" frameborder=\"0\" marginwidth=\"0\" marginheight=\"0\" scrolling=\"no\"><\/iframe><\/p>\n<p>&nbsp;<\/p>\n<hr \/>\n<p>&nbsp;<\/p>\n<blockquote>\n<h3>AGGIORNAMENTO ULSS1: 158 PERSONE IN MENO IN ISOLAMENTO DOMICILIARE, 240 I TAMPONI ODIERNI<\/h3>\n<\/blockquote>\n<p><strong>BELLUNO<\/strong>\u00a0GLI AGGIORNAMENTI DALLA ULSS 1 DOLOMITI<\/p>\n<p><strong>SORVEGLIANZA SANITARIA COVID-19<\/strong> Numero totale tamponi effettuati per ricerca nCoV al 5 aprile 2020: <b>8.720 (+ 240).\u00a0<\/b>Persone residenti in Ulss Dolomiti in isolamento domiciliare fiduciario e sorveglianza attiva al 5 aprile 2020: <b>1.234 (-158 rispetto ieri) <\/b>Alcuni tamponi sono stati effettuati pi\u00f9 volte sulle stesse persone<\/p>\n<p><strong>OSPEDALE DI BELLUNO<\/strong>\u00a0Installate altre 3 tende della Protezione Civile al Blocco F per il percorso dedicato ai sospetti COVID,\u00a0Attivato il Punto Medico Avanzato. Le degenze di MEDICINA E ONCOLOGIA sono state collocate al 2\u00b0piano del Blocco chirurgico,\u00a0le degenze della PNEUMOLOGIA e GERIATRIA sono state collocate al 3\u00b0 piano del Blocco Chirurgico (lato EST)<span class=\"Apple-converted-space\">\u00a0,\u00a0<\/span>le degenze di CHIRURGIA, NEFROLOGIA e UROLOGIA sono state compattate al 3\u00b0 piano del Blocco Chirurgico<span class=\"Apple-converted-space\">\u00a0,\u00a0<\/span>le degenze di NEUROLOGIA sono state spostate al 2\u00b0 piano del Blocco Medico. Le aree per sospetti COVID e pazienti COVID a bassa intensit\u00e0 sono collocate al 3\u00b0 e 4\u00b0piano del Blocco Medico,<span class=\"s2\">Sono stati attivati ulteriori 18 posti letto per pazienti COVID a bassa intensit\u00e0 al 3\u00b0 piano del blocco medico per un totale di 34 posti letto. I posti letto di media intensit\u00e0 sono 12 a Malattie infettive e 16 a Pneumologia COVID .\u00a0<\/span>il contenitore della Terapia Intensiva (9 posti letto) \u00e8 stato allargato anche al gruppo operatorio di Belluno dove al momento sono stati attivati ulteriori 4 posti letto di terapia intensiva dedicati a eventuali pazienti covid positivi. I pazienti in arrivo dal 118 che dovessero necessitare di ricoveri urgenti in terapia intensiva COVID negativi saranno centralizzati alla Rianimazione di Feltre. Sono temporaneamente SOSPESI i ricoveri in Geriatria NON COVID visto l\u2019impegno dei medici della Geriatria nell\u2019area Covid. I ricoveri gi\u00e0 destinati a questa area degenziale, saranno assegnati secondo criterio di patologia prevalente alle degenze di Cardiologia, Pneumologia, Medicina di Belluno o di Pieve .<\/p>\n<p><b>OSPEDALE DI AGORDO<\/b>\u00a0attivata attivit\u00e0 di ricovero per pazienti COVID positivi a bassa intensit\u00e0 di cura \u2013 modello ospedale di comunit\u00e0;<\/p>\n<p><b>OSPEDALE DI PIEVE DI CADORE\u00a0<\/b>\u00e8 attivo un filtro all\u2019ingresso per il controllo degli accessi grazie al personale della Protezione Civile, attivata un\u2019area per sospetti COVID al 2\u00b0 piano<\/p>\n<p><b>OSPEDALE DI FELTRE\u00a0<\/b>Il reparto di PNEUMOLOGIA \u00e8 stato trasferito al 6\u00b0 piano del Padiglione Dalla Palma.\u00a0Il reparto di GERIATRIA \u00e8 rientrato al 5\u00b0 piano del Padiglione Dalla Palma,\u00a0l\u2019area di degenza dedicata ai casi positivi Covid-19 \u00e8 al 4\u00b0 Piano del Padiglione Dalla Palma.\u00a0<b><\/b>L\u2019ingresso in ospedale \u00e8 consentito solo con l\u2019utilizzo di mascherina portata da casa ed esclusivamente a: mariti\/compagni di partorienti, parenti stretti di pazienti in fin di vita o deceduti, una sola persona al giorno negli orari di visita per i degenti, pazienti per visite ambulatoriali, donatori di sangue. Situazioni specifiche saranno valutate dal personale sanitario preposto. \u00c8 vietato per gli accompagnatori o visitatori entrare nelle aree COVID.<\/p>\n<p><a class=\"dt-pswp-item\" href=\"https:\/\/www.radiopiu.net\/wordpress\/wp-content\/uploads\/2020\/04\/Schermata-2020-04-05-alle-18.40.30.png\" data-dt-img-description=\"\" data-large_image_width=\"1356\" data-large_image_height=\"1750\"><img loading=\"lazy\" decoding=\"async\" class=\"alignnone wp-image-127739\" src=\"https:\/\/www.radiopiu.net\/wordpress\/wp-content\/uploads\/2020\/04\/Schermata-2020-04-05-alle-18.40.30-793x1024.png\" alt=\"\" width=\"407\" height=\"526\" srcset=\"https:\/\/www.radiopiu.net\/wordpress\/wp-content\/uploads\/2020\/04\/Schermata-2020-04-05-alle-18.40.30-793x1024.png 793w, https:\/\/www.radiopiu.net\/wordpress\/wp-content\/uploads\/2020\/04\/Schermata-2020-04-05-alle-18.40.30-232x300.png 232w, https:\/\/www.radiopiu.net\/wordpress\/wp-content\/uploads\/2020\/04\/Schermata-2020-04-05-alle-18.40.30-768x991.png 768w, https:\/\/www.radiopiu.net\/wordpress\/wp-content\/uploads\/2020\/04\/Schermata-2020-04-05-alle-18.40.30-1190x1536.png 1190w, https:\/\/www.radiopiu.net\/wordpress\/wp-content\/uploads\/2020\/04\/Schermata-2020-04-05-alle-18.40.30.png 1356w\" sizes=\"auto, (max-width: 407px) 100vw, 407px\" \/><\/a><\/p>\n<p>&nbsp;<\/p>\n<hr \/>\n<p>&nbsp;<\/p>\n<blockquote>\n<h3>DATI E GRAFICI DEL GIORNO, PROVINCIA \u2013 REGIONE 05 APRILE 2020<\/h3>\n<\/blockquote>\n<p><strong>Con la collaborazione di Tiziano De Col<\/strong><\/p>\n<p>Per la giornata appena trascorsa, i dati dei contagi riportano l&#8217;incremento giornaliero per la Provincia di Belluno sostanzialmente in linea con l&#8217;incremento medio del Veneto. La provincia di Belluno resta con il rapporto contagi &#8211; popolazione tra i pi\u00f9 alti tra le Province Venete\u00a0 dopo Padova e Verona<\/p>\n<p><a class=\"dt-pswp-item\" href=\"https:\/\/www.radiopiu.net\/wordpress\/wp-content\/uploads\/2020\/04\/Schermata-2020-04-05-alle-19.04.15.png\" data-dt-img-description=\"\" data-large_image_width=\"720\" data-large_image_height=\"462\"><img loading=\"lazy\" decoding=\"async\" class=\"alignnone wp-image-127743 size-full\" src=\"https:\/\/www.radiopiu.net\/wordpress\/wp-content\/uploads\/2020\/04\/Schermata-2020-04-05-alle-19.04.15.png\" alt=\"\" width=\"720\" height=\"462\" srcset=\"https:\/\/www.radiopiu.net\/wordpress\/wp-content\/uploads\/2020\/04\/Schermata-2020-04-05-alle-19.04.15.png 720w, https:\/\/www.radiopiu.net\/wordpress\/wp-content\/uploads\/2020\/04\/Schermata-2020-04-05-alle-19.04.15-300x193.png 300w\" sizes=\"auto, (max-width: 720px) 100vw, 720px\" \/><\/a><\/p>\n<p>Il giorno 17 marzo 2020 il rapporto tra contagiati e popolazione residente della Provincia di Belluno risultava in linea con la media della Regione Veneto, poi, gi\u00e0 dai giorni seguenti, la forbice si \u00e8 allargata a sfavore della Provincia di Belluno<\/p>\n<p><a class=\"dt-pswp-item\" href=\"https:\/\/www.radiopiu.net\/wordpress\/wp-content\/uploads\/2020\/04\/328d8da4-d6f5-4f16-a8e7-370572a7c8a6.jpg\" data-dt-img-description=\"\" data-large_image_width=\"480\" data-large_image_height=\"289\"><img loading=\"lazy\" decoding=\"async\" class=\"alignnone wp-image-127745\" src=\"https:\/\/www.radiopiu.net\/wordpress\/wp-content\/uploads\/2020\/04\/328d8da4-d6f5-4f16-a8e7-370572a7c8a6.jpg\" alt=\"\" width=\"301\" height=\"181\" srcset=\"https:\/\/www.radiopiu.net\/wordpress\/wp-content\/uploads\/2020\/04\/328d8da4-d6f5-4f16-a8e7-370572a7c8a6.jpg 480w, https:\/\/www.radiopiu.net\/wordpress\/wp-content\/uploads\/2020\/04\/328d8da4-d6f5-4f16-a8e7-370572a7c8a6-300x181.jpg 300w\" sizes=\"auto, (max-width: 301px) 100vw, 301px\" \/><\/a><a class=\"dt-pswp-item\" href=\"https:\/\/www.radiopiu.net\/wordpress\/wp-content\/uploads\/2020\/04\/1faa889b-ddbc-4f0c-a963-e601c86a0fec.jpg\" data-dt-img-description=\"\" data-large_image_width=\"480\" data-large_image_height=\"289\"><img loading=\"lazy\" decoding=\"async\" class=\"alignnone wp-image-127744\" src=\"https:\/\/www.radiopiu.net\/wordpress\/wp-content\/uploads\/2020\/04\/1faa889b-ddbc-4f0c-a963-e601c86a0fec.jpg\" alt=\"\" width=\"301\" height=\"181\" srcset=\"https:\/\/www.radiopiu.net\/wordpress\/wp-content\/uploads\/2020\/04\/1faa889b-ddbc-4f0c-a963-e601c86a0fec.jpg 480w, https:\/\/www.radiopiu.net\/wordpress\/wp-content\/uploads\/2020\/04\/1faa889b-ddbc-4f0c-a963-e601c86a0fec-300x181.jpg 300w\" sizes=\"auto, (max-width: 301px) 100vw, 301px\" \/><\/a><\/p>\n<p>&nbsp;<\/p>\n<hr \/>\n<p>&nbsp;<\/p>\n<blockquote class=\"wp-embedded-content\" data-secret=\"7BF5phitcF\"><p><a href=\"https:\/\/www.radiopiu.net\/wordpress\/aggiornamento-assessorato-protezione-civile-05-aprile-2020\/\">AGGIORNAMENTO ASSESSORATO PROTEZIONE CIVILE 05 APRILE 2020<\/a><\/p><\/blockquote>\n<p><iframe loading=\"lazy\" title=\"&#8220;AGGIORNAMENTO ASSESSORATO PROTEZIONE CIVILE 05 APRILE 2020&#8221; &#8212; Radio Pi\u00f9\" class=\"wp-embedded-content\" sandbox=\"allow-scripts\" security=\"restricted\" style=\"position: absolute; clip: rect(1px, 1px, 1px, 1px);\" src=\"https:\/\/www.radiopiu.net\/wordpress\/aggiornamento-assessorato-protezione-civile-05-aprile-2020\/embed\/#?secret=7BF5phitcF\" data-secret=\"7BF5phitcF\" width=\"600\" height=\"338\" frameborder=\"0\" marginwidth=\"0\" marginheight=\"0\" scrolling=\"no\"><\/iframe><\/p>\n<p>&nbsp;<\/p>\n<p><strong>L&#8217;INTERVENTO DELL&#8217;ASSESSORE REGIONALE GIANPAOLO BOTTACIN IERI SU RADIO PIU&#8217;<\/strong><\/p>\n<audio class=\"wp-audio-shortcode\" id=\"audio-127643-1\" preload=\"none\" style=\"width: 100%;\" controls=\"controls\"><source type=\"audio\/mpeg\" src=\"https:\/\/www.radiopiu.net\/wordpress\/wp-content\/uploads\/2020\/04\/BOTTACIN-05-APRILE.mp3?_=1\" \/><a href=\"https:\/\/www.radiopiu.net\/wordpress\/wp-content\/uploads\/2020\/04\/BOTTACIN-05-APRILE.mp3\">https:\/\/www.radiopiu.net\/wordpress\/wp-content\/uploads\/2020\/04\/BOTTACIN-05-APRILE.mp3<\/a><\/audio>\n<h3><\/h3>\n<h3>E SULLA SANIFICAZIONE<\/h3>\n<div style=\"width: 640px;\" class=\"wp-video\"><video class=\"wp-video-shortcode\" id=\"video-127643-1\" width=\"640\" height=\"352\" preload=\"metadata\" controls=\"controls\"><source type=\"video\/mp4\" src=\"https:\/\/www.radiopiu.net\/wordpress\/wp-content\/uploads\/2020\/04\/WhatsApp-Video-2020-04-05-at-18.40.32.mp4?_=1\" \/><a href=\"https:\/\/www.radiopiu.net\/wordpress\/wp-content\/uploads\/2020\/04\/WhatsApp-Video-2020-04-05-at-18.40.32.mp4\">https:\/\/www.radiopiu.net\/wordpress\/wp-content\/uploads\/2020\/04\/WhatsApp-Video-2020-04-05-at-18.40.32.mp4<\/a><\/video><\/div>\n<p>&nbsp;<\/p>\n<p>&nbsp;<\/p>\n<blockquote>\n<h3>PARTITA LA SANIFICAZIONE DI STRADE E MARCIAPIEDI DEL TERRITORIO PROVINCIALE: AL VIA I PRIMI OTTO COMUNI<\/h3>\n<\/blockquote>\n<p><strong>BELLUNO<\/strong> \u00c8 cominciata sabato la sanificazione delle strade del Bellunese, coordinata dalla Provincia di Belluno. Alle prime luci dell\u2019alba i mezzi agricoli messi a disposizione dalle associazioni di categoria si sono mossi in otto Comuni, per disinfettare marciapiedi, tratti di viabilit\u00e0 comunale di afflusso e le grandi aree davanti a supermercati e attivit\u00e0 di servizio (uffici postali, banche, negozi di alimentari). A supporto, anche le squadre di Protezione Civile, con uomini a piedi dotati di botte a tracolla, per la sanificazione \u201cdi fino\u201d di alcune aree pi\u00f9 piccole (piazzole ecologiche, sottoportici e altro). Al prossimo giro, con ogni probabilit\u00e0 oggi completamento\u00a0 del\u00a0 Feltrino e la zona di Ponte nelle Alpi. Domani nell\u2019Agordino.\u00a0 Il presidente della Provincia, Roberto Padrin <em>&#8220;Quando si mettono insieme tante persone che hanno un unico obiettivo, si riesce sempre a portare a casa qualcosa di positivo. Mi auguro che, passata l\u2019emergenza, si riesca sempre a lavorare con questa unit\u00e0 di intenti, per il bene del nostro territorio\u00bb.<\/em><\/p>\n<p>&nbsp;<\/p>\n<hr \/>\n<p>&nbsp;<\/p>\n<p>&nbsp;<\/p>\n<div class=\"page-title-head hgroup\">\n<blockquote>\n<h3 class=\"entry-title\">LA MAPPA DEI CONTAGI IN VENETO AGGIORNATA AL 4 APRILE 2020<\/h3>\n<\/blockquote>\n<\/div>\n<div class=\"page-title-breadcrumbs\"><img loading=\"lazy\" decoding=\"async\" class=\"alignnone wp-image-127622 jetpack-lazy-image jetpack-lazy-image--handled\" src=\"https:\/\/i0.wp.com\/www.radiopiu.net\/wordpress\/wp-content\/uploads\/2020\/04\/1996e47f-7cdb-4f7a-820a-a68d3225678c.jpg?resize=729%2C1024&amp;ssl=1\" sizes=\"auto, (max-width: 729px) 100vw, 729px\" srcset=\"https:\/\/i0.wp.com\/www.radiopiu.net\/wordpress\/wp-content\/uploads\/2020\/04\/1996e47f-7cdb-4f7a-820a-a68d3225678c.jpg?resize=729%2C1024&amp;ssl=1 729w, https:\/\/i0.wp.com\/www.radiopiu.net\/wordpress\/wp-content\/uploads\/2020\/04\/1996e47f-7cdb-4f7a-820a-a68d3225678c.jpg?resize=213%2C300&amp;ssl=1 213w, https:\/\/i0.wp.com\/www.radiopiu.net\/wordpress\/wp-content\/uploads\/2020\/04\/1996e47f-7cdb-4f7a-820a-a68d3225678c.jpg?resize=768%2C1080&amp;ssl=1 768w, https:\/\/i0.wp.com\/www.radiopiu.net\/wordpress\/wp-content\/uploads\/2020\/04\/1996e47f-7cdb-4f7a-820a-a68d3225678c.jpg?w=996&amp;ssl=1 996w\" alt=\"\" width=\"450\" height=\"633\" data-recalc-dims=\"1\" data-lazy-loaded=\"1\" \/><\/div>\n<div><\/div>\n<div>\n<hr \/>\n<\/div>\n<h3><\/h3>\n<blockquote>\n<h3>COVID-19: LA SITUAZIONE IN AGORDINO<\/h3>\n<\/blockquote>\n<p><strong>A cura di Tiziano De Col<\/strong><\/p>\n<p><a class=\"dt-pswp-item\" href=\"https:\/\/www.radiopiu.net\/wordpress\/wp-content\/uploads\/2020\/04\/Schermata-2020-04-05-alle-12.49.07.png\" data-dt-img-description=\"\" data-large_image_width=\"1420\" data-large_image_height=\"838\"><img loading=\"lazy\" decoding=\"async\" class=\"alignnone size-large wp-image-127656\" src=\"https:\/\/www.radiopiu.net\/wordpress\/wp-content\/uploads\/2020\/04\/Schermata-2020-04-05-alle-12.49.07-1024x604.png\" alt=\"\" width=\"1024\" height=\"604\" srcset=\"https:\/\/www.radiopiu.net\/wordpress\/wp-content\/uploads\/2020\/04\/Schermata-2020-04-05-alle-12.49.07-1024x604.png 1024w, https:\/\/www.radiopiu.net\/wordpress\/wp-content\/uploads\/2020\/04\/Schermata-2020-04-05-alle-12.49.07-300x177.png 300w, https:\/\/www.radiopiu.net\/wordpress\/wp-content\/uploads\/2020\/04\/Schermata-2020-04-05-alle-12.49.07-768x453.png 768w, https:\/\/www.radiopiu.net\/wordpress\/wp-content\/uploads\/2020\/04\/Schermata-2020-04-05-alle-12.49.07.png 1420w\" sizes=\"auto, (max-width: 1024px) 100vw, 1024px\" \/><\/a><\/p>\n<p>&nbsp;<\/p>\n<hr \/>\n<div class=\"page-title-head hgroup\">\n<blockquote>\n<h3><\/h3>\n<h3 class=\"entry-title\">\u201cVEDERE\u201d L\u2019EPIDEMIA ATTRAVERSO I DATI \u2013 UN\u2019IDEA DI GHERARDO ZALTRON<\/h3>\n<\/blockquote>\n<\/div>\n<div class=\"page-title-breadcrumbs\">\n<p class=\"photoswipe-wrapper\"><img loading=\"lazy\" decoding=\"async\" class=\"alignleft wp-image-127564 size-medium jetpack-lazy-image jetpack-lazy-image--handled\" src=\"https:\/\/i0.wp.com\/www.radiopiu.net\/wordpress\/wp-content\/uploads\/2020\/04\/covid-zaltron.jpg?resize=300%2C231&amp;ssl=1\" sizes=\"auto, (max-width: 300px) 100vw, 300px\" srcset=\"https:\/\/i0.wp.com\/www.radiopiu.net\/wordpress\/wp-content\/uploads\/2020\/04\/covid-zaltron.jpg?resize=300%2C231&amp;ssl=1 300w, https:\/\/i0.wp.com\/www.radiopiu.net\/wordpress\/wp-content\/uploads\/2020\/04\/covid-zaltron.jpg?resize=1024%2C788&amp;ssl=1 1024w, https:\/\/i0.wp.com\/www.radiopiu.net\/wordpress\/wp-content\/uploads\/2020\/04\/covid-zaltron.jpg?resize=768%2C591&amp;ssl=1 768w, https:\/\/i0.wp.com\/www.radiopiu.net\/wordpress\/wp-content\/uploads\/2020\/04\/covid-zaltron.jpg?resize=1536%2C1182&amp;ssl=1 1536w, https:\/\/i0.wp.com\/www.radiopiu.net\/wordpress\/wp-content\/uploads\/2020\/04\/covid-zaltron.jpg?w=1656&amp;ssl=1 1656w\" alt=\"\" width=\"300\" height=\"231\" data-recalc-dims=\"1\" data-lazy-loaded=\"1\" \/>I dati, i numeri, le curve del contagio sono strumenti utilissimi quando si vuole capire immediatamente come sta andando e come evolve l\u2019epidemia, Gherardo Zaltron ha avuto questa idea, riunire molti dati e renderli fruibili a tutti in una pagina web, cos\u00ec spiega la sua idea:<\/p>\n<p><em>\u201cGiornalmente la Protezione Civile pubblica i dati ufficiali relativi al contagio da COVID19. Partendo da questi dati, liberamente rilasciati, ho sviluppato una interfaccia web per una facile consultazione e analisi dei dati con aggiornamenti automatici giornalieri . Tali report sono a disposizione di tutti con l\u2019unico vincolo di NON utilizzo per fini commerciali. Nei prossimi giorni cercher\u00f2 di aggiungere altri grafici. Vi ricordo che i dati di partenza sono relativi solo alle regioni e alle province. Su questa base ogni suggerimento e richiesta sono ben accetti. Sani e grazie. Gherardo\u201d<\/em><\/p>\n<p>la pagina web \u00e8 consultabile<\/p>\n<h2><strong><a href=\"http:\/\/www.synusia.it\/covid\/\">CLICCANDO QUI!<\/a><\/strong><\/h2>\n<\/div>\n<p>&nbsp;<\/p>\n<p>&nbsp;<\/p>\n<div class=\"page-title-breadcrumbs\">\n<hr \/>\n<\/div>\n<p>&nbsp;<\/p>\n<p>&nbsp;<\/p>\n<blockquote>\n<h3>LEGGI LA CONFERENZA STAMPA DI ZAIA DI IERI<\/h3>\n<\/blockquote>\n<p>7 le nuove vittime\u00a0 \u00a0945 negativizzati. Isolamento ancora per 19.987 persone. Verona con 121 nuovi casi,\u00a0 Padova\u00a0 70. Venezia 44\u00a0 Meglio\u00a0 nelle altre province. In terapia intensiva 325 persone. I dimessi superano i ricoveri per il secondo giorno. 95 bimbi sono nati in Veneto nelle ultime ore.19 987 in isolamento, 11,226 positivi, 1892 ricoverati, 329 in terapia intensiva, 1175 dimessi (oltre 3000 persone i pazienti in Veneto oggetto di cure), 564 morti, 67 nuovi nati.<\/p>\n<p><strong>OGGI LEZIONE DI VETERINARIA,<\/strong> il ciclo lunare sulle nascite nel mondo animale.<\/p>\n<p><strong>DISPOSITIVI<\/strong> 150 respiratori da Consib 30 per le terapie sub intensive auspichiamo di averne ancora, ne stanno arrivando altri 50 recuperati con le donazione quindi andiamo oltre la nostra capacit\u00e0 di 825. I dispositivi, abbiamo dato mandato ad azienda zero di costruire un magazzino e abbiamo comperato 24 milioni e 700 mila mascherine. I veneti sono partiti alla grande nella produzione anche con la riconversione delle produzioni. Auspico che il Governo in questa fase di disponibilit\u00e0 che si dia modo ai cittadini di potersene approvigionare sul mercato togliendo i sequestri in dogana perch\u00e9 mascherine de ne trovano, quindi si modifichi la norma e il cittadino possa comperarle a prezzi accessibli. Anche guanti ed altro materiale sta arrivando a flusso continuo.<\/p>\n<p>&nbsp;<\/p>\n<blockquote><p><strong>LA MACCHINA DEI TRAPIANTI RESISTE NONOSTANTE IL PROBLEMA CORONAVIRUS, INTERESSATA UNA RAGAZZINA DI 11 ANNI MOLDAVA RESIDENTE IN VENETO PER IL TRAPIANTO DI RENI A PADOVA.<\/strong><\/p><\/blockquote>\n<p>&nbsp;<\/p>\n<p><strong>LE CRITICHE DI IERI<\/strong> Mi sono fatto mandare dall\u2019Ulss1, confermo che il tampone \u00e8 stato fatto il 24 quindi si era sbagliato il cittadino che diceva 21, refertato ieri (e non dopo 24 giorni) e il tampone\u00a0 \u00e8 risultato negativo. Auguri alla figlia che ha avuto tanti accessi al pronto soccorso, 33 dal 2017 se possiamo fare qualche cosa siamo qui, sono felice che non ha problemi con il coronavirus.<\/p>\n<p>&nbsp;<\/p>\n<h2>DOMANDE<\/h2>\n<p><strong>CELEBRAZIONI A PASQUA NELLE CHIESE<\/strong> Al di l\u00e0 di tutto non intervento su queste partite, rispetto l\u2019idea di molti cattolici che chiedono di celebrare la Pasqua evento fondante della religiosit\u00e0. Oggettivamente vi ricordo che avevamo proposto con il Patriarca di avere il droplet anche di 2 metri, ma L\u2019Istituto Superiore di Sanit\u00e0 disse di no perch\u00e8 nella letteratura casi di grandi contagi nelle celebrazioni religiose<\/p>\n<p><strong>PROPOSTA SALVINI\u00a0 PER ESENTARE DA RESPONSABILITA\u2019 I DIRIGENTI DELLA SANITA<\/strong>\u2018 Ho visto un titolo ma non ho approfondito.<\/p>\n<p><strong>TIMORI PER LA RIPRESA<\/strong> Per la ripartenza \u00e8 necessario si esprima la comunit\u00e0 scientifica.<\/p>\n<p><strong>SETTIMANA CRUCIALE MA I DATI NON LO CONFERMANO SI DEVE ATTENDERE ANCORA?<\/strong> La settimana sta dando la direzione vediamo da lunedi in poi. Oggi abbiamo 3 in terapia intensiva in pi\u00f9, statisticamente non ha rilevanza. Stiamo accogliendo pazienti dalla Lombardia, 12 in particolare. Siamo solidali con la Lombardia poich\u00e9 regione pi\u00f9 vicina che vive la tragedia su Bergamo e Brescia. La direzione \u00e8 segnata speriamo si consolidi, se i cittadini non stanno a casa si riprecipita.<\/p>\n<p><strong>MASCHERINE PER USCIRE?<\/strong> Non ho nulla da ridire sul comportamento di Fontana in Lombardia. Ci siamo fermati ai luoghi pubblici per fare la spesa per le difficolt\u00e0 di reprimento. Le indicazioni generali importanti dicono di progettersi.<\/p>\n<p><strong>ANZIANI IN CASA SENZA BADANTI SI CHIEDE DI PORTARLI A FARE LA SPESA<\/strong> Abbiamo in lavorazione una circolare che dice proprio questo, la mamma puo\u2019 portare il bimbo a fare la spesa mi sembra un buon senso cosi\u2019 come portare con se il genitore, ci vuole buonsenso delle Forze dell\u2019Ordine che si fermino e ragionino.<\/p>\n<p>&nbsp;<\/p>\n<blockquote><p><strong>CASE DI RIPOSO PAGANO LO SCOTTO DI NON AVER AVUTO I DISPOSITIVI QUANDO NON CE N\u2019ERANO, NON AVEVAMO I MAGAZZINI PIENI PER 30 MILA OSPITI IN VENTO E 25 MILA LAVORATORI. NON CI SIAMO DISTRATTI. ETA\u2019 MEDIA DEI 600 MORTI E\u2019 82 ANNI.<\/strong><\/p><\/blockquote>\n<p>&nbsp;<\/p>\n<p><strong>PROSSIMA SETTIMANA<\/strong> Dobbiamo vedere la tendenza per capire la direzione. Vediamo al 13 di aprile cosa intende fare il Governo se sperimentare la riapertura, speriamo non lo si discuta l\u2019ultimo giorno perch\u00e9 diventa difficile dare un contributo. Le Regione hanno votato tutti i provvedimenti del Governo, che significa lavorare in squadra.<\/p>\n<p><strong>ALLA LUCE DELLA CURVA ORDINANZA CESSA IL 13? Tutto dipende dal DPCM\u00a0<\/strong><\/p>\n<p><strong>TROPPA GENTE IN GIRO PREOCCUPANTE?<\/strong> Molto so che non \u00e8 facile stare in casa, ma i cittadini pensino alla loro salute.<\/p>\n<p><strong>TASK FORCE FAKE NEWS<\/strong>? Farei riferimento al codice penale, Chiunque puo\u2019 scrivere e sono in gara per il premio Nobel, scrivono news pericolose con informazioni sbagliate che rischiano di far morire le persone. Negli Usa una settimana fa notizia c\u2019\u00e8 chi si e\u2019 somministrato l\u2019antimalarico e si sono intossicati. Serve severit\u00e0 assoluta perch\u00e9 la rete \u00e8 una grande opportunit\u00e0 ma il problema sono quelli che riempiono la cloaca.<\/p>\n<p><strong>MODELLO MATEMATICO<\/strong> Indietro ormai di una decina di giorni, stiamo galoppando bene.<\/p>\n<p><strong>CONTAGI DAI GATTI E CANI<\/strong> L\u2019indicazione \u00e8 di non abbandonar gli animali che \u00e8 una vergogna. Non creiamo ulteriori fronti di allarmismo. Non ho ben capito se l\u2019animale che si ammale di coronavirus ha lo stesso virus dell\u2019uomo e se si trasmette. Ho letto agenzie ma dovranno rispondere i servizi veterinari.<\/p>\n<p><strong>IL PICCO E\u2019 PASSATO?<\/strong> Decisamente no, uno di sicuro lo abbiamo passato ora dipende dai veneti se vogliamo uscire di casa dobbiamo stare in casa.<\/p>\n<p>https:\/\/www.facebook.com\/zaiaufficiale\/videos\/2624841460979001<\/p>\n<p>&nbsp;<\/p>\n<hr \/>\n<p>&nbsp;<\/p>\n<div class=\"page-title-head hgroup\">\n<blockquote>\n<h3 class=\"entry-title\">CAPITOLO \u201cDE COCCIO\u201d: 801 CONTROLLI IERI E 51 PERSONE SANZIONATE<\/h3>\n<\/blockquote>\n<\/div>\n<div class=\"page-title-breadcrumbs\">\n<p><strong>BELLUNO<\/strong> Continuano i controlli sulle strade e non da parte delle Forze dell\u2019Ordine che solo ieri hanno controllato 801 persone in. provincia di Belluno. 51 i sanzionati. Salgono a 179 le persone sanzionate. Controllate anche 1111 attivit\u00e0 o esercizi commerciali senza nessuna infrazione.<\/p>\n<p class=\"photoswipe-wrapper\"><a class=\"dt-pswp-item pspw-wrap-ready\" href=\"https:\/\/i1.wp.com\/www.radiopiu.net\/wordpress\/wp-content\/uploads\/2020\/04\/05.04_-_MONITORAGGIO_SETTIMANALE_DEI_SERVIZI_DI_CONTROLLO.jpg?ssl=1\" data-dt-img-description=\"\" data-large_image_width=\"1240\" data-large_image_height=\"1753\"><img loading=\"lazy\" decoding=\"async\" class=\"alignnone wp-image-127615 jetpack-lazy-image jetpack-lazy-image--handled\" src=\"https:\/\/i1.wp.com\/www.radiopiu.net\/wordpress\/wp-content\/uploads\/2020\/04\/05.04_-_MONITORAGGIO_SETTIMANALE_DEI_SERVIZI_DI_CONTROLLO.jpg?resize=724%2C1024&amp;ssl=1\" sizes=\"auto, (max-width: 724px) 100vw, 724px\" srcset=\"https:\/\/i1.wp.com\/www.radiopiu.net\/wordpress\/wp-content\/uploads\/2020\/04\/05.04_-_MONITORAGGIO_SETTIMANALE_DEI_SERVIZI_DI_CONTROLLO.jpg?resize=724%2C1024&amp;ssl=1 724w, https:\/\/i1.wp.com\/www.radiopiu.net\/wordpress\/wp-content\/uploads\/2020\/04\/05.04_-_MONITORAGGIO_SETTIMANALE_DEI_SERVIZI_DI_CONTROLLO.jpg?resize=212%2C300&amp;ssl=1 212w, https:\/\/i1.wp.com\/www.radiopiu.net\/wordpress\/wp-content\/uploads\/2020\/04\/05.04_-_MONITORAGGIO_SETTIMANALE_DEI_SERVIZI_DI_CONTROLLO.jpg?resize=768%2C1086&amp;ssl=1 768w, https:\/\/i1.wp.com\/www.radiopiu.net\/wordpress\/wp-content\/uploads\/2020\/04\/05.04_-_MONITORAGGIO_SETTIMANALE_DEI_SERVIZI_DI_CONTROLLO.jpg?resize=1087%2C1536&amp;ssl=1 1087w, https:\/\/i1.wp.com\/www.radiopiu.net\/wordpress\/wp-content\/uploads\/2020\/04\/05.04_-_MONITORAGGIO_SETTIMANALE_DEI_SERVIZI_DI_CONTROLLO.jpg?w=1240&amp;ssl=1 1240w\" alt=\"\" width=\"350\" height=\"495\" data-recalc-dims=\"1\" data-lazy-loaded=\"1\" \/><\/a><\/p>\n<p>&nbsp;<\/p>\n<hr \/>\n<\/div>\n<p>&nbsp;<\/p>\n<p>&nbsp;<\/p>\n<div class=\"page-title-breadcrumbs\">\n<blockquote>\n<h3><b>DONAZIONI CINESI PER OLTRE 6MILA MASCHERINE\u00a0<\/b><\/h3>\n<\/blockquote>\n<p><strong><a class=\"dt-pswp-item\" href=\"https:\/\/www.radiopiu.net\/wordpress\/wp-content\/uploads\/2020\/04\/Donazione-Cinese-Lee-Li.jpg\" data-dt-img-description=\"\" data-large_image_width=\"2048\" data-large_image_height=\"1536\"><img loading=\"lazy\" decoding=\"async\" class=\"size-medium wp-image-127707 alignleft\" src=\"https:\/\/www.radiopiu.net\/wordpress\/wp-content\/uploads\/2020\/04\/Donazione-Cinese-Lee-Li-300x225.jpg\" alt=\"\" width=\"300\" height=\"225\" srcset=\"https:\/\/www.radiopiu.net\/wordpress\/wp-content\/uploads\/2020\/04\/Donazione-Cinese-Lee-Li-300x225.jpg 300w, https:\/\/www.radiopiu.net\/wordpress\/wp-content\/uploads\/2020\/04\/Donazione-Cinese-Lee-Li-1024x768.jpg 1024w, https:\/\/www.radiopiu.net\/wordpress\/wp-content\/uploads\/2020\/04\/Donazione-Cinese-Lee-Li-768x576.jpg 768w, https:\/\/www.radiopiu.net\/wordpress\/wp-content\/uploads\/2020\/04\/Donazione-Cinese-Lee-Li-1536x1152.jpg 1536w, https:\/\/www.radiopiu.net\/wordpress\/wp-content\/uploads\/2020\/04\/Donazione-Cinese-Lee-Li.jpg 2048w\" sizes=\"auto, (max-width: 300px) 100vw, 300px\" \/><\/a>BELLUNO<\/strong> Sono state consegnate nel pomeriggio di sabato alla Protezione Civile comunale le 2mila mascherine che vanno a completare la donazione di 4mila mascherine totali dell&#8217;imprenditore cinese Lee Li, titolare del ristorante Fuji Asian Fusion di Via Vittorio Veneto.\u00a0In aggiunta a queste, Lee ha donato anche 400 mascherine destinate alla Protezione Civile comunale.\u00a0Sono invece 3800 le mascherine chirurgiche donate al Comune di Belluno dalla sezione bellunese dell&#8217;associazione \u201cCinesi in terra veneta\u201d.\u00a0\u00ab<em>Quando ogni singola persona si sente investita della responsabilit\u00e0 di prendersi cura del luogo in cui vive, significa che sente di appartenere ad una comunit\u00e0. &#8211; commenta il sindaco, Jacopo Massaro \u2013 Belluno da qualche anno non \u00e8 pi\u00f9 semplicemente una citt\u00e0, ma una comunit\u00e0 con radici profonde, che non potr\u00e0 essere mai abbattuta<\/em>\u00bb.<\/p>\n<\/div>\n<p>&nbsp;<\/p>\n<p>&nbsp;<\/p>\n<p>&nbsp;<\/p>\n<p>&nbsp;<\/p>\n<p>&nbsp;<\/p>\n<p>&nbsp;<\/p>\n<div class=\"page-title-breadcrumbs\">\n<hr \/>\n<p>&nbsp;<\/p>\n<blockquote>\n<h3>AD ALLEGHE NESSUN ARRIVO NELLE SECONDE CASE<\/h3>\n<\/blockquote>\n<p><a class=\"dt-pswp-item\" href=\"https:\/\/www.radiopiu.net\/wordpress\/wp-content\/uploads\/2019\/05\/ALLEGHE-DANILO-DE-TONI.jpeg\" data-dt-img-description=\"\" data-large_image_width=\"1373\" data-large_image_height=\"1600\"><img loading=\"lazy\" decoding=\"async\" class=\"alignleft wp-image-86463 \" src=\"https:\/\/www.radiopiu.net\/wordpress\/wp-content\/uploads\/2019\/05\/ALLEGHE-DANILO-DE-TONI-257x300.jpeg\" alt=\"\" width=\"79\" height=\"92\" srcset=\"https:\/\/www.radiopiu.net\/wordpress\/wp-content\/uploads\/2019\/05\/ALLEGHE-DANILO-DE-TONI-257x300.jpeg 257w, https:\/\/www.radiopiu.net\/wordpress\/wp-content\/uploads\/2019\/05\/ALLEGHE-DANILO-DE-TONI-768x895.jpeg 768w, https:\/\/www.radiopiu.net\/wordpress\/wp-content\/uploads\/2019\/05\/ALLEGHE-DANILO-DE-TONI-879x1024.jpeg 879w, https:\/\/www.radiopiu.net\/wordpress\/wp-content\/uploads\/2019\/05\/ALLEGHE-DANILO-DE-TONI.jpeg 1373w\" sizes=\"auto, (max-width: 79px) 100vw, 79px\" \/><\/a><strong>ALLEGHE<\/strong> Il sindaco di Alleghe Danilo de Toni rassicura tutti che nelle seconde case non sono arrivate persone. &#8220;<em>Ulteriore sopralluogo da parte della Polizia su tutte le seconde case per accertare le presenze ad oggi, per poi verificarle nel fine settimana di Pasqua .Non sono stati rilevati nuovi arrivi rispetto alle scorse settimane<\/em>&#8221;<\/p>\n<p>&nbsp;<\/p>\n<p>&nbsp;<\/p>\n<hr \/>\n<\/div>\n<p>&nbsp;<\/p>\n<p>&nbsp;<\/p>\n<div class=\"page-title-breadcrumbs\">\n<blockquote>\n<h3 class=\"entry-title\">COMUNICAZIONI AI CITTADINI DAL SINDACO SILVIA CESTARO<\/h3>\n<\/blockquote>\n<p><strong><a class=\"dt-pswp-item\" href=\"https:\/\/www.radiopiu.net\/wordpress\/wp-content\/uploads\/2019\/07\/silvia-cestaro.jpg\" data-dt-img-description=\"\" data-large_image_width=\"558\" data-large_image_height=\"417\"><img loading=\"lazy\" decoding=\"async\" class=\" wp-image-92631 alignleft\" src=\"https:\/\/www.radiopiu.net\/wordpress\/wp-content\/uploads\/2019\/07\/silvia-cestaro-300x224.jpg\" alt=\"\" width=\"137\" height=\"102\" srcset=\"https:\/\/www.radiopiu.net\/wordpress\/wp-content\/uploads\/2019\/07\/silvia-cestaro-300x224.jpg 300w, https:\/\/www.radiopiu.net\/wordpress\/wp-content\/uploads\/2019\/07\/silvia-cestaro.jpg 558w\" sizes=\"auto, (max-width: 137px) 100vw, 137px\" \/><\/a>SELVA DI CADORE<\/strong> Il Sindaco Silvia Cestaro comunica le informazioni relative alla consegna dei buoni spesa<\/p>\n<\/div>\n<audio class=\"wp-audio-shortcode\" id=\"audio-127643-2\" preload=\"none\" style=\"width: 100%;\" controls=\"controls\"><source type=\"audio\/mpeg\" src=\"https:\/\/www.radiopiu.net\/wordpress\/wp-content\/uploads\/2020\/04\/CESTARO.mp3?_=2\" \/><a href=\"https:\/\/www.radiopiu.net\/wordpress\/wp-content\/uploads\/2020\/04\/CESTARO.mp3\">https:\/\/www.radiopiu.net\/wordpress\/wp-content\/uploads\/2020\/04\/CESTARO.mp3<\/a><\/audio>\n<p>&nbsp;<\/p>\n<p>&nbsp;<\/p>\n<hr \/>\n<p>&nbsp;<\/p>\n<p>&nbsp;<\/p>\n<div class=\"page-title-head hgroup\">\n<blockquote>\n<h3 class=\"entry-title\">LE COMUNICAZIONI DEL SINDACO DI LA VALLE EZIO ZUANEL AI CITTADINI<\/h3>\n<\/blockquote>\n<\/div>\n<div class=\"page-title-breadcrumbs\"><strong><a class=\"dt-pswp-item\" href=\"https:\/\/www.radiopiu.net\/wordpress\/wp-content\/uploads\/2019\/05\/LA-VALLE-EZIO-ZUANEL.jpeg\" data-dt-img-description=\"\" data-large_image_width=\"1600\" data-large_image_height=\"901\"><img loading=\"lazy\" decoding=\"async\" class=\"wp-image-86466 alignleft\" src=\"https:\/\/www.radiopiu.net\/wordpress\/wp-content\/uploads\/2019\/05\/LA-VALLE-EZIO-ZUANEL-300x169.jpeg\" alt=\"\" width=\"165\" height=\"93\" srcset=\"https:\/\/www.radiopiu.net\/wordpress\/wp-content\/uploads\/2019\/05\/LA-VALLE-EZIO-ZUANEL-300x169.jpeg 300w, https:\/\/www.radiopiu.net\/wordpress\/wp-content\/uploads\/2019\/05\/LA-VALLE-EZIO-ZUANEL-768x432.jpeg 768w, https:\/\/www.radiopiu.net\/wordpress\/wp-content\/uploads\/2019\/05\/LA-VALLE-EZIO-ZUANEL-1024x577.jpeg 1024w, https:\/\/www.radiopiu.net\/wordpress\/wp-content\/uploads\/2019\/05\/LA-VALLE-EZIO-ZUANEL.jpeg 1600w\" sizes=\"auto, (max-width: 165px) 100vw, 165px\" \/><\/a>LA VALLE<\/strong> Il Sindaco Ezio Zuanel comunica le informazioni relative alla consegna dei buoni spesa<\/div>\n<div>\n<audio class=\"wp-audio-shortcode\" id=\"audio-127643-3\" preload=\"none\" style=\"width: 100%;\" controls=\"controls\"><source type=\"audio\/mpeg\" src=\"https:\/\/www.radiopiu.net\/wordpress\/wp-content\/uploads\/2020\/04\/EZIO.mp3?_=3\" \/><a href=\"https:\/\/www.radiopiu.net\/wordpress\/wp-content\/uploads\/2020\/04\/EZIO.mp3\">https:\/\/www.radiopiu.net\/wordpress\/wp-content\/uploads\/2020\/04\/EZIO.mp3<\/a><\/audio>\n<\/div>\n<div><\/div>\n<div>\n<hr \/>\n<\/div>\n<p>&nbsp;<\/p>\n<p>&nbsp;<\/p>\n<blockquote>\n<h3>LA MANUTENZIONE DELLA STRADA PER LAGAZZON A VALLADA<\/h3>\n<\/blockquote>\n<p><a class=\"dt-pswp-item\" href=\"https:\/\/www.radiopiu.net\/wordpress\/wp-content\/uploads\/2019\/05\/vallada-agordina.jpg\" data-dt-img-description=\"\" data-large_image_width=\"850\" data-large_image_height=\"567\"><img loading=\"lazy\" decoding=\"async\" class=\"size-medium wp-image-85787 alignleft\" src=\"https:\/\/www.radiopiu.net\/wordpress\/wp-content\/uploads\/2019\/05\/vallada-agordina-300x200.jpg\" alt=\"\" width=\"300\" height=\"200\" srcset=\"https:\/\/www.radiopiu.net\/wordpress\/wp-content\/uploads\/2019\/05\/vallada-agordina-300x200.jpg 300w, https:\/\/www.radiopiu.net\/wordpress\/wp-content\/uploads\/2019\/05\/vallada-agordina-768x512.jpg 768w, https:\/\/www.radiopiu.net\/wordpress\/wp-content\/uploads\/2019\/05\/vallada-agordina.jpg 850w\" sizes=\"auto, (max-width: 300px) 100vw, 300px\" \/><\/a>DI GIANNI SANTOMASO<\/p>\n<audio class=\"wp-audio-shortcode\" id=\"audio-127643-4\" preload=\"none\" style=\"width: 100%;\" controls=\"controls\"><source type=\"audio\/mpeg\" src=\"https:\/\/www.radiopiu.net\/wordpress\/wp-content\/uploads\/2020\/04\/GIANNI-STRADA-LAGAZZON-VALLADA.mp3?_=4\" \/><a href=\"https:\/\/www.radiopiu.net\/wordpress\/wp-content\/uploads\/2020\/04\/GIANNI-STRADA-LAGAZZON-VALLADA.mp3\">https:\/\/www.radiopiu.net\/wordpress\/wp-content\/uploads\/2020\/04\/GIANNI-STRADA-LAGAZZON-VALLADA.mp3<\/a><\/audio>\n<p>&nbsp;<\/p>\n<hr \/>\n<p>&nbsp;<\/p>\n<p>&nbsp;<\/p>\n<p>&nbsp;<\/p>\n<blockquote>\n<h3>LA LAPIDE DI OTTORINO DE COL TORNA A CASA<\/h3>\n<\/blockquote>\n<p><a class=\"dt-pswp-item\" href=\"https:\/\/www.radiopiu.net\/wordpress\/wp-content\/uploads\/2020\/04\/WhatsApp-Image-2020-04-05-at-14.27.30.jpeg\" data-dt-img-description=\"\" data-large_image_width=\"1200\" data-large_image_height=\"1599\"><img loading=\"lazy\" decoding=\"async\" class=\"size-medium wp-image-127699 alignleft\" src=\"https:\/\/www.radiopiu.net\/wordpress\/wp-content\/uploads\/2020\/04\/WhatsApp-Image-2020-04-05-at-14.27.30-225x300.jpeg\" alt=\"\" width=\"225\" height=\"300\" srcset=\"https:\/\/www.radiopiu.net\/wordpress\/wp-content\/uploads\/2020\/04\/WhatsApp-Image-2020-04-05-at-14.27.30-225x300.jpeg 225w, https:\/\/www.radiopiu.net\/wordpress\/wp-content\/uploads\/2020\/04\/WhatsApp-Image-2020-04-05-at-14.27.30-768x1023.jpeg 768w, https:\/\/www.radiopiu.net\/wordpress\/wp-content\/uploads\/2020\/04\/WhatsApp-Image-2020-04-05-at-14.27.30-1153x1536.jpeg 1153w, https:\/\/www.radiopiu.net\/wordpress\/wp-content\/uploads\/2020\/04\/WhatsApp-Image-2020-04-05-at-14.27.30.jpeg 1200w\" sizes=\"auto, (max-width: 225px) 100vw, 225px\" \/><\/a>DI GIANNI SANTOMASO<\/p>\n<audio class=\"wp-audio-shortcode\" id=\"audio-127643-5\" preload=\"none\" style=\"width: 100%;\" controls=\"controls\"><source type=\"audio\/mpeg\" src=\"https:\/\/www.radiopiu.net\/wordpress\/wp-content\/uploads\/2020\/04\/GIANNI-LAPIDE-OTORINO-DE-COL.mp3?_=5\" \/><a href=\"https:\/\/www.radiopiu.net\/wordpress\/wp-content\/uploads\/2020\/04\/GIANNI-LAPIDE-OTORINO-DE-COL.mp3\">https:\/\/www.radiopiu.net\/wordpress\/wp-content\/uploads\/2020\/04\/GIANNI-LAPIDE-OTORINO-DE-COL.mp3<\/a><\/audio>\n<p>&nbsp;<\/p>\n<hr \/>\n<p>&nbsp;<\/p>\n<p>&nbsp;<\/p>\n<p>&nbsp;<\/p>\n<blockquote>\n<h3>LE DONAZIONI ALL&#8217;OSPEDALE DI AGORDO DAL MONDO DEL CALCIO<\/h3>\n<\/blockquote>\n<p><a class=\"dt-pswp-item\" href=\"https:\/\/www.radiopiu.net\/wordpress\/wp-content\/uploads\/2019\/06\/CALCIO-2019.jpg\" data-dt-img-description=\"\" data-large_image_width=\"624\" data-large_image_height=\"351\"><img loading=\"lazy\" decoding=\"async\" class=\"size-medium wp-image-88853 alignleft\" src=\"https:\/\/www.radiopiu.net\/wordpress\/wp-content\/uploads\/2019\/06\/CALCIO-2019-300x169.jpg\" alt=\"\" width=\"300\" height=\"169\" srcset=\"https:\/\/www.radiopiu.net\/wordpress\/wp-content\/uploads\/2019\/06\/CALCIO-2019-300x169.jpg 300w, https:\/\/www.radiopiu.net\/wordpress\/wp-content\/uploads\/2019\/06\/CALCIO-2019.jpg 624w\" sizes=\"auto, (max-width: 300px) 100vw, 300px\" \/><\/a>DI GIANNI SANTOMASO<\/p>\n<audio class=\"wp-audio-shortcode\" id=\"audio-127643-6\" preload=\"none\" style=\"width: 100%;\" controls=\"controls\"><source type=\"audio\/mpeg\" src=\"https:\/\/www.radiopiu.net\/wordpress\/wp-content\/uploads\/2020\/04\/GIANNI-DONAZIONE-CALCIO-A-OSPEDALE.mp3?_=6\" \/><a href=\"https:\/\/www.radiopiu.net\/wordpress\/wp-content\/uploads\/2020\/04\/GIANNI-DONAZIONE-CALCIO-A-OSPEDALE.mp3\">https:\/\/www.radiopiu.net\/wordpress\/wp-content\/uploads\/2020\/04\/GIANNI-DONAZIONE-CALCIO-A-OSPEDALE.mp3<\/a><\/audio>\n<p>&nbsp;<\/p>\n<hr \/>\n<p>&nbsp;<\/p>\n<p>&nbsp;<\/p>\n<p>&nbsp;<\/p>\n<div class=\"page-title-head hgroup\">\n<blockquote>\n<h3 class=\"entry-title\">ISTITUTO COMPRENSIVO DI AGORDO E LE VACANZE PASQUALI<\/h3>\n<\/blockquote>\n<\/div>\n<div class=\"page-title-breadcrumbs\">\n<p><strong>AGORDO<\/strong> Lettera aperta del Dirigente Scolastico dell\u2019Istituto Comprensivo di Agordo riguardo le vacanza Pasquali.<\/p>\n<p><strong>LA LETTERA<\/strong><\/p>\n<blockquote><p><em class=\"photoswipe-wrapper\"><img loading=\"lazy\" decoding=\"async\" class=\"size-medium wp-image-111297 alignleft jetpack-lazy-image jetpack-lazy-image--handled\" src=\"https:\/\/i2.wp.com\/www.radiopiu.net\/wordpress\/wp-content\/uploads\/2019\/12\/miglioramento-sismico_scuola_agordo_2.jpg?resize=300%2C181&amp;ssl=1\" sizes=\"auto, (max-width: 300px) 100vw, 300px\" srcset=\"https:\/\/i2.wp.com\/www.radiopiu.net\/wordpress\/wp-content\/uploads\/2019\/12\/miglioramento-sismico_scuola_agordo_2.jpg?resize=300%2C181&amp;ssl=1 300w, https:\/\/i2.wp.com\/www.radiopiu.net\/wordpress\/wp-content\/uploads\/2019\/12\/miglioramento-sismico_scuola_agordo_2.jpg?resize=1024%2C617&amp;ssl=1 1024w, https:\/\/i2.wp.com\/www.radiopiu.net\/wordpress\/wp-content\/uploads\/2019\/12\/miglioramento-sismico_scuola_agordo_2.jpg?resize=768%2C463&amp;ssl=1 768w, https:\/\/i2.wp.com\/www.radiopiu.net\/wordpress\/wp-content\/uploads\/2019\/12\/miglioramento-sismico_scuola_agordo_2.jpg?w=1280&amp;ssl=1 1280w\" alt=\"\" width=\"300\" height=\"181\" data-recalc-dims=\"1\" data-lazy-loaded=\"1\" \/>Alla cortese attenzione dei genitori degli iscritti all\u2019Istituto Comprensivo AGORDO.\u00a0In primo luogo mi preme rinnovare il ringraziamento, in particolare ai rappresentanti dei genitori, per la decisiva collaborazione garantita in occasione dell\u2019avvio della didattica a distanza e durante la prosecuzione della stessa, una modalit\u00e0 con la quale ci siamo rapportati in modo inatteso.\u00a0Pur con tutti i limiti che riconosciamo, quanto \u00e8 stato proposto finora va ricondotto alla motivazione dei docenti e soprattutto alla disponibilit\u00e0 delle famiglie che sono riuscite a conciliare le impreviste difficolt\u00e0 con la lodevole attenzione riservata all\u2019istruzione. L\u2019emergenza che stiamo attraversando ha contribuito quanto meno a rafforzare l\u2019alleanza tra Scuola e Famiglia, indispensabile per il successo formativo.\u00a0Come noto, e come sostenuto in modo univoco dagli esperti, l\u2019impegno richiesto dalla didattica a distanza comporta un dispendio di tempo e di energie superiore a quello delle consuete dinamiche di insegnamento\/apprendimento in presenza, sia per i docenti che per i discenti, tenuti ad un prolungata esposizione allo schermo.\u00a0Ecco quindi che le vacanze di Pasqua, in calendario da gioved\u00ec 9 aprile a marted\u00ec 14 aprile 2020 compresi, possono rappresentare un\u2019auspicabile sosta prima di riprendere le lezioni con rinnovata curiosit\u00e0 e determinazione, cos\u00ec da portare a termine anche questo inedito anno scolastico.Possono altres\u00ec costituire un\u2019opportunit\u00e0 per permettere il recupero a quanti per vari motivi si sono attardati e un\u2019occasione di approfondimento, soprattutto per gli iscritti alle classi di snodo del quinto anno della Primaria e del terzo anno della Secondaria.Gli insegnanti procureranno di assegnare un carico accettabile di consegne privilegiando il potenziamento degli argomenti gi\u00e0 presentati, l\u2019incoraggiamento alla lettura e, specie alla Primaria, l\u2019indicazione per piccole attivit\u00e0 pratiche che potranno costituire un coinvolgente diversivo,fatta salva in ogni caso la possibilit\u00e0 di concordare eventuali collegamenti per il tramite dei canali attivati di recente, a beneficio in particolare degli alunni con certificazione.Colgo l\u2019occasione per rivolgere un invito a rinsaldare il condiviso impegno educativo a beneficio dei giovani e per augurare una Buona Pasqua,<\/em><\/p>\n<p><em><b>Il Dirigente Scolastico prof. Bernardino Chiocchetti<\/b><\/em><\/p><\/blockquote>\n<p>&nbsp;<\/p>\n<hr \/>\n<\/div>\n<p>&nbsp;<\/p>\n<p>&nbsp;<\/p>\n<div class=\"page-title-breadcrumbs\">\n<blockquote>\n<h3>I &#8220;BOCE DA RIF&#8221; ANNULLANO LA FESTA DI SAN GIUSEPPE<\/h3>\n<\/blockquote>\n<p><strong>AGORDO<\/strong> E&#8217; stata annullata la Festa di San Giuseppe in programma a Rif di Agordo il 1 maggio. A comunicarlo i &#8220;Boce Da Rif&#8221; con un messaggio: <em>Augurando a tutti tanta Salute e grande Serenit\u00e0 nell&#8217; affrontare questo difficile periodo storico, Vi diamo appuntamento al 2021. I BOCE DA RIF.<\/em><\/p>\n<p>&nbsp;<\/p>\n<hr \/>\n<p>&nbsp;<\/p>\n<blockquote>\n<h3><\/h3>\n<h3><\/h3>\n<h3>ANNULLATO SPORT IN PIAZZA 2020<\/h3>\n<\/blockquote>\n<p><strong><a class=\"dt-pswp-item\" href=\"https:\/\/www.radiopiu.net\/wordpress\/wp-content\/uploads\/2015\/05\/Sport_Piazza.jpg\" data-dt-img-description=\"\" data-large_image_width=\"200\" data-large_image_height=\"178\"><img loading=\"lazy\" decoding=\"async\" class=\"size-full wp-image-5856 alignleft\" src=\"https:\/\/www.radiopiu.net\/wordpress\/wp-content\/uploads\/2015\/05\/Sport_Piazza.jpg\" alt=\"\" width=\"200\" height=\"178\" \/><\/a>AGORDO<\/strong> Il consueto appuntamento con &#8220;Sport in Piazza&#8221; quest&#8217;anno non avr\u00e0 luogo. A deciderlo il comitato organizzatore con una lettera:<em>\u00a0Abbiamo aspettato ad inviarvi questa mail, sperando che le cose volgessero al meglio pi\u00f9 velocemente ma&#8230; la brutta bestia che ci sta stravolgendo la vita non vuol andarsene in fretta.\u00a0Certamente per il 23 maggio, data che avevamo fissato per il nostro &#8220;sport in piazza nell&#8217;Agordino 2020&#8221; , non si potranno ancora tenere in sicurezza eventi che,come il nostro, raccolgono tante persone.\u00a0Molto probabilmente anche le scuole per quella data saranno ancora chiuse : a malincuore dobbiamo per il momento &#8220;arrederci&#8221; . Ci sono cose pi\u00f9 importanti e prima di tutto viene la salute : n\u00e8 i bambini e ragazzi, n\u00e8 le loro famiglie, n\u00e8 i volontari delle associazioni devono correre alcun rischio .\u00a0Quindi per il momento e almeno fino a settembre niente sport in piazza: questo non vuol dire che non organizzeremo pi\u00f9 nulla per quest&#8217;anno. Lasciamoci uno spiraglio di speranza per vedere se, a settembre , le cose saranno migliorate e appena si potr\u00e0, pur con tutte le cautele del caso, torneremo &#8220;in piazza&#8221; .\u00a0Per ora un &#8220;forza che ce la facciamo, ma teniamo duro !&#8221; a tutti e un grande grazie a tutti i volontari che stanno dando una mano in vari modi a chi sta soffrendo nel fisico, nello spirito o nelle necessit\u00e0 quotidiane. Un abbracio forte anche se virtuale&#8230;Il comitato organizzatore<\/em><\/p>\n<p>&nbsp;<\/p>\n<hr \/>\n<\/div>\n<p>&nbsp;<\/p>\n<p>&nbsp;<\/p>\n<blockquote>\n<h3>A CANALE D\u2019AGORDO LA CONSEGNA A DOMICILIO DI MASCHERINE SU RICHIESTA<\/h3>\n<\/blockquote>\n<p><strong class=\"photoswipe-wrapper\"><img loading=\"lazy\" decoding=\"async\" class=\"wp-image-126460 alignleft jetpack-lazy-image jetpack-lazy-image--handled\" src=\"https:\/\/i2.wp.com\/www.radiopiu.net\/wordpress\/wp-content\/uploads\/2020\/03\/MASCHERINA-CHIRURGICA.png?resize=122%2C97&amp;ssl=1\" sizes=\"auto, (max-width: 122px) 100vw, 122px\" srcset=\"https:\/\/i2.wp.com\/www.radiopiu.net\/wordpress\/wp-content\/uploads\/2020\/03\/MASCHERINA-CHIRURGICA.png?resize=300%2C239&amp;ssl=1 300w, https:\/\/i2.wp.com\/www.radiopiu.net\/wordpress\/wp-content\/uploads\/2020\/03\/MASCHERINA-CHIRURGICA.png?resize=1024%2C817&amp;ssl=1 1024w, https:\/\/i2.wp.com\/www.radiopiu.net\/wordpress\/wp-content\/uploads\/2020\/03\/MASCHERINA-CHIRURGICA.png?resize=768%2C613&amp;ssl=1 768w, https:\/\/i2.wp.com\/www.radiopiu.net\/wordpress\/wp-content\/uploads\/2020\/03\/MASCHERINA-CHIRURGICA.png?w=1280&amp;ssl=1 1280w\" alt=\"\" width=\"122\" height=\"97\" data-lazy-loaded=\"1\" \/>CANALE D\u2019AGORDO<\/strong>\u00a0Il comune di Canale D\u2019Agordo ha cominciato la consegna a domicilio delle mascherine a richiesta. Al fine di limitare gli spostamenti, coloro che avessero bisogno di mascherine sono pregati di contattare il numero 320 3298245 dalle 9 alle 12 il luned\u00ec, mercoled\u00ec e venerd\u00ec. La consegna del materiale verr\u00e0 effettuato dalle associazioni di volontariato del territorio direttamente a casa. In caso di urgenze il numero \u00e8 0437 590323.<\/p>\n<p>&nbsp;<\/p>\n<p>&nbsp;<\/p>\n<p>&nbsp;<\/p>\n<hr \/>\n<p>&nbsp;<\/p>\n<p>&nbsp;<\/p>\n<p>&nbsp;<\/p>\n<blockquote>\n<h3>LA CROCE BIANCA VAL FIORENTINA CONSEGNA LA SPESA A DOMICILIO<\/h3>\n<\/blockquote>\n<p><strong>SELVA DI CADORE<\/strong>\u00a0I volontari della Croce Bianca Val Fiorentina vengono in aiuto agli anziani e alle persone bisognose che non possono muoversi di casa attivando un servizio di consegna a domicilio della spesa. Il servizio sar\u00e0 erogato il luned\u00ec, mercoled\u00ec e sabato. Per accedere al servizio basta contattare il negozio Conad di Selva di Cadore allo 0437 720613 o l\u2019alimentari di Pescul allo 0437 521071 entro le ore 10 poi i volontari della Croce Bianca Val Fiorentina consegneranno la spesa a casa.<\/p>\n<p>&nbsp;<\/p>\n<hr \/>\n<p>&nbsp;<\/p>\n<p>&nbsp;<\/p>\n<blockquote>\n<h3>A LA VALLE PARTE LA CONSEGNA A DOMICILIO DI FARMACI E SPESA<\/h3>\n<\/blockquote>\n<p><strong>LA VALLE AGORDINA<\/strong>\u00a0Il Sindaco informa che sono stati attivati i servizi di consegna a domicilio per farmaci e per la spesa. Per la consegna dei farmaci i numeri da chiamare sono 0437 62298 oppure 0437 63896, servizio attivo dal luned\u00ec al venerd\u00ec dalle 9 alle 12:30 e dalle 15:30 alle 18:30. Per la consegna della spesa a domicilio basta telefonare al Panificio \u201cEl Forner\u201d 0437 63040, servizio garantito dal lunedi al sabato dalle 7 alle 12:30 e dalle 16:30 alle 19, anche la domenica dalle 7 alle 12:30<\/p>\n<p>&nbsp;<\/p>\n<hr \/>\n<p>&nbsp;<\/p>\n<blockquote>\n<h3><\/h3>\n<h3>SERVIZIO A DOMICILIO ANCHE A CANALE D\u2019AGORDO<\/h3>\n<\/blockquote>\n<p><strong>CANALE D\u2019AGORDO<\/strong>\u00a0Il comune, in collaborazione con le associazioni di volontariato del territorio, ha attivato il servizio di consegna a domicilio di farmaci e beni di prima necessit\u00e0 alle persone che sono impossibiltate a muoversi (anziani, persone non autosufficienti, persone sole e\/o che non possono uscire dalla propria abitazione. Servizio attivo il luned\u00ec, mercoled\u00ec e venerd\u00ec. Per avvalersi del servizio il numero da chiamare \u00e8 320 3298245<\/p>\n<p>&nbsp;<\/p>\n<hr \/>\n<p>&nbsp;<\/p>\n<p>&nbsp;<\/p>\n<blockquote>\n<h3>SERVIZIO SPESA GRATIS PER FODOM<\/h3>\n<\/blockquote>\n<p class=\"photoswipe-wrapper\"><strong>LIVINALLONGO<\/strong>\u00a0Questo servizio \u00e8 rivolto a persone anziane e malate, ma anche alle famiglie e alle persone sole che non hanno la possibilit\u00e0 di fare acquisti. Il servizio pu\u00f2 essere richiesto ogni giorno ed \u00e8 gratuito.\u00a0Potr\u00e0 essere richiesto al 0471 444 444 dalle ore 8-18. La consegna avviene lo stesso giorno o al pi\u00f9 tardi il giorno successivo. Il servizio viene eseguito esclusivamente da volontari della Croce Bianca che possono identificarsi come collaboratori dell\u2019associazione e indossano la divisa e tesserino.<\/p>\n<p>&nbsp;<\/p>\n<hr \/>\n<p>&nbsp;<\/p>\n<p>&nbsp;<\/p>\n<p>&nbsp;<\/p>\n<h2>DA LIVINALLONGO I KROPYA<\/h2>\n<p><iframe loading=\"lazy\" title=\"Kropya - CHRISTUS LUX MEA di H. Soreson\" width=\"1200\" height=\"675\" src=\"https:\/\/www.youtube.com\/embed\/5Y4O4GOydqU?feature=oembed\" frameborder=\"0\" allow=\"accelerometer; autoplay; clipboard-write; encrypted-media; gyroscope; picture-in-picture\" allowfullscreen><\/iframe><\/p>\n<p>&nbsp;<\/p>\n<hr \/>\n<p>&nbsp;<\/p>\n<div class=\"page-title-head hgroup\">\n<h3 class=\"entry-title\"><\/h3>\n<\/div>\n<p>&nbsp;<\/p>\n<div class=\"page-title-head hgroup\">\n<blockquote>\n<h3 class=\"entry-title\">DALL\u2019ARCHIVIO DI ANDREA AMICO LA LETTERA DEL NIPOTE \u2013 1917 \u2013<\/h3>\n<\/blockquote>\n<\/div>\n<div class=\"page-title-breadcrumbs\">\n<blockquote>\n<h3>9\u00b0 Reggimento artiglieria da fortezza 26\u00aa batteria 29\u00aa compagnia<\/h3>\n<\/blockquote>\n<p><em>Spedita a: Bortolotti Dott. Nicol\u00f2 -Agordo- (Belluno)<\/em><\/p>\n<p><em class=\"photoswipe-wrapper\"><img loading=\"lazy\" decoding=\"async\" class=\"wp-image-127761 alignleft jetpack-lazy-image jetpack-lazy-image--handled\" src=\"https:\/\/i0.wp.com\/www.radiopiu.net\/wordpress\/wp-content\/uploads\/2020\/04\/92022646_355393498703656_3485401273925107712_n.jpg?resize=265%2C361&amp;ssl=1\" sizes=\"auto, (max-width: 265px) 100vw, 265px\" srcset=\"https:\/\/i0.wp.com\/www.radiopiu.net\/wordpress\/wp-content\/uploads\/2020\/04\/92022646_355393498703656_3485401273925107712_n.jpg?w=528&amp;ssl=1 528w, https:\/\/i0.wp.com\/www.radiopiu.net\/wordpress\/wp-content\/uploads\/2020\/04\/92022646_355393498703656_3485401273925107712_n.jpg?resize=220%2C300&amp;ssl=1 220w\" alt=\"\" width=\"265\" height=\"361\" data-recalc-dims=\"1\" data-lazy-loaded=\"1\" \/>Carissimo Zio 10\/06\/917 L\u2019altra sera ho ricevuto la vostra cartolina tanto gradita, dopo tanto che era da gennaio in qua che non ricevo pi\u00f9 nulla da nessun di voi di famiglia, ne intesi ogni cosa pur che siete tutti in buona salute \u2026\u2026 che sarebbe una fortuna ritornare a casa, fin la dove si era prima che era dieci mesi durante questo inverno si avevano fatti dei bei ricoveri nella roccia quasi al sicuro \u00e9 qui senza nulla fin anche sono quasi stanco di questa guerra, che \u00e9 diventata noiosa per me come credo per la pi\u00f9 parte, per\u00f2 se si ha la fortuna di campare vorrei sperare che una volta si termini anche questa \u2026\u2026 vi dir\u00f2 poi che qui su ventiquattro ore di servizio in batteria,ne abbiamo altrettante di riposo e la batteria l\u2019abbiamo a circa venti minuti distante da qui, che siamo accompagnati come per pi\u00f9 sicurezza della vita qui giornali se ne vede da raso in queste posizioni e siamo quasi completamente all\u2019oscuro di novit\u00e0, mi farete gran piacere se avete delle riviste di giornali con illustrazioni gi\u00e0 lette, una volta che la zia o lo zio hanno tempo che me le spediscano in un piccolo involto\u2026\u2026 qui abbiamo del tempo caldo e poi non so poi come la passeremo quest\u2019estate che mi fa quasi paura che delle volte non succeda delle epidemie basta coraggio e pazienza. Passo col salutarvi affettuosamente unita famiglia e sono vostro nipote. Colombaro<\/em><\/p>\n<\/div>\n<p>&nbsp;<\/p>\n<p>&nbsp;<\/p>\n<p>&nbsp;<\/p>\n<p>&nbsp;<\/p>\n<p>&nbsp;<\/p>\n<p>&nbsp;<\/p>\n<p>&nbsp;<\/p>\n<p>&nbsp;<\/p>\n<p>&nbsp;<\/p>\n<div class=\"page-title-breadcrumbs\">\n<hr \/>\n<p>&nbsp;<\/p>\n<\/div>\n<blockquote class=\"wp-embedded-content\" data-secret=\"mBpRDYkvVH\"><p><a href=\"https:\/\/www.radiopiu.net\/wordpress\/belluno-la-villa-marson-belvedere-nata-come-dimora-del-vescovo-bembo-di-renato-bona\/\">BELLUNO. LA VILLA MARSON (BELVEDERE)  NATA COME DIMORA DEL VESCOVO BEMBO di Renato Bona<\/a><\/p><\/blockquote>\n<p><iframe loading=\"lazy\" title=\"&#8220;BELLUNO. LA VILLA MARSON (BELVEDERE)  NATA COME DIMORA DEL VESCOVO BEMBO di Renato Bona&#8221; &#8212; Radio Pi\u00f9\" class=\"wp-embedded-content\" sandbox=\"allow-scripts\" security=\"restricted\" style=\"position: absolute; clip: rect(1px, 1px, 1px, 1px);\" src=\"https:\/\/www.radiopiu.net\/wordpress\/belluno-la-villa-marson-belvedere-nata-come-dimora-del-vescovo-bembo-di-renato-bona\/embed\/#?secret=mBpRDYkvVH\" data-secret=\"mBpRDYkvVH\" width=\"600\" height=\"338\" frameborder=\"0\" marginwidth=\"0\" marginheight=\"0\" scrolling=\"no\"><\/iframe><\/p>\n<p>&nbsp;<\/p>\n<hr \/>\n<p>&nbsp;<\/p>\n<blockquote class=\"wp-embedded-content\" data-secret=\"lA2D41vXpq\"><p><a href=\"https:\/\/www.radiopiu.net\/wordpress\/alla-scuola-dellinfanzia-di-taibon-la-maestra-lucia-e-il-compleanno-da-brividi\/\">ALLA SCUOLA DELL&#8217;INFANZIA DI TAIBON LA MAESTRA LUCIA E IL COMPLEANNO DA BRIVIDI<\/a><\/p><\/blockquote>\n<p><iframe loading=\"lazy\" title=\"&#8220;ALLA SCUOLA DELL&#8217;INFANZIA DI TAIBON LA MAESTRA LUCIA E IL COMPLEANNO DA BRIVIDI&#8221; &#8212; Radio Pi\u00f9\" class=\"wp-embedded-content\" sandbox=\"allow-scripts\" security=\"restricted\" style=\"position: absolute; clip: rect(1px, 1px, 1px, 1px);\" src=\"https:\/\/www.radiopiu.net\/wordpress\/alla-scuola-dellinfanzia-di-taibon-la-maestra-lucia-e-il-compleanno-da-brividi\/embed\/#?secret=lA2D41vXpq\" data-secret=\"lA2D41vXpq\" width=\"600\" height=\"338\" frameborder=\"0\" marginwidth=\"0\" marginheight=\"0\" scrolling=\"no\"><\/iframe><\/p>\n<p>&nbsp;<\/p>\n<hr \/>\n<p>&nbsp;<\/p>\n<blockquote class=\"wp-embedded-content\" data-secret=\"7acbIBpTBK\"><p><a href=\"https:\/\/www.radiopiu.net\/wordpress\/la-domenica-delle-palme-di-don-fabiano\/\">LA DOMENICA DELLE PALME DI DON FABIANO<\/a><\/p><\/blockquote>\n<p><iframe loading=\"lazy\" title=\"&#8220;LA DOMENICA DELLE PALME DI DON FABIANO&#8221; &#8212; Radio Pi\u00f9\" class=\"wp-embedded-content\" sandbox=\"allow-scripts\" security=\"restricted\" style=\"position: absolute; clip: rect(1px, 1px, 1px, 1px);\" src=\"https:\/\/www.radiopiu.net\/wordpress\/la-domenica-delle-palme-di-don-fabiano\/embed\/#?secret=7acbIBpTBK\" data-secret=\"7acbIBpTBK\" width=\"600\" height=\"338\" frameborder=\"0\" marginwidth=\"0\" marginheight=\"0\" scrolling=\"no\"><\/iframe><\/p>\n<p>&nbsp;<\/p>\n<hr \/>\n<h2>IERI ALLA RADIO<\/h2>\n<blockquote>\n<h3>AGORDINOMERON, DAL 16 MARZO UN APPUNTAMENTO QUOTIDIANO SULLE FREQUENZE DI RADIO PIU\u2019<\/h3>\n<\/blockquote>\n<p><strong class=\"photoswipe-wrapper\">RADIO PIU\u2019<\/strong>\u00a0Dal 16 di marzo, ogni giorno alle 9.05 e alle 18.05, Agordinomeron ci sta tenendo compagnia con i racconti, gli aneddoti, i ritratti che alcuni amici ci hanno inviato da varie parti della vallata. A quanti hanno collaborato, rispondendo al nostro personale invito o mandando spontaneamente il loro prezioso contributo, va il nostro grazie perch\u00e9 ci hanno fatto e ci stanno facendo sorridere, riflettere, conoscere e viaggiare con l\u2019immaginazione.\u00a0Questo programma, per\u00f2, non ha mai voluto e non vuole essere un club ristretto in cui qualcuno narra e gli altri ascoltano. Esso vuole essere un luogo aperto a tutti coloro che hanno una storia di argomento agordino da raccontare e che desiderano condividerla, per tramandarla, con i tanti ascoltatori della nostra comunit\u00e0.\u00a0Per questo l\u2019invito che Radio Pi\u00f9 vi rivolge \u00e8 di registrare i vostri racconti e di mandarceli a questo numero 347 4914517 o via mail a radiopiu@radiopiu.it.<\/p>\n<p>&nbsp;<\/p>\n<blockquote class=\"wp-embedded-content\" data-secret=\"OwRePnPNcU\"><p><a href=\"https:\/\/www.radiopiu.net\/wordpress\/agordinomeron\/\">AGORDINOMERON, IL TERRITORIO SI RACCONTA Da un&#8217;idea di Gianni Santomaso<\/a><\/p><\/blockquote>\n<p><iframe loading=\"lazy\" title=\"&#8220;AGORDINOMERON, IL TERRITORIO SI RACCONTA Da un&#8217;idea di Gianni Santomaso&#8221; &#8212; Radio Pi\u00f9\" class=\"wp-embedded-content\" sandbox=\"allow-scripts\" security=\"restricted\" style=\"position: absolute; clip: rect(1px, 1px, 1px, 1px);\" src=\"https:\/\/www.radiopiu.net\/wordpress\/agordinomeron\/embed\/#?secret=OwRePnPNcU\" data-secret=\"OwRePnPNcU\" width=\"600\" height=\"338\" frameborder=\"0\" marginwidth=\"0\" marginheight=\"0\" scrolling=\"no\"><\/iframe><\/p>\n<p>&nbsp;<\/p>\n<hr \/>\n<p>&nbsp;<\/p>\n<p>STAI A CASA, A TAIBON E\u2019 LA FARMACIA CHE VIENE DA TE! AIUTACI AD AIUTARCI\u00a0 La distribuzione dei farmaci a domicilio, per gli abitanti di Taibon<\/p>\n<p>0437 640307 LA FRUTTA DIRETTAMENTE A CASA TUA CON MIRKO E L\u2019ORTOFRUTTA MARTINI DI AGORDO<\/p>\n<p>LA PIZZERIA BOCCON DIVINO A TAIBON AGORDINO COMUNICA CHE EFFETTUA SERVIZIO CONSEGNE PIZZE A DOMICILIO, TUTTI I GIORNI A PARTIRE DALLE ORE 18,\u00a0NEI COMUNI DI TAIBON AGORDINO E AGORDO.\u00a0POTETE PRENOTARE LE VOSTRE PIZZE, DALLE 16 ALLE 18 TELEFONICAMENTE AL 340 2986275<\/p>\n<p>DA SAPPADE DI FALCADE PICCOLA BAITA PORTA SULLE VOSTRE TAVOLE I SAPORI DEL TERRITORIO WWW.PICCOLABAITA.NET PER LE ORDINAZIONI ON LINE. 0437 590491<\/p>\n<p>L\u2019AZIENDA AGRICOLA MILCHHOF AGOSTINI DI SELVA DI CADORE. INFORMA CHE E\u2019 A DISPOSIZONE PER CONSEGNE GRATUITE A DOMICILIO IN TUTTA LA PROVICIA DI FORMAGGI, YOGURT, RICOTTE, MOZZARELLE DI PROPRIA PRODUZIONE, POTETE CONTATTARCI VIA TELEFONICA AL 380 39,57,409. PRENOTAZIONI ANCHE VIA WHATS UP ALLO STESSO NUMERO. \u00a0LA CONSEGNA AVVERRA\u2019 IN UNO O AL MASSIMO DUE GIORNI. AZIENDA AGRICLA MILCHOFF AGOSTINI. SELVA DI CADORE. 380 3957409<\/p>\n<p>Restiamo a casa, ma rafforziamoci per rimanere in salute!\u00a0Segui online le sessioni di allenamento della Palestra All Fit di Trichiana: ogni settimana avrai 2 sessioni di allenamento gratuite!\u00a0In pi\u00f9 ogni gioved\u00ec alle 18.30 ti aspetta la diretta Facebook durante la quale farai esercizio insieme allo staff All Fit e a centinaia di altre persone connesse anche loro da casa.\u00a0Per accedere al servizio gratuito, contatta All Fit tramite messaggio sulla pagina Facebook.\u00a0Non aspettare, prepariamoci per ripartire in salute pi\u00f9 forti di prima!<\/p>\n<p>DEVI SPOSTARTI? NON SAI COME FARE IN QUESTO DIFFICILE PERIODO?\u00a0 SENTI DOLOMITI VIAGGI DI FALCADE,\u00a0 COME UN TAXI:\u00a0 AUTOVETTURE E PULMINO NOLEGGIO CON CONDUCENTE. CHIAMA IL NUMERO 329 35,26,156.\u00a0 SAPRA\u2019 CONSIGLIARTI PER UN TRASPORTO IN SICUREZZA NEL RISPETTO DELLE MISURE ATTUALI DI CONTENIMENTO DEL CONTAGIO.<\/p>\n<p>Taxi thomas disponibile x vari spostamenti servizio farmacie servizio spesa aereoporto \u00e8 molto altro con macchina sanificata e rispettando le nuove normative noi taxi\u00a0&#x1f695;\u00a0non ci fermiamo x info 342\/0311829<\/p>\n<p>E SEMPRE AD ALLEGHE TAXI ALLEGHE DI GIANLUCA GAIARDI garantisce il servizio senza limitazioni. Le VOSTRE ESIGENZE DI MOBILIT\u00c0 DOVRANNO ESSERE OVVIAMENTE INDEROGABILI E DIMOSTRABILI a richiesta delle Forze di Polizia . TELEFONO 340 679 6016<\/p>\n<p>ZUMBRILLENBER AGORDO CONSEGNA A DOMICILIO. PIATTI DI CARNE, PESCE, E PIZZE. A DOMICILIO, NEL RAGGIO DI 15 CHILOMETRI DA AGORDO, TUTTI I GIORNI. ANCHE WHATS UP ENTRO LE 20.30. TUTTI I GIORNI, PER PRANZO E CENA. 345 9135042<\/p>\n<p>I SERVIZI A DOMICILIO PER LE PERSONE ANZIANE DEL COMUNE DI ROCCA PIETORE. FARMACI: Farmacia dr. Fassa Caprile 0437 721112. RICETTE: Dott. Allegro 338 3312357, Dott. Mascanzoni 347 7145560. SPESA ALIMENTARE: Coop Rocca Pietore 0437 721304, Coop Alleghe 0437 523640, Coop Caprile 0437 721123, Alimentari Sottoguda 0437 722120, Alimentari Digonera 0437 529070, Macelleria Da Pian Caprile 0437 721151, Macelleria Ongaro Alleghe 0437 523317<\/p>\n<p>Cooperativa di Alleghe, Caprile, Livinallongo, Rocca Pietore. Gi\u00e0 messi a dura prova nei giorni di vaia sono al lavoro dall\u2019inizio dell\u2019emergenza Covid_19 con l\u2019apertura dei locali tutti i giorni (escluso il mercoledi pomeriggio) dalle 8 alle 12.30 e dalle 15.30 alle 19. Ottima L\u2019organizzazione per i servizio a domicilio previa telefonata allo 0437 523640<\/p>\n<p>LA PASTICCERIA LES BON BON DI AGORDO TI INFORMA CHE E\u2019 ATTIVO IL SERVIZIO DI CONSEGNA A DOMICILIO, AD AGORDO E PAESI LIMITROFI. PORTIAMO A CASA TUA LE NOSTRE COLOMBE E I NOSTRI PRODOTTI DI PASTICCERIA, MA ANCHE OVETTI SFUSI LINDT E BARATTI. CONIGLIETTI, PULCINI, PELUCHE. PER INFO E PRENOTAZIONI. TELEFONO O WHATS UP AL 342 59,80,559. RIPETO. CI TROVI ANCHE SU FACEBOOK, INSTAGRAM, O EMAIL ALL\u2019INDIRIZZO LESBONBONSAGORDO@GMAIL.COM.\u00a0NELLA SETTIMANA DI PASQUA, CONSEGNE ANCHE IN ALTRI PAESI DELL\u2019AGORDINO.<\/p>\n<p>A RIVAMONTE DAISY! PANINI, BRUSCHETTE, TOAST. PER LA TUA CENA ALTERNATIVA E GUSTOSA. RICHIEDI IL NOSTRO LISTINO. TROVI DECINE DI PROPOSTE, E TANTE NOVITA\u2019. PER TE ANCHE LE NOSTRE BIRRE E I NOSTRI VINI DA ABBINARE. STATE A CASA, CHE ARRIVAMO NOI. CONSEGNAMO OGNI SERA. LE PRENOTAZIONI SI RICEVONO ENTRO LE ORE 17 AL 348 56,42,568. CONSEGNAMO A RIVAMONTE, GOSALDO, FRASSENE\u2019, VOLTAGO, TAIBON, AGORDO, LA VALLE.<\/p>\n<p>LA QUARANTENA TI ANNOIA? SCEGLI IL LIBRO DA LEGGERE, NOI TE LO PORTIAMO A CASA. 1: COLLEGATI AL SITO\u00a0http:\/\/bibel.regione.veneto.it\/ 2: SELEZIONA LA BIBLIOTECA DI LAMON 3: VERIFICA LA DISPONIBILIT\u00c0 INSERENDO UN TITOLO CHE TI PIACE O TRAMITE LA RICERCA AVANZATA (GENERE, AUTORE, ANNO, ECC.) 4: PRENOTA LA TUA CONSEGNA MANDANDOCI: UNA EMAIL A\u00a0prolocolamon@libero.it OPPURE MESSAGGIO WHATSAPP AL 333-6153959 NELLA PRENOTAZIONE INCLUDERE TITOLO SCELTO, DATI ANAGRAFICI DEL RICHIEDENTE ED INDIRIZZO DI CONSEGNA. CONSEGNE E RITIRI TUTTE LE SETTIMANE OGNI MARTED\u00cc MATTINA. PRENOTAZIONI ENTRO LA DOMENICA SERA. I VOLUMI DEVONO ESSERE PRESENTI NELLA SEDE DI LAMON.<\/p>\n<p>La Profumeria Wanda di Agordo consegna i prodotti a domicilio. Puoi chiamare, spiegare le tue esigenze e scegliere quello di cui hai bisogno. Consegna direttamente a casa senza spese in tutto l\u2019Agordino il martedi e venerdi odinando il giorno precedente entro le 17. Per ulteriori informazioni 331 4662006. Negozio aperto dalle 10.30 alle 11.30 e dalle 16 alle 17<\/p>\n<p>L\u2019AZIENDA AGRICOLA ZANCHETTA, SPACCIO DI AGORDO INFORMA CHE EFFETTUA LA CONSEGNA A DOMICILIO DEL VINO DELLA PROPRIA PRODUZIONE. ARRIVIAMO DA VOI IL MERCOLEDI\u2019 POMERIGGIO, AD AGORDO E PAESI LIMITROFI. VINO BIANCO O ROSSO, IN BOTTIGLIA O DAMA DA 5 LITRI. PRENOTAZIONI ENTRO IL MERCOLEDI\u2019 MATTINA AL 335 6285096<\/p>\n<p>LA MACELLERIA COSTA INFORMA CHE EFFETTUA CONSEGNE A DOMICILIO GRATUITE IN TUTTO L\u2019AGORDINO. TUTTI I GIORNI DAL LUNEDI AL VENERDI\u2019. INFO PRENOTAZIONI E RICHIESTE LISTINO AL 340 9714699 anche social MACELLERIA COSTA CANALE D\u2019AGORDO<\/p>\n<p>&nbsp;<\/p>\n<hr \/>\n<p>&nbsp;<\/p>\n<p><img loading=\"lazy\" decoding=\"async\" class=\"size-full wp-image-61378 aligncenter jetpack-lazy-image jetpack-lazy-image--handled\" src=\"https:\/\/i0.wp.com\/www.radiopiu.net\/wordpress\/wp-content\/uploads\/2018\/09\/WhatsApp-Image-2018-09-20-at-16.04.06.jpeg?resize=800%2C100&amp;ssl=1\" sizes=\"auto, (max-width: 800px) 100vw, 800px\" srcset=\"https:\/\/i0.wp.com\/www.radiopiu.net\/wordpress\/wp-content\/uploads\/2018\/09\/WhatsApp-Image-2018-09-20-at-16.04.06.jpeg?w=800&amp;ssl=1 800w, https:\/\/i0.wp.com\/www.radiopiu.net\/wordpress\/wp-content\/uploads\/2018\/09\/WhatsApp-Image-2018-09-20-at-16.04.06.jpeg?resize=300%2C38&amp;ssl=1 300w, https:\/\/i0.wp.com\/www.radiopiu.net\/wordpress\/wp-content\/uploads\/2018\/09\/WhatsApp-Image-2018-09-20-at-16.04.06.jpeg?resize=768%2C96&amp;ssl=1 768w\" alt=\"\" width=\"800\" height=\"100\" data-lazy-loaded=\"1\" \/><\/p>\n<p>&nbsp;<\/p>\n<p style=\"text-align: center;\"><strong>luned\u00ec 6<\/strong><\/p>\n<p style=\"text-align: center;\">\u00a0Tempo stabile, ben soleggiato con cielo generalmente sereno e ottima visibilit\u00e0.<br \/>\n<strong>Precipitazioni.<\/strong>\u00a0Assenti (0%).<br \/>\n<strong>Temperature.<\/strong>\u00a0Temperature senza notevoli variazioni, salvo qualche aumento delle minime in quota e delle massime nelle valli e altipiani, con valori minimi nella norma e massimi di qualche grado superiori. Su Prealpi a 1500 m min 0\u00b0C max 9\u00b0C, a 2000 m min -4\u00b0C max 5\u00b0C. Su Dolomiti a 2000 m min -3\u00b0C max 7\u00b0C, a 3000 m min -7\u00b0C max -1\u00b0C.<br \/>\n<strong>Venti.<\/strong>\u00a0Nelle valli generalmente deboli o moderati a regime di brezza, in alta montagna deboli o moderati in prevalenza sud-orientali, a 10-20 km\/h sia a 2000 m che a 3000 m.<\/p>\n<hr \/>\n<p style=\"text-align: center;\"><strong>marted\u00ec 7<\/strong><\/p>\n<p style=\"text-align: center;\">\u00a0Ancora una giornata tipicamente primaverile, ben soleggiata, stabile, piuttosto serena e asciutta.<br \/>\n<strong>Precipitazioni.<\/strong>\u00a0Assenti (0%).<br \/>\n<strong>Temperature.<\/strong>\u00a0In aumento, specie in quota, e moderata inversione termica nelle ore pi\u00f9 fredde. Clima ancora fresco al mattino, ma piuttosto mite di giorno con valori superiori alla norma; elevata escursione termica giornaliera, specie nelle valli e altipiani. Su Prealpi a 1500 m min 2\u00b0C max 11\u00b0C, a 2000 m min -1\u00b0C max 8\u00b0C. Su Dolomiti a 2000 m min 0\u00b0C max 9\u00b0C, a 3000 m min -6\u00b0C max 0\u00b0C.<br \/>\n<strong>Venti.<\/strong>\u00a0Nelle valli generalmente deboli\/moderati a regime di brezza, in alta montagna in genere moderati dai quadranti orientali, a 5-15 km\/h a 2000 m, a 15-25 Km\/h a 3000 m.<\/p>\n<hr \/>\n<p style=\"text-align: center;\"><strong>mercoled\u00ec 8<\/strong><\/p>\n<p style=\"text-align: center;\">\u00a0Tempo simile a quello di marted\u00ec stabile, ben soleggiato e piuttosto secco. Clima tipicamente primaverile ancora un po&#8217; freddo nella notte e al primo mattino e piuttosto mite di giorno. Temperature senza notevoli variazioni salvo dei locali lievi aumenti delle minime e delle massime. Valori diurni al di sopra delle medie stagionali. Elevata escursione termica giornaliera e moderata inversione termica nelle valli e altipiani nelle ore pi\u00f9 fredde. Venti nelle valli a regime di brezza, in alta montagna deboli\/moderati ancora dai quadranti orientali.<\/p>\n<hr \/>\n<p style=\"text-align: center;\"><strong>gioved\u00ec 9<\/strong><\/p>\n<p style=\"text-align: center;\">\u00a0Persister\u00e0 la stabilit\u00e0 del tempo, che sar\u00e0 ancora ben soleggiato e piuttosto secco. Clima tipicamente primaverile ancora un po&#8217; freddo nella notte e al primo mattino e piuttosto mite di giorno. Temperature senza notevoli variazioni salvo leggere variazionui locali. Valori diurni al di sopra delle medie stagionali. Elevata escursione termica giornaliera e moderata inversione termica nelle ore pi\u00f9 fredde nelle valli e altipiani. Previsore: M.Padoan<\/p>\n","protected":false},"excerpt":{"rendered":"<p>PER RICEVERE QUESTO NOTIZIARIO DIRETTAMENTE SUL TUO CELLULARE ISCRIVITI AL CANALE\u00a0TELEGRAM\u00a0\u201cRADIO PIU\u00a0 INFORMAZIONE\u201d &nbsp; IL MODULO DI AUTOCERTIFICAZIONE PER GLI SPOSTAMENTI CLICCA\u00a0 PER SCARICARE IL MODULO AUTOCERTIFICAZIONE 26 MARZO &nbsp; &#8220;OTTO&#8221; NON HA PAURA DEL CORONAVIRUS &nbsp; FALCADE Abbiamo appreso questa notte dalla figlia Marzia della scomparsa di Mario Cemin, il volto noto, amico e&hellip;<\/p>\n","protected":false},"author":4,"featured_media":127583,"comment_status":"closed","ping_status":"closed","sticky":false,"template":"","format":"standard","meta":{"_monsterinsights_skip_tracking":false,"_monsterinsights_sitenote_active":false,"_monsterinsights_sitenote_note":"","_monsterinsights_sitenote_category":0,"footnotes":""},"categories":[1,51,86,49],"tags":[],"class_list":["post-127643","post","type-post","status-publish","format-standard","has-post-thumbnail","hentry","category-senza-categoria","category-evidenza-top","category-gr","category-news-18","category-1","category-51","category-86","category-49","description-off"],"img_url":"https:\/\/www.radiopiu.net\/wordpress\/wp-content\/uploads\/2020\/04\/2d52cd39-5d8c-4e48-bcb6-24608593dd97.jpg","_links":{"self":[{"href":"https:\/\/www.radiopiu.net\/wordpress\/wp-json\/wp\/v2\/posts\/127643","targetHints":{"allow":["GET"]}}],"collection":[{"href":"https:\/\/www.radiopiu.net\/wordpress\/wp-json\/wp\/v2\/posts"}],"about":[{"href":"https:\/\/www.radiopiu.net\/wordpress\/wp-json\/wp\/v2\/types\/post"}],"author":[{"embeddable":true,"href":"https:\/\/www.radiopiu.net\/wordpress\/wp-json\/wp\/v2\/users\/4"}],"replies":[{"embeddable":true,"href":"https:\/\/www.radiopiu.net\/wordpress\/wp-json\/wp\/v2\/comments?post=127643"}],"version-history":[{"count":0,"href":"https:\/\/www.radiopiu.net\/wordpress\/wp-json\/wp\/v2\/posts\/127643\/revisions"}],"wp:featuredmedia":[{"embeddable":true,"href":"https:\/\/www.radiopiu.net\/wordpress\/wp-json\/wp\/v2\/media\/127583"}],"wp:attachment":[{"href":"https:\/\/www.radiopiu.net\/wordpress\/wp-json\/wp\/v2\/media?parent=127643"}],"wp:term":[{"taxonomy":"category","embeddable":true,"href":"https:\/\/www.radiopiu.net\/wordpress\/wp-json\/wp\/v2\/categories?post=127643"},{"taxonomy":"post_tag","embeddable":true,"href":"https:\/\/www.radiopiu.net\/wordpress\/wp-json\/wp\/v2\/tags?post=127643"}],"curies":[{"name":"wp","href":"https:\/\/api.w.org\/{rel}","templated":true}]}}