{"id":127646,"date":"2020-04-05T12:29:42","date_gmt":"2020-04-05T10:29:42","guid":{"rendered":"https:\/\/www.radiopiu.net\/wordpress\/?p=127646"},"modified":"2020-04-05T13:19:42","modified_gmt":"2020-04-05T11:19:42","slug":"la-conferenza-stampa-del-presidente-del-veneto-luca-zaia-5-aprile-2020","status":"publish","type":"post","link":"https:\/\/www.radiopiu.net\/wordpress\/la-conferenza-stampa-del-presidente-del-veneto-luca-zaia-5-aprile-2020\/","title":{"rendered":"LA CONFERENZA STAMPA DEL PRESIDENTE DEL VENETO LUCA ZAIA 5 APRILE 2020"},"content":{"rendered":"<p><strong>VENEZIA<\/strong> Il Governatore del Veneto Luca Zaia nella giornaliera conferenza stampa<\/p>\n<p>&nbsp;<\/p>\n<blockquote>\n<h1>LEGGI LA RASSEGNA STAMPA DI OGGI<\/h1>\n<\/blockquote>\n<p>&nbsp;<\/p>\n<p>7 le nuove vittime\u00a0 \u00a0945 negativizzati. Isolamento ancora per 19.987 persone. Verona con 121 nuovi casi,\u00a0 Padova\u00a0 70. Venezia 44\u00a0 Meglio\u00a0 nelle altre province. In terapia intensiva 325 persone. I dimessi superano i ricoveri per il secondo giorno. 95 bimbi sono nati in Veneto nelle ultime ore.19 987 in isolamento, 11,226 positivi, 1892 ricoverati, 329 in terapia intensiva, 1175 dimessi (oltre 3000 persone i pazienti in Veneto oggetto di cure), 564 morti, 67 nuovi nati.<\/p>\n<p><strong>OGGI LEZIONE DI VETERINARIA,<\/strong> il ciclo lunare sulle nascite nel mondo animale.<\/p>\n<p><strong>DISPOSITIVI<\/strong> 150 respiratori da Consib 30 per le terapie sub intensive auspichiamo di averne ancora, ne stanno arrivando altri 50 recuperati con le donazione quindi andiamo oltre la nostra capacit\u00e0 di 825. I dispositivi, abbiamo dato mandato ad azienda zero di costruire un magazzino e abbiamo comperato 24 milioni e 700 mila mascherine. I veneti sono partiti alla grande nella produzione anche con la riconversione delle produzioni. Auspico che il Governo in questa fase di disponibilit\u00e0 che si dia modo ai cittadini di potersene approvigionare sul mercato togliendo i sequestri in dogana perch\u00e9 mascherine de ne trovano, quindi si modifichi la norma e il cittadino possa comperarle a prezzi accessibli. Anche guanti ed altro materiale sta arrivando a flusso continuo.<\/p>\n<p>&nbsp;<\/p>\n<blockquote><p><span style=\"color: #ff0000;\"><strong>LA MACCHINA DEI TRAPIANTI RESISTE NONOSTANTE IL PROBLEMA CORONAVIRUS, INTERESSATA UNA RAGAZZINA DI 11 ANNI MOLDAVA RESIDENTE IN VENETO PER IL TRAPIANTO DI RENI A PADOVA.<\/strong><\/span><\/p><\/blockquote>\n<p>&nbsp;<\/p>\n<p><strong>LE CRITICHE DI IERI<\/strong> Mi sono fatto mandare dall&#8217;Ulss1, confermo che il tampone \u00e8 stato fatto il 24 quindi si era sbagliato il cittadino che diceva 21, refertato ieri (e non dopo 24 giorni) e il tampone\u00a0 \u00e8 risultato negativo. Auguri alla figlia che ha avuto tanti accessi al pronto soccorso, 33 dal 2017 se possiamo fare qualche cosa siamo qui, sono felice che non ha problemi con il coronavirus.<\/p>\n<p>&nbsp;<\/p>\n<h2><span style=\"color: #ff0000;\">DOMANDE\u00a0<\/span><\/h2>\n<p><strong>CELEBRAZIONI A PASQUA NELLE CHIESE<\/strong> Al di l\u00e0 di tutto non intervento su queste partite, rispetto l&#8217;idea di molti cattolici che chiedono di celebrare la Pasqua evento fondante della religiosit\u00e0. Oggettivamente vi ricordo che avevamo proposto con il Patriarca di avere il droplet anche di 2 metri, ma L&#8217;Istituto Superiore di Sanit\u00e0 disse di no perch\u00e8 nella letteratura casi di grandi contagi nelle celebrazioni religiose<\/p>\n<p><strong>PROPOSTA SALVINI\u00a0 PER ESENTARE DA RESPONSABILITA&#8217; I DIRIGENTI DELLA SANITA<\/strong>&#8216; Ho visto un titolo ma non ho approfondito.<\/p>\n<p><strong>TIMORI PER LA RIPRESA<\/strong> Per la ripartenza \u00e8 necessario si esprima la comunit\u00e0 scientifica.<\/p>\n<p><strong>SETTIMANA CRUCIALE MA I DATI NON LO CONFERMANO SI DEVE ATTENDERE ANCORA?<\/strong> La settimana sta dando la direzione vediamo da lunedi in poi. Oggi abbiamo 3 in terapia intensiva in pi\u00f9, statisticamente non ha rilevanza. Stiamo accogliendo pazienti dalla Lombardia, 12 in particolare. Siamo solidali con la Lombardia poich\u00e9 regione pi\u00f9 vicina che vive la tragedia su Bergamo e Brescia. La direzione \u00e8 segnata speriamo si consolidi, se i cittadini non stanno a casa si riprecipita.<\/p>\n<p><strong>MASCHERINE PER USCIRE?<\/strong> Non ho nulla da ridire sul comportamento di Fontana in Lombardia. Ci siamo fermati ai luoghi pubblici per fare la spesa per le difficolt\u00e0 di reprimento. Le indicazioni generali importanti dicono di progettersi.<\/p>\n<p><strong>ANZIANI IN CASA SENZA BADANTI SI CHIEDE DI PORTARLI A FARE LA SPESA<\/strong> Abbiamo in lavorazione una circolare che dice proprio questo, la mamma puo&#8217; portare il bimbo a fare la spesa mi sembra un buon senso cosi&#8217; come portare con se il genitore, ci vuole buonsenso delle Forze dell&#8217;Ordine che si fermino e ragionino.<\/p>\n<p>&nbsp;<\/p>\n<blockquote><p><strong>CASE DI RIPOSO PAGANO LO SCOTTO DI NON AVER AVUTO I DISPOSITIVI QUANDO NON CE N&#8217;ERANO, NON AVEVAMO I MAGAZZINI PIENI PER 30 MILA OSPITI IN VENTO E 25 MILA LAVORATORI. NON CI SIAMO DISTRATTI. ETA&#8217; MEDIA DEI 600 MORTI E&#8217; 82 ANNI.<\/strong><\/p><\/blockquote>\n<p>&nbsp;<\/p>\n<p><strong>PROSSIMA SETTIMANA<\/strong> Dobbiamo vedere la tendenza per capire la direzione. Vediamo al 13 di aprile cosa intende fare il Governo se sperimentare la riapertura, speriamo non lo si discuta l&#8217;ultimo giorno perch\u00e9 diventa difficile dare un contributo. Le Regione hanno votato tutti i provvedimenti del Governo, che significa lavorare in squadra.<\/p>\n<p><span style=\"color: #ff0000;\"><strong>ALLA LUCE DELLA CURVA ORDINANZA CESSA IL 13? Tutto dipende dal DPCM\u00a0<\/strong><\/span><\/p>\n<p><strong>TROPPA GENTE IN GIRO PREOCCUPANTE?<\/strong> Molto so che non \u00e8 facile stare in casa, ma i cittadini pensino alla loro salute.<\/p>\n<p><strong>TASK FORCE FAKE NEWS<\/strong>? Farei riferimento al codice penale, Chiunque puo&#8217; scrivere e sono in gara per il premio Nobel, scrivono news pericolose con informazioni sbagliate che rischiano di far morire le persone. Negli Usa una settimana fa notizia c&#8217;\u00e8 chi si e&#8217; somministrato l&#8217;antimalarico e si sono intossicati. Serve severit\u00e0 assoluta perch\u00e9 la rete \u00e8 una grande opportunit\u00e0 ma il problema sono quelli che riempiono la cloaca.<\/p>\n<p><strong>MODELLO MATEMATICO<\/strong> Indietro ormai di una decina di giorni, stiamo galoppando bene.<\/p>\n<p><strong>CONTAGI DAI GATTI E CANI<\/strong> L&#8217;indicazione \u00e8 di non abbandonar gli animali che \u00e8 una vergogna. Non creiamo ulteriori fronti di allarmismo. Non ho ben capito se l&#8217;animale che si ammale di coronavirus ha lo stesso virus dell&#8217;uomo e se si trasmette. Ho letto agenzie ma dovranno rispondere i servizi veterinari.<\/p>\n<p><strong>IL PICCO E&#8217; PASSATO?<\/strong> Decisamente no, uno di sicuro lo abbiamo passato ora dipende dai veneti se vogliamo uscire di casa dobbiamo stare in casa.<\/p>\n<p>&nbsp;<\/p>\n<p>https:\/\/www.facebook.com\/zaiaufficiale\/videos\/2624841460979001<\/p>\n","protected":false},"excerpt":{"rendered":"<p>VENEZIA Il Governatore del Veneto Luca Zaia nella giornaliera conferenza stampa &nbsp; LEGGI LA RASSEGNA STAMPA DI OGGI &nbsp; 7 le nuove vittime\u00a0 \u00a0945 negativizzati. Isolamento ancora per 19.987 persone. Verona con 121 nuovi casi,\u00a0 Padova\u00a0 70. Venezia 44\u00a0 Meglio\u00a0 nelle altre province. In terapia intensiva 325 persone. I dimessi superano i ricoveri per il&hellip;<\/p>\n","protected":false},"author":4,"featured_media":121391,"comment_status":"closed","ping_status":"closed","sticky":false,"template":"","format":"standard","meta":{"_monsterinsights_skip_tracking":false,"_monsterinsights_sitenote_active":false,"_monsterinsights_sitenote_note":"","_monsterinsights_sitenote_category":0,"footnotes":""},"categories":[49],"tags":[],"class_list":["post-127646","post","type-post","status-publish","format-standard","has-post-thumbnail","hentry","category-news-18","category-49","description-off"],"img_url":"https:\/\/www.radiopiu.net\/wordpress\/wp-content\/uploads\/2020\/03\/covid-zaia.jpg","_links":{"self":[{"href":"https:\/\/www.radiopiu.net\/wordpress\/wp-json\/wp\/v2\/posts\/127646","targetHints":{"allow":["GET"]}}],"collection":[{"href":"https:\/\/www.radiopiu.net\/wordpress\/wp-json\/wp\/v2\/posts"}],"about":[{"href":"https:\/\/www.radiopiu.net\/wordpress\/wp-json\/wp\/v2\/types\/post"}],"author":[{"embeddable":true,"href":"https:\/\/www.radiopiu.net\/wordpress\/wp-json\/wp\/v2\/users\/4"}],"replies":[{"embeddable":true,"href":"https:\/\/www.radiopiu.net\/wordpress\/wp-json\/wp\/v2\/comments?post=127646"}],"version-history":[{"count":0,"href":"https:\/\/www.radiopiu.net\/wordpress\/wp-json\/wp\/v2\/posts\/127646\/revisions"}],"wp:featuredmedia":[{"embeddable":true,"href":"https:\/\/www.radiopiu.net\/wordpress\/wp-json\/wp\/v2\/media\/121391"}],"wp:attachment":[{"href":"https:\/\/www.radiopiu.net\/wordpress\/wp-json\/wp\/v2\/media?parent=127646"}],"wp:term":[{"taxonomy":"category","embeddable":true,"href":"https:\/\/www.radiopiu.net\/wordpress\/wp-json\/wp\/v2\/categories?post=127646"},{"taxonomy":"post_tag","embeddable":true,"href":"https:\/\/www.radiopiu.net\/wordpress\/wp-json\/wp\/v2\/tags?post=127646"}],"curies":[{"name":"wp","href":"https:\/\/api.w.org\/{rel}","templated":true}]}}