{"id":127665,"date":"2020-04-05T13:18:49","date_gmt":"2020-04-05T11:18:49","guid":{"rendered":"https:\/\/www.radiopiu.net\/wordpress\/?p=127665"},"modified":"2020-04-05T13:21:12","modified_gmt":"2020-04-05T11:21:12","slug":"istituto-comprensivo-di-agordo-e-le-vacanze-pasquali","status":"publish","type":"post","link":"https:\/\/www.radiopiu.net\/wordpress\/istituto-comprensivo-di-agordo-e-le-vacanze-pasquali\/","title":{"rendered":"ISTITUTO COMPRENSIVO DI AGORDO E LE VACANZE PASQUALI"},"content":{"rendered":"<p><strong>AGORDO<\/strong> Lettera aperta del Dirigente Scolastico dell&#8217;Istituto Comprensivo di Agordo riguardo le vacanza Pasquali.<\/p>\n<p><strong>LA LETTERA<\/strong><\/p>\n<blockquote><p><em><a class=\"dt-pswp-item\" href=\"https:\/\/www.radiopiu.net\/wordpress\/wp-content\/uploads\/2019\/12\/miglioramento-sismico_scuola_agordo_2.jpg\" data-dt-img-description=\"\" data-large_image_width=\"1280\" data-large_image_height=\"771\"><img loading=\"lazy\" decoding=\"async\" class=\"size-medium wp-image-111297 alignleft\" src=\"https:\/\/www.radiopiu.net\/wordpress\/wp-content\/uploads\/2019\/12\/miglioramento-sismico_scuola_agordo_2-300x181.jpg\" alt=\"\" width=\"300\" height=\"181\" srcset=\"https:\/\/www.radiopiu.net\/wordpress\/wp-content\/uploads\/2019\/12\/miglioramento-sismico_scuola_agordo_2-300x181.jpg 300w, https:\/\/www.radiopiu.net\/wordpress\/wp-content\/uploads\/2019\/12\/miglioramento-sismico_scuola_agordo_2-1024x617.jpg 1024w, https:\/\/www.radiopiu.net\/wordpress\/wp-content\/uploads\/2019\/12\/miglioramento-sismico_scuola_agordo_2-768x463.jpg 768w, https:\/\/www.radiopiu.net\/wordpress\/wp-content\/uploads\/2019\/12\/miglioramento-sismico_scuola_agordo_2.jpg 1280w\" sizes=\"auto, (max-width: 300px) 100vw, 300px\" \/><\/a>Alla cortese attenzione dei genitori degli iscritti all\u2019Istituto Comprensivo AGORDO.\u00a0In primo luogo mi preme rinnovare il ringraziamento, in particolare ai rappresentanti dei genitori, per la decisiva collaborazione garantita in occasione dell\u2019avvio della didattica a distanza e durante la prosecuzione della stessa, una modalit\u00e0 con la quale ci siamo rapportati in modo inatteso.\u00a0Pur con tutti i limiti che riconosciamo, quanto \u00e8 stato proposto finora va ricondotto alla motivazione dei docenti e soprattutto alla disponibilit\u00e0 delle famiglie che sono riuscite a conciliare le impreviste difficolt\u00e0 con la lodevole attenzione riservata all\u2019istruzione. L\u2019emergenza che stiamo attraversando ha contribuito quanto meno a rafforzare l\u2019alleanza tra Scuola e Famiglia, indispensabile per il successo formativo.\u00a0Come noto, e come sostenuto in modo univoco dagli esperti, l\u2019impegno richiesto dalla didattica a distanza comporta un dispendio di tempo e di energie superiore a quello delle consuete dinamiche di insegnamento\/apprendimento in presenza, sia per i docenti che per i discenti, tenuti ad un prolungata esposizione allo schermo.\u00a0Ecco quindi che le vacanze di Pasqua, in calendario da gioved\u00ec 9 aprile a marted\u00ec 14 aprile 2020 compresi, possono rappresentare un\u2019auspicabile sosta prima di riprendere le lezioni con rinnovata curiosit\u00e0 e determinazione, cos\u00ec da portare a termine anche questo inedito anno scolastico.Possono altres\u00ec costituire un\u2019opportunit\u00e0 per permettere il recupero a quanti per vari motivi si sono attardati e un\u2019occasione di approfondimento, soprattutto per gli iscritti alle classi di snodo del quinto anno della Primaria e del terzo anno della Secondaria.<span class=\"Apple-converted-space\">\u00a0\u00a0<\/span>Gli insegnanti procureranno di assegnare un carico accettabile di consegne privilegiando il potenziamento degli argomenti gi\u00e0 presentati, l\u2019incoraggiamento alla lettura e, specie alla Primaria, l\u2019indicazione per piccole attivit\u00e0 pratiche che potranno costituire un coinvolgente diversivo,<span class=\"Apple-converted-space\">\u00a0 <\/span>fatta salva in ogni caso la possibilit\u00e0 di concordare eventuali collegamenti per il tramite dei canali attivati di recente, a beneficio in particolare degli alunni con certificazione.<span class=\"Apple-converted-space\">\u00a0\u00a0<\/span>Colgo l\u2019occasione per rivolgere un invito a rinsaldare il condiviso impegno educativo a beneficio dei giovani e per augurare una Buona Pasqua,<\/em><\/p>\n<p style=\"text-align: right;\"><em><b><span class=\"Apple-converted-space\">\u00a0<\/span><\/b><b>Il Dirigente Scolastico prof. Bernardino Chiocchetti<\/b><\/em><\/p>\n<\/blockquote>\n","protected":false},"excerpt":{"rendered":"<p>AGORDO Lettera aperta del Dirigente Scolastico dell&#8217;Istituto Comprensivo di Agordo riguardo le vacanza Pasquali. LA LETTERA Alla cortese attenzione dei genitori degli iscritti all\u2019Istituto Comprensivo AGORDO.\u00a0In primo luogo mi preme rinnovare il ringraziamento, in particolare ai rappresentanti dei genitori, per la decisiva collaborazione garantita in occasione dell\u2019avvio della didattica a distanza e durante la prosecuzione&hellip;<\/p>\n","protected":false},"author":4,"featured_media":117411,"comment_status":"closed","ping_status":"closed","sticky":false,"template":"","format":"standard","meta":{"_monsterinsights_skip_tracking":false,"_monsterinsights_sitenote_active":false,"_monsterinsights_sitenote_note":"","_monsterinsights_sitenote_category":0,"footnotes":""},"categories":[49],"tags":[],"class_list":["post-127665","post","type-post","status-publish","format-standard","has-post-thumbnail","hentry","category-news-18","category-49","description-off"],"img_url":"https:\/\/www.radiopiu.net\/wordpress\/wp-content\/uploads\/2020\/02\/miglioramento-sismico_scuola_agordo_2.jpg","_links":{"self":[{"href":"https:\/\/www.radiopiu.net\/wordpress\/wp-json\/wp\/v2\/posts\/127665","targetHints":{"allow":["GET"]}}],"collection":[{"href":"https:\/\/www.radiopiu.net\/wordpress\/wp-json\/wp\/v2\/posts"}],"about":[{"href":"https:\/\/www.radiopiu.net\/wordpress\/wp-json\/wp\/v2\/types\/post"}],"author":[{"embeddable":true,"href":"https:\/\/www.radiopiu.net\/wordpress\/wp-json\/wp\/v2\/users\/4"}],"replies":[{"embeddable":true,"href":"https:\/\/www.radiopiu.net\/wordpress\/wp-json\/wp\/v2\/comments?post=127665"}],"version-history":[{"count":0,"href":"https:\/\/www.radiopiu.net\/wordpress\/wp-json\/wp\/v2\/posts\/127665\/revisions"}],"wp:featuredmedia":[{"embeddable":true,"href":"https:\/\/www.radiopiu.net\/wordpress\/wp-json\/wp\/v2\/media\/117411"}],"wp:attachment":[{"href":"https:\/\/www.radiopiu.net\/wordpress\/wp-json\/wp\/v2\/media?parent=127665"}],"wp:term":[{"taxonomy":"category","embeddable":true,"href":"https:\/\/www.radiopiu.net\/wordpress\/wp-json\/wp\/v2\/categories?post=127665"},{"taxonomy":"post_tag","embeddable":true,"href":"https:\/\/www.radiopiu.net\/wordpress\/wp-json\/wp\/v2\/tags?post=127665"}],"curies":[{"name":"wp","href":"https:\/\/api.w.org\/{rel}","templated":true}]}}