{"id":127785,"date":"2020-04-06T07:00:45","date_gmt":"2020-04-06T05:00:45","guid":{"rendered":"https:\/\/www.radiopiu.net\/wordpress\/?p=127785"},"modified":"2020-04-06T07:15:57","modified_gmt":"2020-04-06T05:15:57","slug":"addio-mario-custode-del-valles","status":"publish","type":"post","link":"https:\/\/www.radiopiu.net\/wordpress\/addio-mario-custode-del-valles\/","title":{"rendered":"ADDIO MARIO, CUSTODE DEL VALLES"},"content":{"rendered":"<p>&nbsp;<\/p>\n<p><strong><a class=\"dt-pswp-item\" href=\"https:\/\/www.radiopiu.net\/wordpress\/wp-content\/uploads\/2020\/04\/image.jpg\" data-dt-img-description=\"\" data-large_image_width=\"960\" data-large_image_height=\"540\"><img loading=\"lazy\" decoding=\"async\" class=\"wp-image-127786 alignleft\" src=\"https:\/\/www.radiopiu.net\/wordpress\/wp-content\/uploads\/2020\/04\/image.jpg\" alt=\"\" width=\"223\" height=\"126\" srcset=\"https:\/\/www.radiopiu.net\/wordpress\/wp-content\/uploads\/2020\/04\/image.jpg 960w, https:\/\/www.radiopiu.net\/wordpress\/wp-content\/uploads\/2020\/04\/image-300x169.jpg 300w, https:\/\/www.radiopiu.net\/wordpress\/wp-content\/uploads\/2020\/04\/image-768x432.jpg 768w\" sizes=\"auto, (max-width: 223px) 100vw, 223px\" \/><\/a>FALCADE<\/strong> Abbiamo appreso questa notte dalla figlia Marzia della scomparsa di Mario Cemin, il volto noto, amico e sempre cordiale di\u00a0 Passo Valles. Un grande dolore tra i famigliari e i tanti che hanno avuto modo di conoscerlo. Purtroppo per direttive precise non si terranno i funerali e non sar\u00e0 possibile salutarlo come molti vorrebbero. Da Radio Pi\u00f9 alla famiglia Cemin un messaggio di condoglianze e grande solidariet\u00e0. In suo ricordo vogliamo riproporvi un articolo di alcuni anni fa scritto in &#8220;punta di penna&#8221; dal giornalista Andrea Selva per il quotidiano &#8220;TRENTINO&#8221;.<\/p>\n<p><strong>FOTO ARCHIVIO DEL CORRIERE DELLE ALPI_BELLUNO<\/strong><\/p>\n<p><strong>ARTICOLO DA &#8220;TRENTINO&#8221; DI ANDREA SELVA, 16 FEBBRAIO 2014<\/strong><\/p>\n<h1><strong><span style=\"color: #0000ff;\"><a style=\"color: #0000ff;\" href=\"https:\/\/www.giornaletrentino.it\/cronaca\/trento\/a-passo-valles-il-custode-della-neve-1.982625\">CLICCA QUI<\/a><\/span><\/strong><\/h1>\n<p>&nbsp;<\/p>\n<p><strong>E RECENTEMENTE A LINEA BIANCA, MINUTO 15&#8217;17\u00a0<\/strong><\/p>\n<h2><span style=\"color: #0000ff;\"><a style=\"color: #0000ff;\" href=\"https:\/\/www.raiplay.it\/video\/2020\/01\/linea-bianca---falcade-1a0c1bd1-517d-4a9e-8ba0-4f23e475df4b.html\">CLICCA QUI<\/a><\/span><\/h2>\n","protected":false},"excerpt":{"rendered":"<p>&nbsp; FALCADE Abbiamo appreso questa notte dalla figlia Marzia della scomparsa di Mario Cemin, il volto noto, amico e sempre cordiale di\u00a0 Passo Valles. Un grande dolore tra i famigliari e i tanti che hanno avuto modo di conoscerlo. Purtroppo per direttive precise non si terranno i funerali e non sar\u00e0 possibile salutarlo come molti&hellip;<\/p>\n","protected":false},"author":1,"featured_media":127786,"comment_status":"closed","ping_status":"closed","sticky":false,"template":"","format":"standard","meta":{"_monsterinsights_skip_tracking":false,"_monsterinsights_sitenote_active":false,"_monsterinsights_sitenote_note":"","_monsterinsights_sitenote_category":0,"footnotes":""},"categories":[51,49],"tags":[],"class_list":["post-127785","post","type-post","status-publish","format-standard","has-post-thumbnail","hentry","category-evidenza-top","category-news-18","category-51","category-49","description-off"],"img_url":"https:\/\/www.radiopiu.net\/wordpress\/wp-content\/uploads\/2020\/04\/image.jpg","_links":{"self":[{"href":"https:\/\/www.radiopiu.net\/wordpress\/wp-json\/wp\/v2\/posts\/127785","targetHints":{"allow":["GET"]}}],"collection":[{"href":"https:\/\/www.radiopiu.net\/wordpress\/wp-json\/wp\/v2\/posts"}],"about":[{"href":"https:\/\/www.radiopiu.net\/wordpress\/wp-json\/wp\/v2\/types\/post"}],"author":[{"embeddable":true,"href":"https:\/\/www.radiopiu.net\/wordpress\/wp-json\/wp\/v2\/users\/1"}],"replies":[{"embeddable":true,"href":"https:\/\/www.radiopiu.net\/wordpress\/wp-json\/wp\/v2\/comments?post=127785"}],"version-history":[{"count":0,"href":"https:\/\/www.radiopiu.net\/wordpress\/wp-json\/wp\/v2\/posts\/127785\/revisions"}],"wp:featuredmedia":[{"embeddable":true,"href":"https:\/\/www.radiopiu.net\/wordpress\/wp-json\/wp\/v2\/media\/127786"}],"wp:attachment":[{"href":"https:\/\/www.radiopiu.net\/wordpress\/wp-json\/wp\/v2\/media?parent=127785"}],"wp:term":[{"taxonomy":"category","embeddable":true,"href":"https:\/\/www.radiopiu.net\/wordpress\/wp-json\/wp\/v2\/categories?post=127785"},{"taxonomy":"post_tag","embeddable":true,"href":"https:\/\/www.radiopiu.net\/wordpress\/wp-json\/wp\/v2\/tags?post=127785"}],"curies":[{"name":"wp","href":"https:\/\/api.w.org\/{rel}","templated":true}]}}