{"id":127933,"date":"2020-04-06T23:59:07","date_gmt":"2020-04-06T21:59:07","guid":{"rendered":"https:\/\/www.radiopiu.net\/wordpress\/?p=127933"},"modified":"2020-04-06T15:48:36","modified_gmt":"2020-04-06T13:48:36","slug":"panfilo-castaldi-medico-feltrino-linventore-con-qualche-dubbio-dei-caratteri-mobili-della-stampa-di-renato-bona","status":"publish","type":"post","link":"https:\/\/www.radiopiu.net\/wordpress\/panfilo-castaldi-medico-feltrino-linventore-con-qualche-dubbio-dei-caratteri-mobili-della-stampa-di-renato-bona\/","title":{"rendered":"PANFILO CASTALDI, MEDICO FELTRINO L\u2019INVENTORE (CON QUALCHE DUBBIO) DEI CARATTERI MOBILI DELLA STAMPA di Renato Bona"},"content":{"rendered":"<p><a class=\"dt-pswp-item\" href=\"https:\/\/www.radiopiu.net\/wordpress\/wp-content\/uploads\/2019\/08\/553085_385905871470280_1626001170_n-1.jpg\" data-dt-img-description=\"\" data-large_image_width=\"855\" data-large_image_height=\"569\"><img loading=\"lazy\" decoding=\"async\" class=\"alignleft wp-image-94594 \" src=\"https:\/\/www.radiopiu.net\/wordpress\/wp-content\/uploads\/2019\/08\/553085_385905871470280_1626001170_n-1-300x200.jpg\" alt=\"\" width=\"249\" height=\"166\" srcset=\"https:\/\/www.radiopiu.net\/wordpress\/wp-content\/uploads\/2019\/08\/553085_385905871470280_1626001170_n-1-300x200.jpg 300w, https:\/\/www.radiopiu.net\/wordpress\/wp-content\/uploads\/2019\/08\/553085_385905871470280_1626001170_n-1-768x511.jpg 768w, https:\/\/www.radiopiu.net\/wordpress\/wp-content\/uploads\/2019\/08\/553085_385905871470280_1626001170_n-1.jpg 855w\" sizes=\"auto, (max-width: 249px) 100vw, 249px\" \/><\/a><strong>di Renato Bona<\/strong><\/p>\n<p>\u201cNacque a Feltre. Fu medico e funzionario presso la Repubblica Veneta. La tradizione vuole che egli sia l\u2019inventore dei caratteri mobili della stampa. Pare che l\u2019invenzione fosse poi, da un suo alunno, rivelata al tedesco Giovanni Guttemberg di Magonza, il quale la perfezion\u00f2 e la rese di uso pratico. Sembra pure che il Guttemberg fosse ospite di Castaldi a Feltre e che avesse carpito il segreto dei caratteri mobili durante la sua permanenza in detta citt\u00e0. Certo \u00e8 comunque, che fu il primo Tipografo Italiano ed il primo stampatore di libri in Italia\u201d. Cos\u00ec lo storico bellunese Giuseppe Fontana sintetizza nel suo libro \u201cLa provincia di Belluno\u201d edito \u2013 che coincidenza! &#8211; nel settembre 1960 dallo stabilimento tipografico \u2018P. Castaldi\u2019 di Feltre &#8211; la figura di\u2026 Panfilo Castaldi! del quale indica (ma in proposito vi sono dubbi) le date di nascita: 1398, e di morte: 1497.<br \/>\nPi\u00f9 dettagliata la libera enciclopedia Wikipedia che nel proprio sito internet indica le due date: di nascita, a Feltre, nel 1430 circa e di morte a Zara nell\u2019ottobre-novembre 1487. Ricorda quindi che Castaldi \u00e8 stato medico e \u2018maestro da libri dal stampo\u2019 ovvero uno dei primi tipografi italiani. E di seguito: \u201c\u2026 prese in moglie una donna veneziana, nipote di Marco Polo, la quale port\u00f2 in dote, tra le altre cose, anche alcuni caratteri mobili di origine cinese: il celebre Polo li avrebbe portati con s\u00e9 alla fine dei suoi viaggi descritti nel \u2018Milione\u2019. Alla met\u00e0 del XV secolo si stava sperimentando anche in Italia, come nel resto d\u2019Europa, l\u2019utilizzo dei caratteri mobili in tipografia. Panfilo Castaldi si inser\u00ec in questa corrente in quanto cittadino della Serenissima Repubblica di Venezia, all\u2019epoca nel pieno del suo splendore e centro europeo di traffici commerciali e di conoscenze\u201d. Quanto alla sua attivit\u00e0 oltre alla professione di medico, scrive: \u201c\u2026 apprese l\u2019arte della stampa a Venezia, presso Giovanni da Spira (1469), indi la port\u00f2 a Milano dove giunge nel 1471. Nella citt\u00e0 lombarda impiant\u00f2 il primo torchio tipografico, da cui usc\u00ec il 3 agosto 1471 \u2018De verbo rum significatu\u2019 del grammatico romano Sesto Pompeo Festo. Tale opera \u00e8 considerata il primo libro mai stampato da un tipografo italiano. Nello stesso anno impresse la \u2018Cosmographia, sive de situ orbis\u2019 di Pomponio Mela (25 settembre 1471). A causa delle disavventure capitategli (gli furono rubati i caratteri tipografici, poi il terzo libro da lui stampato, le \u2018Epistulae ad familiares\u2019 di Cicerone, in 300 copie, usc\u00ec con la firma di un certo Filippo Lavagna che gli usurp\u00f2 il nome), l\u2019anno seguente torn\u00f2 a Venezia (1472) dove riprese ad esercitare la sua prima professione, quella di medico\u201d. Wikipedia accenna quindi a Panfilo Castaldi nella storiografia, e nel sito si pu\u00f2 leggere. \u201cStorici locali di area feltrina come Antonio Dal Corno e, prima ancora, il francescano Antonio Cambruzzi, lo accreditano come il \u2018vero\u2019 inventore dei caratteri mobili per la stampa\u201d. Conclude richiamando una proposta di legge che il 30 maggio 1997 il deputato bellunese Fabio Calzavara present\u00f2, senza che fosse mai messa in votazione, per \u201cistituire un comitato per le celebrazioni del sesto centenario della nascita di Panfilo Castaldi\u201d. Nella relazione si precisava, sulla scia di Cambruzzi e Dal Corno che \u201csarebbe stato il primo inventore dei caratteri mobili per la stampa e avrebbe insegnato tale procedimento a Fausto Comesburgo (Johannes Fust), suo ospite a Feltre, che port\u00f2 il procedimento nella sua citt\u00e0 a Magonza\u201d.<br \/>\nVeniamo al sito chieracostui-com che, precisato che nella citt\u00e0 natale, Feltre, \u00e8 eretta nella piazza Maggiore una statua che ricorda e celebra l\u2019illustre concittadino, riporta a cura di \u2018Edc\u2019 quanto scritto sulle targhe del monumento: \u201cPanfilo Castaldi, scopritore generoso dei caratteri mobili per la stampa tributo di onore tardissimo Italia porge\u201d. E: \u201cGli operai tipografi di Milano alla citt\u00e0 sorella questo pegno di affetto imperituro e di comuni glorie e speranze consacrano. III giugno MDCCCLXVI\u201d, poi: Giovanni Fausto Comesburgo che prima compagno al Guttemberg qui la grande scoperta conobbe e in Magonza rese prodigiosamente feconda Italia e Germania fraternamente ricorderanno\u201d; infine: \u201cTe Feltre ospitale che nel MCCCXXCVIII nacque il creatore dell\u2019arte tipografica la civilt\u00e0 riconoscente acclami\u201d.<br \/>\nNon possiamo, in conclusione di questa rivisitazione del personaggio Panfilo Castaldi, non citare il sito <a href=\"https:\/\/l.facebook.com\/l.php?u=http%3A%2F%2Ftreccani.it%2Fenciclopedia%3Ffbclid%3DIwAR0AFRzQVYxuXA7-QpukCMcLyHv92OCDMiuNian5Ej3Le-q9d4gh-91NXVQ&amp;h=AT2uw-FbNYmFJgjD0zo68EYDDYb1zFGM3TOtuanskyOgdDmiAioMbm2ftCCozI7bpdS-311VL25IDmHH6s4ZrXhlP4Ha9Ovo5ap-_W-kgjbYjymIfx9HOEDefWB3rKJneEOaVCFK\" target=\"_blank\" rel=\"nofollow noopener noreferrer\" data-lynx-mode=\"hover\">treccani.it\/enciclopedia<\/a>, almeno nella parte dove ripercorre i primi anni del nostro: \u201cNacque a Feltre intorno al 1430 da una famiglia appartenente alla piccola nobilt\u00e0 feltrina, i cui membri tuttavia esercitarono spesso le professioni liberali: il nonno Vittore era stato medico, il fratello Daniele fu notaio, un figlio di quest\u2019ultimo sarebbe stato il noto giureconsulto e umanista Cornelio. L\u201911 gennaio del 1449 il Castaldi era gi\u00e0 studente in arti a Padova dove ebbe probabilmente per maestri alcuni illustri rappresentanti della cultura accademica padovana del secolo: Gaetano da Thiene, Sigismondo Policastri, Matteolo da Perugia. Il 24 luglio 1451 conseguiva il dottorato in arti ricevendone le insegne da Gaetano da Thiene,. Prosegu\u00ec poi, sempre a Padova, gli studi in medicina; era ancora studente quando il 6 giugno 1454 stipulava in contratto dotale per il matrimonio con Caterina Gallinetta figlia del grammatico Damiano da Pola: dalle nozze avvenute presumibilmente poco pi\u00f9 tardi, nacquero almeno due figli che gli sopravvissero. Ottenne la laurea in medicina prima del 1457 perch\u00e9 in quell\u2019anno viene definito \u2018phisicus\u2019 in un protocollo di notaio veneziano nel quale appare come procuratore del nonno paterno Vittore. Cominci\u00f2 quindi la sua attivit\u00e0 professionale il 21 settembre 1461: era medico stipendiato a Capodistria ma \u00e8 probabile che la sua situazione professionale nella citt\u00e0 istriana non lo soddisfacesse: tre anni pi\u00f9 tardi concorse per lo stesso incarico a Belluno. Il Consiglio della citt\u00e0 si riun\u00ec il 12 luglio 1464, su proposta del podest\u00e0 Leonardo Contarini, per discutere la questione della nomina del nuovo medico; risult\u00f2 eletto un certo Gregorio da Cesena e Castaldi fu secondo con 21 voti favorevoli e 26 contrari. Non sappiamo se continuasse la sua professione a Capodistria o si trasferisse altrove: il 28 febbraio 1446 era nuovamente a Feltre, ma probabilmente solo per avere la riconferma da parte del vicario del vescovo dell\u2019investitura di alcuni feudi montani per s\u00e9 e per il fratello Daniele; nell\u2019agosto del 1469 era a Venezia\u201d.<br \/>\nResta da dire che Panfilo Castaldi mor\u00ec a Zara nel novembre o nei primissimi giorni del dicembre 1487: infatti in un atto dell\u20198 di quel mese tra il figlio Leonardo e il genero Paolo Canal si cita il nome dei Castaldi: \u201colim et riuper medici phisici salariati in Jadra\u201d.<br \/>\nNELLE FOTO (Renato Bona, Edc, Cecchin, Wikipedia): statua e medaglia di Panfilo Castaldi; Porta Imperiale o Porta Castaldi a Feltre; la tabella e la via col nome di Panfilo Castaldi nella zona bellunese di Baldenich; cartolina viaggiata del 1901; la Piazza Maggiore di Feltre ed il monumento a Castaldi.<\/p>\n\n\t\t\t<style type='text\/css'>\n\t\t\t\t#gallery-1 {\n\t\t\t\t\tmargin: auto;\n\t\t\t\t}\n\t\t\t\t#gallery-1 .gallery-item {\n\t\t\t\t\tfloat: left;\n\t\t\t\t\tmargin-top: 10px;\n\t\t\t\t\ttext-align: center;\n\t\t\t\t\twidth: 25%;\n\t\t\t\t}\n\t\t\t\t#gallery-1 img {\n\t\t\t\t\tborder: 2px solid #cfcfcf;\n\t\t\t\t}\n\t\t\t\t#gallery-1 .gallery-caption {\n\t\t\t\t\tmargin-left: 0;\n\t\t\t\t}\n\t\t\t\t\/* see gallery_shortcode() in wp-includes\/media.php *\/\n\t\t\t<\/style>\n\t\t<div id='gallery-1' class='dt-gallery-container gallery galleryid-127933 gallery-columns-4 gallery-size-thumbnail'><dl class='gallery-item'>\n\t\t\t\t<dt class='gallery-icon portrait'>\n\t\t\t\t\t<a class=\"rollover\" href='https:\/\/www.radiopiu.net\/wordpress\/panfilo-castaldi-medico-feltrino-linventore-con-qualche-dubbio-dei-caratteri-mobili-della-stampa-di-renato-bona\/92393301_268688667627603_1301601053212409856_n\/'><img loading=\"lazy\" decoding=\"async\" width=\"150\" height=\"150\" src=\"https:\/\/www.radiopiu.net\/wordpress\/wp-content\/uploads\/2020\/04\/92393301_268688667627603_1301601053212409856_n-150x150.jpg\" class=\"attachment-thumbnail size-thumbnail\" alt=\"\" \/><\/a>\n\t\t\t\t<\/dt><\/dl><dl class='gallery-item'>\n\t\t\t\t<dt class='gallery-icon landscape'>\n\t\t\t\t\t<a class=\"rollover\" href='https:\/\/www.radiopiu.net\/wordpress\/panfilo-castaldi-medico-feltrino-linventore-con-qualche-dubbio-dei-caratteri-mobili-della-stampa-di-renato-bona\/92222707_2744637795652897_1215938518904209408_n\/'><img loading=\"lazy\" decoding=\"async\" width=\"150\" height=\"150\" src=\"https:\/\/www.radiopiu.net\/wordpress\/wp-content\/uploads\/2020\/04\/92222707_2744637795652897_1215938518904209408_n-150x150.jpg\" class=\"attachment-thumbnail size-thumbnail\" alt=\"\" \/><\/a>\n\t\t\t\t<\/dt><\/dl><dl class='gallery-item'>\n\t\t\t\t<dt class='gallery-icon landscape'>\n\t\t\t\t\t<a class=\"rollover\" href='https:\/\/www.radiopiu.net\/wordpress\/panfilo-castaldi-medico-feltrino-linventore-con-qualche-dubbio-dei-caratteri-mobili-della-stampa-di-renato-bona\/92427989_227810641914189_7672381693260464128_n\/'><img loading=\"lazy\" decoding=\"async\" width=\"150\" height=\"150\" src=\"https:\/\/www.radiopiu.net\/wordpress\/wp-content\/uploads\/2020\/04\/92427989_227810641914189_7672381693260464128_n-150x150.jpg\" class=\"attachment-thumbnail size-thumbnail\" alt=\"\" \/><\/a>\n\t\t\t\t<\/dt><\/dl><dl class='gallery-item'>\n\t\t\t\t<dt class='gallery-icon landscape'>\n\t\t\t\t\t<a class=\"rollover\" href='https:\/\/www.radiopiu.net\/wordpress\/panfilo-castaldi-medico-feltrino-linventore-con-qualche-dubbio-dei-caratteri-mobili-della-stampa-di-renato-bona\/92320478_562987420990856_6583521975220568064_n\/'><img loading=\"lazy\" decoding=\"async\" width=\"150\" height=\"150\" src=\"https:\/\/www.radiopiu.net\/wordpress\/wp-content\/uploads\/2020\/04\/92320478_562987420990856_6583521975220568064_n-150x150.jpg\" class=\"attachment-thumbnail size-thumbnail\" alt=\"\" \/><\/a>\n\t\t\t\t<\/dt><\/dl><br style=\"clear: both\" \/><dl class='gallery-item'>\n\t\t\t\t<dt class='gallery-icon landscape'>\n\t\t\t\t\t<a class=\"rollover\" href='https:\/\/www.radiopiu.net\/wordpress\/panfilo-castaldi-medico-feltrino-linventore-con-qualche-dubbio-dei-caratteri-mobili-della-stampa-di-renato-bona\/92254423_2583107965266831_7434973527683366912_n\/'><img loading=\"lazy\" decoding=\"async\" width=\"150\" height=\"150\" src=\"https:\/\/www.radiopiu.net\/wordpress\/wp-content\/uploads\/2020\/04\/92254423_2583107965266831_7434973527683366912_n-150x150.jpg\" class=\"attachment-thumbnail size-thumbnail\" alt=\"\" \/><\/a>\n\t\t\t\t<\/dt><\/dl><dl class='gallery-item'>\n\t\t\t\t<dt class='gallery-icon landscape'>\n\t\t\t\t\t<a class=\"rollover\" href='https:\/\/www.radiopiu.net\/wordpress\/panfilo-castaldi-medico-feltrino-linventore-con-qualche-dubbio-dei-caratteri-mobili-della-stampa-di-renato-bona\/92670779_896235127513910_1634921963132551168_n\/'><img loading=\"lazy\" decoding=\"async\" width=\"150\" height=\"150\" src=\"https:\/\/www.radiopiu.net\/wordpress\/wp-content\/uploads\/2020\/04\/92670779_896235127513910_1634921963132551168_n-150x150.jpg\" class=\"attachment-thumbnail size-thumbnail\" alt=\"\" \/><\/a>\n\t\t\t\t<\/dt><\/dl><dl class='gallery-item'>\n\t\t\t\t<dt class='gallery-icon portrait'>\n\t\t\t\t\t<a class=\"rollover\" href='https:\/\/www.radiopiu.net\/wordpress\/panfilo-castaldi-medico-feltrino-linventore-con-qualche-dubbio-dei-caratteri-mobili-della-stampa-di-renato-bona\/92168409_596088600987605_74574891549982720_n\/'><img loading=\"lazy\" decoding=\"async\" width=\"150\" height=\"150\" src=\"https:\/\/www.radiopiu.net\/wordpress\/wp-content\/uploads\/2020\/04\/92168409_596088600987605_74574891549982720_n-150x150.jpg\" class=\"attachment-thumbnail size-thumbnail\" alt=\"\" \/><\/a>\n\t\t\t\t<\/dt><\/dl><dl class='gallery-item'>\n\t\t\t\t<dt class='gallery-icon portrait'>\n\t\t\t\t\t<a class=\"rollover\" href='https:\/\/www.radiopiu.net\/wordpress\/panfilo-castaldi-medico-feltrino-linventore-con-qualche-dubbio-dei-caratteri-mobili-della-stampa-di-renato-bona\/92615666_235836417794741_1273240147206340608_n\/'><img loading=\"lazy\" decoding=\"async\" width=\"150\" height=\"150\" src=\"https:\/\/www.radiopiu.net\/wordpress\/wp-content\/uploads\/2020\/04\/92615666_235836417794741_1273240147206340608_n-150x150.jpg\" class=\"attachment-thumbnail size-thumbnail\" alt=\"\" \/><\/a>\n\t\t\t\t<\/dt><\/dl><br style=\"clear: both\" \/>\n\t\t\t<\/div>\n\n","protected":false},"excerpt":{"rendered":"<p>di Renato Bona \u201cNacque a Feltre. Fu medico e funzionario presso la Repubblica Veneta. La tradizione vuole che egli sia l\u2019inventore dei caratteri mobili della stampa. Pare che l\u2019invenzione fosse poi, da un suo alunno, rivelata al tedesco Giovanni Guttemberg di Magonza, il quale la perfezion\u00f2 e la rese di uso pratico. Sembra pure che&hellip;<\/p>\n","protected":false},"author":4,"featured_media":127938,"comment_status":"closed","ping_status":"closed","sticky":false,"template":"","format":"standard","meta":{"_monsterinsights_skip_tracking":false,"_monsterinsights_sitenote_active":false,"_monsterinsights_sitenote_note":"","_monsterinsights_sitenote_category":0,"footnotes":""},"categories":[49],"tags":[],"class_list":["post-127933","post","type-post","status-publish","format-standard","has-post-thumbnail","hentry","category-news-18","category-49","description-off"],"img_url":"https:\/\/www.radiopiu.net\/wordpress\/wp-content\/uploads\/2020\/04\/92254423_2583107965266831_7434973527683366912_n-scaled.jpg","_links":{"self":[{"href":"https:\/\/www.radiopiu.net\/wordpress\/wp-json\/wp\/v2\/posts\/127933","targetHints":{"allow":["GET"]}}],"collection":[{"href":"https:\/\/www.radiopiu.net\/wordpress\/wp-json\/wp\/v2\/posts"}],"about":[{"href":"https:\/\/www.radiopiu.net\/wordpress\/wp-json\/wp\/v2\/types\/post"}],"author":[{"embeddable":true,"href":"https:\/\/www.radiopiu.net\/wordpress\/wp-json\/wp\/v2\/users\/4"}],"replies":[{"embeddable":true,"href":"https:\/\/www.radiopiu.net\/wordpress\/wp-json\/wp\/v2\/comments?post=127933"}],"version-history":[{"count":0,"href":"https:\/\/www.radiopiu.net\/wordpress\/wp-json\/wp\/v2\/posts\/127933\/revisions"}],"wp:featuredmedia":[{"embeddable":true,"href":"https:\/\/www.radiopiu.net\/wordpress\/wp-json\/wp\/v2\/media\/127938"}],"wp:attachment":[{"href":"https:\/\/www.radiopiu.net\/wordpress\/wp-json\/wp\/v2\/media?parent=127933"}],"wp:term":[{"taxonomy":"category","embeddable":true,"href":"https:\/\/www.radiopiu.net\/wordpress\/wp-json\/wp\/v2\/categories?post=127933"},{"taxonomy":"post_tag","embeddable":true,"href":"https:\/\/www.radiopiu.net\/wordpress\/wp-json\/wp\/v2\/tags?post=127933"}],"curies":[{"name":"wp","href":"https:\/\/api.w.org\/{rel}","templated":true}]}}