{"id":127951,"date":"2020-04-06T16:28:05","date_gmt":"2020-04-06T14:28:05","guid":{"rendered":"https:\/\/www.radiopiu.net\/wordpress\/?p=127951"},"modified":"2020-04-06T16:30:22","modified_gmt":"2020-04-06T14:30:22","slug":"emergenza-coronavirus-gruppo-pd-tamponi-personale-e-risorse-le-case-di-riposo-sono-la-priorita","status":"publish","type":"post","link":"https:\/\/www.radiopiu.net\/wordpress\/emergenza-coronavirus-gruppo-pd-tamponi-personale-e-risorse-le-case-di-riposo-sono-la-priorita\/","title":{"rendered":"Emergenza coronavirus &#8211; Gruppo Pd: \u201cTamponi, personale e risorse: le case di riposo sono la priorit\u00e0.\u00a0"},"content":{"rendered":"<p><strong><img decoding=\"async\" class=\"alignleft\" src=\"https:\/\/www.radiopiu.net\/wordpress\/wp-content\/uploads\/2018\/11\/PD.png\" \/>VENEZIA<\/strong><em> \u201cLe case di riposo devono essere l\u2019assoluta priorit\u00e0 in questo momento; c\u2019\u00e8 un ritardo oggettivo da colmare nelle azioni rivolte ai Centri servizi per anziani (Csa). Occorrono tamponi per operatori e ospiti, personale e supporto economico, dalla conferma dell\u2019importo delle impegnative di cura del 2019 a un fondo straordinario per le spese di sanificazione e acquisto di dispositivi di protezione individuale\u201d.<\/em>\u00a0 A dirlo il capogruppo del Partito Democratico Stefano Fracasso<em> \u201cL\u2019annuncio dato due giorni fa dell\u2019assessore Lanzarin che entro il 7 aprile, quindi domani, ogni Ulss deve predisporre e presentare il piano per l\u2019attenuazione del rischio all\u2019interno di queste strutture, testimonia la necessit\u00e0 di colmare un ritardo. Gi\u00e0 il 23 marzo avevamo individuato nelle case di riposo un fronte di elevata criticit\u00e0, chiedendo un monitoraggio della situazione.\u00a0I gestori dei centri servizi si sono trovati ad affrontare una situazione gravissima e assolutamente inedita, spesso senza le necessarie informazioni e competenze, sarebbe un errore scaricare su di loro le responsabilit\u00e0\u201d<\/em>.\u00a0 Un altro invito del gruppo consiliare del Pd riguarda l\u2019attivazione immediata in tutte le Ulss delle Conferenze dei sindaci, con cadenza settimanale, per coordinare le misure con i Comuni. Due, invece, le richieste sul fronte economico:\u00a0conferma dello stesso importo delle impegnative di cura per il periodo da febbraio a settembre 2019, pari a 330 milioni,\u00a0in modo da non creare incertezza sull&#8217;incasso del contributo regionale da parte dei gestori e un\u00a0fondo straordinario di almeno cinque milioni per far fronte alle maggiori spese per sanificazione e acquisto Dpi,\u00a0da inserire nella variazione di bilancio.<\/p>\n<p>&nbsp;<\/p>\n","protected":false},"excerpt":{"rendered":"<p>VENEZIA \u201cLe case di riposo devono essere l\u2019assoluta priorit\u00e0 in questo momento; c\u2019\u00e8 un ritardo oggettivo da colmare nelle azioni rivolte ai Centri servizi per anziani (Csa). Occorrono tamponi per operatori e ospiti, personale e supporto economico, dalla conferma dell\u2019importo delle impegnative di cura del 2019 a un fondo straordinario per le spese di sanificazione&hellip;<\/p>\n","protected":false},"author":1,"featured_media":67744,"comment_status":"closed","ping_status":"closed","sticky":false,"template":"","format":"standard","meta":{"_monsterinsights_skip_tracking":false,"_monsterinsights_sitenote_active":false,"_monsterinsights_sitenote_note":"","_monsterinsights_sitenote_category":0,"footnotes":""},"categories":[49],"tags":[],"class_list":["post-127951","post","type-post","status-publish","format-standard","has-post-thumbnail","hentry","category-news-18","category-49","description-off"],"img_url":"https:\/\/www.radiopiu.net\/wordpress\/wp-content\/uploads\/2018\/11\/PD.png","_links":{"self":[{"href":"https:\/\/www.radiopiu.net\/wordpress\/wp-json\/wp\/v2\/posts\/127951","targetHints":{"allow":["GET"]}}],"collection":[{"href":"https:\/\/www.radiopiu.net\/wordpress\/wp-json\/wp\/v2\/posts"}],"about":[{"href":"https:\/\/www.radiopiu.net\/wordpress\/wp-json\/wp\/v2\/types\/post"}],"author":[{"embeddable":true,"href":"https:\/\/www.radiopiu.net\/wordpress\/wp-json\/wp\/v2\/users\/1"}],"replies":[{"embeddable":true,"href":"https:\/\/www.radiopiu.net\/wordpress\/wp-json\/wp\/v2\/comments?post=127951"}],"version-history":[{"count":0,"href":"https:\/\/www.radiopiu.net\/wordpress\/wp-json\/wp\/v2\/posts\/127951\/revisions"}],"wp:featuredmedia":[{"embeddable":true,"href":"https:\/\/www.radiopiu.net\/wordpress\/wp-json\/wp\/v2\/media\/67744"}],"wp:attachment":[{"href":"https:\/\/www.radiopiu.net\/wordpress\/wp-json\/wp\/v2\/media?parent=127951"}],"wp:term":[{"taxonomy":"category","embeddable":true,"href":"https:\/\/www.radiopiu.net\/wordpress\/wp-json\/wp\/v2\/categories?post=127951"},{"taxonomy":"post_tag","embeddable":true,"href":"https:\/\/www.radiopiu.net\/wordpress\/wp-json\/wp\/v2\/tags?post=127951"}],"curies":[{"name":"wp","href":"https:\/\/api.w.org\/{rel}","templated":true}]}}