{"id":128098,"date":"2020-04-08T05:57:38","date_gmt":"2020-04-08T03:57:38","guid":{"rendered":"https:\/\/www.radiopiu.net\/wordpress\/?p=128098"},"modified":"2020-04-08T10:28:32","modified_gmt":"2020-04-08T08:28:32","slug":"giornale-radiopiu-08-aprile-2020-direttore-mirko-mezzacasa","status":"publish","type":"post","link":"https:\/\/www.radiopiu.net\/wordpress\/giornale-radiopiu-08-aprile-2020-direttore-mirko-mezzacasa\/","title":{"rendered":"GIORNALE RADIOPIU 08 APRILE 2020 DIRETTORE MIRKO MEZZACASA"},"content":{"rendered":"<h3><strong>PER RICEVERE QUESTO NOTIZIARIO DIRETTAMENTE SUL TUO CELLULARE ISCRIVITI AL CANALE\u00a0TELEGRAM\u00a0<\/strong><strong>\u201cRADIO PIU\u00a0 INFORMAZIONE\u201d<\/strong><\/h3>\n<hr \/>\n<p>&nbsp;<\/p>\n<p>&nbsp;<\/p>\n<p>\u2022 Le persone attualmente positive sono complessivamente 94.067. I decessi sono 17.127, 604 nelle ultime 24 ore, mentre i guariti sono oltre 24mila; \u00a0Arcuri: &#8220;L\u2019uscita dall\u2019emergenza non \u00e8 ancora vicina&#8221;; \u00a0Boris Johnson stabile, nel Regno Unito record di morti; \u00a0Nel mondo superati i 300mila guariti.<\/p>\n<blockquote>\n<h2>CONTAGI IN PROVINCIA E AGORDINO<\/h2>\n<\/blockquote>\n<p>ALPAGO <span style=\"color: #ff0000;\">74-97<\/span>, BELLUNO E CORTINA <span style=\"color: #ff0000;\">53-74<\/span>, FELTRE, ALANO DI PIAVE\u00a0 <span style=\"color: #ff0000;\">30-41,<\/span> SANTA GIUSTINA, LAMON E BORGOVALBELLUNA <span style=\"color: #ff0000;\">19-20<\/span>, SEDICO, PEDAVENA, QUERO VAS <span style=\"color: #ff0000;\">10-19<\/span>. PONTE NELLE ALPI CESIOMAGGIORE PIEVE DI CADORE, FONZASO SANTO STEFANO DI CADORE SEREN DEL GRAPPA, DOMEGGE CALALZO SAN VITO DI CADORE CHIES D&#8217;ALPAGO TAMBRE <span style=\"color: #ff0000;\">4-10<\/span>. TUTTI GLI ALTRI COMUNI TRA<span style=\"color: #ff0000;\"> 1 E 3<\/span>. <strong>ZERO CONTAGI<\/strong> A SELVA DI CADORE, SAN PIETRO DI CADORE, SOVRAMONTE, VODO DI CADORE, LORENZAGO DI CADORE, SAN NICOLO&#8217; COMELICO, PERAROLO DI CADORE E OSPITALE DI CADORE.<\/p>\n<p><a class=\"dt-pswp-item\" href=\"https:\/\/www.radiopiu.net\/wordpress\/wp-content\/uploads\/2020\/04\/Schermata-2020-04-07-alle-20.26.55.png\" data-dt-img-description=\"\" data-large_image_width=\"1400\" data-large_image_height=\"838\"><img loading=\"lazy\" decoding=\"async\" class=\"alignnone size-large wp-image-128343\" src=\"https:\/\/www.radiopiu.net\/wordpress\/wp-content\/uploads\/2020\/04\/Schermata-2020-04-07-alle-20.26.55-1024x613.png\" alt=\"\" width=\"1024\" height=\"613\" srcset=\"https:\/\/www.radiopiu.net\/wordpress\/wp-content\/uploads\/2020\/04\/Schermata-2020-04-07-alle-20.26.55-1024x613.png 1024w, https:\/\/www.radiopiu.net\/wordpress\/wp-content\/uploads\/2020\/04\/Schermata-2020-04-07-alle-20.26.55-300x180.png 300w, https:\/\/www.radiopiu.net\/wordpress\/wp-content\/uploads\/2020\/04\/Schermata-2020-04-07-alle-20.26.55-768x460.png 768w, https:\/\/www.radiopiu.net\/wordpress\/wp-content\/uploads\/2020\/04\/Schermata-2020-04-07-alle-20.26.55.png 1400w\" sizes=\"auto, (max-width: 1024px) 100vw, 1024px\" \/><\/a><\/p>\n<blockquote><p>&nbsp;<\/p>\n<h2><strong><span style=\"color: #339966;\">RIAPERTURE:\u00a0 IL PERICOLO E&#8217; DIETRO L&#8217;ANGOLO.<\/span> NO ALLE FALSE ASPETTATIVE, CHE NON SI RISCHI DI <span style=\"color: #ff0000;\">PRENDERE IL GOL IN ZONA CESARINI\u00a0<\/span><\/strong><\/h2>\n<\/blockquote>\n<p><em><span style=\"color: #339966;\">L&#8217;Europa \u00e8 sempre pi\u00f9 spaccata con Austria<\/span>, Germania, Olanda e Finlandia che remano <span style=\"color: #ff0000;\">contro i covid bond, intesa sempre pi\u00f9 difficile<\/span><\/em><\/p>\n<p><span style=\"color: #339966;\">di Mir<\/span>ko Mezzacasa<\/p>\n<p>C&#8217;\u00e8 chi alimenta le speranze e chi tira di freni. Il premier Conte che dovr\u00e0 scrivere il nuovo DPCM tra venerdi e sabato ipotizza un primo allentamento, gli scienziati lo invitano alla prudenza perch\u00e9 il contagio potrebbe riaccendersi. Non sar\u00e0 comunque un &#8220;tana liberi tutti&#8221;, piuttosto la ripresa sar\u00e0 graduale con l&#8217;apertura di alcune attivit\u00e0, soprattutto quelle con le prenotazioni e poi via via tutti gli altri, periodi pi\u00f9 lunghi per i ristoranti e ulteriori limitazioni per parchi e pic nic per il via libera agli spostamenti bisogner\u00e0 probabilmente attendere il primo maggio.\u00a0 I segnali positivi non mancano, nelle terapie intensive della Regione i pazienti gravi sono in diminuzione, per la prima volta dall&#8217;inizio dell&#8217;epidemia i ricoverati sono scesi sotto quota 300, ma si continua a morire anche ieri la conta dei decessi ha superato i trenta.\u00a0 Ieri in Veneto 32 decessi,\u00a0 96 nuovi casi di positivit\u00e0, non erano mai scesi sotto ai cento. A Padova 27, a Treviso 30, &#8220;solo&#8221; 3 a Belluno e Vicenza e 7 a Rovigo. In Veneto 12.021 i positivi dal 21 febbraio, 10.245 gli attualmente positivi, 1054 i negativizzati, 722 il numero totale dei decessi (cumulativo anche extraospedale), 18.866 persone in isolamento domiciliare. Negli ospedali 1558 ricoverati (-21 nelle ultime 12 ore), 289 in terapia intensiva (-8) 1316 i guariti, 656 le vittime in ospedale. In provincia ancora due decessi, due anziane donne bellunesi. Nel reparto di Pneumologia al San Martino di Belluno \u00e8 morta Mirella Banterla in Cadorin paziente covid di 82 anni di Bes Una brava donna, sempre al servizio della nostra comunit\u00e0\u00bb, sottolinea don Lino Agostini, il parroco di Antole, \u00abera molto attiva nella nostra parrocchia e non posso nascondere un grande dispiacere per la sua scomparsa\u00bb.Banterla lascia, oltre al marito, i figli Paolo e Roberto, la nuora Renata, il nipote e tutti i parenti.\u00a0 Al Santa Maria del Prato di Feltre si \u00e8 spenta Amabile Limana De Bona di Borgo Valbelluna di 75 anni \u00a0ricoverata nella area covid.\u00a0 \u00a0Con i due decessi di ieri il bilancio si fa sempre pi\u00f9 pesante: 35 morti (compresi gli anziani della case di riposo),\u00a0 29 le vittime del covid decedute in ospedale, 19 al San Martino di Belluno, 6 a Feltre, 3 nell&#8217;ospedale di Comunit\u00e0 a Belluno e 1 ad Agordo. Ieri &#8220;solo&#8221; 3 nuovi infetti che portano il totale a 580. Negli ospedali un paziente in meno in area critica (39), e uno in meno a Feltre (7) che purtroppo corrispondono al numero dei decessi. Un paziente in meno nell&#8217;ospedale di Comunit\u00e0 di Belluno (13) e sempre 13 ad Agordo. E&#8217; sempre critica la situazione nelle case di riposo, sono 66 gli ospiti deceduti in Veneto. In provincia dopo Alano, Puos d&#8217;Alpago e Santa Croce l&#8217;emergenza scatta a Mel, il sindaco Stefano Cesa nel consiglio comunale ha comunicato che ci sono 5 ospiti positivi, 4 a Mel e 1 a Lentiai. Finita l&#8217;emergenza le terapie intensive non saranno <em>&#8220;disarmate&#8221; come ha spiegato ieri Luca Zaia &#8220;Come i cittadini terranno il pacchetto di mascherine, anche noi smantelleremo il minimo, e gli ospedali oggi occupati dai reparti Covid dopo la pausa pasquale \u00e8 previsto rientrino nella normalit\u00e0,\u00a0 ma abbiamo ancora 2000 persone in ospedale e temiamo l&#8217;arrivo delle piogge e l&#8217;abbassamento delle temperature&#8221;.<\/em> A creare confusione in questi giorni ci hanno pensato le Prefetture con la regola del silenzio assenso, i sindacati sono stati i primi a scendere sul piede di guerra e ieri sono arrivate ulteriori critiche da Venezia <em>&#8220;Il silenzio assenso e le richieste di deroghe hanno portato a tante aperture, molta gente \u00e8 comparsa in strada, ci sono un sacco di deroghe. Il silenzio assenso \u00e8 stato un boomerang. Io sono per aprire il prima possibile &#8211; ha sottolineato Zaia &#8211;\u00a0 la competenza \u00e8 del Governo e spero ci siano persone per bene davanti a questa pandemia. Sono per aprire se c&#8217;\u00e8 un minimo spiraglio.Gli assembramenti sono pericolosi, auspico che ci siano almeno i dispositivi e le distanze di sicurezza&#8221;.\u00a0 <\/em>Anche Luxottica \u00e8 pronta per la ripartenza, dopo l\u2019effettuazione di tutte le necessarie attivit\u00e0 di sanificazione ed implementazione del Protocollo sanitario gi\u00e0 condiviso, prevista la ripresa produttiva a bassi regimi a partire da marted\u00ec 14 Aprile, per tutti gli stabilimenti\u00a0 percentuale progressiva di presenze indicativa fra il 20% ed il 30%. Logistica distributiva, lenti oftalmiche ed after sales (Sedico) continueranno a lavorare sui livelli della settimana in corso. Sono, inoltre, previste le consuete attivit\u00e0 di manutenzione e messa in sicurezza degli impianti che verranno garantite in ogni sede. La novit\u00e0: chi \u00e8 stato assunto dopo il 23 febbraio avr\u00e0 copertura economica dall&#8217;azienda per le giornate di fermo. Il Presidente della provincia Roberto Padrin guarda avanti pensando a Cortina 2021 che sar\u00e0 il primo grande evento post emergenza. Ma \u00e8 preoccupato il presidente, perch\u00e9 in Italia le procedure burocratiche sono lente mentre le imprese hanno necessit\u00e0 di risposte celeri. <em>&#8220;Se le procedure non si snelliranno\u00a0 &#8211; dice Padrin &#8211; sar\u00e0 choc economico&#8221;<\/em>. Dal calendario non scompaiono solo gli eventi primaverili, ma anche quelli estivi. Domani avrebbe dovuto iniziare a Taibon la Sagra de Pasca, lunedi a Prompicai la Festa del fanciullo e l&#8217;evento &#8220;Agordo paese del graffito&#8221; ma se ne riparler\u00e0 solo il prossimo anno per quanto riguarda le sagre, mentre le opere in graffito quest&#8217;anno anche con la firma di Franco Murer ispirato a Tito Livio Burattini saranno realizzate quando la stretta sar\u00e0 allentata come da giorni riporta la pagina facebook dedicata all&#8217;evento. Annullata invece la 4 Pas in Doi di giugno della pro loco di Agordo, stessa sorte per la &#8220;Velenosa&#8221; del Cansiglio e come ricordato ieri cancellata anche la TransCivetta di luglio. Ieri a Venezia si \u00e8 parlato anche di elezioni <em>&#8220;Da fare il prima possibile &#8211; ha detto Zaia &#8211; magari a luglio,\u00a0 ma non certo a novembre e dicembre che \u00e8 una follia. Vuol dire non prendere in considerazione la recrudescenza del virus, rischiamo di non farle pi\u00f9 se ritorna,\u00a0 con la stagione autunnale \u00e8 sbagliatissimo prevedere una sessione autunnale di elezioni&#8221;.<\/em>Il cuore dei veneti \u00e8 sempre il cuore dei veneti, 27.781 persone hanno messo mano al portafoglio e le donazioni hanno superato i 30 milioni di euro, 5 quelli versati dalla Banca d&#8217;Italia,\u00a0 Huawey\u00a0 ha regalato 250 tablet e sim per gli ospedali. La fondazione Elios di Bassano ha versato 334 mila euro in attrezzature e 326 mila euro in donazioni.<\/p>\n<p>&nbsp;<\/p>\n<hr \/>\n<p>&nbsp;<\/p>\n<blockquote>\n<h3 class=\"entry-title\">DRAMMA A FELTRE IVONIA TAITA MUORE INTOSSICATA TRA LE MURA DI CASA<\/h3>\n<\/blockquote>\n<p><strong class=\"photoswipe-wrapper\"><img loading=\"lazy\" decoding=\"async\" class=\"wp-image-128197 alignleft jetpack-lazy-image jetpack-lazy-image--handled\" src=\"https:\/\/i2.wp.com\/www.radiopiu.net\/wordpress\/wp-content\/uploads\/2020\/04\/4d26b21d-d055-484b-80aa-905982377127.jpg?resize=189%2C142&amp;ssl=1\" sizes=\"auto, (max-width: 189px) 100vw, 189px\" srcset=\"https:\/\/i2.wp.com\/www.radiopiu.net\/wordpress\/wp-content\/uploads\/2020\/04\/4d26b21d-d055-484b-80aa-905982377127.jpg?resize=1024%2C768&amp;ssl=1 1024w, https:\/\/i2.wp.com\/www.radiopiu.net\/wordpress\/wp-content\/uploads\/2020\/04\/4d26b21d-d055-484b-80aa-905982377127.jpg?resize=300%2C225&amp;ssl=1 300w, https:\/\/i2.wp.com\/www.radiopiu.net\/wordpress\/wp-content\/uploads\/2020\/04\/4d26b21d-d055-484b-80aa-905982377127.jpg?resize=768%2C576&amp;ssl=1 768w, https:\/\/i2.wp.com\/www.radiopiu.net\/wordpress\/wp-content\/uploads\/2020\/04\/4d26b21d-d055-484b-80aa-905982377127.jpg?w=1280&amp;ssl=1 1280w\" alt=\"\" width=\"189\" height=\"142\" data-recalc-dims=\"1\" data-lazy-loaded=\"1\" \/>SEREN DEL GRAPPA<\/strong> Nell\u2019incendio di via Dino Buzzatti ha perso la vita\u00a0 Ivonia Taita\u00a0 nata e residente a Seren Del Grappa, di\u00a0 85 anni. L\u2019incendio ha distrutto il divano sul quale \u00e8 stato rinvenuto il corpo dell\u2019anziana, le fiamme si sono sviluppate per cause accidentali -probabilmente una sigaretta &#8211;\u00a0 e la morte \u00e8 stata provocata da malore per intossicazione, la donna era peraltro gi\u00e0 sofferente di altre patologie. I pompieri arrivati da Feltre sono entrati nell\u2019appartamento invaso dal fumo e delle fiamme dotati di autorespiratori, spegnendo l\u2019incendio, che ha interessato il soggiorno e rinvenendo il corpo senza vita della donna 85 enne come accertato dai sanitari del SUEM. Al vaglio dei tecnici dei vigili del fuoco le cause, che hanno innescato le fiamme nell\u2019appartamento. Sul posto anche i carabinieri. Le operazioni di aereazione e messa in sicurezza della casa sono terminate dopo circa due ore.<\/p>\n<p>&nbsp;<\/p>\n<hr \/>\n<p>&nbsp;<\/p>\n<blockquote>\n<h3>ALTRI DUE DECESSI. UNO A BELLUNO E UNO A FELTRE<\/h3>\n<\/blockquote>\n<p><b><a class=\"dt-pswp-item\" href=\"https:\/\/www.radiopiu.net\/wordpress\/wp-content\/uploads\/2020\/03\/covid-ulss.jpg\" data-dt-img-description=\"\" data-large_image_width=\"800\" data-large_image_height=\"600\"><img loading=\"lazy\" decoding=\"async\" class=\" wp-image-121260 alignleft\" src=\"https:\/\/www.radiopiu.net\/wordpress\/wp-content\/uploads\/2020\/03\/covid-ulss-300x225.jpg\" alt=\"\" width=\"158\" height=\"118\" srcset=\"https:\/\/www.radiopiu.net\/wordpress\/wp-content\/uploads\/2020\/03\/covid-ulss-300x225.jpg 300w, https:\/\/www.radiopiu.net\/wordpress\/wp-content\/uploads\/2020\/03\/covid-ulss-768x576.jpg 768w, https:\/\/www.radiopiu.net\/wordpress\/wp-content\/uploads\/2020\/03\/covid-ulss.jpg 800w\" sizes=\"auto, (max-width: 158px) 100vw, 158px\" \/><\/a><\/b><\/p>\n<p><b>BELLUNO. <\/b>Ancora due decessi, nel reparto di Pneumologia al San Martino di Belluno \u00e8 morta Mirella Banterla in Cadorin di 82 anni ricoverata nell\u2019area non critica e residente a Bes.\u00a0 Una brava donna, sempre al servizio della nostra comunit\u00e0\u00bb, sottolinea don Lino Agostini, il parroco di Antole, \u00abera molto attiva nella nostra parrocchia e non posso nascondere un grande dispiacere per la sua scomparsa\u00bb.Banterla lascia, oltre al marito, i figli Paolo e Roberto, la nuora Renata, il nipote e tutti i parenti.Al Santa Maria del Prato di Feltre si \u00e8 spenta Amabile Limana De Bona di 75 anni \u00a0ricoverata nella area covid\u00a0 e residente a Borgo Valbelluna<\/p>\n<p><strong>NEL RICORDO DI AMABILE E MIRELLA CON UN MESSAGGIO DI CONDOGLIANZE A PARENTI ED AMICI DI BES E BORGOVALBELLUNA.<\/strong><\/p>\n<p><a class=\"dt-pswp-item\" href=\"https:\/\/www.radiopiu.net\/wordpress\/wp-content\/uploads\/2020\/04\/f8b935b4-0abe-4ed6-aef1-1091de107fd7.jpg\" data-dt-img-description=\"\" data-large_image_width=\"200\" data-large_image_height=\"280\"><img loading=\"lazy\" decoding=\"async\" class=\"alignnone size-full wp-image-128288\" src=\"https:\/\/www.radiopiu.net\/wordpress\/wp-content\/uploads\/2020\/04\/f8b935b4-0abe-4ed6-aef1-1091de107fd7.jpg\" alt=\"\" width=\"200\" height=\"280\" \/><\/a><a class=\"dt-pswp-item\" href=\"https:\/\/www.radiopiu.net\/wordpress\/wp-content\/uploads\/2020\/04\/f02ce38b-06f6-405c-b1cc-3da703892f90-1.jpg\" data-dt-img-description=\"\" data-large_image_width=\"720\" data-large_image_height=\"1440\"><img loading=\"lazy\" decoding=\"async\" class=\"alignnone wp-image-128382\" src=\"https:\/\/www.radiopiu.net\/wordpress\/wp-content\/uploads\/2020\/04\/f02ce38b-06f6-405c-b1cc-3da703892f90-1-512x1024.jpg\" alt=\"\" width=\"139\" height=\"278\" srcset=\"https:\/\/www.radiopiu.net\/wordpress\/wp-content\/uploads\/2020\/04\/f02ce38b-06f6-405c-b1cc-3da703892f90-1-512x1024.jpg 512w, https:\/\/www.radiopiu.net\/wordpress\/wp-content\/uploads\/2020\/04\/f02ce38b-06f6-405c-b1cc-3da703892f90-1-150x300.jpg 150w, https:\/\/www.radiopiu.net\/wordpress\/wp-content\/uploads\/2020\/04\/f02ce38b-06f6-405c-b1cc-3da703892f90-1.jpg 720w\" sizes=\"auto, (max-width: 139px) 100vw, 139px\" \/><\/a><\/p>\n<p>&nbsp;<\/p>\n<hr \/>\n<p>&nbsp;<\/p>\n<div class=\"page-title-head hgroup\">\n<blockquote>\n<h3 class=\"entry-title\">INCENDIO AD OSPITALE DI CADORE, BRUCIA IL TETTO DI UN\u2019ABITAZIONE NESSUN FERITO<\/h3>\n<\/blockquote>\n<\/div>\n<div class=\"page-title-breadcrumbs\"><strong><a class=\"dt-pswp-item\" href=\"https:\/\/www.radiopiu.net\/wordpress\/wp-content\/uploads\/2020\/04\/a1e384cc-8baa-435a-9abb-3668eb2c5beb.jpg\" data-dt-img-description=\"\" data-large_image_width=\"1280\" data-large_image_height=\"960\"><img loading=\"lazy\" decoding=\"async\" class=\"alignleft wp-image-128118 size-medium\" src=\"https:\/\/www.radiopiu.net\/wordpress\/wp-content\/uploads\/2020\/04\/a1e384cc-8baa-435a-9abb-3668eb2c5beb-300x225.jpg\" alt=\"\" width=\"300\" height=\"225\" srcset=\"https:\/\/www.radiopiu.net\/wordpress\/wp-content\/uploads\/2020\/04\/a1e384cc-8baa-435a-9abb-3668eb2c5beb-300x225.jpg 300w, https:\/\/www.radiopiu.net\/wordpress\/wp-content\/uploads\/2020\/04\/a1e384cc-8baa-435a-9abb-3668eb2c5beb-1024x768.jpg 1024w, https:\/\/www.radiopiu.net\/wordpress\/wp-content\/uploads\/2020\/04\/a1e384cc-8baa-435a-9abb-3668eb2c5beb-768x576.jpg 768w, https:\/\/www.radiopiu.net\/wordpress\/wp-content\/uploads\/2020\/04\/a1e384cc-8baa-435a-9abb-3668eb2c5beb.jpg 1280w\" sizes=\"auto, (max-width: 300px) 100vw, 300px\" \/><\/a>OSPITALE DI CADORE<\/strong> Alle 3.45 di ieri mattina i Vigili del Fuoco hanno operando in Via Roma a Ospitale di Cadore per l\u2019incendio tetto di un\u2019abitazione di pi\u00f9 appartamenti: nessuna persona \u00e8 rimasta ferita. Le squadre intervenute da Pieve di Cadore, Belluno e con i volontari di Valle di Cadore e Longarone con tre autopompe, due autobotti, un\u2019autoscala, un carro e sedici operatori, hanno circoscritto e spento le fiamme evitando il coinvolgimento dell\u2019intera struttura. Danneggiati dalle fiamme l\u2019intera copertura del tetto e tre appartamenti sottostanti: due non abitati al momento, in quanto case vacanze e uno con residenti due fratelli. Sul posto i Carabinieri di Val di Zoldo per i rilievi. L\u2019incendio si sarebbe sviluppato da un locale adibito a deposito pertinente l\u2019abitazione di propriet\u00e0 di Enzo Zanvettor, le fiamme si sono poi propagate al tetto di due immobili attigui non abitati. L\u2019immobile \u00e8 stato dichiarato inagibile e le cause potrebbero essere ricondotte ad un corto circuito. Notevoli i danni.<strong><br \/>\n<\/strong><\/div>\n<div><\/div>\n<div><\/div>\n<div><\/div>\n<p>&nbsp;<\/p>\n<hr \/>\n<p>&nbsp;<\/p>\n<blockquote class=\"wp-embedded-content\" data-secret=\"nhbpRPIB1o\"><p><a href=\"https:\/\/www.radiopiu.net\/wordpress\/continuano-a-diminuire-i-positivi-i-ricoveri-in-ospedale-ma-sono-sempre-alti-i-decessi-32-nelle-ultime-24-ore\/\">CONTINUANO A DIMINUIRE  I POSITIVI E I RICOVERI IN OSPEDALE MA SONO SEMPRE ALTI I DECESSI, 32* NELLE ULTIME 24 ORE<\/a><\/p><\/blockquote>\n<p><iframe loading=\"lazy\" title=\"&#8220;CONTINUANO A DIMINUIRE  I POSITIVI E I RICOVERI IN OSPEDALE MA SONO SEMPRE ALTI I DECESSI, 32* NELLE ULTIME 24 ORE&#8221; &#8212; Radio Pi\u00f9\" class=\"wp-embedded-content\" sandbox=\"allow-scripts\" security=\"restricted\" style=\"position: absolute; clip: rect(1px, 1px, 1px, 1px);\" src=\"https:\/\/www.radiopiu.net\/wordpress\/continuano-a-diminuire-i-positivi-i-ricoveri-in-ospedale-ma-sono-sempre-alti-i-decessi-32-nelle-ultime-24-ore\/embed\/#?secret=nhbpRPIB1o\" data-secret=\"nhbpRPIB1o\" width=\"600\" height=\"338\" frameborder=\"0\" marginwidth=\"0\" marginheight=\"0\" scrolling=\"no\"><\/iframe><\/p>\n<p>&nbsp;<\/p>\n<hr \/>\n<p>&nbsp;<\/p>\n<p><strong>VENEZIA<\/strong> L&#8217;appuntamento giornaliero con la conferenza stampa di Luca Zaia<\/p>\n<blockquote><p><em>Se qualcuno scriver\u00e0 la storia dir\u00e0 che in quei giorni si cre\u00f2 una rete\u00a0 di informazione che ha diffuso una comunicazione validata dal mondo scientifico. Calano i pazienti in terapia intensiva, merito anche delle restrizioni rispettate, dei veneti: il virus va in giro e cerca un ospite da contagiare, &#8220;dove seo?&#8221;, si chieder\u00e0. Andiamo verso un piano di allentamento degli ospedali . Noi non disarmeremo le terapie intensive. Dolo, Schiavonia, Santorso e Vittorio Veneto, Villafranca, dopo la pausa pasquale daremo le prime indicazioni. Aiuti dal Governo solo a chi paga le fatture. Quando riapriremo i primi ad uscire saranno i giovani. Via anche alla sperimentazione con l&#8217;ozono. I giovani sono la nostra forza \u00e8 pi\u00f9 difficile tenere\u00a0 alla corda un puledro che un vecchio cavallo. Per la riapertura delle fabbriche il silenzio assenso \u00e8 un chiaro vulnus nella normativa. Elezioni in autunno? E&#8217; una follia per il possibile ritorno del virus. La storia di Vo&#8217; tutte le decisioni sono state prese da Zaia. Che il Governo liberalizzi la vendita delle mascherine e tolga la confisca perch\u00e9 noi abbiamo i magazzini pieni.\u00a0<\/em><\/p><\/blockquote>\n<p><strong>DATI<\/strong> 153.000 tamponi e domani parte la macchina costata 400mila euro, unica nel suo genere da 9000 tamponi in autonomia e noi puntiamo sula politica dei tamponi. 18866 persone in isolamento fiduciario in calo. Crescono i positivi 11.925 rispetto a ieri 227 in pi\u00f9 perch\u00e9 stanno arrivando i tamponi accumulati a suo tempo per la mancanza di reagenti.1876 ricoverati ben sotto a 2000, 297 in terapia intensiva rispetto a ieri meno 29, (siamo andati sotto di 300). I dimessi superano per il sesto giorno i ricoverati, sono 1265. Dimessi pi\u00f9 ricoverati e terapie sono 3141. i morti 634, con le case di riposo 695. I nuovi nati 83 una buona media<\/p>\n<p><strong>DONAZIONI<\/strong> grazie a tutti, dai top ai pi\u00f9 piccoli. Nei prossimi giorni daremo anche il totale del materiale donato. 5 milioni di euro della Banca d&#8217;Italia, siamo oltre i 30 milioni di euro. Huawey ci ha fatto avere 250 tablet e sim per gli ospedali. La fondazione Elios di Bassano ha versato 334 mila euro in attrezzature e 326 mila euro in donazioni. Totale donatori 27,781<\/p>\n<p><strong>TERAPIE INTENSIVE<\/strong> Non le disarmeremo come i cittadini terranno il pacchetto di mascherine. Smantelleremo il minimo, e gli ospedali oggi occupati dai reparti Covid abbiate pazienza perch\u00e9 dopo la pausa pasquale cominceremo a dare le prime indicazioni per riportarli al loro normale utilizzo ma abbiamo ancora 2000 persone in ospedale e temiamo l&#8217;arrivo delle piogge e l&#8217;abbassamento delle temperature. Se ci sar\u00e0 un&#8217;uscita graduale non si dicute che i ragazzi usciranno per primi, meritano un premio, finch\u00e9 loro resistono resister\u00e0 anche la comunit\u00e0 ora \u00e8 importante stiano a casa e oggi fanno 5-6 ore al giorno di lezione. Usciremo da questa tragedia con un mondo cambiato dalla video conferenze che sono funzionali e il mondo digitale ci sta aiutando.<\/p>\n<p><strong>GRAZIE A CHI LAVORA NELLE CASE DI RIPOSO 25 MILA OPERATORI, GRAZIE AI FAMIGLIARI DEGLI OLTRE 30 MILA OSPITI. UNA MASSA DI PERSONE CHE SUPERA QUELLA DEGLI OSPEDALI, IL DOPPIO DEI POSTI LETTO OSPEDALIERI.\u00a0<\/strong><\/p>\n<p><strong>AZIENDE E CONTRIBUTI<\/strong> Dobbiamo arrivare ai livelli della Germania, non saremo i parenti poveri dell&#8217;Europa che mi chiedo dove sia, ci restituiscono meno soldi di quanto ne diamo. Chiedero&#8217; che va bene aiutare le aziende ma con una clausola obbligatoria: che paghino fornitori e lavoratori, il vero problema di questi due mesi \u00e8 che tutti avanzano soldi da tutti. Il finanziamento deve essere legato al rispetto dei pagamenti. I conti si pagano. Le imprese vanno aiutate ma i debiti vanno pagati anche ai piccoli artigiani. E non sono ammessi sconti d&#8217;ufficio. Questo va messo nel provvedimento a chiare lettere.<\/p>\n<p><strong>IL GOVERNO E LA STAMPA LOCALE<\/strong> Stiamo spingendo e lavorando per questo, vogliamo garantire il pluralismo e riconoscere il lavoro di radio, giornali, televisioni.I presidente sono tutti d&#8217;accordo con me \u00e8 doveroso riconoscerlo e ne abbiamo parlato sia a Boccia che al presidente del Consiglio. C&#8217;\u00e8 un mondo di lavoratori e giornalisti coinvolti<\/p>\n<p><strong>NUOVI FARMACI\u00a0<\/strong> Abbiamo talmente tanti protocolli da verificare, tutto quello che c&#8217;\u00e8 da sperimentare se ce lo concedono lo sperimentiamo. Sperimentazioni con l&#8217;ozono:\u00a0 Proveremo se Aifa autorizzer\u00e0, l&#8217;ozono per il trattamento dei pazienti. L&#8217;agenzia del farmaco approva l&#8217;uso del Ruxolitinib,<\/p>\n<p><strong>RIAPERTURE AZIENDE E SCIOPERI<\/strong> Continuamo a controllare, il silenzio assenso e le richieste deroghe hanno portato a tante aperture, molta gente \u00e8 comparsa in strada, ci sono un sacco di deroghe. Il silenzio assenso \u00e8 stato un boomerang. Io sono per aprire il prima possibile, la competenza \u00e8 del Governo e spero ci siano persone per bene davanti a questa pandemia. Sono per aprire se c&#8217;\u00e8 un minimo spiraglio.Gli assembramenti sono pericolosi, auspico che ci siano almeno i dispositivi e le distanze di sicurezza.<\/p>\n<p><strong>SE I LAVORATORI RILEVANO PERICOLI COSA DEVONO FARE<\/strong> Se un lavoratore pensa gli abbiano leso i suoi diritti ha gli strumenti per difendersi. Invito le Prefetture a fare attenzione con il buon senso per affrontare questo tema. Vediamo cosa succeder\u00e0 con il nuovo DPCM che dovremo gi\u00e0 vedere venerdi. Sono le Prefetture che hanno in mano questa partita.<\/p>\n<p><strong>SI VIETANO ASSEMBRAMENTI E SI APRONO LE FABBRICHE<\/strong> E&#8217; una difficolt\u00e0, il silenzio assenso ha creato queste situazioni.<\/p>\n<p><strong>ELEZIONI<\/strong> Da fare il prima possibile, novembre e dicembre \u00e8 una follia. Vuol dire non prendere in considerazione la recrudescenza del virus, rischiamo di non farle pi\u00f9. Se ritorna con la stagione autunnale \u00e8 sbagliatissimo prevedere una sessione autunnale di elezioni.<\/p>\n<blockquote><p><strong>riflessione giornalistica: RIAPERTURE IL PERICOLO E&#8217; DIETRO L&#8217;ANGOLO NO ALLE FALSE ASPETTATIVE, CHE NON SI RISCHI DI PRENDERE IL GOL IN ZONA CESARINI\u00a0<\/strong><\/p><\/blockquote>\n<p><strong>TAMPONI A TUTTI CONTRO INDICAZIONI OMS<\/strong> Molto prima dei contagiati il 31 gennaio \u00e8 stato scritto un piano di sanit\u00e0 pubblica con task force provinciali e regionali, prevedeva che al primo contagio si sarebbe riunita la task force provinciale per isolare i contagiati e tamponare i contatti. Il piano lo ha scritto la dottoressa Francesca Russo capo dipartimento Prevenzione della Regione. Ha depositato il piano e il 21 febbraio con i 2 contagiati a Vo si riunisce la task force di Padova entro le due ore, io ci vado subito, c&#8217;erano 10 persone che operano in ambito sanitario anche con il sindaco Giordani e decido anche contro le linee guida del piano di non tamponare solo i contatti dei positivi ma mi metto nei panni di tutti i cittadini di Vo terorizzati e io decido di far parrtire il tampone per tutti e sono stato attaccato. Io ho deciso i tamponi di Vo dopo qualche giorno in quarantena e perimetrato (prima quarantena della storia di un paese con i Comuni di Lodi) ordinanza fermata da me e da Speranza creando l&#8217;area rossa a tre giorni dal contagio. Al dodicesimo giorno mi chiama il professor Cristanti e mi dice ho visto la vostra esperienza dei 3000 tamponi ed \u00e8 un dato scientifico che nessuno ha al mondo e abbiamo scoperto 66 positivi asintomatici e 11 in ospedale che se non li trovavamo facevano di Vo&#8217; una bomba. Dopo 15 giorni Cristanti mi chiede di fare un secondo giro di tamponi\u00a0 e i cittadini sono stati eccezionali e ne \u00e8 uscito che i contagiati erano diventati sei, e&#8217; la storia di Vo&#8217; e dei tamponi.<\/p>\n<p><strong>GRANDE DISTRIBUZIONI NON TROVANO MASCHERINE E COSTANO TROPPO. SI DOVRA&#8217; CONVIVERE COME NE USCIAMO?<\/strong> Mascherine se ne trovano, noi le troviamo ne abbiamo comperate 24 milioni e mezzo. Primo appello: non ci servono mascherine ne abbiamo a sufficienza. E&#8217; ora passata di togliere la confisca alle dogane. Nuove iniziative di produzione di mascherine, non mandateci i campioni non possiamo occuparci delle pratiche. Fate bene i conti perch\u00e9 la mascherina chirurgica ha dei costi minori della produzione in Veneto, siamo fuori mercato.<\/p>\n<p><strong>TAMPONI E REAGENTI<\/strong> Mancano i reagenti altrimenti ne potremo fare 20mila al giorno.<\/p>\n<p>&nbsp;<\/p>\n<p>https:\/\/www.facebook.com\/zaiaufficiale\/videos\/227945721742130<\/p>\n<p>&nbsp;<\/p>\n<p>&nbsp;<\/p>\n<hr \/>\n<p>&nbsp;<\/p>\n<blockquote>\n<h3>ULSS 1 AGGIORNAMENTO: 488 TAMPONI OGGI, MENO 95 PERSONE IN ISOLAMENTO DOMICILIARE<\/h3>\n<\/blockquote>\n<p><strong>BELLUNO<\/strong>\u00a0GLI AGGIORNAMENTI DALLA ULSS 1 DOLOMITI<\/p>\n<p><strong>SORVEGLIANZA SANITARIA COVID-19<\/strong> Numero totale tamponi effettuati per ricerca nCoV al 7 aprile 2020: <b>9667 (+ 488). <\/b>Persone residenti in Ulss Dolomiti in isolamento domiciliare fiduciario e sorveglianza attiva al 7 aprile 2020: <b>1091 (-95 rispetto ieri) <\/b>Alcuni tamponi sono stati effettuati pi\u00f9 volte sulle stesse persone<\/p>\n<p><strong>OSPEDALE DI BELLUNO<\/strong>\u00a0Installate altre 3 tende della Protezione Civile al Blocco F per il percorso dedicato ai sospetti COVID,\u00a0Attivato il Punto Medico Avanzato. Le degenze di MEDICINA E ONCOLOGIA sono state collocate al 2\u00b0piano del Blocco chirurgico,\u00a0le degenze della PNEUMOLOGIA e GERIATRIA sono state collocate al 3\u00b0 piano del Blocco Chirurgico (lato EST)<span class=\"Apple-converted-space\">\u00a0,\u00a0<\/span>le degenze di CHIRURGIA, NEFROLOGIA e UROLOGIA sono state compattate al 3\u00b0 piano del Blocco Chirurgico<span class=\"Apple-converted-space\">\u00a0,\u00a0<\/span>le degenze di NEUROLOGIA sono state spostate al 2\u00b0 piano del Blocco Medico. Le aree per sospetti COVID e pazienti COVID a bassa intensit\u00e0 sono collocate al 3\u00b0 e 4\u00b0piano del Blocco Medico,<span class=\"s2\">Sono stati attivati ulteriori 18 posti letto per pazienti COVID a bassa intensit\u00e0 al 3\u00b0 piano del blocco medico per un totale di 34 posti letto. I posti letto di media intensit\u00e0 sono 12 a Malattie infettive e 16 a Pneumologia COVID .\u00a0<\/span>il contenitore della Terapia Intensiva (9 posti letto) \u00e8 stato allargato anche al gruppo operatorio di Belluno dove al momento sono stati attivati ulteriori 4 posti letto di terapia intensiva dedicati a eventuali pazienti covid positivi. I pazienti in arrivo dal 118 che dovessero necessitare di ricoveri urgenti in terapia intensiva COVID negativi saranno centralizzati alla Rianimazione di Feltre. Sono temporaneamente SOSPESI i ricoveri in Geriatria NON COVID visto l\u2019impegno dei medici della Geriatria nell\u2019area Covid. I ricoveri gi\u00e0 destinati a questa area degenziale, saranno assegnati secondo criterio di patologia prevalente alle degenze di Cardiologia, Pneumologia, Medicina di Belluno o di Pieve .<\/p>\n<p><b>OSPEDALE DI AGORDO<\/b>\u00a0attivata attivit\u00e0 di ricovero per pazienti COVID positivi a bassa intensit\u00e0 di cura \u2013 modello ospedale di comunit\u00e0;<\/p>\n<p><b>OSPEDALE DI PIEVE DI CADORE\u00a0<\/b>\u00e8 attivo un filtro all\u2019ingresso per il controllo degli accessi grazie al personale della Protezione Civile, attivata un\u2019area per sospetti COVID al 2\u00b0 piano<\/p>\n<p><b>OSPEDALE DI FELTRE\u00a0<\/b>Il reparto di PNEUMOLOGIA \u00e8 stato trasferito al 6\u00b0 piano del Padiglione Dalla Palma.\u00a0Il reparto di GERIATRIA \u00e8 rientrato al 5\u00b0 piano del Padiglione Dalla Palma,\u00a0l\u2019area di degenza dedicata ai casi positivi Covid-19 \u00e8 al 4\u00b0 Piano del Padiglione Dalla Palma.\u00a0<b><\/b>L\u2019ingresso in ospedale \u00e8 consentito solo con l\u2019utilizzo di mascherina portata da casa ed esclusivamente a: mariti\/compagni di partorienti, parenti stretti di pazienti in fin di vita o deceduti, una sola persona al giorno negli orari di visita per i degenti, pazienti per visite ambulatoriali, donatori di sangue. Situazioni specifiche saranno valutate dal personale sanitario preposto. \u00c8 vietato per gli accompagnatori o visitatori entrare nelle aree COVID.<\/p>\n<p><a class=\"dt-pswp-item\" href=\"https:\/\/www.radiopiu.net\/wordpress\/wp-content\/uploads\/2020\/04\/Schermata-2020-04-07-alle-20.35.33.png\" data-dt-img-description=\"\" data-large_image_width=\"1102\" data-large_image_height=\"1312\"><img loading=\"lazy\" decoding=\"async\" class=\"alignnone wp-image-128346\" src=\"https:\/\/www.radiopiu.net\/wordpress\/wp-content\/uploads\/2020\/04\/Schermata-2020-04-07-alle-20.35.33-860x1024.png\" alt=\"\" width=\"350\" height=\"417\" srcset=\"https:\/\/www.radiopiu.net\/wordpress\/wp-content\/uploads\/2020\/04\/Schermata-2020-04-07-alle-20.35.33-860x1024.png 860w, https:\/\/www.radiopiu.net\/wordpress\/wp-content\/uploads\/2020\/04\/Schermata-2020-04-07-alle-20.35.33-252x300.png 252w, https:\/\/www.radiopiu.net\/wordpress\/wp-content\/uploads\/2020\/04\/Schermata-2020-04-07-alle-20.35.33-768x914.png 768w, https:\/\/www.radiopiu.net\/wordpress\/wp-content\/uploads\/2020\/04\/Schermata-2020-04-07-alle-20.35.33.png 1102w\" sizes=\"auto, (max-width: 350px) 100vw, 350px\" \/><\/a><\/p>\n<p>&nbsp;<\/p>\n<hr \/>\n<p>&nbsp;<\/p>\n<blockquote class=\"wp-embedded-content\" data-secret=\"27jE7N1aOL\"><p><a href=\"https:\/\/www.radiopiu.net\/wordpress\/aggiornamento-assessorato-protezione-civile-07-aprile-2020\/\">AGGIORNAMENTO ASSESSORATO PROTEZIONE CIVILE 07 APRILE 2020<\/a><\/p><\/blockquote>\n<p><iframe loading=\"lazy\" title=\"&#8220;AGGIORNAMENTO ASSESSORATO PROTEZIONE CIVILE 07 APRILE 2020&#8221; &#8212; Radio Pi\u00f9\" class=\"wp-embedded-content\" sandbox=\"allow-scripts\" security=\"restricted\" style=\"position: absolute; clip: rect(1px, 1px, 1px, 1px);\" src=\"https:\/\/www.radiopiu.net\/wordpress\/aggiornamento-assessorato-protezione-civile-07-aprile-2020\/embed\/#?secret=27jE7N1aOL\" data-secret=\"27jE7N1aOL\" width=\"600\" height=\"338\" frameborder=\"0\" marginwidth=\"0\" marginheight=\"0\" scrolling=\"no\"><\/iframe><\/p>\n<p><strong>DAL GR DELLE 14:30 DI IERI L&#8217;INTERVENTO DELL&#8217;ASSESORE REGIONALE GIANPAOLO BOTTACIN<\/strong><\/p>\n<audio class=\"wp-audio-shortcode\" id=\"audio-128098-1\" preload=\"none\" style=\"width: 100%;\" controls=\"controls\"><source type=\"audio\/mpeg\" src=\"https:\/\/www.radiopiu.net\/wordpress\/wp-content\/uploads\/2020\/04\/bottacin-martedi.mp3?_=1\" \/><a href=\"https:\/\/www.radiopiu.net\/wordpress\/wp-content\/uploads\/2020\/04\/bottacin-martedi.mp3\">https:\/\/www.radiopiu.net\/wordpress\/wp-content\/uploads\/2020\/04\/bottacin-martedi.mp3<\/a><\/audio>\n<hr \/>\n<p>&nbsp;<\/p>\n<p>&nbsp;<\/p>\n<p>&nbsp;<\/p>\n<blockquote>\n<h3>DATI E GRAFICI DEL GIORNO, PROVINCIA \u2013 REGIONE 07 APRILE 2020<\/h3>\n<\/blockquote>\n<p><strong>Con la collaborazione di Tiziano De Col<\/strong><\/p>\n<p>Oggi i dati dei contagi riportano l&#8217;incremento giornaliero per la Provincia di Belluno che \u00e8 ritornato tra gli aumenti giornalieri maggiori tra le Provincie Venete e sempre al di sopra dell&#8217;incremento medio del Veneto. La provincia di Belluno resta con il rapporto contagi &#8211; popolazione tra i pi\u00f9 alti tra le Province Venete, dopo Padova e Verona e ben al di sopra di Treviso, Vicenza, Venezia e Rovigo<\/p>\n<p><a class=\"dt-pswp-item\" href=\"https:\/\/www.radiopiu.net\/wordpress\/wp-content\/uploads\/2020\/04\/Schermata-2020-04-07-alle-18.50.22.png\" data-dt-img-description=\"\" data-large_image_width=\"720\" data-large_image_height=\"456\"><img loading=\"lazy\" decoding=\"async\" class=\"alignnone wp-image-128308\" src=\"https:\/\/www.radiopiu.net\/wordpress\/wp-content\/uploads\/2020\/04\/Schermata-2020-04-07-alle-18.50.22.png\" alt=\"\" width=\"240\" height=\"152\" srcset=\"https:\/\/www.radiopiu.net\/wordpress\/wp-content\/uploads\/2020\/04\/Schermata-2020-04-07-alle-18.50.22.png 720w, https:\/\/www.radiopiu.net\/wordpress\/wp-content\/uploads\/2020\/04\/Schermata-2020-04-07-alle-18.50.22-300x190.png 300w\" sizes=\"auto, (max-width: 240px) 100vw, 240px\" \/><\/a><a class=\"dt-pswp-item\" href=\"https:\/\/www.radiopiu.net\/wordpress\/wp-content\/uploads\/2020\/04\/0b5dfffd-bd7f-46b0-820d-209d43df8f92.jpg\" data-dt-img-description=\"\" data-large_image_width=\"480\" data-large_image_height=\"289\"><img loading=\"lazy\" decoding=\"async\" class=\"alignnone wp-image-128309\" src=\"https:\/\/www.radiopiu.net\/wordpress\/wp-content\/uploads\/2020\/04\/0b5dfffd-bd7f-46b0-820d-209d43df8f92.jpg\" alt=\"\" width=\"241\" height=\"145\" srcset=\"https:\/\/www.radiopiu.net\/wordpress\/wp-content\/uploads\/2020\/04\/0b5dfffd-bd7f-46b0-820d-209d43df8f92.jpg 480w, https:\/\/www.radiopiu.net\/wordpress\/wp-content\/uploads\/2020\/04\/0b5dfffd-bd7f-46b0-820d-209d43df8f92-300x181.jpg 300w\" sizes=\"auto, (max-width: 241px) 100vw, 241px\" \/><\/a><a class=\"dt-pswp-item\" href=\"https:\/\/www.radiopiu.net\/wordpress\/wp-content\/uploads\/2020\/04\/47302171-3b00-475e-9483-9bda4ad2e48c.jpg\" data-dt-img-description=\"\" data-large_image_width=\"480\" data-large_image_height=\"289\"><img loading=\"lazy\" decoding=\"async\" class=\"alignnone wp-image-128310\" src=\"https:\/\/www.radiopiu.net\/wordpress\/wp-content\/uploads\/2020\/04\/47302171-3b00-475e-9483-9bda4ad2e48c.jpg\" alt=\"\" width=\"239\" height=\"144\" srcset=\"https:\/\/www.radiopiu.net\/wordpress\/wp-content\/uploads\/2020\/04\/47302171-3b00-475e-9483-9bda4ad2e48c.jpg 480w, https:\/\/www.radiopiu.net\/wordpress\/wp-content\/uploads\/2020\/04\/47302171-3b00-475e-9483-9bda4ad2e48c-300x181.jpg 300w\" sizes=\"auto, (max-width: 239px) 100vw, 239px\" \/><\/a><a class=\"dt-pswp-item\" href=\"https:\/\/www.radiopiu.net\/wordpress\/wp-content\/uploads\/2020\/04\/1dd0b620-d301-4e8e-b9e7-d8b6be9d8dfe.jpg\" data-dt-img-description=\"\" data-large_image_width=\"480\" data-large_image_height=\"352\"><img loading=\"lazy\" decoding=\"async\" class=\"alignnone wp-image-128313\" src=\"https:\/\/www.radiopiu.net\/wordpress\/wp-content\/uploads\/2020\/04\/1dd0b620-d301-4e8e-b9e7-d8b6be9d8dfe.jpg\" alt=\"\" width=\"450\" height=\"330\" srcset=\"https:\/\/www.radiopiu.net\/wordpress\/wp-content\/uploads\/2020\/04\/1dd0b620-d301-4e8e-b9e7-d8b6be9d8dfe.jpg 480w, https:\/\/www.radiopiu.net\/wordpress\/wp-content\/uploads\/2020\/04\/1dd0b620-d301-4e8e-b9e7-d8b6be9d8dfe-300x220.jpg 300w\" sizes=\"auto, (max-width: 450px) 100vw, 450px\" \/><\/a><\/p>\n<p>&nbsp;<\/p>\n<hr \/>\n<p>&nbsp;<\/p>\n<blockquote>\n<h3><\/h3>\n<\/blockquote>\n<blockquote>\n<h3>CAPITOLO &#8220;DE COCCIO&#8221;: IERI 701 CONTROLLI E 47 PERSONE SANZIONATE, ATTIVITA&#8217; COMMERCIALI CONTROLLOTE 1170<\/h3>\n<\/blockquote>\n<p><strong>BELLUNO<\/strong> La Prefettura di Belluno ha distribuito i dati sui controlli effettuati luned\u00ec. 701 le persone fermate e 47 sanzioni inflitte. Controllati anche 1170 esercizi commerciali e in questo caso \u00e8 risultato tutto regolare.<\/p>\n<p><a class=\"dt-pswp-item\" href=\"https:\/\/www.radiopiu.net\/wordpress\/wp-content\/uploads\/2020\/04\/07.04_-_MONITORAGGIO_SETTIMANALE_DEI_SERVIZI_DI_CONTROLLO.jpg\" data-dt-img-description=\"\" data-large_image_width=\"1240\" data-large_image_height=\"1754\"><img loading=\"lazy\" decoding=\"async\" class=\"alignnone wp-image-128159\" src=\"https:\/\/www.radiopiu.net\/wordpress\/wp-content\/uploads\/2020\/04\/07.04_-_MONITORAGGIO_SETTIMANALE_DEI_SERVIZI_DI_CONTROLLO-724x1024.jpg\" alt=\"\" width=\"450\" height=\"636\" srcset=\"https:\/\/www.radiopiu.net\/wordpress\/wp-content\/uploads\/2020\/04\/07.04_-_MONITORAGGIO_SETTIMANALE_DEI_SERVIZI_DI_CONTROLLO-724x1024.jpg 724w, https:\/\/www.radiopiu.net\/wordpress\/wp-content\/uploads\/2020\/04\/07.04_-_MONITORAGGIO_SETTIMANALE_DEI_SERVIZI_DI_CONTROLLO-212x300.jpg 212w, https:\/\/www.radiopiu.net\/wordpress\/wp-content\/uploads\/2020\/04\/07.04_-_MONITORAGGIO_SETTIMANALE_DEI_SERVIZI_DI_CONTROLLO-768x1086.jpg 768w, https:\/\/www.radiopiu.net\/wordpress\/wp-content\/uploads\/2020\/04\/07.04_-_MONITORAGGIO_SETTIMANALE_DEI_SERVIZI_DI_CONTROLLO-1086x1536.jpg 1086w, https:\/\/www.radiopiu.net\/wordpress\/wp-content\/uploads\/2020\/04\/07.04_-_MONITORAGGIO_SETTIMANALE_DEI_SERVIZI_DI_CONTROLLO.jpg 1240w\" sizes=\"auto, (max-width: 450px) 100vw, 450px\" \/><\/a><\/p>\n<p>&nbsp;<\/p>\n<hr \/>\n<p>&nbsp;<\/p>\n<div><\/div>\n<div><\/div>\n<div><\/div>\n<div><\/div>\n<div>\n<hr \/>\n<\/div>\n<p>&nbsp;<\/p>\n<blockquote>\n<h3>SOSPESI I PAGAMENTI A MISURA RIDOTTA E RICORSI DEI VERBALI FINO AL 13 APRILE<\/h3>\n<\/blockquote>\n<p><strong class=\"photoswipe-wrapper\"><a class=\"dt-pswp-item pspw-wrap-ready\" href=\"https:\/\/i1.wp.com\/www.radiopiu.net\/wordpress\/wp-content\/uploads\/2015\/06\/Belluno_palazzo_rettori_prefettura.jpg?ssl=1\" data-dt-img-description=\"\" data-large_image_width=\"2560\" data-large_image_height=\"1920\"><img loading=\"lazy\" decoding=\"async\" class=\"alignleft wp-image-6463 size-medium jetpack-lazy-image jetpack-lazy-image--handled\" src=\"https:\/\/i1.wp.com\/www.radiopiu.net\/wordpress\/wp-content\/uploads\/2015\/06\/Belluno_palazzo_rettori_prefettura.jpg?resize=300%2C225&amp;ssl=1\" sizes=\"auto, (max-width: 300px) 100vw, 300px\" srcset=\"https:\/\/i1.wp.com\/www.radiopiu.net\/wordpress\/wp-content\/uploads\/2015\/06\/Belluno_palazzo_rettori_prefettura.jpg?resize=300%2C225&amp;ssl=1 300w, https:\/\/i1.wp.com\/www.radiopiu.net\/wordpress\/wp-content\/uploads\/2015\/06\/Belluno_palazzo_rettori_prefettura.jpg?resize=1024%2C768&amp;ssl=1 1024w, https:\/\/i1.wp.com\/www.radiopiu.net\/wordpress\/wp-content\/uploads\/2015\/06\/Belluno_palazzo_rettori_prefettura.jpg?w=2400&amp;ssl=1 2400w\" alt=\"\" width=\"300\" height=\"225\" data-recalc-dims=\"1\" data-lazy-loaded=\"1\" \/><\/a>BELLUNO<\/strong>\u00a0I\u00a0termini di notificazione dei verbali di violazioni amministrative, di esecuzione del pagamento in misura\u00a0ridotta, di svolgimento di attivit\u00e0 difensiva e per la presentazione di ricorsi\u00a0giurisdizionali\u00a0<u>sono da intendersi sospesi fino al 13 aprile 2020.\u00a0<\/u>Tutti gli altri termini\u00a0 relativi allo svolgimento di procedimenti amministrativi su istanza di parte o d\u2019ufficio,\u00a0<u>sono da intendersi sospesi dal 23 febbraio fino al 15 aprile 2020<\/u>. Si devono ritenere assoggettati alla medesima sospensione i termini per la comunicazione del\u00a0Codice della Strada,\u00a0dei dati personali e della patente del conducente del veicolo al momento della commessa violazione\u00a0e quelli per ottemperare all\u2019invito di presentarsi all\u2019ufficio di\u00a0polizia per fornire informazioni o<strong>\u00a0<\/strong>esibire documenti del medesimo codice.<\/p>\n<p>&nbsp;<\/p>\n<p>&nbsp;<\/p>\n<p>&nbsp;<\/p>\n<hr \/>\n<p>&nbsp;<\/p>\n<blockquote>\n<h3>DA MARTEDI&#8217; PROSSIMO LUXOTTICA RICOMINCIA LA PRODUZIONE A RANGHI RIDOTTI<\/h3>\n<\/blockquote>\n<p><strong><a class=\"dt-pswp-item\" href=\"https:\/\/www.radiopiu.net\/wordpress\/wp-content\/uploads\/2020\/01\/NUOVA-INSEGNA-LUXOTTICA-scaled.jpg\" data-dt-img-description=\"\" data-large_image_width=\"2560\" data-large_image_height=\"1920\"><img loading=\"lazy\" decoding=\"async\" class=\"alignleft wp-image-113444 size-medium\" src=\"https:\/\/www.radiopiu.net\/wordpress\/wp-content\/uploads\/2020\/01\/NUOVA-INSEGNA-LUXOTTICA-300x225.jpg\" alt=\"\" width=\"300\" height=\"225\" srcset=\"https:\/\/www.radiopiu.net\/wordpress\/wp-content\/uploads\/2020\/01\/NUOVA-INSEGNA-LUXOTTICA-300x225.jpg 300w, https:\/\/www.radiopiu.net\/wordpress\/wp-content\/uploads\/2020\/01\/NUOVA-INSEGNA-LUXOTTICA-1024x768.jpg 1024w, https:\/\/www.radiopiu.net\/wordpress\/wp-content\/uploads\/2020\/01\/NUOVA-INSEGNA-LUXOTTICA-768x576.jpg 768w, https:\/\/www.radiopiu.net\/wordpress\/wp-content\/uploads\/2020\/01\/NUOVA-INSEGNA-LUXOTTICA-1536x1152.jpg 1536w, https:\/\/www.radiopiu.net\/wordpress\/wp-content\/uploads\/2020\/01\/NUOVA-INSEGNA-LUXOTTICA-2048x1536.jpg 2048w\" sizes=\"auto, (max-width: 300px) 100vw, 300px\" \/><\/a>AGORDO<\/strong>\u00a0Ieri un incontro tra la direzione Luxottica e le parti sindacali. Dopo un esame della settimana in corso e l\u2019analisi di alcune tematiche emerse trasversalmente a livello territoriale, l\u2019Azienda ha comunicato i piani produttivi validi fino alla fine del mese di Aprile 2020. I suddetti piani, al fine di garantire la produzione in vista della possibile ripartenza del mercato nel periodo Giugno-Agosto, dopo l\u2019effettuazione di tutte le necessarie attivit\u00e0 di sanificazione ed implementazione del Protollo sanitario gi\u00e0 condiviso, prevedono la ripresa produttiva a bassi regimi a partire da marted\u00ec 14 Aprile.\u00a0In particolare per tutti gli stabilimenti di Agordo, Cencenighe, Sedico, Pederobba, Rovereto, Lauriano, Silvi Marina e Citt\u00e0 Sant\u2019Angelo si prevede una percentuale progressiva di presenze indicativa fra il 20% ed il 30%.\u00a0Logistica distributiva, lenti oftalmiche ed after sales (Sedico) continueranno a lavorare sui livelli della settimana in corso.\u00a0Sono, inoltre, previste le consuete attivit\u00e0 di manutenzione e messa in sicurezza degli impianti che verranno garantite in ogni sede.\u00a0Le parti, infine, hanno convenuto che, allo scopo di effettuare le necessarie verifiche a livello locale sulla ripartenza produttiva, verranno convocati come di consueto in ogni sito in ripartenza entro la settimana in corso i comitati di sorveglianza del protocollo sanitario ed entro la fine della prossima settimana (17 Aprile) si proceder\u00e0 a livello di sito alla convocazione della RSU. In pi\u00f9, chi \u00e8 stato assunto dopo il 23 febbraio avr\u00e0 copertura economica dall&#8217;azienda per le giornate di fermo.<\/p>\n<p><strong>L&#8217;ACCORDO\u00a0<\/strong><\/p>\n<div class=\"su-document su-u-responsive-media-yes\"><iframe loading=\"lazy\" src=\"\/\/docs.google.com\/viewer?embedded=true&url=https:\/\/www.radiopiu.net\/wordpress\/wp-content\/uploads\/2020\/04\/accordo-7-aprile-2020.pdf\" width=\"600\" height=\"800\" class=\"su-document\" title=\"prot\"><\/iframe><\/div>\n<p>&nbsp;<\/p>\n<p>&nbsp;<\/p>\n<p>&nbsp;<\/p>\n<p>&nbsp;<\/p>\n<hr \/>\n<p>&nbsp;<\/p>\n<blockquote>\n<h3>BELLUNO: BUONI SPESA, OLTRE 530 RICHIESTE IN QUATTRO GIORNI 144 QUELLE GI\u00c0 SODDISFATTE<\/h3>\n<\/blockquote>\n<p><strong><a class=\"dt-pswp-item\" href=\"https:\/\/www.radiopiu.net\/wordpress\/wp-content\/uploads\/2020\/04\/BELLUNO-VEDUTA.jpg\" data-dt-img-description=\"\" data-large_image_width=\"259\" data-large_image_height=\"194\"><img loading=\"lazy\" decoding=\"async\" class=\"size-full wp-image-127955 alignleft\" src=\"https:\/\/www.radiopiu.net\/wordpress\/wp-content\/uploads\/2020\/04\/BELLUNO-VEDUTA.jpg\" alt=\"\" width=\"259\" height=\"194\" \/><\/a>BELLUNO<\/strong>\u00a0Hanno superato quota 500 le richieste di buoni spesa giunte al Comune di Belluno in questi primi quattro giorni dall&#8217;attivazione del servizio.\u00a0Quasi la totalit\u00e0 delle domande sono arrivate tramite la compilazione del modulo online (479, l&#8217;89% del totale); 15 quelle giunte per mail, 33 quelle compilate con il supporto dello sportello telefonico e 10 quelle consegnate direttamente alle educatrici: alcuni moduli vengono infatti consegnati in formato cartaceo ai bisognosi che si recano alla mensa dei frati della Parrocchia di Mussoi e che non hanno accesso a sistemi informatici e telefonici per accedere alla compilazione. In totale sono quindi 537 le richieste totali arrivate a Palazzo Rosso da venerd\u00ec mattina alla serata di ieri.\u00a0Di queste, 144 interessavano casi di assoluta urgenza e sono gi\u00e0 state soddisfatte, per un totale di buoni erogati che si aggira intorno ai 45mila euro (54 venerd\u00ec per 15mila euro circa; 90 ieri per poco meno di 30mila euro).\u00a0Le altre richieste sono in fase di valutazione da parte dei servizi sociali e, se soddisferanno i requisiti, saranno soddisfatte nelle prossime giornate.<\/p>\n<p>&nbsp;<\/p>\n<p>&nbsp;<\/p>\n<p>&nbsp;<\/p>\n<p>&nbsp;<\/p>\n<hr \/>\n<p>&nbsp;<\/p>\n<blockquote>\n<h3>EMERGENZA COVID-19, IL COMUNE DI FELTRE AVVIA UNA RACCOLTA FONDI DA DESTINARE ALLE PERSONE IN DIFFICOLT\u00c0<\/h3>\n<\/blockquote>\n<p><strong><a class=\"dt-pswp-item\" href=\"https:\/\/www.radiopiu.net\/wordpress\/wp-content\/uploads\/2020\/03\/COMUNE-FELTRE.png\" data-dt-img-description=\"\" data-large_image_width=\"191\" data-large_image_height=\"250\"><img loading=\"lazy\" decoding=\"async\" class=\" wp-image-122601 alignleft\" src=\"https:\/\/www.radiopiu.net\/wordpress\/wp-content\/uploads\/2020\/03\/COMUNE-FELTRE.png\" alt=\"\" width=\"139\" height=\"182\" \/><\/a>FELTRE<\/strong>\u00a0Il Comune di Feltre ha deciso di avviare una raccolta fondi da destinare al sostegno delle persone in difficolt\u00e0 economica a seguito dell\u2019epidemia di Coronavirus in atto. Le risorse raccolte andranno ad integrare la prima dotazione finanziaria erogata dall\u2019intervento del governo e saranno assegnate dal Comune per il tramite dell\u2019Azienda Feltrina per i Servizi alla Persona di concerto anche con la Caritas cittadina. Chiunque volesse contribuire (singoli cittadini, associazioni, gruppi, enti) lo pu\u00f2 fare effettuando un bonifico sul conto corrente intestato al Comune di Feltre presso UNICREDIT BANCA SpA\u2013 Filiale di Via Peschiera \u2013 Feltre IBAN: IT 16 Q 02008 61110 000003465487 con la causale \u201cErogazione liberale \u2013 Emergenza COVID-19\u201d.<\/p>\n<p>&nbsp;<\/p>\n<p><strong>MANUEL SACCHET PRESIDENTE CONSIGLIO COMUNALE DI FELTRE<\/strong><\/p>\n<audio class=\"wp-audio-shortcode\" id=\"audio-128098-2\" preload=\"none\" style=\"width: 100%;\" controls=\"controls\"><source type=\"audio\/mpeg\" src=\"https:\/\/www.radiopiu.net\/wordpress\/wp-content\/uploads\/2020\/04\/Manuel-Sacchet-pres.-Consiglio-Comunale-di-Feltre.mp3?_=2\" \/><a href=\"https:\/\/www.radiopiu.net\/wordpress\/wp-content\/uploads\/2020\/04\/Manuel-Sacchet-pres.-Consiglio-Comunale-di-Feltre.mp3\">https:\/\/www.radiopiu.net\/wordpress\/wp-content\/uploads\/2020\/04\/Manuel-Sacchet-pres.-Consiglio-Comunale-di-Feltre.mp3<\/a><\/audio>\n<p>&nbsp;<\/p>\n<hr \/>\n<p>&nbsp;<\/p>\n<p>&nbsp;<\/p>\n<p>&nbsp;<\/p>\n<blockquote>\n<h3>SOSTEGNO PSICOLOGICO COVID: REPORT DELLE PRIME SETTIMANE DI ATTIVIT\u00c0<\/h3>\n<\/blockquote>\n<p><strong><a class=\"dt-pswp-item\" href=\"https:\/\/www.radiopiu.net\/wordpress\/wp-content\/uploads\/2015\/08\/sanita_medico.jpg\" data-dt-img-description=\"\" data-large_image_width=\"800\" data-large_image_height=\"450\"><img loading=\"lazy\" decoding=\"async\" class=\"size-medium wp-image-8643 alignleft\" src=\"https:\/\/www.radiopiu.net\/wordpress\/wp-content\/uploads\/2015\/08\/sanita_medico-300x169.jpg\" alt=\"\" width=\"300\" height=\"169\" \/><\/a>BELLUNO<\/strong>\u00a0Incertezza, ansia e paura, impotenza e tensione emotiva, nervosismo e malesseri fisici. Sono alcune delle forme di disagio che inevitabilmente \u2013 in misura maggiore o minore e a seconda di et\u00e0, salute, stile precedente di vita come anche situazione socio economica \u2013 ognuno di noi pu\u00f2 vivere in questo periodo di emergenza covid19.\u00a0Dal 20 marzo ad oggi sono stati fatti 112\u00a0 interventi di sostegno individuale verso le persone in isolamento da tutta la Provincia, 10 con i famigliari di degenti nie reparti covid di Belluno, in buona parte congiunti di malati deceduti, e 8 verso operatori sanitari richiedenti supporto\u00a0 individuale, a cui si aggiungono le supervisioni e i colloqui plurisettimanali\u00a0 con le ordinatrici dei reparti dell&#8217;ospedale di Belluno, Agordo e Pieve, per un totale di 138 interventi individuali. Altra cura fin dall\u2019inizio \u00e8 stato quello di informare e formare alla decompressione emotiva popolazione e operatori, non solo dell\u2019ulss ma anche delle strutture per anziani: ad oggi sono stati prodotti 6 schede (SOS evitare il contagio emotivo, consigli per adulti, anziani, bambini e adolescenti, consigli per il sonno ai tempi del covid 19) e\u00a0 6 mini video per la popolazione trasmessi 3 volte al giorno nella TV locale (i primi 4 trasmessi sono stati rivisti dai cittadini su YouTube e hanno 750\/1000 visualizzazioni cadauno); 12 moduli, tra materiale audio &#8211; video e vademecum (6 schede con la spiegazione delle tecniche di decompressione per coordinatori e con note psico educative\u00a0 per soccorritori e operatori, compresi consigli per la dieta in emergenza; 6 video originali con indicazioni per l\u2019attivit\u00e0 fisica e al rilassamento), per operatori sanitari e socio sanitari di tutto il territorio; 9 momenti di formazione in video conferenza per la gestione dello stress dell\u2019equipe ai vari team leader delle aree calde di cura presso i presidi ospedalieri (coordinatrici con video conferenze dei reparti covid dell\u2019ospedale di Belluno, agordo e del suem di pieve); negli ultimi giorni sono iniziati gli incontri di formazione ai professionisti del territorio, al momento 2 con i coordinatori delle strutture per anziani e per i servizi dell\u2019et\u00e0 evolutiva del distretto di Belluno richiedenti sostegno alle consulenze con la propria utenza in questa fase emergenziale.<\/p>\n<p>&nbsp;<\/p>\n<hr \/>\n<p>&nbsp;<\/p>\n<p>&nbsp;<\/p>\n<p>&nbsp;<\/p>\n<blockquote>\n<h3>ULSS 1: IL 9 APRILE IL SECONDO INCONTRO IN VIDEOCONFERENZA SU L&#8217;AUTISMO<\/h3>\n<\/blockquote>\n<p><strong><a class=\"dt-pswp-item\" href=\"https:\/\/www.radiopiu.net\/wordpress\/wp-content\/uploads\/2020\/03\/ULSS-1-DOLOMITI-LOGO.jpg\" data-dt-img-description=\"\" data-large_image_width=\"298\" data-large_image_height=\"219\"><img loading=\"lazy\" decoding=\"async\" class=\"size-full wp-image-121256 alignleft\" src=\"https:\/\/www.radiopiu.net\/wordpress\/wp-content\/uploads\/2020\/03\/ULSS-1-DOLOMITI-LOGO.jpg\" alt=\"\" width=\"298\" height=\"219\" \/><\/a>BELLUNO<\/strong>\u00a0Le norme attualmente in vigore per contrastare la pandemia Covid 19 hanno determinato la riduzione dei rapporti con i contesti educativi e riabilitativi frequentati da bambini e ragazzi, con il rischio di un aumento considerevole della condizione di vulnerabilit\u00e0 per questi soggetti. Un&#8217;emergenza che sta mettendo a dura prova le famiglie, che con difficolt\u00e0 si sono ritrovate a dover gestire figli che hanno visto un cambio radicale delle loro routine, alle quali sono particolarmente ancorati.\u00a0L\u2019ulss Dolomiti, attraverso la dott.ssa Elena Angaran, educatrice specializzata,<span class=\"Apple-converted-space\">\u00a0 <\/span>si \u00e8 attivato da subito per non lasciare sole le<span class=\"Apple-converted-space\">\u00a0 <\/span>famiglie, con particolare riguardo a quelle che potevano vivere un maggiore disagio dovuto alla severit\u00e0 della diagnosi del figlio.\u00a0Per alcuni minori \u00e8 stato attivato un intervento a distanza, concordando con la famiglia<span class=\"Apple-converted-space\">\u00a0 <\/span>un programma e inviando via mail indicazioni di lavoro e materiali, in altre situazioni si \u00e8 provveduto a colloqui telefonici con i genitori per rilevare le necessit\u00e0 e poter insieme trovare soluzioni. Attualmente, attraverso questo intervento a distanza, sono seguite 12 famiglie, le quali, in seguito all&#8217;invio di programmi e materiali, vengono contattate settimanalmente per una verifica dell&#8217;andamento della situazione e per fornire loro un supporto educativo<\/p>\n<p>&nbsp;<\/p>\n<hr \/>\n<p>&nbsp;<\/p>\n<p>&nbsp;<\/p>\n<p>&nbsp;<\/p>\n<div class=\"page-title-head hgroup\">\n<blockquote>\n<h3 class=\"entry-title\">SQUISITO PENSIERO DI LUXOTTICA, IL GRAZIE DELLE OPERATRICI<\/h3>\n<\/blockquote>\n<\/div>\n<div class=\"page-title-breadcrumbs\"><strong class=\"photoswipe-wrapper\"><img loading=\"lazy\" decoding=\"async\" class=\"wp-image-128188 alignleft jetpack-lazy-image jetpack-lazy-image--handled\" src=\"https:\/\/i1.wp.com\/www.radiopiu.net\/wordpress\/wp-content\/uploads\/2020\/04\/3edabb91-522f-4cbd-a81a-8f15ea13d33c.jpg?resize=188%2C188&amp;ssl=1\" sizes=\"auto, (max-width: 188px) 100vw, 188px\" srcset=\"https:\/\/i1.wp.com\/www.radiopiu.net\/wordpress\/wp-content\/uploads\/2020\/04\/3edabb91-522f-4cbd-a81a-8f15ea13d33c.jpg?resize=1024%2C1024&amp;ssl=1 1024w, https:\/\/i1.wp.com\/www.radiopiu.net\/wordpress\/wp-content\/uploads\/2020\/04\/3edabb91-522f-4cbd-a81a-8f15ea13d33c.jpg?resize=300%2C300&amp;ssl=1 300w, https:\/\/i1.wp.com\/www.radiopiu.net\/wordpress\/wp-content\/uploads\/2020\/04\/3edabb91-522f-4cbd-a81a-8f15ea13d33c.jpg?resize=150%2C150&amp;ssl=1 150w, https:\/\/i1.wp.com\/www.radiopiu.net\/wordpress\/wp-content\/uploads\/2020\/04\/3edabb91-522f-4cbd-a81a-8f15ea13d33c.jpg?resize=768%2C768&amp;ssl=1 768w, https:\/\/i1.wp.com\/www.radiopiu.net\/wordpress\/wp-content\/uploads\/2020\/04\/3edabb91-522f-4cbd-a81a-8f15ea13d33c.jpg?resize=1536%2C1536&amp;ssl=1 1536w, https:\/\/i1.wp.com\/www.radiopiu.net\/wordpress\/wp-content\/uploads\/2020\/04\/3edabb91-522f-4cbd-a81a-8f15ea13d33c.jpg?w=1600&amp;ssl=1 1600w\" alt=\"\" width=\"188\" height=\"188\" data-recalc-dims=\"1\" data-lazy-loaded=\"1\" \/>TAIBON<\/strong> \u201c<em>Buongiorno, mi piacerebbe ringraziare pubblicamente la nostra azienda del territorio, perch\u00e9 qui in Casa di Soggiorno a Taibon ci ha fornito centinaia di\u00a0 mascherine chirurgiche, a Luxottica\u00a0 vada il nostro grazie per aver pensato al nostro lavoro quotidiano\u201d<\/em> E\u2019 emozionata e quasi commossa Flavia chiamandoci in radio, semplicemente per dire grazie a nome suo ma anche delle colleghe operatrici, delle addette alle pulizie, di quanti operano nella struttura di Taibon. <em>\u201cNon che mancassero le mascherine \u2013 precisa Flavia \u2013 ma quelle che avevamo dovevano durarci qualche giorno e assicuro che respirarci dentro per 6-8 ore ad ogni turno e poi rimetterle il giorno dopo non \u00e8 proprio il massimo. Con questa fornitura ora possiamo permetterci un ricambio giornaliero che non \u00e8 poca cosa. Magari a molti sembrer\u00e0 una banalit\u00e0 ma assicuro che non lo \u00e8\u201d. <\/em>Oggi, tra l\u2019altro, in casa di soggiorno per le persone anziane di Taibon \u00e8 iniziato il giro dei tamponi come aveva preannunciato ieri in conferenza stampa il direttore Adriano Rasi Caldogno.<em> \u201cSono arrivati puntuali \u2013 conclude Flavia \u2013 ora attendiamo il responso\u201d<\/em><\/div>\n<div><\/div>\n<div><\/div>\n<div><\/div>\n<div>\n<hr \/>\n<\/div>\n<h3><\/h3>\n<p>&nbsp;<\/p>\n<blockquote>\n<h3>CONTINUA LA SANIFICAZIONE DELLE STRADE: IERI \u00c8 STATA LA VOLTA DI FONZASO, SOVRAMONTE, LAMON E PONTE NELLE ALPI<\/h3>\n<\/blockquote>\n<p><strong><a class=\"dt-pswp-item\" href=\"https:\/\/www.radiopiu.net\/wordpress\/wp-content\/uploads\/2020\/04\/Ponte-3.jpg\" data-dt-img-description=\"\" data-large_image_width=\"1600\" data-large_image_height=\"1200\"><img loading=\"lazy\" decoding=\"async\" class=\"size-medium wp-image-128219 alignleft\" src=\"https:\/\/www.radiopiu.net\/wordpress\/wp-content\/uploads\/2020\/04\/Ponte-3-300x225.jpg\" alt=\"\" width=\"300\" height=\"225\" srcset=\"https:\/\/www.radiopiu.net\/wordpress\/wp-content\/uploads\/2020\/04\/Ponte-3-300x225.jpg 300w, https:\/\/www.radiopiu.net\/wordpress\/wp-content\/uploads\/2020\/04\/Ponte-3-1024x768.jpg 1024w, https:\/\/www.radiopiu.net\/wordpress\/wp-content\/uploads\/2020\/04\/Ponte-3-768x576.jpg 768w, https:\/\/www.radiopiu.net\/wordpress\/wp-content\/uploads\/2020\/04\/Ponte-3-1536x1152.jpg 1536w, https:\/\/www.radiopiu.net\/wordpress\/wp-content\/uploads\/2020\/04\/Ponte-3.jpg 1600w\" sizes=\"auto, (max-width: 300px) 100vw, 300px\" \/><\/a>BELLUNO<\/strong>\u00a0Proseguono le sanificazioni di strade e marciapiedi, con la collaborazione delle associazioni agricole. Ieri sono state completate le operazioni a Fonzaso, Sovramonte e Lamon per quanto riguarda il Feltrino; e a Ponte nelle Alpi in Valbelluna. \u00ab<em>Nei giorni scorsi erano state sanificate piazze e strade comunali a Pieve di Cadore, Auronzo e Valle, grazie all\u2019appoggio dei volontari di Protezione Civile &#8211; spiega il consigliere provinciale Massimo Bortoluzzi -. A breve interverremo anche in Agordino e negli altri Comuni della provincia. Nel frattempo, la Provincia si \u00e8 organizzata come punto di riferimento per la distribuzione del prodotto usato per la sanificazione; si tratta di ipoclorito di sodio, in una soluzione allo 0,1 per cento<\/em>\u00bb. Come nei primi otto Comuni sanificati sabato scorso, in questa prima fase vengono sottoposti a trattamento con ipoclorito di sodio solamente i tratti di viabilit\u00e0 comunale di afflusso e le grandi aree davanti a supermercati e attivit\u00e0 di servizio (uffici postali, banche, negozi di alimentari), oltre a piazzole ecologiche e sottoportici. Il tutto nel rispetto delle linee guida regionali, con l\u2019utilizzo di barre irroratrici che non creano ruscellamenti di liquidi; e con le squadre di Protezione Civile in appoggio, equipaggiate con lance a bassa pressione, in modo da evitare il dilavamento e quindi possibili conseguenze di inquinamento ambientale. Le operazioni coordinate dalla Provincia vengono svolte alle prime ore del giorno, per evitare il soleggiamento diretto, ottimizzare l\u2019azione dell\u2019ipoclorito e al contempo consentire la miglior visibilit\u00e0 per chi opera sui mezzi. \u00ab<em>Rinnovo il ringraziamento alle associazioni agricole, che ci hanno messo a disposizione una cinquantina di mezzi &#8211; conclude il consigliere Bortoluzzi -. L\u2019augurio \u00e8 che queste operazioni possano contribuire a contrastare il contagio, in modo da tornare il prima possibile alla normalit\u00e0<\/em>\u00bb.<\/p>\n<p>&nbsp;<\/p>\n<hr \/>\n<p>&nbsp;<\/p>\n<p>&nbsp;<\/p>\n<p>&nbsp;<\/p>\n<blockquote>\n<h3>CON UNA LETTERA PAOLO DOGLIONI DI CONFCOMMERCIO BELLUNO AUGURA BUONA PASQUA<\/h3>\n<\/blockquote>\n<p><strong><a class=\"dt-pswp-item\" href=\"https:\/\/www.radiopiu.net\/wordpress\/wp-content\/uploads\/2019\/02\/CONFCOMMERCIO.jpg\" data-dt-img-description=\"\" data-large_image_width=\"400\" data-large_image_height=\"400\"><img loading=\"lazy\" decoding=\"async\" class=\" wp-image-75615 alignleft\" src=\"https:\/\/www.radiopiu.net\/wordpress\/wp-content\/uploads\/2019\/02\/CONFCOMMERCIO-300x300.jpg\" alt=\"\" width=\"195\" height=\"195\" srcset=\"https:\/\/www.radiopiu.net\/wordpress\/wp-content\/uploads\/2019\/02\/CONFCOMMERCIO-300x300.jpg 300w, https:\/\/www.radiopiu.net\/wordpress\/wp-content\/uploads\/2019\/02\/CONFCOMMERCIO-150x150.jpg 150w, https:\/\/www.radiopiu.net\/wordpress\/wp-content\/uploads\/2019\/02\/CONFCOMMERCIO.jpg 400w\" sizes=\"auto, (max-width: 195px) 100vw, 195px\" \/><\/a>BELLUNO<\/strong> Lettera del Presidente di Confcommercio Belluno Paolo Doglioni in vista delle festivit\u00e0 Pasquali.<\/p>\n<p><em>La grave situazione creatasi in tutto il mondo per l\u2019epidemia di Coronavirus segna e segner\u00e0 la memoria in tutti noi con un ricordo traumatico e indelebile.\u00a0E\u2019 una guerra che stiamo affrontando, ma siamo sicuri di vincere e di poter ripartire con fiducia, lavoro e progettualit\u00e0.\u00a0Nel passato le nostre genti bellunesi hanno affrontato prove ancor pi\u00f9 difficili, ma ci hanno insegnato che da ogni caduta, l\u2019 importante \u00e8 sapersi rialzare e noi questo lo faremo, aiutati dalle istituzioni, ma soprattutto da noi stessi, con la nostra intelligenza e volont\u00e0 di imprenditori.\u00a0Confcommercio Belluno \u00e8 vicina ai propri associati, ma anche a quelli del settore terziario che non lo sono e che sicuramente hanno capito il valore di una Associazione di categoria che pu\u00f2 dialogare e collaborare con le istituzioni nazionali, regionali e provinciali.\u00a0Nell\u2019attuale grave contesto ci aiutano ad essere fiduciosi nelle nostre capacit\u00e0 le parole di Papa Francesco: \u201c E\u2019 giunto il momento di riflettere insieme sul modo in cui costruire il futuro del nostro pianeta\u201d. Come sistema Confcommercio ci sentiamo pronti a ripensarci, anche come protagonisti del futuro<span class=\"Apple-converted-space\">\u00a0 <\/span>processo di trasformazione digitale che la situazione odierna ci fa sempre pi\u00f9 apprezzare.\u00a0In Provincia, l\u2019opinione pubblica ha scoperto in questi giorni il valore dei negozi di vicinato i quali si stanno adoperando al massimo delle proprie energie per assistere i clienti, anche a domicilio e di questo dobbiamo tener conto soprattutto alla fine della pandemia, ricordando che in un territorio come il nostro i negozi di vicinato sono un presidio fondamentale insieme a tutto il mondo del turismo.\u00a0L\u2019occasione di queste riflessioni mi porta a formulare gli auguri pi\u00f9 cordiali di Buona Pasqua con l\u2019auspicio di un ritorno a una serena quotidianit\u00e0 in tempi il pi\u00f9 vicino possibile.<\/em><\/p>\n<p>&nbsp;<\/p>\n<hr \/>\n<p>&nbsp;<\/p>\n<blockquote>\n<h3><\/h3>\n<h3><\/h3>\n<h3>TIM ATTIVA LA BANDA ULTRALARGA NEI COMUNI MONTANI. ANCI E UNCEM: PERCORSO POSITIVO<\/h3>\n<\/blockquote>\n<p><strong><a class=\"dt-pswp-item\" href=\"https:\/\/www.radiopiu.net\/wordpress\/wp-content\/uploads\/2018\/12\/argentera_ferrere-3.jpg\" data-dt-img-description=\"\" data-large_image_width=\"865\" data-large_image_height=\"330\"><img loading=\"lazy\" decoding=\"async\" class=\"size-medium wp-image-71005 alignleft\" src=\"https:\/\/www.radiopiu.net\/wordpress\/wp-content\/uploads\/2018\/12\/argentera_ferrere-3-300x114.jpg\" alt=\"\" width=\"300\" height=\"114\" srcset=\"https:\/\/www.radiopiu.net\/wordpress\/wp-content\/uploads\/2018\/12\/argentera_ferrere-3-300x114.jpg 300w, https:\/\/www.radiopiu.net\/wordpress\/wp-content\/uploads\/2018\/12\/argentera_ferrere-3-768x293.jpg 768w, https:\/\/www.radiopiu.net\/wordpress\/wp-content\/uploads\/2018\/12\/argentera_ferrere-3.jpg 865w\" sizes=\"auto, (max-width: 300px) 100vw, 300px\" \/><\/a>ROMA<\/strong> \u00c8 particolarmente\u00a0importante l&#8217;impegno di TIM nell&#8217;attivare la banda ultralarga in quasi mille Comuni italiani, accendendo la fibra ottica verso i &#8220;cabinet&#8221;, armadi stradali che potenzieranno la rete nelle aree anche montane del Paese. Uncem e Anci hanno avviato con Tim e con gli operatori un dialogo intenso per approntare soluzioni volte al superamento dei divari digitali tra aree urbane e aree rurali del Paese, anche sulle reti mobili. Sono 1200 i Comuni mappati dove telefonare e mandare messaggi \u00e8 difficile con uno o tutti gli operatori. Il passo di oggi con la fibra ottica \u00e8 importante alla luce del &#8220;CuraItalia&#8221;, decreto che ha chiesto alle telco interventi per migliorare le reti, nonch\u00e9 alla luce della legge nazionale 158\/2017 sui piccoli Comuni che sancisce la necessit\u00e0 di colmare divari digitali tra territori, sperequazioni che poi diventano economiche, sociali, istituzionali. &#8220;Lo abbiamo scritto in diverse occasioni ai Ministri Boccia e Pisano, negli ultimi giorni &#8211; spiegano il Vicepresidente Uncem Piemonte Michele Pianetta e il Presidente Uncem Marco Bussone &#8211; serve una presa di posizione politica, come i Ministri hanno ribadito il 31 gennaio 2020 agli Stati generali della Montagna a Roma, per garantire nuove e migliori reti nei territori, accelerando cos\u00ec i flussi di informazioni e dati che permettono competitivit\u00e0 oggi impossibile. Bene l&#8217;intervento di TIM in tutto il Paese. Ringraziamo l&#8217;ad Gubitosi e quanti hanno lavorato. Non entriamo nel merito qui di reti uniche o meno, ma \u00e8 chiaro a tutti che\u00a0anche su fibra ottica, sistemi wi.fi, 5G, all&#8217;interno del Piano nazionale banda ultralarga, serve con Infratel, Open Fiber e tutti gli operatori un patto per colmare difficolt\u00e0 e sperequazioni\u00a0in particolare nelle zone montane. Lo Stato fa la sua parte, come i Ministri ci hanno confermato, ma questa emergenza sanitaria impone sburocratizzazione e velocizzazione in particolare del Piano Bul che ha gi\u00e0 3 miliardi pronti da investire per nuove reti fino a casa in fibra e senza fili. Anci e Uncem chiedono di accelerare perch\u00e9 abbiamo finora perso troppo tempo per caos burocratici e grandi imprese lente nel dare autorizzazioni ai lavori&#8221;.<\/p>\n<p>&nbsp;<\/p>\n<hr \/>\n<p>&nbsp;<\/p>\n<blockquote>\n<h3><\/h3>\n<h3><\/h3>\n<h3>CORONAVIRUS: DA REGIONE VENETO PI\u00d9 RISORSE PER EMPORI SOLIDARIET\u00c0 E REDDITO DI INCLUSIONE<\/h3>\n<\/blockquote>\n<p><strong><a class=\"dt-pswp-item\" href=\"https:\/\/www.radiopiu.net\/wordpress\/wp-content\/uploads\/2020\/04\/manu-lanzarin.png\" data-dt-img-description=\"\" data-large_image_width=\"1122\" data-large_image_height=\"1122\"><img loading=\"lazy\" decoding=\"async\" class=\" wp-image-127911 alignleft\" src=\"https:\/\/www.radiopiu.net\/wordpress\/wp-content\/uploads\/2020\/04\/manu-lanzarin-300x300.png\" alt=\"\" width=\"191\" height=\"191\" srcset=\"https:\/\/www.radiopiu.net\/wordpress\/wp-content\/uploads\/2020\/04\/manu-lanzarin-300x300.png 300w, https:\/\/www.radiopiu.net\/wordpress\/wp-content\/uploads\/2020\/04\/manu-lanzarin-1024x1024.png 1024w, https:\/\/www.radiopiu.net\/wordpress\/wp-content\/uploads\/2020\/04\/manu-lanzarin-150x150.png 150w, https:\/\/www.radiopiu.net\/wordpress\/wp-content\/uploads\/2020\/04\/manu-lanzarin-768x768.png 768w, https:\/\/www.radiopiu.net\/wordpress\/wp-content\/uploads\/2020\/04\/manu-lanzarin.png 1122w\" sizes=\"auto, (max-width: 191px) 100vw, 191px\" \/><\/a>VENEZIA<\/strong>\u00a0La Giunta regionale del Veneto, su proposta dell\u2019assessore alla Sanit\u00e0 e al Sociale Manuela Lanzarin, ha stanziato quasi 10 milioni di euro per rafforzare i \u2018punti di forza\u2019 della rete dei servizi sociali e degli interventi di contrasto alle povert\u00e0 nei prossimi mesi. L\u2019obiettivo \u00e8 intercettare e sostenere le nuove categorie di persone fragili e vulnerabili create dall\u2019emergenza sanitaria, sociale ed economica Covid-19, allargando le maglie e gli interventi di servizi, sportelli e progetti gi\u00e0 esistenti.\u00a0In particolare, la Regione Veneto ha portato da 6 a 8,2 milioni di euro il \u2018portafoglio\u2019 annuale del RIA, il reddito di inclusione attiva gestito dalla rete dei servizi dei 21 ambiti territoriali (corrispondenti alle ex Ulss): le risorse aggiuntive vanno a costituire un fondo di emergenza<span class=\"Apple-converted-space\">\u00a0 <\/span>per le persone e le famiglie,<span class=\"Apple-converted-space\">\u00a0 <\/span>sinora sconosciute ai servizi sociali, che sono o che potranno essere colpite dalle conseguenze della crisi. Inoltre gli interventi di sostegno economico per l\u2019abitare (in sigla SOA), misura che sinora ha consentito di contribuire alle spese di locazione per i pi\u00f9 indigenti,<span class=\"Apple-converted-space\">\u00a0 <\/span>potranno essere utilizzati anche per le famiglie oggi in difficolt\u00e0 a causa della perdita o della sospensione del lavoro. Anche il fondo di contrasto alla povert\u00e0 educativa, previsto nel piano regionale anti-povert\u00e0, viene rifinanziato con 700 mila euro e<span class=\"Apple-converted-space\">\u00a0 <\/span>potr\u00e0 essere impiegato per iniziative di supporto rivolte non solo ai bambini del ciclo della scuola primaria, ma<span class=\"Apple-converted-space\">\u00a0 <\/span>anche agli adolescenti fino ai 17 anni di et\u00e0.\u00a0\u201c<em>A fianco dell\u2019emergenza sanitaria di queste settimane stanno emergendo bisogni nuovi \u2013 spiega l\u2019assessore Lanzarin &#8211;<span class=\"Apple-converted-space\">\u00a0 <\/span>come il numero crescente di persone confinate a casa perch\u00e9 positive al virus e che necessitano di assistenza, o persone gi\u00e0 dimesse che a loro volta devono accudire un congiunto non autosufficiente, cos\u00ec come anche i casi di minorenni o maggiorenni incapaci di provvedere a loro stessi, o i casi pi\u00f9 in generale di persone disabili, che si trovano ad essere assistite da parenti, per malattia o decesso dei genitori. Si sta prospettando \u2013 prosegue l\u2019assessore &#8211; una crisi economica e sociale senza precedenti, che allargher\u00e0 le fasce di povert\u00e0: il pensiero corre ai lavoratori che si sono visti bloccare i contratti di assunzione, agli stagionali del turismo e della ristorazione, ai lavoratori degli spettacoli e delle fiere, alle badanti, alle piccole partite Iva. Tutte persone che i servizi comunali e sociali non conoscono e non hanno mai preso in carico, perch\u00e9 abituate a far fronte alle situazioni difficili con propri sacrifici e mezzi<\/em>\u201d<\/p>\n<p>&nbsp;<\/p>\n<hr \/>\n<p>&nbsp;<\/p>\n<p>&nbsp;<\/p>\n<p>&nbsp;<\/p>\n<blockquote>\n<h3>CORONAVIRUS. REGIONE VENETO FISSA CRITERI PER INDIVIDUARE ALBERGHI NEI QUALI OSPITARE PERSONE CONTAGIATE<\/h3>\n<\/blockquote>\n<p><strong><a class=\"dt-pswp-item\" href=\"https:\/\/www.radiopiu.net\/wordpress\/wp-content\/uploads\/2017\/03\/350-2017-Ass.-Caner.jpg\" data-dt-img-description=\"\" data-large_image_width=\"999\" data-large_image_height=\"762\"><img loading=\"lazy\" decoding=\"async\" class=\" wp-image-29633 alignleft\" src=\"https:\/\/www.radiopiu.net\/wordpress\/wp-content\/uploads\/2017\/03\/350-2017-Ass.-Caner-300x229.jpg\" alt=\"\" width=\"210\" height=\"160\" \/><\/a>VENEZIA<\/strong>\u00a0La Giunta regionale, su proposta dell\u2019assessore al turismo Federico Caner, in considerazione della situazione di somma urgenza dovuta all\u2019epidemia da Covid-19, ha approvato stamane i criteri per individuare hotel idonei nei quali ospitare, in caso di carenza di posti letto negli ospedali pubblici, persone malate e la procedura di affidamento dei relativi servizi alberghieri, con priorit\u00e0 per le strutture ricettive presenti nelle aree di Venezia-Mestre, Padova, Treviso, Verona.\u00a0\u201c<em>Ci stiamo muovendo con la massima prudenza per non farci trovare impreparati in caso di estrema necessit\u00e0 \u2013 precisa Caner \u2013, ma confortati anche dall\u2019incoraggiante andamento di questi giorni sul diffondersi del virus nella nostra regione, auspichiamo di non aver bisogno di mettere in atto questa iniziativa. Se dovesse servire, noi saremo pronti<\/em>\u201d.<\/p>\n<p>&nbsp;<\/p>\n<p>&nbsp;<\/p>\n<hr \/>\n<p>&nbsp;<\/p>\n<p>&nbsp;<\/p>\n<blockquote>\n<h3>CORONAVIRUS. GIUNTA APPROVA NUOVE MISURE PER L\u2019ACCESSO AL FONDO REGIONALE DI GARANZIA<\/h3>\n<\/blockquote>\n<p><strong> <a class=\"dt-pswp-item\" href=\"https:\/\/www.radiopiu.net\/wordpress\/wp-content\/uploads\/2020\/04\/ROBERTO-MARCATO.jpg\" data-dt-img-description=\"\" data-large_image_width=\"960\" data-large_image_height=\"960\"><img loading=\"lazy\" decoding=\"async\" class=\"alignleft wp-image-128165 \" src=\"https:\/\/www.radiopiu.net\/wordpress\/wp-content\/uploads\/2020\/04\/ROBERTO-MARCATO-300x300.jpg\" alt=\"\" width=\"220\" height=\"220\" srcset=\"https:\/\/www.radiopiu.net\/wordpress\/wp-content\/uploads\/2020\/04\/ROBERTO-MARCATO-300x300.jpg 300w, https:\/\/www.radiopiu.net\/wordpress\/wp-content\/uploads\/2020\/04\/ROBERTO-MARCATO-150x150.jpg 150w, https:\/\/www.radiopiu.net\/wordpress\/wp-content\/uploads\/2020\/04\/ROBERTO-MARCATO-768x768.jpg 768w, https:\/\/www.radiopiu.net\/wordpress\/wp-content\/uploads\/2020\/04\/ROBERTO-MARCATO.jpg 960w\" sizes=\"auto, (max-width: 220px) 100vw, 220px\" \/><\/a>VENEZIA<\/strong>\u00a0\u201c<em>Continuiamo a lavorare incessantemente per trovare strumenti per dare risposta alla precisa richiesta di maggiore liquidit\u00e0 che ci giunge dalle nostre imprese. Mentre la preoccupazione e gli sforzi della Regione sono concentrati sull\u2019emergenza sanitaria, sul mettere in sicurezza la salute delle persone, stiamo iniziando a progettare quello che sar\u00e0 il piano di rientro. E in questo, per dare linfa al sistema economico devastato dagli effetti del Covid-19, l\u2019impegno \u00e8 quello di vagliare tutte le possibilit\u00e0 per offrire sostegno concreto, attraverso l\u2019immissione di risorse, di liquidit\u00e0, da fornire direttamente alle imprese<\/em>\u201d. Questo il commento dell\u2019assessore regionale allo sviluppo economico ed energia Roberto Marcato con il quale annuncia l\u2019approvazione da parte della giunta regionale di una delibera dedicata a \u201c<em>Interventi per il supporto della liquidit\u00e0 delle imprese colpite dall\u2019emergenza epidemiologica da Covid-19. Aggiornamento delle disposizioni operative per l&#8217;utilizzo del Fondo regionale di Garanzia, istituito presso la finanziaria regionale Veneto Sviluppo S.p.A., per operazioni di riassicurazione del credito, garantito dai Confidi, a vantaggio delle PMI venete<\/em>\u201d.\u00a0La delibera approvata, che dovr\u00e0 passare poi al vaglio della Prima Commissione consigliare, propone di elevare la percentuale di copertura del fondo regionale al 90 per cento dell\u2019importo garantito dal Confidi, di raddoppiare il cap di rischio, portandolo tra il 10 e il 20 per cento, in funzione della linea prescelta, di abolire, a fronte di una corrispondente riduzione delle commissioni praticate alle imprese, il contributo mutualistico a carico dei Confidi sulle nuove operazioni presentate e di applicare alla gestione del fondo regionale le medesime procedure in uso presso il Fondo centrale di garanzia per le PMI.<\/p>\n<p>&nbsp;<\/p>\n<hr \/>\n<p>&nbsp;<\/p>\n<p>&nbsp;<\/p>\n<blockquote>\n<h3>PADRIN: &#8220;CORTINA 2021 SAR\u00c0 IL PRIMO EVENTO GLOBALE DOPO LA PANDEMIA&#8221;<\/h3>\n<\/blockquote>\n<p><strong><a class=\"dt-pswp-item\" href=\"https:\/\/www.radiopiu.net\/wordpress\/wp-content\/uploads\/2018\/03\/Foto-Padrin.jpg\" data-dt-img-description=\"\" data-large_image_width=\"4608\" data-large_image_height=\"3456\"><img loading=\"lazy\" decoding=\"async\" class=\"size-medium wp-image-45284 alignleft\" src=\"https:\/\/www.radiopiu.net\/wordpress\/wp-content\/uploads\/2018\/03\/Foto-Padrin-300x225.jpg\" alt=\"\" width=\"300\" height=\"225\" srcset=\"https:\/\/www.radiopiu.net\/wordpress\/wp-content\/uploads\/2018\/03\/Foto-Padrin-300x225.jpg 300w, https:\/\/www.radiopiu.net\/wordpress\/wp-content\/uploads\/2018\/03\/Foto-Padrin-768x576.jpg 768w, https:\/\/www.radiopiu.net\/wordpress\/wp-content\/uploads\/2018\/03\/Foto-Padrin-1024x768.jpg 1024w\" sizes=\"auto, (max-width: 300px) 100vw, 300px\" \/><\/a>BELLUNO<\/strong>\u00a0\u00ab<em>Dobbiamo tenere acceso il motore economico del nostro territorio, per ripartire con pi\u00f9 forza quando l\u2019emergenza sar\u00e0 passata. E snellire le procedure: non esiste che dopo quattro anni dalla presentazione del piano per Cortina 2021 nessuna delle quattro varianti sia ancora in cantiere<\/em>\u00bb. \u00c8 quanto afferma il presidente della Provincia di Belluno, Roberto Padrin, che prova a guardare oltre l\u2019emergenza sanitaria e a cogliere gi\u00e0 il tema su cui far leva per la ripresa. \u00ab<em>Se riusciamo a ricavare qualcosa di buono da questo stop imposto e dal coronavirus, deve essere la semplificazione delle procedure, dei modi e dei tempi delle opere, soprattutto di quelle infrastrutturali, necessarie a portare il nostro territorio fuori dall\u2019isolamento. Di burocrazia e lungaggini si muore. Vaia insegna: la nostra provincia ha conosciuto la distruzione, ma con la nomina di un commissario e con procedure semplificate, sono partiti velocemente cantieri e ricostruzione, sono stati abbattuti i tempi d\u2019intervento e la provincia di Belluno \u00e8 ripartita nel giro di pochi mesi. Se non avessimo avuto il sistema commissariale, con ogni probabilit\u00e0 staremmo ancora aspettando di riaprire le strade e di togliere i detriti delle frane. Ecco, dovranno necessariamente esserci procedure semplificate anche dopo questa emergenza sanitaria, a cui seguir\u00e0 una vera e propria emergenza economica. E in situazione di emergenza non si possono avere le stesse modalit\u00e0 di intervento delle situazioni normali; penso ad esempio al nuovo ospedale di Milano, realizzato in soli 15 giorni per far fronte al coronavirus; o all\u2019acquedotto di Rocca Pietore, rimesso in funzione in appena 42 giorni dopo Vaia<\/em>\u00bb. \u00ab<em>Non possiamo pi\u00f9 permetterci di perdere quattro anni nei paludamenti delle procedure autorizzative, come sta succedendo sulle opere viarie per Cortina 2021 &#8211; sottolinea il presidente Padrin -. Altrimenti rischiamo uno shock economico e imprenditoriale dal quale non saremo in grado di rialzarci. Rischiamo di non ripartire pi\u00f9 e di vedere desertificata la montagna. Non dimentichiamoci che dobbiamo fare i conti con lo spopolamento, un male che si combatte anche o soprattutto con il lavoro e con i collegamenti<\/em>\u00bb. Il presidente Padrin non nasconde le preoccupazioni per il momento presente. Ma \u00e8 convinto che il territorio abbia un asso nella manica. \u00ab<em>Con lo slittamento in avanti delle Olimpiadi di Tokyo, l\u2019appuntamento mondiale di Cortina 2021 sar\u00e0 il primo grande evento sportivo a livello planetario dopo l\u2019uscita dalla pandemia: la nostra provincia sar\u00e0 al centro del mondo per qualche giorno e abbiamo l\u2019obbligo di farci trovare pronti, perch\u00e9 quel momento rappresenter\u00e0 lo snodo del rilancio economico e turistico della nostra montagna e del nostro territorio; uno snodo che dovr\u00e0 arrivare fino alle Olimpiadi 2026. Ecco perch\u00e9 abbiamo la necessit\u00e0 di creare fin da subito un grande piano di infrastrutturazione e di recupero del patrimonio edilizio esistente. E nel frattempo snellire le procedure. La nomina di un commissario straordinario pu\u00f2 essere la maniera pi\u00f9 semplice per assicurare celerit\u00e0 e insieme rispetto delle norme. Potrebbe benissimo essere di nomina regionale o prefettizia. Quello che conta \u00e8 che si arrivi a superare gli stalli che abbiamo visto finora. Non c\u2019\u00e8 alternativa<\/em>\u00bb. \u00ab<em>I cantieri che fin da ora possono ripartire, o che sono gi\u00e0 ripartiti come i lavori sulla Alemagna all\u2019altezza di Longarone, sono un piccolo grande segnale di normalit\u00e0 a cui tutti aspiriamo &#8211; conclude il presidente Padrin -. So che molti lavoratori e molte imprese vogliono tornare a lavorare, per essere parte attiva alla ripartenza del Paese e del nostro territorio: \u00e8 doveroso e corretto che siano rispettate tutte le misure di sicurezza e tutela per la loro salute. Sono certo che la provincia di Belluno potr\u00e0 essere una delle prima a ripartire, con il contributo di tutti<\/em>\u00bb.<\/p>\n<p>&nbsp;<\/p>\n<hr \/>\n<p>&nbsp;<\/p>\n<p>&nbsp;<\/p>\n<blockquote>\n<h3>PD: ALLEVATORI SOLI CONTRO IL LUPO<\/h3>\n<\/blockquote>\n<p><strong><a class=\"dt-pswp-item\" href=\"https:\/\/www.radiopiu.net\/wordpress\/wp-content\/uploads\/2015\/12\/20151218_lupo.jpg\" data-dt-img-description=\"\" data-large_image_width=\"880\" data-large_image_height=\"304\"><img loading=\"lazy\" decoding=\"async\" class=\"size-medium wp-image-14049 alignleft\" src=\"https:\/\/www.radiopiu.net\/wordpress\/wp-content\/uploads\/2015\/12\/20151218_lupo-300x104.jpg\" alt=\"\" width=\"300\" height=\"104\" \/><\/a>ALPAGO<\/strong> Dopo gli ultimi eventi verificatisi nella conca dell\u2019Alpago, dove il bestiame degli allevatori \u00e8 stato ripetutamente colpito da frequenti attacchi dei lupi, nonostante gli allevatori stessi facessero a turno di notte per proteggere i loro capi, il circolo del Partito democratico dell\u2019Alpago chiama in causa la Regione Veneto.\u00a0\u00abLa Regione dovrebbe assumersi la responsabilit\u00e0 di prendere una decisione sulle politiche da attuare per tutelare gli allevatori, professionisti e non, evitando cos\u00ec lo spopolamento della montagna\u00bb, afferma la segretaria del circolo Lucia Saviane. \u00abNessuno vuole insinuare che non ci sia spazio per il lupo, anzi in altri luoghi, ad esempio la Lessinia, i lupi esistono da tempo. In Alpago, soprattutto in Cansiglio, il branco di lupi \u00e8 stato attirato da un aumento esponenziale degli ungulati &#8211; cervi in particolare &#8211; avvenuto negli ultimi 20-25 anni, e da un ripensamento di alcuni allevatori ritornati a frequentare i pascoli di montagna. In poco pi\u00f9 di 10 giorni il lupo ha sbranato in due diverse aziende un totale di 60 capi, tra ovini e ungulati\u00bb.\u00a0\u00abAnche le associazioni venatorie si sentono colpite\u00bb, aggiunge Saviane, \u00abovviamente in modo minore rispetto agli allevatori, per i quali il bestiame \u00e8 fonte di reddito. La Regione deve dunque agire, in collaborazione con gli enti locali, le associazioni agricole e venatorie e la comunit\u00e0 scientifica, per rafforzare le precauzioni messe in campo, quali: fornitura di sistemi di protezione; stabilire il numero sostenibile di branchi sul territorio; individuare una cifra del capo abbattuto che vada al di l\u00e0 del valore del capo stesso. Non possiamo infatti pensare che l\u2019allevatore venga risarcito con soli 150 euro per un ovino\u00bb.\u00a0La mancata gestione del fenomeno \u00e8 stigmatizzata anche dal deputato bellunese Roger De Menech: \u00abLucia Saviane fa bene a sollevare il tema. La Regione deve affrontare il problema. Da troppo tempo allevatori e agricoltori della conca attendono invano risposte. Inoltre, i risarcimenti devono essere erogati con maggiore frequenza e tempestivit\u00e0. Chi perde la fonte principale del proprio reddito non pu\u00f2 permettersi di sopportare le lentezze dell\u2019elefantiaca burocrazia della Regione Veneto\u00bb.<\/p>\n<p>&nbsp;<\/p>\n<hr \/>\n<p>&nbsp;<\/p>\n<p>&nbsp;<\/p>\n<blockquote>\n<h3>HERBERT DORFMANN: I CAMPI NON ASPETTANO, SERVONO LAVORATORI. FACCIAMO LAVORARE CHI ORA NON PU\u00d2<\/h3>\n<\/blockquote>\n<p><a class=\"dt-pswp-item\" href=\"https:\/\/www.radiopiu.net\/wordpress\/wp-content\/uploads\/2020\/03\/Herbert-Dorfmann-2.jpg\" data-dt-img-description=\"\" data-large_image_width=\"2000\" data-large_image_height=\"1333\"><img loading=\"lazy\" decoding=\"async\" class=\"alignleft wp-image-125055 size-medium\" src=\"https:\/\/www.radiopiu.net\/wordpress\/wp-content\/uploads\/2020\/03\/Herbert-Dorfmann-2-300x200.jpg\" alt=\"\" width=\"300\" height=\"200\" srcset=\"https:\/\/www.radiopiu.net\/wordpress\/wp-content\/uploads\/2020\/03\/Herbert-Dorfmann-2-300x200.jpg 300w, https:\/\/www.radiopiu.net\/wordpress\/wp-content\/uploads\/2020\/03\/Herbert-Dorfmann-2-1024x682.jpg 1024w, https:\/\/www.radiopiu.net\/wordpress\/wp-content\/uploads\/2020\/03\/Herbert-Dorfmann-2-768x512.jpg 768w, https:\/\/www.radiopiu.net\/wordpress\/wp-content\/uploads\/2020\/03\/Herbert-Dorfmann-2-1536x1024.jpg 1536w, https:\/\/www.radiopiu.net\/wordpress\/wp-content\/uploads\/2020\/03\/Herbert-Dorfmann-2.jpg 2000w\" sizes=\"auto, (max-width: 300px) 100vw, 300px\" \/><\/a>\u00ab<em>Servono misure immediate per dare pi\u00f9 possibilit\u00e0 di occupazione in agricoltura: l&#8217;epidemia di Coronavirus sta mettendo alla prova i nostri sistemi sanitari ed economici, ma i campi non aspettano; servono lavoratori, al pi\u00f9 presto<\/em>\u00bb: questo l&#8217;appello dell&#8217;europarlamentare Herbert Dorfmann, membro della Commissione Agricoltura del Parlamento Europeo e coordinatore del Partito Popolare Europeo all&#8217;interno della stessa commissione.\u00a0Due i filoni sui quali per Dorfmann bisogna lavorare: a livello europeo, per una pi\u00f9 agevole mobilit\u00e0 dei lavoratori stagionali, e in ogni singolo Stato, per agevolare il lavoro locale.<\/p>\n<p><strong>HERBERT DORMANN<\/strong><\/p>\n<audio class=\"wp-audio-shortcode\" id=\"audio-128098-3\" preload=\"none\" style=\"width: 100%;\" controls=\"controls\"><source type=\"audio\/mpeg\" src=\"https:\/\/www.radiopiu.net\/wordpress\/wp-content\/uploads\/2020\/04\/Herbert-Dorfmann-Appello-lavoro-agricolo.mp3?_=3\" \/><a href=\"https:\/\/www.radiopiu.net\/wordpress\/wp-content\/uploads\/2020\/04\/Herbert-Dorfmann-Appello-lavoro-agricolo.mp3\">https:\/\/www.radiopiu.net\/wordpress\/wp-content\/uploads\/2020\/04\/Herbert-Dorfmann-Appello-lavoro-agricolo.mp3<\/a><\/audio>\n<p>&nbsp;<\/p>\n<hr \/>\n<p>&nbsp;<\/p>\n<p>&nbsp;<\/p>\n<blockquote>\n<h3>INDENNIT\u00c0 DI 600\u20ac ANCHE AI COLLABORATORI SPORTIVI<\/h3>\n<\/blockquote>\n<p><strong><a class=\"dt-pswp-item\" href=\"https:\/\/www.radiopiu.net\/wordpress\/wp-content\/uploads\/2018\/05\/Roger_De_Menech_daticamera.jpg\" data-dt-img-description=\"\" data-large_image_width=\"165\" data-large_image_height=\"228\"><img loading=\"lazy\" decoding=\"async\" class=\"size-full wp-image-49599 alignleft\" src=\"https:\/\/www.radiopiu.net\/wordpress\/wp-content\/uploads\/2018\/05\/Roger_De_Menech_daticamera.jpg\" alt=\"\" width=\"165\" height=\"228\" \/><\/a>ROMA<\/strong>\u00a0I collaboratori delle sezioni locali del Coni, delle federazioni sportive e delle associazioni sportive dilettantistiche possono accedere al contributo di 600 euro esentasse previsto dal governo per il sostegno ai lavoratori a causa dell\u2019emergenza sanitaria. Il coordinatore dei deputati veneti del PD,\u00a0Roger De Menech, da circa dieci giorni ha colloqui quotidiani con il ministro dello Sport, Vincenzo Spadafora per sollecitare un provvedimento dedicato al mondo sportivo non professionista.\u00a0Provvedimento che \u00e8 arrivato luned\u00ec 6 aprile, quando i ministri dell\u2019Economia e dello Sport hanno emanato un decreto congiunto con le modalit\u00e0 e i criteri per accedere all\u2019indennit\u00e0.\u00a0\u00abCi sono 50 milioni di euro destinati specificamente a questi lavoratori e la misura tocca una platea di diverse migliaia di persone in Veneto. Il blocco di ogni attivit\u00e0 sportiva\u00bb, ricorda il deputato, \u00abcomporta un\u2019inevitabile contrazione dei redditi dei collaboratori delle societ\u00e0 sportive, atleti, staff e preparatori. Per questo abbiamo segnalato al governo l\u2019esigenza di una copertura specifica e la risposta \u00e8 stata pressoch\u00e9 immediata\u00bb.\u00a0Possono richiedere l\u2019indennit\u00e0 i titolari di rapporti di collaborazione, gi\u00e0 in essere alla data del 23 febbraio 2020 e ancora pendenti al 17 marzo 2020, data di entrata in vigore del Decreto Legge \u201cCura Italia\u201d. \u00c8 inoltre espressamente prevista la priorit\u00e0\u00a0per i collaboratori sportivi che nel periodo d\u2019imposta 2019 non abbiano percepito compensi superiori a 10.000 euro complessivi.<\/p>\n<p>&nbsp;<\/p>\n<p>&nbsp;<\/p>\n<p>&nbsp;<\/p>\n<hr \/>\n<p>&nbsp;<\/p>\n<blockquote>\n<h3>A CANALE D\u2019AGORDO LA CONSEGNA A DOMICILIO DI MASCHERINE SU RICHIESTA<\/h3>\n<\/blockquote>\n<p><strong class=\"photoswipe-wrapper\"><img loading=\"lazy\" decoding=\"async\" class=\"wp-image-126460 alignleft jetpack-lazy-image jetpack-lazy-image--handled\" src=\"https:\/\/i2.wp.com\/www.radiopiu.net\/wordpress\/wp-content\/uploads\/2020\/03\/MASCHERINA-CHIRURGICA.png?resize=122%2C97&amp;ssl=1\" sizes=\"auto, (max-width: 122px) 100vw, 122px\" srcset=\"https:\/\/i2.wp.com\/www.radiopiu.net\/wordpress\/wp-content\/uploads\/2020\/03\/MASCHERINA-CHIRURGICA.png?resize=300%2C239&amp;ssl=1 300w, https:\/\/i2.wp.com\/www.radiopiu.net\/wordpress\/wp-content\/uploads\/2020\/03\/MASCHERINA-CHIRURGICA.png?resize=1024%2C817&amp;ssl=1 1024w, https:\/\/i2.wp.com\/www.radiopiu.net\/wordpress\/wp-content\/uploads\/2020\/03\/MASCHERINA-CHIRURGICA.png?resize=768%2C613&amp;ssl=1 768w, https:\/\/i2.wp.com\/www.radiopiu.net\/wordpress\/wp-content\/uploads\/2020\/03\/MASCHERINA-CHIRURGICA.png?w=1280&amp;ssl=1 1280w\" alt=\"\" width=\"122\" height=\"97\" data-lazy-loaded=\"1\" \/>CANALE D\u2019AGORDO<\/strong>\u00a0Il comune di Canale D\u2019Agordo ha cominciato la consegna a domicilio delle mascherine a richiesta. Al fine di limitare gli spostamenti, coloro che avessero bisogno di mascherine sono pregati di contattare il numero 320 3298245 dalle 9 alle 12 il luned\u00ec, mercoled\u00ec e venerd\u00ec. La consegna del materiale verr\u00e0 effettuato dalle associazioni di volontariato del territorio direttamente a casa. In caso di urgenze il numero \u00e8 0437 590323.<\/p>\n<p>&nbsp;<\/p>\n<p>&nbsp;<\/p>\n<hr \/>\n<p>&nbsp;<\/p>\n<blockquote>\n<h3>LA CROCE BIANCA VAL FIORENTINA CONSEGNA LA SPESA A DOMICILIO<\/h3>\n<\/blockquote>\n<p><strong>SELVA DI CADORE<\/strong>\u00a0I volontari della Croce Bianca Val Fiorentina vengono in aiuto agli anziani e alle persone bisognose che non possono muoversi di casa attivando un servizio di consegna a domicilio della spesa. Il servizio sar\u00e0 erogato il luned\u00ec, mercoled\u00ec e sabato. Per accedere al servizio basta contattare il negozio Conad di Selva di Cadore allo 0437 720613 o l\u2019alimentari di Pescul allo 0437 521071 entro le ore 10 poi i volontari della Croce Bianca Val Fiorentina consegneranno la spesa a casa.<\/p>\n<p>&nbsp;<\/p>\n<hr \/>\n<p>&nbsp;<\/p>\n<blockquote>\n<h3>A LA VALLE PARTE LA CONSEGNA A DOMICILIO DI FARMACI E SPESA<\/h3>\n<\/blockquote>\n<p><strong>LA VALLE AGORDINA<\/strong>\u00a0Il Sindaco informa che sono stati attivati i servizi di consegna a domicilio per farmaci e per la spesa. Per la consegna dei farmaci i numeri da chiamare sono 0437 62298 oppure 0437 63896, servizio attivo dal luned\u00ec al venerd\u00ec dalle 9 alle 12:30 e dalle 15:30 alle 18:30. Per la consegna della spesa a domicilio basta telefonare al Panificio \u201cEl Forner\u201d 0437 63040, servizio garantito dal lunedi al sabato dalle 7 alle 12:30 e dalle 16:30 alle 19, anche la domenica dalle 7 alle 12:30<\/p>\n<p>&nbsp;<\/p>\n<hr \/>\n<h3><\/h3>\n<blockquote>\n<h3>SERVIZIO A DOMICILIO ANCHE A CANALE D\u2019AGORDO<\/h3>\n<\/blockquote>\n<p><strong>CANALE D\u2019AGORDO<\/strong>\u00a0Il comune, in collaborazione con le associazioni di volontariato del territorio, ha attivato il servizio di consegna a domicilio di farmaci e beni di prima necessit\u00e0 alle persone che sono impossibiltate a muoversi (anziani, persone non autosufficienti, persone sole e\/o che non possono uscire dalla propria abitazione. Servizio attivo il luned\u00ec, mercoled\u00ec e venerd\u00ec. Per avvalersi del servizio il numero da chiamare \u00e8 320 3298245<\/p>\n<p>&nbsp;<\/p>\n<hr \/>\n<p>&nbsp;<\/p>\n<blockquote>\n<h3>SERVIZIO SPESA GRATIS PER FODOM<\/h3>\n<\/blockquote>\n<p class=\"photoswipe-wrapper\"><strong>LIVINALLONGO<\/strong>\u00a0Questo servizio \u00e8 rivolto a persone anziane e malate, ma anche alle famiglie e alle persone sole che non hanno la possibilit\u00e0 di fare acquisti. Il servizio pu\u00f2 essere richiesto ogni giorno ed \u00e8 gratuito.\u00a0Potr\u00e0 essere richiesto al 0471 444 444 dalle ore 8-18. La consegna avviene lo stesso giorno o al pi\u00f9 tardi il giorno successivo. Il servizio viene eseguito esclusivamente da volontari della Croce Bianca che possono identificarsi come collaboratori dell\u2019associazione e indossano la divisa e tesserino.<\/p>\n<p>&nbsp;<\/p>\n<hr \/>\n<p>&nbsp;<\/p>\n<blockquote>\n<h3>BELLUNO: COMPLEANNO NUMERO 80 PER IL VESCOVO EMERITO ANDRICH<\/h3>\n<\/blockquote>\n<p><strong><a class=\"dt-pswp-item\" href=\"https:\/\/www.radiopiu.net\/wordpress\/wp-content\/uploads\/2020\/04\/VESCOVO-ANDRICH.jpg\" data-dt-img-description=\"\" data-large_image_width=\"554\" data-large_image_height=\"625\"><img loading=\"lazy\" decoding=\"async\" class=\"size-medium wp-image-128237 alignleft\" src=\"https:\/\/www.radiopiu.net\/wordpress\/wp-content\/uploads\/2020\/04\/VESCOVO-ANDRICH-266x300.jpg\" alt=\"\" width=\"266\" height=\"300\" srcset=\"https:\/\/www.radiopiu.net\/wordpress\/wp-content\/uploads\/2020\/04\/VESCOVO-ANDRICH-266x300.jpg 266w, https:\/\/www.radiopiu.net\/wordpress\/wp-content\/uploads\/2020\/04\/VESCOVO-ANDRICH.jpg 554w\" sizes=\"auto, (max-width: 266px) 100vw, 266px\" \/><\/a>di Renato Bona<\/strong> E\u2019 felicemente approdato al traguardo degli ottant\u2019anni il vescovo emerito di Belluno-Feltre monsignor Giuseppe Andrich, che ha idealmente spento le 80 candeline sabato 28 marzo scorso. Con una lettera inviata al presbiterio e ai diaconi, il vescovo monsignor Renato Marangoni aveva ricordato la circostanza invitando tutta la diocesi ad aggiungere agli auguri l\u2019unanimit\u00e0 di preghiera, anche se in questi giorni, purtroppo non \u00e8 stato possibile farlo pubblicamente con il concorso del popolo. Marangoni ha sottolineato: \u201cIl nostro intercedere per lui si arricchisce della gratitudine per il ministero svolto come pastore di questa nostro Chiesa\u201d. Da qui l\u2019invito a tutte le comunit\u00e0 parrocchiali per trasmettere a don Giuseppe un caldo e sincero augurio di buon compleanno. Andrich \u00e8 nato a Canale d\u2019Agordo il 28 marzo 1940; era stato ordinato presbitero il 28 giugno 1965 dal vescovo Gioacchino Muccin; arciprete della cattedrale di Belluno dal 1977 al 1982 e rettore del Seminario Gregoriano dal 1982 al 2004, nel 1998 era stato chiamato dal vescovo Pietro Brollo a ricoprire l\u2019incarico di vicario generale della diocesi, ufficio al quale fu confermato dal vescovo Vincenzo Savio; il 31 marzo 2004, a seguito della morte Dello stesso Savio, fu eletto amministratore diocesano dal collegio dei consultori; venne nominato vescovo da papa Giovanni Paolo II il 29 maggio 2004 e consacrato il 27 giugno successivo dal cardinale Angelo Scola. Il 10 febbraio 2016 papa Francesco ne accolse la rinuncia per aggiunti limiti di et\u00e0.<\/p>\n<p>&nbsp;<\/p>\n<p>&nbsp;<\/p>\n<p>&nbsp;<\/p>\n<hr \/>\n<p>&nbsp;<\/p>\n<blockquote class=\"wp-embedded-content\" data-secret=\"yJT2QW4rQT\"><p><a href=\"https:\/\/www.radiopiu.net\/wordpress\/oggi-alla-scuola-dellinfanzia-di-taibon-la-giovane-maestra-anna\/\">OGGI ALLA SCUOLA DELL&#8217;INFANZIA DI TAIBON LA GIOVANE MAESTRA ANNA<\/a><\/p><\/blockquote>\n<p><iframe loading=\"lazy\" title=\"&#8220;OGGI ALLA SCUOLA DELL&#8217;INFANZIA DI TAIBON LA GIOVANE MAESTRA ANNA&#8221; &#8212; Radio Pi\u00f9\" class=\"wp-embedded-content\" sandbox=\"allow-scripts\" security=\"restricted\" style=\"position: absolute; clip: rect(1px, 1px, 1px, 1px);\" src=\"https:\/\/www.radiopiu.net\/wordpress\/oggi-alla-scuola-dellinfanzia-di-taibon-la-giovane-maestra-anna\/embed\/#?secret=yJT2QW4rQT\" data-secret=\"yJT2QW4rQT\" width=\"600\" height=\"338\" frameborder=\"0\" marginwidth=\"0\" marginheight=\"0\" scrolling=\"no\"><\/iframe><\/p>\n<p>&nbsp;<\/p>\n<hr \/>\n<p>&nbsp;<\/p>\n<blockquote class=\"wp-embedded-content\" data-secret=\"dEymHEJSgZ\"><p><a href=\"https:\/\/www.radiopiu.net\/wordpress\/tappa-nel-feltrino-del-giro-con-il-libro-di-fabbiani-sorge-di-renato-bona\/\">TAPPA NEL FELTRINO DEL \u201cGIRO\u201d CON IL LIBRO DI FABBIANI-SORGE di Renato Bona<\/a><\/p><\/blockquote>\n<p><iframe loading=\"lazy\" title=\"&#8220;TAPPA NEL FELTRINO DEL \u201cGIRO\u201d CON IL LIBRO DI FABBIANI-SORGE di Renato Bona&#8221; &#8212; Radio Pi\u00f9\" class=\"wp-embedded-content\" sandbox=\"allow-scripts\" security=\"restricted\" style=\"position: absolute; clip: rect(1px, 1px, 1px, 1px);\" src=\"https:\/\/www.radiopiu.net\/wordpress\/tappa-nel-feltrino-del-giro-con-il-libro-di-fabbiani-sorge-di-renato-bona\/embed\/#?secret=dEymHEJSgZ\" data-secret=\"dEymHEJSgZ\" width=\"600\" height=\"338\" frameborder=\"0\" marginwidth=\"0\" marginheight=\"0\" scrolling=\"no\"><\/iframe><\/p>\n<p>&nbsp;<\/p>\n<hr \/>\n<p>&nbsp;<\/p>\n<h2>IERI ALLA RADIO<\/h2>\n<p>&nbsp;<\/p>\n<p><strong><a class=\"dt-pswp-item\" href=\"https:\/\/www.radiopiu.net\/wordpress\/wp-content\/uploads\/2020\/04\/morgan-gnech.jpeg\" data-dt-img-description=\"\" data-large_image_width=\"194\" data-large_image_height=\"259\"><img loading=\"lazy\" decoding=\"async\" class=\" wp-image-128130 alignleft\" src=\"https:\/\/www.radiopiu.net\/wordpress\/wp-content\/uploads\/2020\/04\/morgan-gnech.jpeg\" alt=\"\" width=\"123\" height=\"164\" \/><\/a>FINE STAGIONE ANTICIPATO ANCHE PER FORCELLA AURINE, DALLA &#8220;DESMA&#8221; MORGAN GNECH<\/strong><\/p>\n<p><strong>di Claudio Fontanive<\/strong><\/p>\n<audio class=\"wp-audio-shortcode\" id=\"audio-128098-4\" preload=\"none\" style=\"width: 100%;\" controls=\"controls\"><source type=\"audio\/mpeg\" src=\"https:\/\/www.radiopiu.net\/wordpress\/wp-content\/uploads\/2020\/04\/morgan-gnech.mp3?_=4\" \/><a href=\"https:\/\/www.radiopiu.net\/wordpress\/wp-content\/uploads\/2020\/04\/morgan-gnech.mp3\">https:\/\/www.radiopiu.net\/wordpress\/wp-content\/uploads\/2020\/04\/morgan-gnech.mp3<\/a><\/audio>\n<p>&nbsp;<\/p>\n<p>&nbsp;<\/p>\n<hr \/>\n<p><strong><a class=\"dt-pswp-item\" href=\"https:\/\/www.radiopiu.net\/wordpress\/wp-content\/uploads\/2020\/04\/eris-costa.jpg\" data-dt-img-description=\"\" data-large_image_width=\"1080\" data-large_image_height=\"1080\"><img loading=\"lazy\" decoding=\"async\" class=\" wp-image-128135 alignleft\" src=\"https:\/\/www.radiopiu.net\/wordpress\/wp-content\/uploads\/2020\/04\/eris-costa-300x300.jpg\" alt=\"\" width=\"178\" height=\"178\" srcset=\"https:\/\/www.radiopiu.net\/wordpress\/wp-content\/uploads\/2020\/04\/eris-costa-300x300.jpg 300w, https:\/\/www.radiopiu.net\/wordpress\/wp-content\/uploads\/2020\/04\/eris-costa-1024x1024.jpg 1024w, https:\/\/www.radiopiu.net\/wordpress\/wp-content\/uploads\/2020\/04\/eris-costa-150x150.jpg 150w, https:\/\/www.radiopiu.net\/wordpress\/wp-content\/uploads\/2020\/04\/eris-costa-768x768.jpg 768w, https:\/\/www.radiopiu.net\/wordpress\/wp-content\/uploads\/2020\/04\/eris-costa.jpg 1080w\" sizes=\"auto, (max-width: 178px) 100vw, 178px\" \/><\/a>ERIS COSTA, L&#8217;AZIENDA AGRICOLA FAMILIARE NELLO ZOLDANO<\/strong><\/p>\n<p><strong>di Claudio Fontanive<\/strong><\/p>\n<audio class=\"wp-audio-shortcode\" id=\"audio-128098-5\" preload=\"none\" style=\"width: 100%;\" controls=\"controls\"><source type=\"audio\/mpeg\" src=\"https:\/\/www.radiopiu.net\/wordpress\/wp-content\/uploads\/2020\/04\/azienda-agricola-costa-eris-costa.mp3?_=5\" \/><a href=\"https:\/\/www.radiopiu.net\/wordpress\/wp-content\/uploads\/2020\/04\/azienda-agricola-costa-eris-costa.mp3\">https:\/\/www.radiopiu.net\/wordpress\/wp-content\/uploads\/2020\/04\/azienda-agricola-costa-eris-costa.mp3<\/a><\/audio>\n<p><span style=\"color: #808000;\"><strong>SEI QUASI A CASA<\/strong><\/span><\/p>\n<blockquote class=\"wp-embedded-content\" data-secret=\"KHc05uzoeJ\"><p><a href=\"https:\/\/www.radiopiu.net\/wordpress\/ieri-alla-radio-sei-quasi-a-casa-prima\/\">SEI QUASI A CASA, CON LUCIA SOCCOL<\/a><\/p><\/blockquote>\n<p><iframe loading=\"lazy\" title=\"&#8220;SEI QUASI A CASA, CON LUCIA SOCCOL&#8221; &#8212; Radio Pi\u00f9\" class=\"wp-embedded-content\" sandbox=\"allow-scripts\" security=\"restricted\" style=\"position: absolute; clip: rect(1px, 1px, 1px, 1px);\" src=\"https:\/\/www.radiopiu.net\/wordpress\/ieri-alla-radio-sei-quasi-a-casa-prima\/embed\/#?secret=KHc05uzoeJ\" data-secret=\"KHc05uzoeJ\" width=\"600\" height=\"338\" frameborder=\"0\" marginwidth=\"0\" marginheight=\"0\" scrolling=\"no\"><\/iframe><\/p>\n<p>&nbsp;<\/p>\n<h3><span style=\"color: #ff00ff;\">IN VIVO VERSO<\/span><\/h3>\n<blockquote class=\"wp-embedded-content\" data-secret=\"vOCGFKnO0q\"><p><a href=\"https:\/\/www.radiopiu.net\/wordpress\/come-in-un-gran-concerto-di-mariano-grossi\/\">COME IN UN GRAN CONCERTO di MARIANO GROSSI<\/a><\/p><\/blockquote>\n<p><iframe loading=\"lazy\" title=\"&#8220;COME IN UN GRAN CONCERTO di MARIANO GROSSI&#8221; &#8212; Radio Pi\u00f9\" class=\"wp-embedded-content\" sandbox=\"allow-scripts\" security=\"restricted\" style=\"position: absolute; clip: rect(1px, 1px, 1px, 1px);\" src=\"https:\/\/www.radiopiu.net\/wordpress\/come-in-un-gran-concerto-di-mariano-grossi\/embed\/#?secret=vOCGFKnO0q\" data-secret=\"vOCGFKnO0q\" width=\"600\" height=\"338\" frameborder=\"0\" marginwidth=\"0\" marginheight=\"0\" scrolling=\"no\"><\/iframe><\/p>\n<p>COLLEZIONE COMPLETA<\/p>\n<p><iframe loading=\"lazy\" class=\"wp-embedded-content\" title=\"\u201cIn Vivo Verso\u201d \u2014 Radio Pi\u00f9\" src=\"https:\/\/www.radiopiu.net\/wordpress\/in-vivo-verso\/embed\/#?secret=NaF4sdAhPS\" width=\"600\" height=\"200\" frameborder=\"0\" marginwidth=\"0\" marginheight=\"0\" scrolling=\"no\" sandbox=\"allow-scripts\" data-secret=\"NaF4sdAhPS\" data-mce-fragment=\"1\"><\/iframe><\/p>\n<h3><span style=\"color: #ff0000;\">DUE MINUTI UN LIBRO<\/span><\/h3>\n<blockquote class=\"wp-embedded-content\" data-secret=\"ZuptQ0MITt\"><p><a href=\"https:\/\/www.radiopiu.net\/wordpress\/causa-e-origine-di-tutte-le-malattie\/\">CAUSA E ORIGINE DI TUTTE LE MALATTIE<\/a><\/p><\/blockquote>\n<p><iframe loading=\"lazy\" title=\"&#8220;CAUSA E ORIGINE DI TUTTE LE MALATTIE&#8221; &#8212; Radio Pi\u00f9\" class=\"wp-embedded-content\" sandbox=\"allow-scripts\" security=\"restricted\" style=\"position: absolute; clip: rect(1px, 1px, 1px, 1px);\" src=\"https:\/\/www.radiopiu.net\/wordpress\/causa-e-origine-di-tutte-le-malattie\/embed\/#?secret=ZuptQ0MITt\" data-secret=\"ZuptQ0MITt\" width=\"600\" height=\"338\" frameborder=\"0\" marginwidth=\"0\" marginheight=\"0\" scrolling=\"no\"><\/iframe><\/p>\n<p>LE ALTRE PUNTATE<\/p>\n<p><iframe loading=\"lazy\" class=\"wp-embedded-content\" title=\"\u201cDue minuti un libro\u201d \u2014 Radio Pi\u00f9\" src=\"https:\/\/www.radiopiu.net\/wordpress\/due-minuti-un-libro\/embed\/#?secret=HZQp6sP6GS\" width=\"600\" height=\"251\" frameborder=\"0\" marginwidth=\"0\" marginheight=\"0\" scrolling=\"no\" sandbox=\"allow-scripts\" data-secret=\"HZQp6sP6GS\" data-mce-fragment=\"1\"><\/iframe><\/p>\n<p><span style=\"color: #0000ff;\"><strong>LEGGERMENTE BELLUNESI<\/strong><\/span><\/p>\n<p><iframe loading=\"lazy\" class=\"wp-embedded-content\" title=\"\u201cLEGGERmente\u2026Bellunesi\u201d \u2014 Radio Pi\u00f9\" src=\"https:\/\/www.radiopiu.net\/wordpress\/leggermente-20\/embed\/#?secret=WGaBFLeq81\" width=\"600\" height=\"200\" frameborder=\"0\" marginwidth=\"0\" marginheight=\"0\" scrolling=\"no\" sandbox=\"allow-scripts\" data-secret=\"WGaBFLeq81\" data-mce-fragment=\"1\"><\/iframe><\/p>\n<p>&nbsp;<\/p>\n<h3><span style=\"color: #339966;\">AGORDINOMERON<\/span><\/h3>\n<blockquote class=\"wp-embedded-content\" data-secret=\"K5GrHC2n8M\"><p><a href=\"https:\/\/www.radiopiu.net\/wordpress\/agordinomeron\/\">AGORDINOMERON, IL TERRITORIO SI RACCONTA Da un&#8217;idea di Gianni Santomaso<\/a><\/p><\/blockquote>\n<p><iframe loading=\"lazy\" title=\"&#8220;AGORDINOMERON, IL TERRITORIO SI RACCONTA Da un&#8217;idea di Gianni Santomaso&#8221; &#8212; Radio Pi\u00f9\" class=\"wp-embedded-content\" sandbox=\"allow-scripts\" security=\"restricted\" style=\"position: absolute; clip: rect(1px, 1px, 1px, 1px);\" src=\"https:\/\/www.radiopiu.net\/wordpress\/agordinomeron\/embed\/#?secret=K5GrHC2n8M\" data-secret=\"K5GrHC2n8M\" width=\"600\" height=\"338\" frameborder=\"0\" marginwidth=\"0\" marginheight=\"0\" scrolling=\"no\"><\/iframe><\/p>\n<p><span style=\"color: #808080;\"><strong>IL MESSAGGIO DEI SACERDOTI SU RADIO PIU\u2019<\/strong><\/span><\/p>\n<p><iframe loading=\"lazy\" class=\"wp-embedded-content\" title=\"\u201cIL MESSAGGIO DAI SACERDOTI SU RADIO PIU\u2019 ALLE 7.30 E 19.30\u201d \u2014 Radio Pi\u00f9\" src=\"https:\/\/www.radiopiu.net\/wordpress\/il-messaggio-dai-sacerdoti-della-conca-su-radio-piu-alle-7-30-e-19-30\/embed\/#?secret=GCz27lyCw3\" width=\"600\" height=\"388\" frameborder=\"0\" marginwidth=\"0\" marginheight=\"0\" scrolling=\"no\" sandbox=\"allow-scripts\" data-secret=\"GCz27lyCw3\" data-mce-fragment=\"1\"><\/iframe><\/p>\n<p>&nbsp;<\/p>\n<hr \/>\n<p>&nbsp;<\/p>\n<p>STAI A CASA, A TAIBON E\u2019 LA FARMACIA CHE VIENE DA TE! AIUTACI AD AIUTARCI\u00a0 La distribuzione dei farmaci a domicilio, per gli abitanti di Taibon<\/p>\n<p>0437 640307 LA FRUTTA DIRETTAMENTE A CASA TUA CON MIRKO E L\u2019ORTOFRUTTA MARTINI DI AGORDO<\/p>\n<p>LA PIZZERIA BOCCON DIVINO A TAIBON AGORDINO COMUNICA CHE EFFETTUA SERVIZIO CONSEGNE PIZZE A DOMICILIO, TUTTI I GIORNI A PARTIRE DALLE ORE 18,\u00a0NEI COMUNI DI TAIBON AGORDINO E AGORDO.\u00a0POTETE PRENOTARE LE VOSTRE PIZZE, DALLE 16 ALLE 18 TELEFONICAMENTE AL 340 2986275<\/p>\n<p>DA SAPPADE DI FALCADE PICCOLA BAITA PORTA SULLE VOSTRE TAVOLE I SAPORI DEL TERRITORIO WWW.PICCOLABAITA.NET PER LE ORDINAZIONI ON LINE. 0437 590491<\/p>\n<p>L\u2019AZIENDA AGRICOLA MILCHHOF AGOSTINI DI SELVA DI CADORE. INFORMA CHE E\u2019 A DISPOSIZONE PER CONSEGNE GRATUITE A DOMICILIO IN TUTTA LA PROVICIA DI FORMAGGI, YOGURT, RICOTTE, MOZZARELLE DI PROPRIA PRODUZIONE, POTETE CONTATTARCI VIA TELEFONICA AL 380 39,57,409. PRENOTAZIONI ANCHE VIA WHATS UP ALLO STESSO NUMERO. \u00a0LA CONSEGNA AVVERRA\u2019 IN UNO O AL MASSIMO DUE GIORNI. AZIENDA AGRICLA MILCHOFF AGOSTINI. SELVA DI CADORE. 380 3957409<\/p>\n<p>Restiamo a casa, ma rafforziamoci per rimanere in salute!\u00a0Segui online le sessioni di allenamento della Palestra All Fit di Trichiana: ogni settimana avrai 2 sessioni di allenamento gratuite!\u00a0In pi\u00f9 ogni gioved\u00ec alle 18.30 ti aspetta la diretta Facebook durante la quale farai esercizio insieme allo staff All Fit e a centinaia di altre persone connesse anche loro da casa.\u00a0Per accedere al servizio gratuito, contatta All Fit tramite messaggio sulla pagina Facebook.\u00a0Non aspettare, prepariamoci per ripartire in salute pi\u00f9 forti di prima!<\/p>\n<p>DEVI SPOSTARTI? NON SAI COME FARE IN QUESTO DIFFICILE PERIODO?\u00a0 SENTI DOLOMITI VIAGGI DI FALCADE,\u00a0 COME UN TAXI:\u00a0 AUTOVETTURE E PULMINO NOLEGGIO CON CONDUCENTE. CHIAMA IL NUMERO 329 35,26,156.\u00a0 SAPRA\u2019 CONSIGLIARTI PER UN TRASPORTO IN SICUREZZA NEL RISPETTO DELLE MISURE ATTUALI DI CONTENIMENTO DEL CONTAGIO.<\/p>\n<p>ZUMBRILLENBER AGORDO CONSEGNA A DOMICILIO. PIATTI DI CARNE, PESCE, E PIZZE. A DOMICILIO, NEL RAGGIO DI 15 CHILOMETRI DA AGORDO, TUTTI I GIORNI. ANCHE WHATS UP ENTRO LE 20.30. TUTTI I GIORNI, PER PRANZO E CENA. 345 9135042<\/p>\n<p>I SERVIZI A DOMICILIO PER LE PERSONE ANZIANE DEL COMUNE DI ROCCA PIETORE. FARMACI: Farmacia dr. Fassa Caprile 0437 721112. RICETTE: Dott. Allegro 338 3312357, Dott. Mascanzoni 347 7145560. SPESA ALIMENTARE: Coop Rocca Pietore 0437 721304, Coop Alleghe 0437 523640, Coop Caprile 0437 721123, Alimentari Sottoguda 0437 722120, Alimentari Digonera 0437 529070, Macelleria Da Pian Caprile 0437 721151, Macelleria Ongaro Alleghe 0437 523317<\/p>\n<p>LA PASTICCERIA LES BON BON DI AGORDO TI INFORMA CHE E\u2019 ATTIVO IL SERVIZIO DI CONSEGNA A DOMICILIO, AD AGORDO E PAESI LIMITROFI. PORTIAMO A CASA TUA LE NOSTRE COLOMBE E I NOSTRI PRODOTTI DI PASTICCERIA, MA ANCHE OVETTI SFUSI LINDT E BARATTI. CONIGLIETTI, PULCINI, PELUCHE. PER INFO E PRENOTAZIONI. TELEFONO O WHATS UP AL 342 59,80,559. RIPETO. CI TROVI ANCHE SU FACEBOOK, INSTAGRAM, O EMAIL ALL\u2019INDIRIZZO LESBONBONSAGORDO@GMAIL.COM.\u00a0NELLA SETTIMANA DI PASQUA, CONSEGNE ANCHE IN ALTRI PAESI DELL\u2019AGORDINO.<\/p>\n<p>A RIVAMONTE DAISY! PANINI, BRUSCHETTE, TOAST. PER LA TUA CENA ALTERNATIVA E GUSTOSA. RICHIEDI IL NOSTRO LISTINO. TROVI DECINE DI PROPOSTE, E TANTE NOVITA\u2019. PER TE ANCHE LE NOSTRE BIRRE E I NOSTRI VINI DA ABBINARE. STATE A CASA, CHE ARRIVAMO NOI. CONSEGNAMO OGNI SERA. LE PRENOTAZIONI SI RICEVONO ENTRO LE ORE 17 AL 348 56,42,568. CONSEGNAMO A RIVAMONTE, GOSALDO, FRASSENE\u2019, VOLTAGO, TAIBON, AGORDO, LA VALLE.<\/p>\n<p>La Profumeria Wanda di Agordo consegna i prodotti a domicilio. Puoi chiamare, spiegare le tue esigenze e scegliere quello di cui hai bisogno. Consegna direttamente a casa senza spese in tutto l\u2019Agordino il martedi e venerdi odinando il giorno precedente entro le 17. Per ulteriori informazioni 331 4662006. Negozio aperto dalle 10.30 alle 11.30 e dalle 16 alle 17<\/p>\n<p>L\u2019AZIENDA AGRICOLA ZANCHETTA, SPACCIO DI AGORDO INFORMA CHE EFFETTUA LA CONSEGNA A DOMICILIO DEL VINO DELLA PROPRIA PRODUZIONE. ARRIVIAMO DA VOI IL MERCOLEDI\u2019 POMERIGGIO, AD AGORDO E PAESI LIMITROFI. VINO BIANCO O ROSSO, IN BOTTIGLIA O DAMA DA 5 LITRI. PRENOTAZIONI ENTRO IL MERCOLEDI\u2019 MATTINA AL 335 6285096<\/p>\n<p>LA MACELLERIA COSTA INFORMA CHE EFFETTUA CONSEGNE A DOMICILIO GRATUITE IN TUTTO L\u2019AGORDINO. TUTTI I GIORNI DAL LUNEDI AL VENERDI\u2019. INFO PRENOTAZIONI E RICHIESTE LISTINO AL 340 9714699 anche social MACELLERIA COSTA CANALE D\u2019AGORDO<\/p>\n<p>LA PASTICCERIA SAINT HONORE DI AGORDO EFFETTUA DA MARTEDI 7 APRILE CONSEGNE A DOMICILIO AD AGORDO E PAESI LIMITROFI DI COLOMBE E UOVA PASQUALI DI PRODUZIONE PROPRIA, MA ANCHE CONFEZIONI REGALO E OVETTI LINDT. INFO E PRENOTAZIONI 0437 62585<\/p>\n<p>PREPARIAMO UNA SELEZIONE DELLE NOSTRE FAMOSE SPECIALITA\u2019, DA CONSEGNARVI A DOMICILIO. LA PORCHETTA FATTA DA NOI A UN EURO E 80 ALL\u2019ETTO I PANINI CON LA PORCHETTA A 4 EURO, LE NOSTRE POLPETTE DI POLLO E VERDURE A UN EURO E 20 CIASCUNA. E POI GNOCCHI FRESCHI FATTI DI GIORNATA A TRE EURO A PORZIONE, RAGU\u2019 DI CARNE FRESCO A 4 EURO A PORZIONE, CERVO CON POLENTA DI MAIS SPONCIO A 13 EURO, BACCALA\u2019 ALLA VICENTINA CON POLENTA DI SPONCIO A 13 EURO, TRIPPE ALLA PARMIGIANA CON POLENTA DI SPONCIO A 11 EURO. ORDINA TELEFONANDO AL 333 1432468 E IL GIORNO SUCCESSIVO CONSEGNEREMO A CASA TUA LE PIETANZE SCELTE. ORDINE MINIMO 25 EURO. SERVIZIO ATTIVO NEI TERRITORI DI AGORDO, CANALE, LA VALLE, CENCENIGHE, RIVAMONTE, VOLTAGO, TAIBON, BELLUNO, SEDICO, PONTE NELLE ALPI. SAN MARTIN \u2013 RISTORO E BAR. LOCALITA\u2019 LA MUDA STRADA AGORDO BELLUNO<\/p>\n<p>&nbsp;<\/p>\n<hr \/>\n<p>&nbsp;<\/p>\n<p><a class=\"dt-pswp-item\" href=\"https:\/\/www.radiopiu.net\/wordpress\/wp-content\/uploads\/2018\/09\/sport.jpg\" data-dt-img-description=\"\" data-large_image_width=\"800\" data-large_image_height=\"100\"><img loading=\"lazy\" decoding=\"async\" class=\"aligncenter wp-image-60761 size-full\" src=\"https:\/\/www.radiopiu.net\/wordpress\/wp-content\/uploads\/2018\/09\/sport.jpg\" alt=\"\" width=\"800\" height=\"100\" srcset=\"https:\/\/www.radiopiu.net\/wordpress\/wp-content\/uploads\/2018\/09\/sport.jpg 800w, https:\/\/www.radiopiu.net\/wordpress\/wp-content\/uploads\/2018\/09\/sport-300x38.jpg 300w, https:\/\/www.radiopiu.net\/wordpress\/wp-content\/uploads\/2018\/09\/sport-768x96.jpg 768w\" sizes=\"auto, (max-width: 800px) 100vw, 800px\" \/><\/a><\/p>\n<p>&nbsp;<\/p>\n<blockquote>\n<h3>LA SETTIMA EDIZIONE DE LA VELENOSA IN PROGRAMMA IL 24 MAGGIO \u00c8 UFFICIALMENTE ANNULLATA<\/h3>\n<\/blockquote>\n<p><strong style=\"font-size: 14px;\"><a class=\"dt-pswp-item\" href=\"https:\/\/www.radiopiu.net\/wordpress\/wp-content\/uploads\/2019\/05\/Credit.MartinaValmassoi.-_DSC3140LaVelenosa.jpg\" data-dt-img-description=\"\" data-large_image_width=\"1600\" data-large_image_height=\"1067\"><img loading=\"lazy\" decoding=\"async\" class=\"size-medium wp-image-86511 alignleft\" src=\"https:\/\/www.radiopiu.net\/wordpress\/wp-content\/uploads\/2019\/05\/Credit.MartinaValmassoi.-_DSC3140LaVelenosa-300x200.jpg\" alt=\"\" width=\"300\" height=\"200\" srcset=\"https:\/\/www.radiopiu.net\/wordpress\/wp-content\/uploads\/2019\/05\/Credit.MartinaValmassoi.-_DSC3140LaVelenosa-300x200.jpg 300w, https:\/\/www.radiopiu.net\/wordpress\/wp-content\/uploads\/2019\/05\/Credit.MartinaValmassoi.-_DSC3140LaVelenosa-768x512.jpg 768w, https:\/\/www.radiopiu.net\/wordpress\/wp-content\/uploads\/2019\/05\/Credit.MartinaValmassoi.-_DSC3140LaVelenosa-1024x683.jpg 1024w, https:\/\/www.radiopiu.net\/wordpress\/wp-content\/uploads\/2019\/05\/Credit.MartinaValmassoi.-_DSC3140LaVelenosa.jpg 1600w\" sizes=\"auto, (max-width: 300px) 100vw, 300px\" \/><\/a>BOLZANO BELLUNESE<\/strong> <span style=\"font-size: 14px; font-weight: normal;\">Anche La Velenosa, giovane corsa podistica che in questi ultimi anni ha stregato migliaia di runner, ha dovuto arrendersi e dare appuntamento al prossimo anno. \u2028La Velenosa ha come quartier generale Bolzano Bellunese, piccola frazione a pochi chilometri da Belluno, alle pendici dei monti Schiara e Terne, e si articola su due affascinanti percorsi di 14 e 5 chilometri.\u00a0<\/span>\u00ab<em>Abbiamo atteso il pi\u00f9 possibile &#8211; hanno raccontato i ragazzi del Comitato Organizzatore &#8211; seppur consci della gravit\u00e0 di quello che stava accadendo, abbiamo aspettato fino alla fine con la speranza che potesse cambiare qualcosa. Purtroppo l\u2019emergenza sanitaria in corso ci costringe ad annullare questa edizione. Una decisione \u201cvelenosa\u201d e sofferta, per\u00f2 siamo sicuri che sia stata la scelta migliore. Per tutti i Velenosi, l\u2019augurio che questa pausa possa aiutarci a comprendere le priorit\u00e0 della nostra vita, sportiva e non. \u00a0Ne usciremo, per tornare a veder la luce insieme<\/em>\u00bb.\u00a0Gli iscritti riceveranno nelle prossime ore una mail che spiega nel dettaglio questa scelta.<\/p>\n<p>&nbsp;<\/p>\n<p>&nbsp;<\/p>\n<p>&nbsp;<\/p>\n<p>&nbsp;<\/p>\n<hr \/>\n<p>&nbsp;<\/p>\n<div class=\"page-title-head hgroup\">\n<blockquote>\n<h3 class=\"entry-title\">ANCHE LA 4 PASS IN DOI DA\u2019 APPUNTAMENTO AL PROSSIMO ANNO<\/h3>\n<\/blockquote>\n<\/div>\n<div class=\"page-title-breadcrumbs\"><strong class=\"photoswipe-wrapper\"><img loading=\"lazy\" decoding=\"async\" class=\"wp-image-128241 alignleft jetpack-lazy-image jetpack-lazy-image--handled\" src=\"https:\/\/i1.wp.com\/www.radiopiu.net\/wordpress\/wp-content\/uploads\/2020\/04\/4-pas-partenza.jpeg?resize=254%2C143&amp;ssl=1\" sizes=\"auto, (max-width: 254px) 100vw, 254px\" srcset=\"https:\/\/i1.wp.com\/www.radiopiu.net\/wordpress\/wp-content\/uploads\/2020\/04\/4-pas-partenza.jpeg?resize=1024%2C576&amp;ssl=1 1024w, https:\/\/i1.wp.com\/www.radiopiu.net\/wordpress\/wp-content\/uploads\/2020\/04\/4-pas-partenza.jpeg?resize=300%2C169&amp;ssl=1 300w, https:\/\/i1.wp.com\/www.radiopiu.net\/wordpress\/wp-content\/uploads\/2020\/04\/4-pas-partenza.jpeg?resize=768%2C432&amp;ssl=1 768w, https:\/\/i1.wp.com\/www.radiopiu.net\/wordpress\/wp-content\/uploads\/2020\/04\/4-pas-partenza.jpeg?w=1334&amp;ssl=1 1334w\" alt=\"\" width=\"254\" height=\"143\" data-recalc-dims=\"1\" data-lazy-loaded=\"1\" \/>AGORDO <\/strong>Ad Agordo\u00a0 Pro Loco, ente organizzatore della 4 pas in doi, evento di trail running a coppie, comunica che la manifestazione che avrebbe dovuto svolgersi domenica 7 giugno \u00e8 stata annullata. L\u2019annullamento \u00e8 dovuto al protrarsi dell\u2019emergenza sanitaria legata al Covid-19 e alle molte incertezze che riguardano le prossime settimane. Nel ringraziare i tanti volontari che gi\u00e0 si erano messi in moto e le numerose realt\u00e0 aziendali che avevano dato il loro supporto all\u2019evento, il consiglio direttivo di Ad Agordo Pro Loco comunica che la manifestazione torner\u00e0 nel 2021, alla data di domenica 6 giugno, proponendo <span lang=\"zxx\">la gara agonistica di 15 chilometri e 850 metri di dislivello positivo, la non competitiva sullo stesso percorso e la non competitiva sulla distanza di 6 chilometri e 300 metri di dislivello positivo, oltre alla <\/span><span lang=\"zxx\">\u201c4 Pas in doi bocoi\u201d, passeggiata enogastronomica a tappe, sul tracciato di 6 chilometri, con degustazione di prodotti tipici locali.<\/span><\/div>\n<div><\/div>\n<hr \/>\n<p>&nbsp;<\/p>\n<p><img loading=\"lazy\" decoding=\"async\" class=\"size-full wp-image-61378 aligncenter jetpack-lazy-image jetpack-lazy-image--handled\" src=\"https:\/\/i0.wp.com\/www.radiopiu.net\/wordpress\/wp-content\/uploads\/2018\/09\/WhatsApp-Image-2018-09-20-at-16.04.06.jpeg?resize=800%2C100&amp;ssl=1\" sizes=\"auto, (max-width: 800px) 100vw, 800px\" srcset=\"https:\/\/i0.wp.com\/www.radiopiu.net\/wordpress\/wp-content\/uploads\/2018\/09\/WhatsApp-Image-2018-09-20-at-16.04.06.jpeg?w=800&amp;ssl=1 800w, https:\/\/i0.wp.com\/www.radiopiu.net\/wordpress\/wp-content\/uploads\/2018\/09\/WhatsApp-Image-2018-09-20-at-16.04.06.jpeg?resize=300%2C38&amp;ssl=1 300w, https:\/\/i0.wp.com\/www.radiopiu.net\/wordpress\/wp-content\/uploads\/2018\/09\/WhatsApp-Image-2018-09-20-at-16.04.06.jpeg?resize=768%2C96&amp;ssl=1 768w\" alt=\"\" width=\"800\" height=\"100\" data-lazy-loaded=\"1\" \/><\/p>\n<p><center><\/center>&nbsp;<\/p>\n<p><center><b>Mercoledi 8<\/b><\/center><b>Tempo atteso:\u00a0<\/b>Tempo ben soleggiato con cielo sereno, aria tersa ed ottima visibilit\u00e0. Clima ancora fresco di notte nelle valli, mentre sar\u00e0 alquanto mite di giorno e tipicamente primaverile nei fondovalle pi\u00f9 assolati.<br \/>\n<b>Precipitazioni:\u00a0<\/b>Assenti (0%).<br \/>\n<b>Temperature:\u00a0<\/b>Minime in aumento in quota e in lieve calo nelle valli, con leggera inversione termica nelle ore pi\u00f9 fredde; massime perlopi\u00f9 stazionarie, salvo locali e lievii aumenti in alcune valli. Clima alquanto mite di giorno. Come nei giorni precedenti, forte escursione termica giornaliera nelle valli e sugli altopiani prealpini. Sono previste punte di 21\/22\u00b0C nei fondovalle prealpini e di 17\/18\u00b0C a 1000\/1200 m. Su Prealpi a 1500 m min 5\u00b0C max 10\u00b0C, a 2000 m min 3\u00b0C max 7\u00b0C. Su Dolomiti a 2000 m min 3\u00b0C max 8\u00b0C, a 3000 m min -3\u00b0C max -2\u00b0C.<br \/>\n<b>Venti:\u00a0<\/b>nelle valli deboli a regime di brezza, eccetto locali rinforzi notturni nei consueti settori prealpini; in alta quota deboli\/moderati da sud-est, a 5-10 km\/h a 2000 m e 10-15 km\/h a 3000 m.<\/p>\n<hr \/>\n<p><center><b>Giovedi 9<\/b><\/center><b>Tempo atteso:\u00a0<\/b>Tempo stabile, ben soleggiato con cielo sereno, aria tersa e ottima visibilit\u00e0, salvo lievi e locali foschie mattutine nei fondovalle prealpini. Il clima sar\u00e0 meno fresco di notte e sempre pi\u00f9 primaverile in giornata, specie nelle valli.<br \/>\n<b>Precipitazioni:\u00a0<\/b>Assenti (0%).<br \/>\n<b>Temperature:\u00a0<\/b>In generale aumento a tutte le quote, eccetto stazionariet\u00e0 delle minime nei fondovalle prealpini e calo delle stesse minime sulle cime dolomitiche pi\u00f9 alte. Clima alquanto mite di giorno con valori superiori alla norma; forte escursione termica giornaliera nelle valli e sugli altopiani prealpini. Previste punte di 22\/23\u00b0C nelle valli prealpine e di 18\/19\u00b0C a 1000\/1200 m. Su Prealpi a 1500 m min 6\u00b0C max 11\u00b0C, a 2000 m min 5\u00b0C max 8\u00b0C. Su Dolomiti a 2000 m min 4\u00b0C max 8\u00b0C, a 3000 m min -4\u00b0C max -2\u00b0C.<br \/>\n<b>Venti:\u00a0<\/b>Perlopi\u00f9 deboli a regime di brezza nelle valli, localmente e temporaneamente moderati per soliti rinforzi notturni in alcuni settori prealpini; in quota deboli da nord-est, a 5-10 km\/h a 2000 m, 10-15 km\/h a 3000 m.<\/p>\n<hr \/>\n<p><center><b>Venerdi 10<\/b><\/center>Tempo stabile e ben soleggiato. Clima ancora un po&#8217; fresco di notte nelle valli e sugli altopiani prealpini, con inversione termica nelle valli. In giornata temperature senza notevoli variazioni in quota e in ulteriore lieve aumento nelle valli, con forte escursione termica giornaliera. Venti deboli dai quadranti settentrionali e brezze nelle valli.<\/p>\n<hr \/>\n<p><center><b>Sabato 11<\/b><\/center>Tempo stabile e ben soleggiato con cielo generalmente sereno, salvo innocui cumuli durante le ore pi\u00f9 calde, specie sulle Prealpi. Temperature in generale lieve aumento con clima un po&#8217; meno fresco di notte e prettamente primaverile in giornata. Venti deboli dai quadranti settentrionali in quota e brezze nelle valli. Previsore: R.L.Th.<\/p>\n","protected":false},"excerpt":{"rendered":"<p>PER RICEVERE QUESTO NOTIZIARIO DIRETTAMENTE SUL TUO CELLULARE ISCRIVITI AL CANALE\u00a0TELEGRAM\u00a0\u201cRADIO PIU\u00a0 INFORMAZIONE\u201d &nbsp; &nbsp; \u2022 Le persone attualmente positive sono complessivamente 94.067. I decessi sono 17.127, 604 nelle ultime 24 ore, mentre i guariti sono oltre 24mila; \u00a0Arcuri: &#8220;L\u2019uscita dall\u2019emergenza non \u00e8 ancora vicina&#8221;; \u00a0Boris Johnson stabile, nel Regno Unito record di morti; \u00a0Nel&hellip;<\/p>\n","protected":false},"author":4,"featured_media":128219,"comment_status":"closed","ping_status":"closed","sticky":false,"template":"","format":"standard","meta":{"_monsterinsights_skip_tracking":false,"_monsterinsights_sitenote_active":false,"_monsterinsights_sitenote_note":"","_monsterinsights_sitenote_category":0,"footnotes":""},"categories":[1,51,86,49],"tags":[],"class_list":["post-128098","post","type-post","status-publish","format-standard","has-post-thumbnail","hentry","category-senza-categoria","category-evidenza-top","category-gr","category-news-18","category-1","category-51","category-86","category-49","description-off"],"img_url":"https:\/\/www.radiopiu.net\/wordpress\/wp-content\/uploads\/2020\/04\/Ponte-3.jpg","_links":{"self":[{"href":"https:\/\/www.radiopiu.net\/wordpress\/wp-json\/wp\/v2\/posts\/128098","targetHints":{"allow":["GET"]}}],"collection":[{"href":"https:\/\/www.radiopiu.net\/wordpress\/wp-json\/wp\/v2\/posts"}],"about":[{"href":"https:\/\/www.radiopiu.net\/wordpress\/wp-json\/wp\/v2\/types\/post"}],"author":[{"embeddable":true,"href":"https:\/\/www.radiopiu.net\/wordpress\/wp-json\/wp\/v2\/users\/4"}],"replies":[{"embeddable":true,"href":"https:\/\/www.radiopiu.net\/wordpress\/wp-json\/wp\/v2\/comments?post=128098"}],"version-history":[{"count":0,"href":"https:\/\/www.radiopiu.net\/wordpress\/wp-json\/wp\/v2\/posts\/128098\/revisions"}],"wp:featuredmedia":[{"embeddable":true,"href":"https:\/\/www.radiopiu.net\/wordpress\/wp-json\/wp\/v2\/media\/128219"}],"wp:attachment":[{"href":"https:\/\/www.radiopiu.net\/wordpress\/wp-json\/wp\/v2\/media?parent=128098"}],"wp:term":[{"taxonomy":"category","embeddable":true,"href":"https:\/\/www.radiopiu.net\/wordpress\/wp-json\/wp\/v2\/categories?post=128098"},{"taxonomy":"post_tag","embeddable":true,"href":"https:\/\/www.radiopiu.net\/wordpress\/wp-json\/wp\/v2\/tags?post=128098"}],"curies":[{"name":"wp","href":"https:\/\/api.w.org\/{rel}","templated":true}]}}