{"id":128176,"date":"2020-04-07T14:16:18","date_gmt":"2020-04-07T12:16:18","guid":{"rendered":"https:\/\/www.radiopiu.net\/wordpress\/?p=128176"},"modified":"2020-04-07T19:53:25","modified_gmt":"2020-04-07T17:53:25","slug":"ivonia","status":"publish","type":"post","link":"https:\/\/www.radiopiu.net\/wordpress\/ivonia\/","title":{"rendered":"DRAMMA A FELTRE IVONIA TAITA MUORE INTOSSICATA TRA LE MURA DI CASA"},"content":{"rendered":"<p><strong><a class=\"dt-pswp-item\" href=\"https:\/\/www.radiopiu.net\/wordpress\/wp-content\/uploads\/2020\/04\/4d26b21d-d055-484b-80aa-905982377127.jpg\" data-dt-img-description=\"\" data-large_image_width=\"1280\" data-large_image_height=\"960\"><img loading=\"lazy\" decoding=\"async\" class=\"wp-image-128197 alignleft\" src=\"https:\/\/www.radiopiu.net\/wordpress\/wp-content\/uploads\/2020\/04\/4d26b21d-d055-484b-80aa-905982377127-1024x768.jpg\" alt=\"\" width=\"189\" height=\"142\" srcset=\"https:\/\/www.radiopiu.net\/wordpress\/wp-content\/uploads\/2020\/04\/4d26b21d-d055-484b-80aa-905982377127-1024x768.jpg 1024w, https:\/\/www.radiopiu.net\/wordpress\/wp-content\/uploads\/2020\/04\/4d26b21d-d055-484b-80aa-905982377127-300x225.jpg 300w, https:\/\/www.radiopiu.net\/wordpress\/wp-content\/uploads\/2020\/04\/4d26b21d-d055-484b-80aa-905982377127-768x576.jpg 768w, https:\/\/www.radiopiu.net\/wordpress\/wp-content\/uploads\/2020\/04\/4d26b21d-d055-484b-80aa-905982377127.jpg 1280w\" sizes=\"auto, (max-width: 189px) 100vw, 189px\" \/><\/a>SEREN DEL GRAPPA<\/strong> Nell&#8217;incendio di via Dino Buzzatti ha perso la vita\u00a0 Ivonia Taita\u00a0 nata e residente a Seren Del Grappa, di\u00a0 85 anni. L&#8217;incendio ha distrutto il divano sul quale \u00e8 stato rinvenuto il corpo dell&#8217;anzina, le fiamme si sono sviluppate per cause accidentali e la morte \u00e8 stata provocata da malore per intossicazione, la donna era peraltro gi\u00e0 sofferente di altre patologie. I pompieri arrivati da Feltre sono entrati nell\u2019appartamento invaso dal fumo e delle fiamme dotati di autorespiratori, spegnendo l\u2019incendio, che ha interessato il soggiorno e rinvenendo il corpo senza vita della donna 85 enne come accertato dai sanitari del SUEM. Al vaglio dei tecnici dei vigili del fuoco le cause, che hanno innescato le fiamme nell\u2019appartamento. Sul posto anche i carabinieri. Le operazioni di aereazione e messa in sicurezza della casa sono terminate dopo circa due ore.<\/p>\n","protected":false},"excerpt":{"rendered":"<p>SEREN DEL GRAPPA Nell&#8217;incendio di via Dino Buzzatti ha perso la vita\u00a0 Ivonia Taita\u00a0 nata e residente a Seren Del Grappa, di\u00a0 85 anni. L&#8217;incendio ha distrutto il divano sul quale \u00e8 stato rinvenuto il corpo dell&#8217;anzina, le fiamme si sono sviluppate per cause accidentali e la morte \u00e8 stata provocata da malore per intossicazione,&hellip;<\/p>\n","protected":false},"author":1,"featured_media":128197,"comment_status":"closed","ping_status":"closed","sticky":false,"template":"","format":"standard","meta":{"_monsterinsights_skip_tracking":false,"_monsterinsights_sitenote_active":false,"_monsterinsights_sitenote_note":"","_monsterinsights_sitenote_category":0,"footnotes":""},"categories":[51,49],"tags":[],"class_list":["post-128176","post","type-post","status-publish","format-standard","has-post-thumbnail","hentry","category-evidenza-top","category-news-18","category-51","category-49","description-off"],"img_url":"https:\/\/www.radiopiu.net\/wordpress\/wp-content\/uploads\/2020\/04\/4d26b21d-d055-484b-80aa-905982377127.jpg","_links":{"self":[{"href":"https:\/\/www.radiopiu.net\/wordpress\/wp-json\/wp\/v2\/posts\/128176","targetHints":{"allow":["GET"]}}],"collection":[{"href":"https:\/\/www.radiopiu.net\/wordpress\/wp-json\/wp\/v2\/posts"}],"about":[{"href":"https:\/\/www.radiopiu.net\/wordpress\/wp-json\/wp\/v2\/types\/post"}],"author":[{"embeddable":true,"href":"https:\/\/www.radiopiu.net\/wordpress\/wp-json\/wp\/v2\/users\/1"}],"replies":[{"embeddable":true,"href":"https:\/\/www.radiopiu.net\/wordpress\/wp-json\/wp\/v2\/comments?post=128176"}],"version-history":[{"count":0,"href":"https:\/\/www.radiopiu.net\/wordpress\/wp-json\/wp\/v2\/posts\/128176\/revisions"}],"wp:featuredmedia":[{"embeddable":true,"href":"https:\/\/www.radiopiu.net\/wordpress\/wp-json\/wp\/v2\/media\/128197"}],"wp:attachment":[{"href":"https:\/\/www.radiopiu.net\/wordpress\/wp-json\/wp\/v2\/media?parent=128176"}],"wp:term":[{"taxonomy":"category","embeddable":true,"href":"https:\/\/www.radiopiu.net\/wordpress\/wp-json\/wp\/v2\/categories?post=128176"},{"taxonomy":"post_tag","embeddable":true,"href":"https:\/\/www.radiopiu.net\/wordpress\/wp-json\/wp\/v2\/tags?post=128176"}],"curies":[{"name":"wp","href":"https:\/\/api.w.org\/{rel}","templated":true}]}}