{"id":128185,"date":"2020-04-07T14:27:04","date_gmt":"2020-04-07T12:27:04","guid":{"rendered":"https:\/\/www.radiopiu.net\/wordpress\/?p=128185"},"modified":"2020-04-07T14:27:04","modified_gmt":"2020-04-07T12:27:04","slug":"le-donazioni-terapie-intensive-elezioni-e-altro-dalla-conferenza-stampa-odierna-di-zaia","status":"publish","type":"post","link":"https:\/\/www.radiopiu.net\/wordpress\/le-donazioni-terapie-intensive-elezioni-e-altro-dalla-conferenza-stampa-odierna-di-zaia\/","title":{"rendered":"LE DONAZIONI, TERAPIE INTENSIVE, ELEZIONI E ALTRO DALLA CONFERENZA STAMPA ODIERNA DI ZAIA"},"content":{"rendered":"<p><strong>DONAZIONI<\/strong><\/p>\n<p>Grazie a tutti, dai top ai pi\u00f9 piccoli. Nei prossimi giorni daremo anche il totale del materiale donato. 5 milioni di euro della Banca d\u2019Italia, siamo oltre i 30 milioni di euro. Huawey ci ha fatto avere 250 tablet e sim per gli ospedali. La fondazione Elios di Bassano ha versato 334 mila euro in attrezzature e 326 mila euro in donazioni. Totale donatori 27,781<\/p>\n<audio class=\"wp-audio-shortcode\" id=\"audio-128185-1\" preload=\"none\" style=\"width: 100%;\" controls=\"controls\"><source type=\"audio\/mpeg\" src=\"https:\/\/www.radiopiu.net\/wordpress\/wp-content\/uploads\/2020\/04\/ZAIA-DONAZIONI-OGGI.mp3?_=1\" \/><a href=\"https:\/\/www.radiopiu.net\/wordpress\/wp-content\/uploads\/2020\/04\/ZAIA-DONAZIONI-OGGI.mp3\">https:\/\/www.radiopiu.net\/wordpress\/wp-content\/uploads\/2020\/04\/ZAIA-DONAZIONI-OGGI.mp3<\/a><\/audio>\n<p>&nbsp;<\/p>\n<p><strong>TERAPIE INTENSIVE<\/strong><\/p>\n<p>Non le disarmeremo come i cittadini terranno il pacchetto di mascherine. Smantelleremo il minimo, e gli ospedali oggi occupati dai reparti Covid abbiate pazienza perch\u00e9 dopo la pausa pasquale cominceremo a dare le prime indicazioni per riportarli al loro normale utilizzo ma abbiamo ancora 2000 persone in ospedale e temiamo l\u2019arrivo delle piogge e l\u2019abbassamento delle temperature.<\/p>\n<audio class=\"wp-audio-shortcode\" id=\"audio-128185-2\" preload=\"none\" style=\"width: 100%;\" controls=\"controls\"><source type=\"audio\/mpeg\" src=\"https:\/\/www.radiopiu.net\/wordpress\/wp-content\/uploads\/2020\/04\/ZAIA-TERAPIE-INTENSIVE.mp3?_=2\" \/><a href=\"https:\/\/www.radiopiu.net\/wordpress\/wp-content\/uploads\/2020\/04\/ZAIA-TERAPIE-INTENSIVE.mp3\">https:\/\/www.radiopiu.net\/wordpress\/wp-content\/uploads\/2020\/04\/ZAIA-TERAPIE-INTENSIVE.mp3<\/a><\/audio>\n<p>&nbsp;<\/p>\n<p><strong>AZIENDE E CONTRIBUTI<\/strong><\/p>\n<p>Dobbiamo arrivare ai livelli della Germania, non saremo i parenti poveri dell\u2019Europa che mi chiedo dove sia, ci restituiscono meno soldi di quanto ne diamo. Chiedero\u2019 che va bene aiutare le aziende ma con una clausola obbligatoria: che paghino fornitori e lavoratori, il vero problema di questi due mesi \u00e8 che tutti avanzano soldi da tutti. Il finanziamento deve essere legato al rispetto dei pagamenti<\/p>\n<audio class=\"wp-audio-shortcode\" id=\"audio-128185-3\" preload=\"none\" style=\"width: 100%;\" controls=\"controls\"><source type=\"audio\/mpeg\" src=\"https:\/\/www.radiopiu.net\/wordpress\/wp-content\/uploads\/2020\/04\/ZAIA-AZIENDE-CONTRIBUTI.mp3?_=3\" \/><a href=\"https:\/\/www.radiopiu.net\/wordpress\/wp-content\/uploads\/2020\/04\/ZAIA-AZIENDE-CONTRIBUTI.mp3\">https:\/\/www.radiopiu.net\/wordpress\/wp-content\/uploads\/2020\/04\/ZAIA-AZIENDE-CONTRIBUTI.mp3<\/a><\/audio>\n<p>&nbsp;<\/p>\n<p><strong>IL GOVERNO E LA STAMPA LOCALE<\/strong> Stiamo spingendo e lavorando per questo, vogliamo garantire il pluralismo e riconoscere il lavoro di radio, giornali, televisioni.I presidente sono tutti d\u2019accordo con me \u00e8 doveroso riconoscerlo e ne abbiamo parlato sia a Boccia che al presidente del Consiglio. C\u2019\u00e8 un mondo di lavoratori e giornalisti coinvolti<\/p>\n<audio class=\"wp-audio-shortcode\" id=\"audio-128185-4\" preload=\"none\" style=\"width: 100%;\" controls=\"controls\"><source type=\"audio\/mpeg\" src=\"https:\/\/www.radiopiu.net\/wordpress\/wp-content\/uploads\/2020\/04\/ZAIA-STAMPA.mp3?_=4\" \/><a href=\"https:\/\/www.radiopiu.net\/wordpress\/wp-content\/uploads\/2020\/04\/ZAIA-STAMPA.mp3\">https:\/\/www.radiopiu.net\/wordpress\/wp-content\/uploads\/2020\/04\/ZAIA-STAMPA.mp3<\/a><\/audio>\n<p>&nbsp;<\/p>\n<p><strong>ELEZIONI<\/strong><\/p>\n<p>Da fare il prima possibile, novembre e dicembre \u00e8 una follia. Vuol dire non prendere in considerazione la recrudescenza del virus, rischiamo di non farle pi\u00f9. Se ritorna con la stagione autunnale \u00e8 sbagliatissimo prevedere una sessione autunnale di elezioni.<\/p>\n<audio class=\"wp-audio-shortcode\" id=\"audio-128185-5\" preload=\"none\" style=\"width: 100%;\" controls=\"controls\"><source type=\"audio\/mpeg\" src=\"https:\/\/www.radiopiu.net\/wordpress\/wp-content\/uploads\/2020\/04\/ZAIA-ELEZIONI.mp3?_=5\" \/><a href=\"https:\/\/www.radiopiu.net\/wordpress\/wp-content\/uploads\/2020\/04\/ZAIA-ELEZIONI.mp3\">https:\/\/www.radiopiu.net\/wordpress\/wp-content\/uploads\/2020\/04\/ZAIA-ELEZIONI.mp3<\/a><\/audio>\n<p>&nbsp;<\/p>\n<p><strong>TAMPONI A TUTTI CONTRO INDICAZIONI OMS<\/strong><\/p>\n<p>Molto prima dei contagiati il 31 gennaio \u00e8 stato scritto un piano di sanit\u00e0 pubblica con task force provinciali e regionali, prevedeva che al primo contagio si sarebbe riunita la task force provinciale per isolare i contagiati e tamponare i contatti. Il piano lo ha scritto la dottoressa Francesca Russo capo dipartimento Prevenzione della Regione. Ha depositato il piano e il 21 febbraio con i 2 contagiati a Vo si riunisce la task force di Padova entro le due ore, io ci vado subito, c\u2019erano 10 persone che operano in ambito sanitario anche con il sindaco Giordani e decido anche contro le linee guida del piano di non tamponare solo i contatti dei positivi ma mi metto nei panni di tutti i cittadini di Vo terorizzati e io decido di far parrtire il tampone per tutti e sono stato attaccato. Io ho deciso i tamponi di Vo dopo qualche giorno in quarantena e perimetrato (prima quarantena della storia di un paese con i Comuni di Lodi) ordinanza fermata da me e da Speranza creando l\u2019area rossa a tre giorni dal contagio. Al dodicesimo giorno mi chiama il professor Cristanti e mi dice ho visto la vostra esperienza dei 3000 tamponi ed \u00e8 un dato scientifico che nessuno ha al mondo e abbiamo scoperto 66 positivi asintomatici e 11 in ospedale che se non li trovavamo facevano di Vo\u2019 una bomba. Dopo 15 giorni Cristanti mi chiede di fare un secondo giro di tamponi\u00a0 e i cittadini sono stati eccezionali e ne \u00e8 uscito che i contagiati erano diventati sei, e\u2019 la storia di Vo\u2019 e dei tamponi.<\/p>\n<audio class=\"wp-audio-shortcode\" id=\"audio-128185-6\" preload=\"none\" style=\"width: 100%;\" controls=\"controls\"><source type=\"audio\/mpeg\" src=\"https:\/\/www.radiopiu.net\/wordpress\/wp-content\/uploads\/2020\/04\/ZAIA-TAMPONI-VO.mp3?_=6\" \/><a href=\"https:\/\/www.radiopiu.net\/wordpress\/wp-content\/uploads\/2020\/04\/ZAIA-TAMPONI-VO.mp3\">https:\/\/www.radiopiu.net\/wordpress\/wp-content\/uploads\/2020\/04\/ZAIA-TAMPONI-VO.mp3<\/a><\/audio>\n","protected":false},"excerpt":{"rendered":"<p>DONAZIONI Grazie a tutti, dai top ai pi\u00f9 piccoli. Nei prossimi giorni daremo anche il totale del materiale donato. 5 milioni di euro della Banca d\u2019Italia, siamo oltre i 30 milioni di euro. Huawey ci ha fatto avere 250 tablet e sim per gli ospedali. La fondazione Elios di Bassano ha versato 334 mila euro&hellip;<\/p>\n","protected":false},"author":4,"featured_media":124213,"comment_status":"closed","ping_status":"closed","sticky":false,"template":"","format":"standard","meta":{"_monsterinsights_skip_tracking":false,"_monsterinsights_sitenote_active":false,"_monsterinsights_sitenote_note":"","_monsterinsights_sitenote_category":0,"footnotes":""},"categories":[49],"tags":[],"class_list":["post-128185","post","type-post","status-publish","format-standard","has-post-thumbnail","hentry","category-news-18","category-49","description-off"],"img_url":"https:\/\/www.radiopiu.net\/wordpress\/wp-content\/uploads\/2020\/03\/LUCA-ZAIA.jpg","_links":{"self":[{"href":"https:\/\/www.radiopiu.net\/wordpress\/wp-json\/wp\/v2\/posts\/128185","targetHints":{"allow":["GET"]}}],"collection":[{"href":"https:\/\/www.radiopiu.net\/wordpress\/wp-json\/wp\/v2\/posts"}],"about":[{"href":"https:\/\/www.radiopiu.net\/wordpress\/wp-json\/wp\/v2\/types\/post"}],"author":[{"embeddable":true,"href":"https:\/\/www.radiopiu.net\/wordpress\/wp-json\/wp\/v2\/users\/4"}],"replies":[{"embeddable":true,"href":"https:\/\/www.radiopiu.net\/wordpress\/wp-json\/wp\/v2\/comments?post=128185"}],"version-history":[{"count":0,"href":"https:\/\/www.radiopiu.net\/wordpress\/wp-json\/wp\/v2\/posts\/128185\/revisions"}],"wp:featuredmedia":[{"embeddable":true,"href":"https:\/\/www.radiopiu.net\/wordpress\/wp-json\/wp\/v2\/media\/124213"}],"wp:attachment":[{"href":"https:\/\/www.radiopiu.net\/wordpress\/wp-json\/wp\/v2\/media?parent=128185"}],"wp:term":[{"taxonomy":"category","embeddable":true,"href":"https:\/\/www.radiopiu.net\/wordpress\/wp-json\/wp\/v2\/categories?post=128185"},{"taxonomy":"post_tag","embeddable":true,"href":"https:\/\/www.radiopiu.net\/wordpress\/wp-json\/wp\/v2\/tags?post=128185"}],"curies":[{"name":"wp","href":"https:\/\/api.w.org\/{rel}","templated":true}]}}