{"id":128192,"date":"2020-04-07T14:45:36","date_gmt":"2020-04-07T12:45:36","guid":{"rendered":"https:\/\/www.radiopiu.net\/wordpress\/?p=128192"},"modified":"2020-04-07T14:45:36","modified_gmt":"2020-04-07T12:45:36","slug":"padrin-cortina-2021-sara-il-primo-evento-globale-dopo-la-pandemia","status":"publish","type":"post","link":"https:\/\/www.radiopiu.net\/wordpress\/padrin-cortina-2021-sara-il-primo-evento-globale-dopo-la-pandemia\/","title":{"rendered":"PADRIN: &#8220;CORTINA 2021 SAR\u00c0 IL PRIMO EVENTO GLOBALE DOPO LA PANDEMIA&#8221;"},"content":{"rendered":"<p><strong><a class=\"dt-pswp-item\" href=\"https:\/\/www.radiopiu.net\/wordpress\/wp-content\/uploads\/2018\/03\/Foto-Padrin.jpg\" data-dt-img-description=\"\" data-large_image_width=\"4608\" data-large_image_height=\"3456\"><img loading=\"lazy\" decoding=\"async\" class=\"size-medium wp-image-45284 alignleft\" src=\"https:\/\/www.radiopiu.net\/wordpress\/wp-content\/uploads\/2018\/03\/Foto-Padrin-300x225.jpg\" alt=\"\" width=\"300\" height=\"225\" srcset=\"https:\/\/www.radiopiu.net\/wordpress\/wp-content\/uploads\/2018\/03\/Foto-Padrin-300x225.jpg 300w, https:\/\/www.radiopiu.net\/wordpress\/wp-content\/uploads\/2018\/03\/Foto-Padrin-768x576.jpg 768w, https:\/\/www.radiopiu.net\/wordpress\/wp-content\/uploads\/2018\/03\/Foto-Padrin-1024x768.jpg 1024w\" sizes=\"auto, (max-width: 300px) 100vw, 300px\" \/><\/a>BELLUNO<\/strong>\u00a0\u00ab<em>Dobbiamo tenere acceso il motore economico del nostro territorio, per ripartire con pi\u00f9 forza quando l\u2019emergenza sar\u00e0 passata. E snellire le procedure: non esiste che dopo quattro anni dalla presentazione del piano per Cortina 2021 nessuna delle quattro varianti sia ancora in cantiere<\/em>\u00bb. \u00c8 quanto afferma il presidente della Provincia di Belluno, Roberto Padrin, che prova a guardare oltre l\u2019emergenza sanitaria e a cogliere gi\u00e0 il tema su cui far leva per la ripresa. \u00ab<em>Se riusciamo a ricavare qualcosa di buono da questo stop imposto e dal coronavirus, deve essere la semplificazione delle procedure, dei modi e dei tempi delle opere, soprattutto di quelle infrastrutturali, necessarie a portare il nostro territorio fuori dall\u2019isolamento. Di burocrazia e lungaggini si muore. Vaia insegna: la nostra provincia ha conosciuto la distruzione, ma con la nomina di un commissario e con procedure semplificate, sono partiti velocemente cantieri e ricostruzione, sono stati abbattuti i tempi d\u2019intervento e la provincia di Belluno \u00e8 ripartita nel giro di pochi mesi. Se non avessimo avuto il sistema commissariale, con ogni probabilit\u00e0 staremmo ancora aspettando di riaprire le strade e di togliere i detriti delle frane. Ecco, dovranno necessariamente esserci procedure semplificate anche dopo questa emergenza sanitaria, a cui seguir\u00e0 una vera e propria emergenza economica. E in situazione di emergenza non si possono avere le stesse modalit\u00e0 di intervento delle situazioni normali; penso ad esempio al nuovo ospedale di Milano, realizzato in soli 15 giorni per far fronte al coronavirus; o all\u2019acquedotto di Rocca Pietore, rimesso in funzione in appena 42 giorni dopo Vaia<\/em>\u00bb. \u00ab<em>Non possiamo pi\u00f9 permetterci di perdere quattro anni nei paludamenti delle procedure autorizzative, come sta succedendo sulle opere viarie per Cortina 2021 &#8211; sottolinea il presidente Padrin -. Altrimenti rischiamo uno shock economico e imprenditoriale dal quale non saremo in grado di rialzarci. Rischiamo di non ripartire pi\u00f9 e di vedere desertificata la montagna. Non dimentichiamoci che dobbiamo fare i conti con lo spopolamento, un male che si combatte anche o soprattutto con il lavoro e con i collegamenti<\/em>\u00bb. Il presidente Padrin non nasconde le preoccupazioni per il momento presente. Ma \u00e8 convinto che il territorio abbia un asso nella manica. \u00ab<em>Con lo slittamento in avanti delle Olimpiadi di Tokyo, l\u2019appuntamento mondiale di Cortina 2021 sar\u00e0 il primo grande evento sportivo a livello planetario dopo l\u2019uscita dalla pandemia: la nostra provincia sar\u00e0 al centro del mondo per qualche giorno e abbiamo l\u2019obbligo di farci trovare pronti, perch\u00e9 quel momento rappresenter\u00e0 lo snodo del rilancio economico e turistico della nostra montagna e del nostro territorio; uno snodo che dovr\u00e0 arrivare fino alle Olimpiadi 2026. Ecco perch\u00e9 abbiamo la necessit\u00e0 di creare fin da subito un grande piano di infrastrutturazione e di recupero del patrimonio edilizio esistente. E nel frattempo snellire le procedure. La nomina di un commissario straordinario pu\u00f2 essere la maniera pi\u00f9 semplice per assicurare celerit\u00e0 e insieme rispetto delle norme. Potrebbe benissimo essere di nomina regionale o prefettizia. Quello che conta \u00e8 che si arrivi a superare gli stalli che abbiamo visto finora. Non c\u2019\u00e8 alternativa<\/em>\u00bb. \u00ab<em>I cantieri che fin da ora possono ripartire, o che sono gi\u00e0 ripartiti come i lavori sulla Alemagna all\u2019altezza di Longarone, sono un piccolo grande segnale di normalit\u00e0 a cui tutti aspiriamo &#8211; conclude il presidente Padrin -. So che molti lavoratori e molte imprese vogliono tornare a lavorare, per essere parte attiva alla ripartenza del Paese e del nostro territorio: \u00e8 doveroso e corretto che siano rispettate tutte le misure di sicurezza e tutela per la loro salute. Sono certo che la provincia di Belluno potr\u00e0 essere una delle prima a ripartire, con il contributo di tutti<\/em>\u00bb.<\/p>\n","protected":false},"excerpt":{"rendered":"<p>BELLUNO\u00a0\u00abDobbiamo tenere acceso il motore economico del nostro territorio, per ripartire con pi\u00f9 forza quando l\u2019emergenza sar\u00e0 passata. E snellire le procedure: non esiste che dopo quattro anni dalla presentazione del piano per Cortina 2021 nessuna delle quattro varianti sia ancora in cantiere\u00bb. \u00c8 quanto afferma il presidente della Provincia di Belluno, Roberto Padrin, che&hellip;<\/p>\n","protected":false},"author":4,"featured_media":45284,"comment_status":"closed","ping_status":"closed","sticky":false,"template":"","format":"standard","meta":{"_monsterinsights_skip_tracking":false,"_monsterinsights_sitenote_active":false,"_monsterinsights_sitenote_note":"","_monsterinsights_sitenote_category":0,"footnotes":""},"categories":[49],"tags":[],"class_list":["post-128192","post","type-post","status-publish","format-standard","has-post-thumbnail","hentry","category-news-18","category-49","description-off"],"img_url":"https:\/\/www.radiopiu.net\/wordpress\/wp-content\/uploads\/2018\/03\/Foto-Padrin.jpg","_links":{"self":[{"href":"https:\/\/www.radiopiu.net\/wordpress\/wp-json\/wp\/v2\/posts\/128192","targetHints":{"allow":["GET"]}}],"collection":[{"href":"https:\/\/www.radiopiu.net\/wordpress\/wp-json\/wp\/v2\/posts"}],"about":[{"href":"https:\/\/www.radiopiu.net\/wordpress\/wp-json\/wp\/v2\/types\/post"}],"author":[{"embeddable":true,"href":"https:\/\/www.radiopiu.net\/wordpress\/wp-json\/wp\/v2\/users\/4"}],"replies":[{"embeddable":true,"href":"https:\/\/www.radiopiu.net\/wordpress\/wp-json\/wp\/v2\/comments?post=128192"}],"version-history":[{"count":0,"href":"https:\/\/www.radiopiu.net\/wordpress\/wp-json\/wp\/v2\/posts\/128192\/revisions"}],"wp:featuredmedia":[{"embeddable":true,"href":"https:\/\/www.radiopiu.net\/wordpress\/wp-json\/wp\/v2\/media\/45284"}],"wp:attachment":[{"href":"https:\/\/www.radiopiu.net\/wordpress\/wp-json\/wp\/v2\/media?parent=128192"}],"wp:term":[{"taxonomy":"category","embeddable":true,"href":"https:\/\/www.radiopiu.net\/wordpress\/wp-json\/wp\/v2\/categories?post=128192"},{"taxonomy":"post_tag","embeddable":true,"href":"https:\/\/www.radiopiu.net\/wordpress\/wp-json\/wp\/v2\/tags?post=128192"}],"curies":[{"name":"wp","href":"https:\/\/api.w.org\/{rel}","templated":true}]}}