{"id":128339,"date":"2020-04-07T20:44:00","date_gmt":"2020-04-07T18:44:00","guid":{"rendered":"https:\/\/www.radiopiu.net\/wordpress\/?p=128339"},"modified":"2020-04-08T06:22:33","modified_gmt":"2020-04-08T04:22:33","slug":"da-martedi-prossimo-luxottica-ricomincia-la-produzione-a-ranghi-ridotti","status":"publish","type":"post","link":"https:\/\/www.radiopiu.net\/wordpress\/da-martedi-prossimo-luxottica-ricomincia-la-produzione-a-ranghi-ridotti\/","title":{"rendered":"DA MARTEDI&#8217; PROSSIMO LUXOTTICA RICOMINCIA LA PRODUZIONE A RANGHI RIDOTTI"},"content":{"rendered":"<p><strong><a class=\"dt-pswp-item\" href=\"https:\/\/www.radiopiu.net\/wordpress\/wp-content\/uploads\/2020\/01\/NUOVA-INSEGNA-LUXOTTICA-scaled.jpg\" data-dt-img-description=\"\" data-large_image_width=\"2560\" data-large_image_height=\"1920\"><img loading=\"lazy\" decoding=\"async\" class=\"alignleft wp-image-113444 size-medium\" src=\"https:\/\/www.radiopiu.net\/wordpress\/wp-content\/uploads\/2020\/01\/NUOVA-INSEGNA-LUXOTTICA-300x225.jpg\" alt=\"\" width=\"300\" height=\"225\" srcset=\"https:\/\/www.radiopiu.net\/wordpress\/wp-content\/uploads\/2020\/01\/NUOVA-INSEGNA-LUXOTTICA-300x225.jpg 300w, https:\/\/www.radiopiu.net\/wordpress\/wp-content\/uploads\/2020\/01\/NUOVA-INSEGNA-LUXOTTICA-1024x768.jpg 1024w, https:\/\/www.radiopiu.net\/wordpress\/wp-content\/uploads\/2020\/01\/NUOVA-INSEGNA-LUXOTTICA-768x576.jpg 768w, https:\/\/www.radiopiu.net\/wordpress\/wp-content\/uploads\/2020\/01\/NUOVA-INSEGNA-LUXOTTICA-1536x1152.jpg 1536w, https:\/\/www.radiopiu.net\/wordpress\/wp-content\/uploads\/2020\/01\/NUOVA-INSEGNA-LUXOTTICA-2048x1536.jpg 2048w\" sizes=\"auto, (max-width: 300px) 100vw, 300px\" \/><\/a>AGORDO<\/strong>\u00a0Oggi un incontro tra la direzione Luxottica e le parti sindacali. Dopo un esame della settimana in corso e l\u2019analisi di alcune tematiche emerse trasversalmente a livello territoriale, l\u2019Azienda ha comunicato i piani produttivi validi fino alla fine del mese di Aprile 2020. I suddetti piani, al fine di garantire la produzione in vista della possibile ripartenza del mercato nel periodo Giugno-Agosto, dopo l\u2019effettuazione di tutte le necessarie attivit\u00e0 di sanificazione ed implementazione del Protollo sanitario gi\u00e0 condiviso, prevedono la ripresa produttiva a bassi regimi a partire da marted\u00ec 14 Aprile.\u00a0In particolare per tutti gli stabilimenti di Agordo, Cencenighe, Sedico, Pederobba, Rovereto, Lauriano, Silvi Marina e Citt\u00e0 Sant\u2019Angelo si prevede una percentuale progressiva di presenze indicativa fra il 20% ed il 30%.\u00a0Logistica distributiva, lenti oftalmiche ed after sales (Sedico) continueranno a lavorare sui livelli della settimana in corso.\u00a0Sono, inoltre, previste le consuete attivit\u00e0 di manutenzione e messa in sicurezza degli impianti che verranno garantite in ogni sede.\u00a0Le parti, infine, hanno convenuto che, allo scopo di effettuare le necessarie verifiche a livello locale sulla ripartenza produttiva, verranno convocati come di consueto in ogni sito in ripartenza entro la settimana in corso i comitati di sorveglianza del protocollo sanitario ed entro la fine della prossima settimana (17 Aprile) si proceder\u00e0 a livello di sito alla convocazione della RSU. In pi\u00f9, chi \u00e8 stato assunto dopo il 23 febbraio avr\u00e0 copertura economica dall&#8217;azienda per le giornate di fermo.<\/p>\n<p><strong>L&#8217;ACCORDO\u00a0<\/strong><\/p>\n<div class=\"su-document su-u-responsive-media-yes\"><iframe loading=\"lazy\" src=\"\/\/docs.google.com\/viewer?embedded=true&url=https:\/\/www.radiopiu.net\/wordpress\/wp-content\/uploads\/2020\/04\/accordo-7-aprile-2020.pdf\" width=\"600\" height=\"800\" class=\"su-document\" title=\"prot\"><\/iframe><\/div>\n<p>&nbsp;<\/p>\n","protected":false},"excerpt":{"rendered":"<p>AGORDO\u00a0Oggi un incontro tra la direzione Luxottica e le parti sindacali. Dopo un esame della settimana in corso e l\u2019analisi di alcune tematiche emerse trasversalmente a livello territoriale, l\u2019Azienda ha comunicato i piani produttivi validi fino alla fine del mese di Aprile 2020. I suddetti piani, al fine di garantire la produzione in vista della&hellip;<\/p>\n","protected":false},"author":4,"featured_media":113444,"comment_status":"closed","ping_status":"closed","sticky":false,"template":"","format":"standard","meta":{"_monsterinsights_skip_tracking":false,"_monsterinsights_sitenote_active":false,"_monsterinsights_sitenote_note":"","_monsterinsights_sitenote_category":0,"footnotes":""},"categories":[104,49],"tags":[],"class_list":["post-128339","post","type-post","status-publish","format-standard","has-post-thumbnail","hentry","category-evidenza_3","category-news-18","category-104","category-49","description-off"],"img_url":"https:\/\/www.radiopiu.net\/wordpress\/wp-content\/uploads\/2020\/01\/NUOVA-INSEGNA-LUXOTTICA-scaled.jpg","_links":{"self":[{"href":"https:\/\/www.radiopiu.net\/wordpress\/wp-json\/wp\/v2\/posts\/128339","targetHints":{"allow":["GET"]}}],"collection":[{"href":"https:\/\/www.radiopiu.net\/wordpress\/wp-json\/wp\/v2\/posts"}],"about":[{"href":"https:\/\/www.radiopiu.net\/wordpress\/wp-json\/wp\/v2\/types\/post"}],"author":[{"embeddable":true,"href":"https:\/\/www.radiopiu.net\/wordpress\/wp-json\/wp\/v2\/users\/4"}],"replies":[{"embeddable":true,"href":"https:\/\/www.radiopiu.net\/wordpress\/wp-json\/wp\/v2\/comments?post=128339"}],"version-history":[{"count":0,"href":"https:\/\/www.radiopiu.net\/wordpress\/wp-json\/wp\/v2\/posts\/128339\/revisions"}],"wp:featuredmedia":[{"embeddable":true,"href":"https:\/\/www.radiopiu.net\/wordpress\/wp-json\/wp\/v2\/media\/113444"}],"wp:attachment":[{"href":"https:\/\/www.radiopiu.net\/wordpress\/wp-json\/wp\/v2\/media?parent=128339"}],"wp:term":[{"taxonomy":"category","embeddable":true,"href":"https:\/\/www.radiopiu.net\/wordpress\/wp-json\/wp\/v2\/categories?post=128339"},{"taxonomy":"post_tag","embeddable":true,"href":"https:\/\/www.radiopiu.net\/wordpress\/wp-json\/wp\/v2\/tags?post=128339"}],"curies":[{"name":"wp","href":"https:\/\/api.w.org\/{rel}","templated":true}]}}