{"id":128432,"date":"2020-04-09T05:57:36","date_gmt":"2020-04-09T03:57:36","guid":{"rendered":"https:\/\/www.radiopiu.net\/wordpress\/?p=128432"},"modified":"2020-04-09T10:40:35","modified_gmt":"2020-04-09T08:40:35","slug":"giornale-radiopiu-09-aprile-2020-direttore-mirko-mezzacasa","status":"publish","type":"post","link":"https:\/\/www.radiopiu.net\/wordpress\/giornale-radiopiu-09-aprile-2020-direttore-mirko-mezzacasa\/","title":{"rendered":"GIORNALE RADIOPIU 09 APRILE 2020 DIRETTORE MIRKO MEZZACASA"},"content":{"rendered":"<h3><span style=\"color: #ff0000;\">7.30 ULTIM&#8217;ORA INCENDIO IN VIA RONCHE NEL FELTRINO<\/span><\/h3>\n<p><strong>FELTRE<\/strong> Incendio normale (generico) (Mappa) \u00a0Indicato come Rilevante Data: 09\/04\/2020 06:29:45 Note intervento: casa singola, si arriva con i mezzi<\/p>\n<p>Per visualizzare il luogo del sinistro vai su:\u00a0http:\/\/maps.google.com\/maps?q=46.0506516+11.9506445<\/p>\n<p><a class=\"dt-pswp-item\" href=\"https:\/\/www.radiopiu.net\/wordpress\/wp-content\/uploads\/2020\/04\/7fe092d7-ce0a-4630-bc14-4299dc59aaef.jpg\" data-dt-img-description=\"\" data-large_image_width=\"2048\" data-large_image_height=\"1024\"><img loading=\"lazy\" decoding=\"async\" class=\"alignnone size-large wp-image-128725\" src=\"https:\/\/www.radiopiu.net\/wordpress\/wp-content\/uploads\/2020\/04\/7fe092d7-ce0a-4630-bc14-4299dc59aaef-1024x512.jpg\" alt=\"\" width=\"1024\" height=\"512\" srcset=\"https:\/\/www.radiopiu.net\/wordpress\/wp-content\/uploads\/2020\/04\/7fe092d7-ce0a-4630-bc14-4299dc59aaef-1024x512.jpg 1024w, https:\/\/www.radiopiu.net\/wordpress\/wp-content\/uploads\/2020\/04\/7fe092d7-ce0a-4630-bc14-4299dc59aaef-300x150.jpg 300w, https:\/\/www.radiopiu.net\/wordpress\/wp-content\/uploads\/2020\/04\/7fe092d7-ce0a-4630-bc14-4299dc59aaef-768x384.jpg 768w, https:\/\/www.radiopiu.net\/wordpress\/wp-content\/uploads\/2020\/04\/7fe092d7-ce0a-4630-bc14-4299dc59aaef-1536x768.jpg 1536w, https:\/\/www.radiopiu.net\/wordpress\/wp-content\/uploads\/2020\/04\/7fe092d7-ce0a-4630-bc14-4299dc59aaef.jpg 2048w\" sizes=\"auto, (max-width: 1024px) 100vw, 1024px\" \/><\/a><\/p>\n<p>&nbsp;<\/p>\n<p>&nbsp;<\/p>\n<p>&nbsp;<\/p>\n<p>&nbsp;<\/p>\n<h3><\/h3>\n<h3><strong>PER RICEVERE QUESTO NOTIZIARIO DIRETTAMENTE SUL TUO CELLULARE ISCRIVITI AL CANALE TELEGRAM\u00a0<\/strong><strong>\u201cRADIO PIU\u00a0 INFORMAZIONE\u201d<\/strong><\/h3>\n<hr \/>\n<p><span style=\"color: #ff0000;\">STAI A CASA&#8230; CHE NESSUNO INCONTRI NESSUNO!\u00a0<\/span><\/p>\n<hr \/>\n<blockquote>\n<h3>LA FOTO DEL GIORNO, DI CATERINA MOLIN<\/h3>\n<\/blockquote>\n<p><strong>SANTOS TATTOO<\/strong><\/p>\n<p><a class=\"dt-pswp-item\" href=\"https:\/\/www.radiopiu.net\/wordpress\/wp-content\/uploads\/2020\/04\/92099ef0-9e60-484d-aba4-756a241e887b.jpg\" data-dt-img-description=\"\" data-large_image_width=\"1200\" data-large_image_height=\"1600\"><img loading=\"lazy\" decoding=\"async\" class=\"alignnone wp-image-128694\" src=\"https:\/\/www.radiopiu.net\/wordpress\/wp-content\/uploads\/2020\/04\/92099ef0-9e60-484d-aba4-756a241e887b-768x1024.jpg\" alt=\"\" width=\"294\" height=\"392\" srcset=\"https:\/\/www.radiopiu.net\/wordpress\/wp-content\/uploads\/2020\/04\/92099ef0-9e60-484d-aba4-756a241e887b-768x1024.jpg 768w, https:\/\/www.radiopiu.net\/wordpress\/wp-content\/uploads\/2020\/04\/92099ef0-9e60-484d-aba4-756a241e887b-225x300.jpg 225w, https:\/\/www.radiopiu.net\/wordpress\/wp-content\/uploads\/2020\/04\/92099ef0-9e60-484d-aba4-756a241e887b-1152x1536.jpg 1152w, https:\/\/www.radiopiu.net\/wordpress\/wp-content\/uploads\/2020\/04\/92099ef0-9e60-484d-aba4-756a241e887b.jpg 1200w\" sizes=\"auto, (max-width: 294px) 100vw, 294px\" \/><\/a><\/p>\n<p>&nbsp;<\/p>\n<hr \/>\n<p>&nbsp;<\/p>\n<p>&nbsp;<\/p>\n<div class=\"page-title-head hgroup\">\n<blockquote>\n<h3 class=\"entry-title\">TERREMOTO A CLAUT, MAGNITUDO 2,9<\/h3>\n<\/blockquote>\n<\/div>\n<div class=\"page-title-breadcrumbs\"><a class=\"dt-pswp-item\" href=\"https:\/\/www.radiopiu.net\/wordpress\/wp-content\/uploads\/2020\/03\/download-44.jpg\" data-dt-img-description=\"\" data-large_image_width=\"276\" data-large_image_height=\"183\"><img loading=\"lazy\" decoding=\"async\" class=\" wp-image-124960 alignleft\" src=\"https:\/\/www.radiopiu.net\/wordpress\/wp-content\/uploads\/2020\/03\/download-44.jpg\" alt=\"\" width=\"136\" height=\"90\" \/><\/a><strong>CLAUT<\/strong> Un terremoto di magnitudo 2.9 \u00e8 stato avvertito nella zona di Claut in provincia di Pordenone oggi alle 17.10. Epicentro a 5 km\u00a0 dal centro del paese \u00a0con coordinate geografiche (lat, lon) 46.23, 12.48 ad una profondit\u00e0 di 10 km.Il terremoto \u00e8 stato localizzato dalla Sala Sismica INGV-Roma.Sulla cartina l&#8217;Istituto Nazionale di Geofisica e Vulcanologia localizza l&#8217;epicentro nei pressi della strada regionale 251 tra Col Martin (970 metri) e il Monte Provagna (1697 metri), ancora pi\u00f9 precisamente nei pressi di Contron<\/div>\n<div><\/div>\n<div><\/div>\n<div><\/div>\n<div><\/div>\n<div><\/div>\n<div><\/div>\n<div>\n<hr \/>\n<\/div>\n<div>\n<p><strong><img loading=\"lazy\" decoding=\"async\" class=\"alignleft\" src=\"https:\/\/www.radiopiu.net\/wordpress\/wp-content\/uploads\/2019\/11\/1895-2019-movimento-franoso-in-Val-Fiorentina_3.jpg\" width=\"241\" height=\"181\" \/>SELVA DI CADORE<\/strong> Ultimo sforzo, da marted\u00ec e per due mesi chiude la strada provinciale della Val Fiorentina per permettere l&#8217;ultima parte dei lavori. I disagi ci saranno, ma poi la Val Fiorentina avr\u00e0 una strada degna di questo nome. Un segnale positivo e di ripresa<\/p>\n<h3><\/h3>\n<h3>AI MICROFONI DI RADIO PIU&#8217; IL SINDACO SILVIA CESTARO<\/h3>\n<\/div>\n<p>&nbsp;<\/p>\n<audio class=\"wp-audio-shortcode\" id=\"audio-128432-1\" preload=\"none\" style=\"width: 100%;\" controls=\"controls\"><source type=\"audio\/mpeg\" src=\"https:\/\/www.radiopiu.net\/wordpress\/wp-content\/uploads\/2020\/04\/SILVIA-CESTARO.mp3?_=1\" \/><a href=\"https:\/\/www.radiopiu.net\/wordpress\/wp-content\/uploads\/2020\/04\/SILVIA-CESTARO.mp3\">https:\/\/www.radiopiu.net\/wordpress\/wp-content\/uploads\/2020\/04\/SILVIA-CESTARO.mp3<\/a><\/audio>\n<p>&nbsp;<\/p>\n<p>&nbsp;<\/p>\n<p>&nbsp;<\/p>\n<p>&nbsp;<\/p>\n<div><\/div>\n<div>\n<hr \/>\n<\/div>\n<p>I casi totali in Italia sono 139.422, le persone attualmente positive\u00a095.262, i\u00a0decessi totali 17.669. Record di guariti:\u00a02.099 in un giorno; \u2022 Boris Johnson stabile, il premier britannico ha trascorso la seconda notte in terapia intensiva; \u2022 Industrie del nord Italia: <em>&#8220;Ripartiamo presto o il motore del paese si spegne definitivamente&#8221;<\/em>; \u2022 Superati i 1.500.000 contagi da coronavirus nel mondo, Usa in testa con infetti che sfiorano i 425mila.<\/p>\n<p>&nbsp;<\/p>\n<blockquote>\n<h3><span style=\"color: #339966;\">NELLE CASE DI RIPOSO DEL VENETO<\/span> UN TERZO DEGLI OSPITI E&#8217; POSITIVO <span style=\"color: #ff0000;\">COSI&#8217; COME IL 10% DEL PERSONALE<\/span><\/h3>\n<\/blockquote>\n<p><em>Luxottica pronta a ripartire, l&#8217;accordo firmato con i sindacati prevede il rientro da martedi a ranghi ridotti (dal 20 al 30 per cento degli operai cio\u00e8 al lavoro uno su cinque). Nel fine settimana tutte le strade saranno presidiate dalla Forze di Polizia per stanare i furbetti delle seconde case, saranno accese tutte le telecamere leggi targa disponibili sul territorio, da Fortogna all&#8217;Alto Agordino.\u00a0<\/em><\/p>\n<p><span style=\"color: #008000;\">di Mirko<\/span> Mezz<span style=\"color: #ff0000;\">acasa<\/span><\/p>\n<p><a class=\"dt-pswp-item\" href=\"https:\/\/www.radiopiu.net\/wordpress\/wp-content\/uploads\/2020\/04\/d1d1083c-644d-48bf-b87c-e752e4098a26.jpg\" data-dt-img-description=\"\" data-large_image_width=\"1200\" data-large_image_height=\"1599\"><img loading=\"lazy\" decoding=\"async\" class=\"wp-image-128693 alignleft\" src=\"https:\/\/www.radiopiu.net\/wordpress\/wp-content\/uploads\/2020\/04\/d1d1083c-644d-48bf-b87c-e752e4098a26-768x1024.jpg\" alt=\"\" width=\"178\" height=\"237\" srcset=\"https:\/\/www.radiopiu.net\/wordpress\/wp-content\/uploads\/2020\/04\/d1d1083c-644d-48bf-b87c-e752e4098a26-768x1023.jpg 768w, https:\/\/www.radiopiu.net\/wordpress\/wp-content\/uploads\/2020\/04\/d1d1083c-644d-48bf-b87c-e752e4098a26-225x300.jpg 225w, https:\/\/www.radiopiu.net\/wordpress\/wp-content\/uploads\/2020\/04\/d1d1083c-644d-48bf-b87c-e752e4098a26-1153x1536.jpg 1153w, https:\/\/www.radiopiu.net\/wordpress\/wp-content\/uploads\/2020\/04\/d1d1083c-644d-48bf-b87c-e752e4098a26.jpg 1200w\" sizes=\"auto, (max-width: 178px) 100vw, 178px\" \/><\/a>Perch\u00e9 non si spenga definitivamente il motore del Paese \u00e8 necessario ripartire. Lo dicono le associazioni industriali del Nordest in pressing sul Governo perch\u00e9 vari al pi\u00f9 presto il piano per le riaperture. Ma gli scienziati non cambiano idea, per loro la fretta potrebbe portare a nuove ricadute. Nel fine settimana saranno prese le decisioni, le immancabili voci di corridoio preannunciano un piano di aperture mirato. La ripartenza avverr\u00e0 dalla zone a minore rischio e per determinate attivit\u00e0. Saranno quindi identificate tre fasce a seconda del rischio, nessuna data \u00e8 ancora certa per il pronti e via, forse ci vorranno ancora una decina di giorni cio\u00e8 la ripresa a forza piena dovrebbe iniziare a maggio. Il Governo si mette di traverso e boccia l&#8217;idea della patente di immunit\u00e0 tanto cara ad esempio al Veneto. Al Ministero della salute l&#8217;idea non piace, piuttosto guarda ad un certificato per i pi\u00f9 vulnerabili da proteggere. A maggio sar\u00e0 varato un progetto per scannerizzare il paese che servir\u00e0 per confermare i numeri di positivi concreti che potrebbe essere diverso da quello ufficiale. In Veneto non c&#8217;\u00e8 nessun piano per la riapertura, la fase 2 inizier\u00e0 solo quando lo dir\u00e0 il Governo con le condizioni che detter\u00e0 Roma. Luca Zaia vorrebbe una riapertura scaglionata e sempre con la benedizione del comitato scientifico e soprattutto che si evitino ricadute. I dati:\u00a0 389 positivi in pi\u00f9 nelle ultime 12 ore, diminuiscono i ricoveri non critici e quelli in terapia intensiva. I contagiati dall&#8217;inizio dell&#8217;epidemia in regione sono 12.410, attualmente positivi sono 10.170. I deceduti sono in totale 736, di cui negli ospedali 666, 10 in pi\u00f9 nelle ultime 12 ore. In isolamento vi sono 18.886 persone. I ricoverati in area non critica sono 1.554, 4 in meno di ieri, e in terapia intensiva 285 (-4); i dimessi sono 1.349. Infine, nelle strutture di comunit\u00e0 vi sono 149 pazienti (+1), mentre sono stati 34 i dimessi e 9 i decessi. 81 i nuovi nati. <em>&#8220;Mi chiedono cosa accadr\u00e0 il 13 aprile &#8211; ha detto Zaia &#8211; dipende da quello che decider\u00e0 il Governo \u00a0non dipende dalla Regione. Abbiamo un piano pronto di monitoraggio e accompagnamento delle imprese che prevede innanzitutto la messa in sicurezza dei lavoratori&#8221;.<\/em> Continua a spron battuto la campagna tamponi a ieri il totale ha superato i 162.000, i casi attualmente positivi sono 10.299 (54 persone in pi\u00f9 in 24 ore). Calano i ricoverati in terapia intensiva da un paio di giorni scesi sotto i trecento, ieri erano 277 cio\u00e8 12 in meno del giorno prima. Il numero che non cala \u00e8 quello dei decessi, ieri altri 28 morti, 19 in ospedale\u00a0 e altri 9 nelle case di riposo che portano il totale da inizio pandemia a 750. Non muoiono solo gli anziani, nella fascia \u00a045-55 sono 8 le persone morte, dai 55 ai 64 sono 33, dai 65 ai 74 sono 101 persone, oltre 594 morti non muoiono solo gli ottantenni tutte le fasce di et\u00e0 sono colpite anche se l&#8217;et\u00e0 media \u00e8 82 anni. La bella storia \u00e8 quella di Giorgia Tommaso e Giacomo Mastellotto di Spresiano che hanno rotto il salvadanaio inviando alla Regione 375 euro in una Regione da oltre 29 mila donazioni per un importo superiore ai 30 milioni di euro. Che ha emozionato il Presidente la canzone che gira in rete sulla melodia l&#8217;Italiano di Toto Cutugno. Che lo ha fatta arrabbiare \u00e8 invece l&#8217;ennesima truffa <em>&#8220;Qualche lazzarone c&#8217;\u00e8 sempre in giro&#8221;<\/em> ha detto Zaia riferendosi a coloro che girerebbero per le case raccogliendo soldi per la Regione che al contrario non ha mai incaricato nessuno di raccogliere denaro porta a porta. Ieri sono stati resi noti i dati ufficiali per le Case di riposo. Sono stati tamponati anziani e operatori di 183 strutture su 360, il 18 per cento degli anziani \u00e8 risultato positivo cos\u00ec come il 10 per cento del personale. Il numero dei nonni tamponati sale a 8490 (37%), di questi 1508 sono risultati positivi (17,7%) e 143 ricoverati (1,68%). Sottoposti a tampone 9490 dipendenti (45%), di loro 805 sono risultati positivi (8,48%), il trevigiano ha il triste record dei positivi: 179 su 1490 tamponati cio\u00e8 poco inferiore al 10%. Con 140 decessi nella case di riposo in Veneto il tasso di letalit\u00e0 (9%)\u00a0 \u00e8 di gran lunga superiore alla media nazionale (6%). Nel piano di controllo presentato ieri dall&#8217;assessore Manuela Lanzarin rientrano anche i centri diurni per disabili (che non si sa quando riapriranno) e le strutture per disabili dove i tamponi saranno fatti al termine della campagna negli ospedali e case di riposo<em>. &#8220;Ci vuole una capacit\u00e0 di fare test che non e&#8217; indifferente. Prima c&#8217;e&#8217; la sanit\u00e0 e non sono tutti tamponati e poi ci sono tutti i malati in ospedale e quelli a casa. Chi non ha il tampone oggi \u00e8 perch\u00e8 ci sono problemi operativi. Ora ci sar\u00e0 un&#8217;altra ondata di tamponi. Nelle Marche si chiedono come facciamo fare tanti tamponi che loro non ci riescono&#8221;.<\/em> \u00e8 stato detto ieri in conferenza stampa. In Provincia il premio &#8220;de coccio&#8221; viene assegnato a madre e figlia dell&#8217;Alpago fermate ieri a Polpet di Ponte nelle Alpi dai Carabinieri Forestali riscontrate positive al tampone non in una bens\u00ec in due occasioni. La donna \u00e8 stata segnalata per le violazioni, rischia una pesante sanzione fino a 5000 euro ma anche di essere indagata per epidemia colposa, nessuna colpa invece per la figlia minorenne. A Feltre nervosa discussione in panificio, una cliente ha rifiutato di indossare guanti e mascherina nonostante fossero forniti dai titolari del locale e chi era in coda ha alzato la voce minacciando anche di far intervenire i Carabinieri, alla fine la donna ha rispettato le regole.\u00a0 Negli ospedali si continua invece a morire, due decessi anche ieri all&#8217;Ospedale San Martino ci hanno lasciato Bruno Melchioretto 81 anni di Lamon e Vittoria Frescura 77 anni di Domegge.\u00a0 Con i due decessi di ieri il bilancio si fa sempre pi\u00f9 pesante, sono 30 le vittime del covid decedute in ospedale, 21 al San Martino di Belluno, 5 a Feltre, 3 nell\u2019ospedale di Comunit\u00e0 a Belluno e 1 ad Agordo. Contando anche le vittime delle case di riposo il totale dei decessi in provincia dal 21 febbraio \u00e8 37. Rallentamento dei contagi ieri &#8220;solo&#8221; 10 casi nelle 24 ore. A Feltre 4 pazienti\u00a0 hanno lasciato il letto d\u2019area critica (4 i ricoverati), stabili i pazienti al San Martino di Belluno (40) e anche in terapia intensiva (9). Un paziente in pi\u00f9 nell\u2019ospedale di comunit\u00e0 di Belluno (14) e sempre 13 ad Agordo. Superati i 10 mila tamponi nella Ulss1 Dolomiti (ieri + 399). Persone residenti in Ulss Dolomiti in isolamento domiciliare fiduciario e sorveglianza attiva 1120 persone (+ 25 rispetto a lunedi). A Belluno il\u00a0 presidente provinciale e regionale di Usarci Franco Roccon chiede al Prefetto di intervenire con una deroga per riaprire i piccoli negozi di vicinato, una cinquantina, chiusi nel 2019 affinch\u00e9 possano riaprire per dare un servizio al paese avendo ancora a disposizione gli immobili con relative scaffalature. L&#8217;obiettivo: che il Governo intervenga rilasciando licenze provvisorie in deroga fino a dicembre.<\/p>\n<p>&nbsp;<\/p>\n<hr \/>\n<p>&nbsp;<\/p>\n<h2><span style=\"color: #ff0000;\">L&#8217;INTERVENTO\u00a0<\/span><\/h2>\n<blockquote>\n<h2><a class=\"dt-pswp-item\" href=\"https:\/\/www.radiopiu.net\/wordpress\/wp-content\/uploads\/2018\/06\/depositphotos_47520511-stock-photo-radiologist-exam.jpg\" data-dt-img-description=\"\" data-large_image_width=\"1022\" data-large_image_height=\"497\"><img loading=\"lazy\" decoding=\"async\" class=\"wp-image-50636 alignleft\" src=\"https:\/\/www.radiopiu.net\/wordpress\/wp-content\/uploads\/2018\/06\/depositphotos_47520511-stock-photo-radiologist-exam.jpg\" alt=\"\" width=\"184\" height=\"89\" srcset=\"https:\/\/www.radiopiu.net\/wordpress\/wp-content\/uploads\/2018\/06\/depositphotos_47520511-stock-photo-radiologist-exam.jpg 1022w, https:\/\/www.radiopiu.net\/wordpress\/wp-content\/uploads\/2018\/06\/depositphotos_47520511-stock-photo-radiologist-exam-300x146.jpg 300w, https:\/\/www.radiopiu.net\/wordpress\/wp-content\/uploads\/2018\/06\/depositphotos_47520511-stock-photo-radiologist-exam-768x373.jpg 768w\" sizes=\"auto, (max-width: 184px) 100vw, 184px\" \/><\/a><\/h2>\n<h2>SOSPESA L&#8217;INDENNITA&#8217; DI RISCHIO RADIOLOGICO. LA FP CGIL ANNUNCIA BATTAGLIA<\/h2>\n<\/blockquote>\n<p><strong>BELLUNO<\/strong><\/p>\n<p><strong>ANDREA FIOCCO<\/strong><\/p>\n<audio class=\"wp-audio-shortcode\" id=\"audio-128432-2\" preload=\"none\" style=\"width: 100%;\" controls=\"controls\"><source type=\"audio\/mpeg\" src=\"https:\/\/www.radiopiu.net\/wordpress\/wp-content\/uploads\/2020\/04\/fiocccoooooo.mp3?_=2\" \/><a href=\"https:\/\/www.radiopiu.net\/wordpress\/wp-content\/uploads\/2020\/04\/fiocccoooooo.mp3\">https:\/\/www.radiopiu.net\/wordpress\/wp-content\/uploads\/2020\/04\/fiocccoooooo.mp3<\/a><\/audio>\n<p>&nbsp;<\/p>\n<p>&nbsp;<\/p>\n<div class=\"page-title-head hgroup\">\n<hr \/>\n<p>&nbsp;<\/p>\n<blockquote>\n<h3 class=\"entry-title\">CORONAVIRUS, ALTRI DUE DECESSI A BELLUNO<\/h3>\n<\/blockquote>\n<\/div>\n<div class=\"page-title-breadcrumbs\">\n<p><strong>BELLUNO<\/strong> Due l&#8217;altro ieri, altrettanti ieri. Un uomo di 81 anni ricoverato in Pneumologia a Belluno (area Covid) ed una donna di 77 anni degente in terapia intensiva sono morti. Ne da notizia la ulss 1. Come di consueto sono in corso gli accertamenti per stabilire le cause dei decessi da parte dell\u2019Istituto Superiore di Sanit\u00e0. La Direzione Generale porge le condoglianze alle famiglie.<\/p>\n<p>Con i due decessi di oggi il bilancio si fa sempre pi\u00f9 pesante, sono 31 le vittime del covid decedute in ospedale, 21 al San Martino di Belluno, 6 a Feltre, 3 nell\u2019ospedale di Comunit\u00e0 a Belluno e 1 ad Agordo.<\/p>\n<\/div>\n<div class=\"sharedaddy sd-sharing-enabled\"><\/div>\n<div>\n<hr \/>\n<\/div>\n<p>&nbsp;<\/p>\n<p>&nbsp;<\/p>\n<div class=\"page-title-head hgroup\">\n<blockquote>\n<h3 class=\"entry-title\">INCIDENTE SUL LAVORO A SANTA GIUSTINA<\/h3>\n<\/blockquote>\n<\/div>\n<div class=\"page-title-breadcrumbs\">\n<h3><strong><a class=\"dt-pswp-item\" href=\"https:\/\/www.radiopiu.net\/wordpress\/wp-content\/uploads\/2020\/04\/AASDASDASDASDASDASDASDA.jpg\" data-dt-img-description=\"\" data-large_image_width=\"1280\" data-large_image_height=\"874\"><img loading=\"lazy\" decoding=\"async\" class=\"wp-image-128703 alignleft\" src=\"https:\/\/www.radiopiu.net\/wordpress\/wp-content\/uploads\/2020\/04\/AASDASDASDASDASDASDASDA-1024x699.jpg\" alt=\"\" width=\"233\" height=\"159\" srcset=\"https:\/\/www.radiopiu.net\/wordpress\/wp-content\/uploads\/2020\/04\/AASDASDASDASDASDASDASDA-1024x699.jpg 1024w, https:\/\/www.radiopiu.net\/wordpress\/wp-content\/uploads\/2020\/04\/AASDASDASDASDASDASDASDA-300x205.jpg 300w, https:\/\/www.radiopiu.net\/wordpress\/wp-content\/uploads\/2020\/04\/AASDASDASDASDASDASDASDA-768x524.jpg 768w, https:\/\/www.radiopiu.net\/wordpress\/wp-content\/uploads\/2020\/04\/AASDASDASDASDASDASDASDA.jpg 1280w\" sizes=\"auto, (max-width: 233px) 100vw, 233px\" \/><\/a><\/strong><\/h3>\n<p><strong>SANTA GIUSTINA<\/strong> Nel pomeriggio di ieri\u00a0 in frazione Salmenega lungo la statale 50 del Grappa\u00a0 all\u2019interno di un appezzamento di terreno ad uso agricolo dell\u2019 azienda\u00a0 \u201cLe rive\u201d di Vidor (Treviso) si \u00e8 verificato un incidente sul lavoro.\u00a0 A.Z., 29 anni\u00a0 residente nel trevigiano dipendente dell\u2019azienda \u00e8 stato colpito al piede dall\u2019escavatore azionato da un secondo dipendente. L\u2019uomo \u00e8 stato portato in ospedale con le dita fratturate, 40 i giorni di prognosi. Sul posto Spisal e Carabinieri.<\/p>\n<\/div>\n<div><\/div>\n<div><\/div>\n<div><\/div>\n<div><\/div>\n<div>\n<hr \/>\n<\/div>\n<p>&nbsp;<\/p>\n<p>&nbsp;<\/p>\n<div class=\"page-title-head hgroup\">\n<blockquote>\n<h3 class=\"entry-title\">IN STRADA CON IL CORONAVIRUS, MADRE E FIGLIA POSITIVE AL TAMPONE<\/h3>\n<\/blockquote>\n<\/div>\n<div class=\"page-title-breadcrumbs\"><strong class=\"photoswipe-wrapper\"><img loading=\"lazy\" decoding=\"async\" class=\"size-medium wp-image-45784 alignleft jetpack-lazy-image jetpack-lazy-image--handled\" src=\"https:\/\/i2.wp.com\/www.radiopiu.net\/wordpress\/wp-content\/uploads\/2018\/03\/CARA-4.jpg?resize=300%2C225&amp;ssl=1\" sizes=\"auto, (max-width: 300px) 100vw, 300px\" srcset=\"https:\/\/i2.wp.com\/www.radiopiu.net\/wordpress\/wp-content\/uploads\/2018\/03\/CARA-4.jpg?resize=300%2C225&amp;ssl=1 300w, https:\/\/i2.wp.com\/www.radiopiu.net\/wordpress\/wp-content\/uploads\/2018\/03\/CARA-4.jpg?resize=768%2C576&amp;ssl=1 768w, https:\/\/i2.wp.com\/www.radiopiu.net\/wordpress\/wp-content\/uploads\/2018\/03\/CARA-4.jpg?resize=1024%2C768&amp;ssl=1 1024w, https:\/\/i2.wp.com\/www.radiopiu.net\/wordpress\/wp-content\/uploads\/2018\/03\/CARA-4.jpg?w=1600&amp;ssl=1 1600w\" alt=\"\" width=\"300\" height=\"225\" data-recalc-dims=\"1\" data-lazy-loaded=\"1\" \/>BELLUNO<\/strong> Nella giornata di marted\u00ec i militari della stazione dei Carabinieri Forestali di Belluno, durante il servizio di controllo, in localit\u00e0 Polpet di Ponte Nelle Alpi hanno controllato un\u2019autovettura con all\u2019interno padre, madre e figlia minore che si trovavano in quel luogo senza motivazione. Nel corso degli accertamenti e dal controllo della banca dati, madre e figlia dell\u2019Alpago risultavano registrate come positive al Coronavirus e in attesa di nuovo tampone. Nessuna informazione a riguardo era stata fornita ai militari quindi si \u00e8 proceduto<span class=\"Apple-converted-space\">\u00a0con\u00a0<\/span>gli accertamenti telefonici presso l\u2019Ospedale San Martino di Belluno. Nella mattinata di ieri il risultato dei tamponi alle due donne che sono risultati positivi. L\u2019ipotesi di reato nei confronti della signora prevede la pena dell\u2019arresto da 3 a 18 mesi e l\u2019ammenda da 500 a 5000 euro.<\/div>\n<div><\/div>\n<div><\/div>\n<div><\/div>\n<div><\/div>\n<div><\/div>\n<div><\/div>\n<div><\/div>\n<div><\/div>\n<div>\n<hr \/>\n<\/div>\n<p>&nbsp;<\/p>\n<p>&nbsp;<\/p>\n<p>&nbsp;<\/p>\n<blockquote class=\"wp-embedded-content\" data-secret=\"AzmlGAAl5u\"><p><a href=\"https:\/\/www.radiopiu.net\/wordpress\/in-calo-i-ricoveri-in-aumento-i-positivi-proporzionalmente-ai-tamponi-effettuati-e-19-decessi\/\">IN CALO I RICOVERI, IN AUMENTO I POSITIVI (PROPORZIONALMENTE AI TAMPONI EFFETTUATI) E 19 DECESSI<\/a><\/p><\/blockquote>\n<p><iframe loading=\"lazy\" title=\"&#8220;IN CALO I RICOVERI, IN AUMENTO I POSITIVI (PROPORZIONALMENTE AI TAMPONI EFFETTUATI) E 19 DECESSI&#8221; &#8212; Radio Pi\u00f9\" class=\"wp-embedded-content\" sandbox=\"allow-scripts\" security=\"restricted\" style=\"position: absolute; clip: rect(1px, 1px, 1px, 1px);\" src=\"https:\/\/www.radiopiu.net\/wordpress\/in-calo-i-ricoveri-in-aumento-i-positivi-proporzionalmente-ai-tamponi-effettuati-e-19-decessi\/embed\/#?secret=AzmlGAAl5u\" data-secret=\"AzmlGAAl5u\" width=\"600\" height=\"338\" frameborder=\"0\" marginwidth=\"0\" marginheight=\"0\" scrolling=\"no\"><\/iframe><\/p>\n<p>&nbsp;<\/p>\n<p>&nbsp;<\/p>\n<hr \/>\n<p>&nbsp;<\/p>\n<blockquote>\n<h3>AGGIORNAMENTO ULSS 1: 25 PERSONE IN PIU&#8217; IN ISOLAMENTO DOMICILIARE, 399 I TAMPONI OGGI<\/h3>\n<\/blockquote>\n<p><strong>BELLUNO<\/strong>\u00a0GLI AGGIORNAMENTI DALLA ULSS 1 DOLOMITI<\/p>\n<p><strong>SORVEGLIANZA SANITARIA COVID-19<\/strong> Numero totale tamponi effettuati per ricerca nCoV al 8 aprile 2020: <b>10.066 (+ 399). <\/b>Persone residenti in Ulss Dolomiti in isolamento domiciliare fiduciario e sorveglianza attiva al 8 aprile 2020: <b>1120 (+ 25 rispetto ieri) <\/b>Alcuni tamponi sono stati effettuati pi\u00f9 volte sulle stesse persone<\/p>\n<p><strong>OSPEDALE DI BELLUNO<\/strong>\u00a0Installate altre 3 tende della Protezione Civile al Blocco F per il percorso dedicato ai sospetti COVID,\u00a0Attivato il Punto Medico Avanzato. Le degenze di MEDICINA E ONCOLOGIA sono state collocate al 2\u00b0piano del Blocco chirurgico,\u00a0le degenze della PNEUMOLOGIA e GERIATRIA sono state collocate al 3\u00b0 piano del Blocco Chirurgico (lato EST)<span class=\"Apple-converted-space\">\u00a0,\u00a0<\/span>le degenze di CHIRURGIA, NEFROLOGIA e UROLOGIA sono state compattate al 3\u00b0 piano del Blocco Chirurgico<span class=\"Apple-converted-space\">\u00a0,\u00a0<\/span>le degenze di NEUROLOGIA sono state spostate al 2\u00b0 piano del Blocco Medico. Le aree per sospetti COVID e pazienti COVID a bassa intensit\u00e0 sono collocate al 3\u00b0 e 4\u00b0piano del Blocco Medico,<span class=\"s2\">Sono stati attivati ulteriori 18 posti letto per pazienti COVID a bassa intensit\u00e0 al 3\u00b0 piano del blocco medico per un totale di 34 posti letto. I posti letto di media intensit\u00e0 sono 12 a Malattie infettive e 16 a Pneumologia COVID .\u00a0<\/span>il contenitore della Terapia Intensiva (9 posti letto) \u00e8 stato allargato anche al gruppo operatorio di Belluno dove al momento sono stati attivati ulteriori 4 posti letto di terapia intensiva dedicati a eventuali pazienti covid positivi. I pazienti in arrivo dal 118 che dovessero necessitare di ricoveri urgenti in terapia intensiva COVID negativi saranno centralizzati alla Rianimazione di Feltre. Sono temporaneamente SOSPESI i ricoveri in Geriatria NON COVID visto l\u2019impegno dei medici della Geriatria nell\u2019area Covid. I ricoveri gi\u00e0 destinati a questa area degenziale, saranno assegnati secondo criterio di patologia prevalente alle degenze di Cardiologia, Pneumologia, Medicina di Belluno o di Pieve .<\/p>\n<p><b>OSPEDALE DI AGORDO<\/b>\u00a0attivata attivit\u00e0 di ricovero per pazienti COVID positivi a bassa intensit\u00e0 di cura \u2013 modello ospedale di comunit\u00e0;<\/p>\n<p><b>OSPEDALE DI PIEVE DI CADORE\u00a0<\/b>\u00e8 attivo un filtro all\u2019ingresso per il controllo degli accessi grazie al personale della Protezione Civile, attivata un\u2019area per sospetti COVID al 2\u00b0 piano<\/p>\n<p><b>OSPEDALE DI FELTRE <\/b><span class=\"s2\">Il reparto di PNEUMOLOGIA \u00e8 stato trasferito al 6\u00b0 piano del Padiglione Dalla Palma. <\/span><span class=\"s2\">Il reparto di GERIATRIA \u00e8 rientrato al 5\u00b0 piano del Padiglione Dalla Palma, <\/span><span class=\"s2\">l\u2019area di degenza dedicata ai casi positivi Covid-19 \u00e8 al4\u00b0 Piano del Padiglione Dalla Palma.<\/span><\/p>\n<p><a class=\"dt-pswp-item\" href=\"https:\/\/www.radiopiu.net\/wordpress\/wp-content\/uploads\/2020\/04\/Schermata-2020-04-08-alle-18.56.47.png\" data-dt-img-description=\"\" data-large_image_width=\"1358\" data-large_image_height=\"1618\"><img loading=\"lazy\" decoding=\"async\" class=\"alignnone wp-image-128610\" src=\"https:\/\/www.radiopiu.net\/wordpress\/wp-content\/uploads\/2020\/04\/Schermata-2020-04-08-alle-18.56.47-859x1024.png\" alt=\"\" width=\"399\" height=\"476\" srcset=\"https:\/\/www.radiopiu.net\/wordpress\/wp-content\/uploads\/2020\/04\/Schermata-2020-04-08-alle-18.56.47-859x1024.png 859w, https:\/\/www.radiopiu.net\/wordpress\/wp-content\/uploads\/2020\/04\/Schermata-2020-04-08-alle-18.56.47-252x300.png 252w, https:\/\/www.radiopiu.net\/wordpress\/wp-content\/uploads\/2020\/04\/Schermata-2020-04-08-alle-18.56.47-768x915.png 768w, https:\/\/www.radiopiu.net\/wordpress\/wp-content\/uploads\/2020\/04\/Schermata-2020-04-08-alle-18.56.47-1289x1536.png 1289w, https:\/\/www.radiopiu.net\/wordpress\/wp-content\/uploads\/2020\/04\/Schermata-2020-04-08-alle-18.56.47.png 1358w\" sizes=\"auto, (max-width: 399px) 100vw, 399px\" \/><\/a><\/p>\n<p>&nbsp;<\/p>\n<hr \/>\n<p>&nbsp;<\/p>\n<p><strong>DAL GR DELLE 14:30 DI IERI L&#8217;INTERVENTO DI GIANPAOLO BOTTACIN ASSESSORE DEL VENETO<\/strong><\/p>\n<audio class=\"wp-audio-shortcode\" id=\"audio-128432-3\" preload=\"none\" style=\"width: 100%;\" controls=\"controls\"><source type=\"audio\/mpeg\" src=\"https:\/\/www.radiopiu.net\/wordpress\/wp-content\/uploads\/2020\/04\/bottacin-1.mp3?_=3\" \/><a href=\"https:\/\/www.radiopiu.net\/wordpress\/wp-content\/uploads\/2020\/04\/bottacin-1.mp3\">https:\/\/www.radiopiu.net\/wordpress\/wp-content\/uploads\/2020\/04\/bottacin-1.mp3<\/a><\/audio>\n<p>&nbsp;<\/p>\n<hr \/>\n<p>&nbsp;<\/p>\n<p><strong>DATI E GRAFICI DEL GIORNO, PROVINCIA \u2013 REGIONE 08 APRILE 2020<\/strong><\/p>\n<p><strong>Con la collaborazione di Tiziano De Col<\/strong><\/p>\n<p>Oggi, i dati dei contagi riportano l&#8217;incremento giornaliero per la Provincia di Belluno che \u00e8 ritornato tra gli aumenti giornalieri<br \/>\nmaggiori tra le Provincie Venete e sempre al di sopra dell&#8217;incremento medio del Veneto. La provincia di Belluno resta, purtroppo, con il rapporto contagi &#8211; popolazione tra i pi\u00f9 alti tra le Province Venete,\u00a0 dopo Padova e Verona e ben al di sopra di Treviso, Vicenza, Venezia e Rovigo<\/p>\n<p><a class=\"dt-pswp-item\" href=\"https:\/\/www.radiopiu.net\/wordpress\/wp-content\/uploads\/2020\/04\/Schermata-2020-04-08-alle-19.08.56.png\" data-dt-img-description=\"\" data-large_image_width=\"712\" data-large_image_height=\"456\"><img loading=\"lazy\" decoding=\"async\" class=\"alignnone wp-image-128639\" src=\"https:\/\/www.radiopiu.net\/wordpress\/wp-content\/uploads\/2020\/04\/Schermata-2020-04-08-alle-19.08.56.png\" alt=\"\" width=\"301\" height=\"193\" srcset=\"https:\/\/www.radiopiu.net\/wordpress\/wp-content\/uploads\/2020\/04\/Schermata-2020-04-08-alle-19.08.56.png 712w, https:\/\/www.radiopiu.net\/wordpress\/wp-content\/uploads\/2020\/04\/Schermata-2020-04-08-alle-19.08.56-300x192.png 300w\" sizes=\"auto, (max-width: 301px) 100vw, 301px\" \/><\/a><\/p>\n<p><a class=\"dt-pswp-item\" href=\"https:\/\/www.radiopiu.net\/wordpress\/wp-content\/uploads\/2020\/04\/abba3400-0715-458e-a8ab-064351e92c3f.jpg\" data-dt-img-description=\"\" data-large_image_width=\"480\" data-large_image_height=\"289\"><img loading=\"lazy\" decoding=\"async\" class=\"alignnone wp-image-128653\" src=\"https:\/\/www.radiopiu.net\/wordpress\/wp-content\/uploads\/2020\/04\/abba3400-0715-458e-a8ab-064351e92c3f.jpg\" alt=\"\" width=\"301\" height=\"181\" srcset=\"https:\/\/www.radiopiu.net\/wordpress\/wp-content\/uploads\/2020\/04\/abba3400-0715-458e-a8ab-064351e92c3f.jpg 480w, https:\/\/www.radiopiu.net\/wordpress\/wp-content\/uploads\/2020\/04\/abba3400-0715-458e-a8ab-064351e92c3f-300x181.jpg 300w\" sizes=\"auto, (max-width: 301px) 100vw, 301px\" \/><img loading=\"lazy\" decoding=\"async\" class=\"\" src=\"https:\/\/www.radiopiu.net\/wordpress\/wp-content\/uploads\/2020\/04\/9299a06f-422a-4f4a-8dec-7c567b33b7e6.jpg\" width=\"301\" height=\"181\" \/><\/a><\/p>\n<p>&nbsp;<\/p>\n<hr \/>\n<p>&nbsp;<\/p>\n<h2>LEGGI LA CONFERENZA STAMPA DI LUCA ZAIA<\/h2>\n<p><strong>OGGI PRESENTE IN REGIONE LA TELEVISIONE RUSSA, GIOSTRAI IN DIFFICOLTA&#8217;, TRE FRATELLINI DONANO I LORO RISPARMI,\u00a0<\/strong><\/p>\n<p align=\"LEFT\">389 positivi in pi\u00f9 nelle ultime 12 ore, diminuiscono i ricoveri non critici e quelli in terapia intensiva. I contagiati dall&#8217;inizio dell&#8217;epidemia in regione sono 12.410, attualmente positivi sono 10.170. I deceduti sono in totale 736, di cui negli ospedali 666, 10 in pi\u00f9 nelle ultime 12 ore. In isolamento vi sono 18.886 persone. I ricoverati in area non critica sono 1.554, 4 in meno di ieri, e in terapia intensiva 285 (-4); i dimessi sono 1.349. Infine, nelle strutture di comunit\u00e0 vi sono 149 pazienti (+1), mentre sono stati 34 i dimessi e 9 i decessi. 81 i nuovi nati.<\/p>\n<p align=\"LEFT\"><strong>STATISTICA\u00a0<\/strong> dai 45 a 55 sono 8 persone morte, dai 55 ai 64 sono 33, dai 65 ai 74 sono 101 persone, oltre 594 morti non muoiono solo gli ottantenni tutte le fasce di et\u00e0 sono colpite anche se l&#8217;et\u00e0 media \u00e8 82 anni. <strong>DOPO IL 13 APRILE<\/strong>\u00a0 Dipende da quello che decider\u00e0 il Governo \u00a0non dipende dalla Regione. Ma abbiamo gi\u00e0 un piano pronto di monitoraggio e accompagnamento delle imprese che prevede innanzitutto la messa in sicurezza dei lavoratori. Da luned\u00ec sapremo se riaprire o meno, per me occorre andare per gradi e con supporto scientifico. <strong>FATTORE CLIMATICO<\/strong> Non \u00e8 irrilevante in primavera i problemi sono minori che nella stagione invernale. <strong>TRUFFE<\/strong> Ci sono realt\u00e0 che raccolgono soldi per conto della Regione qualche\u00a0 lazzarone c&#8217;\u00e8 sempre in giro. <strong>GIORGIA<\/strong>, <strong>TOMMASO E GIACOMO MASTELLOTTO DI SPRESIANO<\/strong> Hanno inviato una busta con\u00a0 375 euro da versare sul conto corrente della Regione. Riceviamo tante lettere dei bambini che rinunciano all&#8217;uovo di Pasqua siamo a oltre 29 mila donazione che sommano 30 mila euro su una spesa di 100 mila euro. <strong>CATEGORIA DI SPETTACOLI VIAGGIANTI SONO IN FORTE CRISI<\/strong> Mancano le sagre, i luna park, i parchi e in veneto c&#8217;\u00e8 anche l&#8217;industria della giostra che esporta in tutto il Veneto. Sono molto penalizzati in questa partita mancando la popolazione delle sagre.<\/p>\n<p align=\"LEFT\"><strong>ELEZIONI\u00a0 <\/strong>A Ottobre C&#8217;\u00e8\u00a0 il rischio di andare in un periodo invernale contestuale a un colpo di coda del virus. Chiaramente le elezioni devono essere fatte in sicurezza.<\/p>\n<p><strong>CENTRI DIURNI QUANDO LA RIAPERTURA?<\/strong> Ci vuole una capacit\u00e0 di fare test che non e&#8217; indifferente. Prima c&#8217;e&#8217; la sanit\u00e0 e non sono tutti tamponati e poi ci sono tutti i malati in ospedale e quelli a casa. Chi non ha il tampone oggi \u00e8 perch\u00e8 ci sono problemi operativi ad avere i tamponi. Ora ci sar\u00e0 un&#8217;altra onda di tamponi. Nelle Marche si chiedono come facciamo fare tanti tamponi che loro non ci riescono.<\/p>\n<p><strong>BOLLETTINO<\/strong> Aumentati di 500 unit\u00e0 i negativizzati come si spiega? Probabilmente per una campagna di verifica finale post quarantena, visto che sono arrivati i tamponi. Saranno state chiuse tutte le posizioni in piedi e quelli che erano in coda.<\/p>\n<p><strong>FASE 2 INDICAZIONI<\/strong> Scusatemi tutti ma il piano \u00e8 quello di pensare ad un accompagnamento delle imprese con i nostri servizi sanitari in emergenza<\/p>\n<p><strong>SINDACATI DICONO CHE LA ULSS3 EFFETTUREBBE SOLO TEST ANTICORPALI E NON TAMPONI NEGLI ANZIANI<\/strong> La diagnosi la si fa con il tampone. Il test rapido \u00e8 un servizio per una prima analisi differenziale. C&#8217;\u00e8 un protocollo da seguire. Viene usato il test rapido che non da referto<\/p>\n<p><strong>NON SI SONO PROVE CHE LE MASCHERINE DIANO SICUREZZA<\/strong> Non c&#8217;\u00e8 neanche la prova scientifica che chi ha avuto il coronavirus poi non torna. La mela a met\u00e0 non la spacca nessuno nemmeno nel mondo scientifico. Il 99 per cento della volte la mascherina serve altre no. Concentriamoci sulla bottiglia mezza piena non su quella vuota o ci chiudiamo in casa sigilliamo con il silicone ed andiamo in apnea per non mettere gas.<\/p>\n<p><strong>CHI DEVE USCIRE PER PRIMI?<\/strong> Spero tutti, ma prima i ragazzi.<\/p>\n<p><strong>NUMERI FANTASIOSI SULLE CASE DI RIPOSO<\/strong> Abbiamo un terzo di positivo tra gli ospiti e il 15% tra i lavoratori nelle strutture pi\u00f9 a rischio. Dobbiamo capire come entra il virus visto che ci sono le misure restrittive gi\u00e0 da febbraio. Qualcuno lo porta dentro o ci sono materiali che entrano nelle case di soggiorno, magari un cibo. In una vita normale contaminiamo tutto, ovvero tutto quello che tocchiamo.<\/p>\n<p><strong>CHIAREZZA SUI PREZZI DELLE MASCHERINA<\/strong> La disponibilit\u00e0 c&#8217;\u00e8. Diciamo grazie ma le abbiamo gi\u00e0 comperate a chi ce le offra. Non siamo nelle condizioni di comperare mascherine. Bisogna liberalizzare il mercato che oggi non \u00e8 libero, se ci sono sul mercato vengono sequestrate cos\u00ec come i guanti e lo confermano i supermercati che non ne hanno pi\u00f9. Bisogna che le lascino vendere.<\/p>\n<p>&nbsp;<\/p>\n<p><strong>VIDEO 1<\/strong><\/p>\n<p>https:\/\/www.facebook.com\/zaiaufficiale\/videos\/171476070592592<\/p>\n<h2>L&#8217;INTERVENTO DELL&#8217;ASSESSORE MANUELA LANZARIN<\/h2>\n<p>https:\/\/www.facebook.com\/zaiaufficiale\/videos\/552928735350670\/<\/p>\n<p>&nbsp;<\/p>\n<hr \/>\n<p>&nbsp;<\/p>\n<div class=\"page-title-head hgroup\">\n<blockquote>\n<h3 class=\"entry-title\">\u201cDE COCCIO\u201d: ALTRE 30 SANZIONI, IN 2 GIORNI SONO 77<\/h3>\n<\/blockquote>\n<\/div>\n<div class=\"page-title-breadcrumbs\">\n<p><strong>BELLUNO<\/strong> Sono usciti i dati della Prefettura di Belluno in base ai controlli effettuati nei primi 2 giorni della settimana. Nella giornata di marted\u00ec sono stati 818 i controlli su persone. Una denuncia e 30 sanzioni inflitte dalle Forze dell\u2019Ordine che, sommate a quelle di luned\u00ec, si arriva ad un totale di 77 sanzioni in 2 giorni. Luned\u00ec anche 3 denunce per altri reati non riferibili ai controlli COVID-19. Anche ieri sono stati controllati gli esercizi commerciali. 1249 i controlli e nessuna sanzione o chiusura.<\/p>\n<p class=\"photoswipe-wrapper\"><a class=\"dt-pswp-item pspw-wrap-ready\" href=\"https:\/\/i0.wp.com\/www.radiopiu.net\/wordpress\/wp-content\/uploads\/2020\/04\/08.04_-_MONITORAGGIO_SETTIMANALE_DEI_SERVIZI_DI_CONTROLLO.jpg?ssl=1\" data-dt-img-description=\"\" data-large_image_width=\"1240\" data-large_image_height=\"1754\"><img loading=\"lazy\" decoding=\"async\" class=\"alignnone wp-image-128402 jetpack-lazy-image jetpack-lazy-image--handled\" src=\"https:\/\/i0.wp.com\/www.radiopiu.net\/wordpress\/wp-content\/uploads\/2020\/04\/08.04_-_MONITORAGGIO_SETTIMANALE_DEI_SERVIZI_DI_CONTROLLO.jpg?resize=724%2C1024&amp;ssl=1\" sizes=\"auto, (max-width: 724px) 100vw, 724px\" srcset=\"https:\/\/i0.wp.com\/www.radiopiu.net\/wordpress\/wp-content\/uploads\/2020\/04\/08.04_-_MONITORAGGIO_SETTIMANALE_DEI_SERVIZI_DI_CONTROLLO.jpg?resize=724%2C1024&amp;ssl=1 724w, https:\/\/i0.wp.com\/www.radiopiu.net\/wordpress\/wp-content\/uploads\/2020\/04\/08.04_-_MONITORAGGIO_SETTIMANALE_DEI_SERVIZI_DI_CONTROLLO.jpg?resize=212%2C300&amp;ssl=1 212w, https:\/\/i0.wp.com\/www.radiopiu.net\/wordpress\/wp-content\/uploads\/2020\/04\/08.04_-_MONITORAGGIO_SETTIMANALE_DEI_SERVIZI_DI_CONTROLLO.jpg?resize=768%2C1086&amp;ssl=1 768w, https:\/\/i0.wp.com\/www.radiopiu.net\/wordpress\/wp-content\/uploads\/2020\/04\/08.04_-_MONITORAGGIO_SETTIMANALE_DEI_SERVIZI_DI_CONTROLLO.jpg?resize=1086%2C1536&amp;ssl=1 1086w, https:\/\/i0.wp.com\/www.radiopiu.net\/wordpress\/wp-content\/uploads\/2020\/04\/08.04_-_MONITORAGGIO_SETTIMANALE_DEI_SERVIZI_DI_CONTROLLO.jpg?w=1240&amp;ssl=1 1240w\" alt=\"\" width=\"450\" height=\"636\" data-recalc-dims=\"1\" data-lazy-loaded=\"1\" \/><\/a><\/p>\n<p>&nbsp;<\/p>\n<hr \/>\n<p>&nbsp;<\/p>\n<div class=\"page-title-head hgroup\">\n<blockquote>\n<h3 class=\"entry-title\">AL QATAR IL GRAZIE DEL VENETO PER IL MATERIALE INVIATO<\/h3>\n<\/blockquote>\n<\/div>\n<\/div>\n<div class=\"page-title-breadcrumbs\"><strong><a class=\"dt-pswp-item\" href=\"https:\/\/www.radiopiu.net\/wordpress\/wp-content\/uploads\/2020\/03\/covid-civile.jpg\" data-dt-img-description=\"\" data-large_image_width=\"800\" data-large_image_height=\"600\"><img loading=\"lazy\" decoding=\"async\" class=\" wp-image-121390 alignleft\" src=\"https:\/\/www.radiopiu.net\/wordpress\/wp-content\/uploads\/2020\/03\/covid-civile-300x225.jpg\" alt=\"\" width=\"200\" height=\"150\" srcset=\"https:\/\/www.radiopiu.net\/wordpress\/wp-content\/uploads\/2020\/03\/covid-civile-300x225.jpg 300w, https:\/\/www.radiopiu.net\/wordpress\/wp-content\/uploads\/2020\/03\/covid-civile-768x576.jpg 768w, https:\/\/www.radiopiu.net\/wordpress\/wp-content\/uploads\/2020\/03\/covid-civile.jpg 800w\" sizes=\"auto, (max-width: 200px) 100vw, 200px\" \/><\/a>VENEZIA<\/strong> L\u2019assessorato alla Protezione Civile del Veneto ringrazia lo Stato del Qatar per\u00a0 i materiali dell\u2019enorme ospedale da campo\u00a0 donato al\u00a0 Veneto. Elenco delle strutture arrivate all\u2019aeroporto di Pratica di Mare: assetto sanitario campale con superficie totale di 5.200 mq costituita da 4 tende\u00a0 (40\u00d780); \u00a02 tende\u00a0 (10\u00d760). 1 tenda (10\u00d780). Materiale da reperire per il montaggio: \u00a02 carrelli elevatori per altezza fino a 11 metri; 2 bracci mobili di sollevamento per pesi fino a 50 tonnellate; 2 trapani pneumatici di 12 kg; 10 martelli misura lp16; 6 scale doppie altezza 6 metri; \u00a025 pax per manodopera edilizia e assemblaggio;\u00a0 \u00a0 Pavimentazione in vinile di 5.000 mq circa; Magazzini per accatastamento dei materiali fino alla realizzazione del progetto. Inoltre, ingegneri esperti per la realizzazione del progetto arriveranno con il materiale.<\/div>\n<div><\/div>\n<div><\/div>\n<div><\/div>\n<div><\/div>\n<div>\n<hr \/>\n<\/div>\n<div class=\"page-title-breadcrumbs\">\n<h3><\/h3>\n<blockquote>\n<h3>PER AZZALIN DEL PD E&#8217; NORMALE PROROGARE LA LEGISLATURA<\/h3>\n<\/blockquote>\n<p><strong><a class=\"dt-pswp-item\" href=\"https:\/\/www.radiopiu.net\/wordpress\/wp-content\/uploads\/2020\/04\/GRAZIANO-AZZALIN.jpg\" data-dt-img-description=\"\" data-large_image_width=\"287\" data-large_image_height=\"176\"><img loading=\"lazy\" decoding=\"async\" class=\" wp-image-128505 alignleft\" src=\"https:\/\/www.radiopiu.net\/wordpress\/wp-content\/uploads\/2020\/04\/GRAZIANO-AZZALIN.jpg\" alt=\"\" width=\"199\" height=\"122\" \/><\/a>VENEZIA<\/strong> \u201cLa proroga di una legislatura \u00e8 forse la cosa \u2018pi\u00f9 normale\u2019 con una pandemia in corso. Normale non \u00e8 allestire ospedali per ospitare e curare pazienti colpiti da un contagio epocale, cos\u00ec come la chiusura di negozi, imprese e locali definiti non indispensabili. E sicuramente \u00e8 ancora meno normale che tutti i cittadini non sottoposti a misure penali di limitazione della libert\u00e0 personale. Non \u00e8 normale, ma \u00e8 purtroppo necessario se vogliamo frenare la diffusione del contagio e poi ripartire\u201d. A dirlo \u00e8 Graziano Azzalin, consigliere regionale del Partito Democratico, che torna sul rinvio del voto amministrativo contestato dal presidente del Veneto Luca Zaia. \u201cPensare alle elezioni senza che ci possano essere tutte le condizioni minime per garantirne la sicurezza da un punto di vista sanitario sembra irrispettoso nei confronti di chi \u00e8 stato costretto a chiudere un\u2019attivit\u00e0. Se si vuole un plebiscito emergenziale di stampo \u2018ungherese\u2019 non staremo in silenzio\u201d.<\/p>\n<p>&nbsp;<\/p>\n<hr \/>\n<p>&nbsp;<\/p>\n<blockquote>\n<h3>DONAZZAN: RIPRESA INTELLIGENTE PER RIAPRIRE IN SICUREZZA<\/h3>\n<\/blockquote>\n<p><strong><a class=\"dt-pswp-item\" href=\"https:\/\/www.radiopiu.net\/wordpress\/wp-content\/uploads\/2020\/04\/DONAZZAN.jpg\" data-dt-img-description=\"\" data-large_image_width=\"2048\" data-large_image_height=\"2048\"><img loading=\"lazy\" decoding=\"async\" class=\" wp-image-128499 alignleft\" src=\"https:\/\/www.radiopiu.net\/wordpress\/wp-content\/uploads\/2020\/04\/DONAZZAN-300x300.jpg\" alt=\"\" width=\"172\" height=\"172\" \/><\/a>VENEZIA<\/strong>\u00a0\u201cRagionare insieme per ripartire in sicurezza e in modo intelligente\u201d. Questo l\u2019obiettivo e il metodo dell\u2019incontro odierno promosso dall\u2019assessore regionale al Lavoro, Elena Donazzan, insieme al collega Roberto Marcato, referente lo Sviluppo Economico, con i rappresentanti del mondo del commercio:Confcomercio, Confesercenti e i segretari generali delle organizzazioni sindacali Cgil Cisl Uil e Ugl. Il confronto, al quale hanno partecipato anche i tecnici della Direzione regionale Lavoro, dell\u2019Unit\u00e0 regionale di crisi aziendale e il dottor Michele Mongillo della Direzione Prevenzione della Sanit\u00e0 Veneta, ha messo a fuoco i problemi di uno dei settori maggiormente colpiti dall\u2019emergenza Covid 19, a partire dall\u2019impatto occupazionale. Solo il 10 per cento dell\u2019intero comparto oggi \u00e8 ancora in attivit\u00e0, mentre il restante 90 per cento delle imprese, in prevalenza micro-imprese, sconta gi\u00e0 un mese di chiusura.Sul fronte occupazionale l\u2019assessore Donazzan ha assicurato il proprio impegno, anche nell\u2019incontro con il ministro Nunzia Catalfo in programma oggi pomeriggio, nel rivendicare al Veneto maggiori risorse per la cassa integrazione in deroga.<\/p>\n<\/div>\n<p>&nbsp;<\/p>\n<p>&nbsp;<\/p>\n<div class=\"page-title-breadcrumbs\">\n<hr \/>\n<p>&nbsp;<\/p>\n<blockquote>\n<h3>UNA DEROGA AI PICCOLI NEGOZI DI VICINATO CHIUSI<\/h3>\n<\/blockquote>\n<p><strong><a class=\"dt-pswp-item\" href=\"https:\/\/www.radiopiu.net\/wordpress\/wp-content\/uploads\/2018\/06\/Roccon-Franco.jpg\" data-dt-img-description=\"\" data-large_image_width=\"402\" data-large_image_height=\"483\"><img loading=\"lazy\" decoding=\"async\" class=\" wp-image-52102 alignleft\" src=\"https:\/\/www.radiopiu.net\/wordpress\/wp-content\/uploads\/2018\/06\/Roccon-Franco-250x300.jpg\" alt=\"\" width=\"174\" height=\"209\" srcset=\"https:\/\/www.radiopiu.net\/wordpress\/wp-content\/uploads\/2018\/06\/Roccon-Franco-250x300.jpg 250w, https:\/\/www.radiopiu.net\/wordpress\/wp-content\/uploads\/2018\/06\/Roccon-Franco.jpg 402w\" sizes=\"auto, (max-width: 174px) 100vw, 174px\" \/><\/a>BELLUNO<\/strong>\u00a0\u201c<em>Una deroga per i piccoli negozi di vicinato chiusi<\/em>\u201d. Il presidente Veneto e di Belluno di Usarci, Franco Roccon, scrive al prefetto del capoluogo dolomitico. Il rappresentante regionale degli agenti di commercio torna sul tema delle botteghe di quartiere, su cui gi\u00e0 si era speso a gennaio con un intervento arrivato anche su Rete4 e Rai 3. Questo \u00e8 il momento della riscoperta dei piccoli esercizi sotto casa e Roccon vorrebbe che il Governo chiudesse un occhio e concedesse un po\u2019 di libert\u00e0 d\u2019azione.\u00a0\u201c<em>Al termine del 2019 \u2013 si legge nella lettera inoltrata nella giornata di marted\u00ec -, molti esercizi commerciali presenti nelle piccole frazioni, quasi una cinquantina nel solo Bellunese, hanno abbassato le saracinesche definitivamente causa dell\u2019enorme peso burocratico e di tassazione oltre alle imposizioni fiscali di tenuta degli scontrini fiscali in zone raggiunte con difficolt\u00e0 dai servizi internet adeguati.\u00a0In questo particolare momento di grave incidenza dell\u2019epidemia che obbliga tutti a rimanere in casa, questa tipologia di servizi alimentari e commerciali danno la possibilit\u00e0 di non spostarsi dalla propria frazione o luogo di residenza, di fare la spesa nell\u2019esercizio pi\u00f9 vicino<\/em>\u201d.\u00a0Da qui la richiesta del presidente perch\u00e9 il Governo intervenga con una speciale licenza provvisoria o una deroga fino alla fine del 2020 per permettere ai negozi frazionali chiusi nel 2019 di riaprire l\u2019attivit\u00e0, avendo ancora a disposizione gli immobili e le scaffalature. \u201c<em>Questa misura \u2013 spiega Roccon \u2013 sarebbe un importante segnale verso il mondo del commercio e, inoltre, permetterebbe alla popolazione di spostarsi molto meno per gli acquisti alimentari. Condivido il ringraziamento rivolto nei giorni scorsi dal presidente di Confcommercio Belluno Paolo Doglioni ai negozianti, impegnati a prestare un servizio che prima di tutto \u00e8 sociale. Grazie di cuore<\/em>\u201d.<\/p>\n<p><strong>FRANCO ROCCON<\/strong><\/p>\n<p>&nbsp;<\/p>\n<hr \/>\n<p>&nbsp;<\/p>\n<blockquote>\n<h3>CORONAVIRUS. DISTRETTI DEL COMMERCIO<\/h3>\n<\/blockquote>\n<p><strong><a class=\"dt-pswp-item\" href=\"https:\/\/www.radiopiu.net\/wordpress\/wp-content\/uploads\/2020\/04\/ROBERTO-MARCATO.jpg\" data-dt-img-description=\"\" data-large_image_width=\"960\" data-large_image_height=\"960\"><img loading=\"lazy\" decoding=\"async\" class=\" wp-image-128165 alignleft\" src=\"https:\/\/www.radiopiu.net\/wordpress\/wp-content\/uploads\/2020\/04\/ROBERTO-MARCATO-300x300.jpg\" alt=\"\" width=\"181\" height=\"181\" srcset=\"https:\/\/www.radiopiu.net\/wordpress\/wp-content\/uploads\/2020\/04\/ROBERTO-MARCATO-300x300.jpg 300w, https:\/\/www.radiopiu.net\/wordpress\/wp-content\/uploads\/2020\/04\/ROBERTO-MARCATO-150x150.jpg 150w, https:\/\/www.radiopiu.net\/wordpress\/wp-content\/uploads\/2020\/04\/ROBERTO-MARCATO-768x768.jpg 768w, https:\/\/www.radiopiu.net\/wordpress\/wp-content\/uploads\/2020\/04\/ROBERTO-MARCATO.jpg 960w\" sizes=\"auto, (max-width: 181px) 100vw, 181px\" \/><\/a>VENEZIA<\/strong>\u00a0\u201c<em>Siamo pronti a rivedere il modello dei distretti del commercio e a rendere questo strumento cos\u00ec importante un\u2019occasione di rilancio e sviluppo nel post-emergenza. A breve convocheremo una videoconferenza con i tutti i manager di distretto e le associazioni di categorie interessate per affrontare il tema e trovare tutti insieme nuove soluzioni<\/em>\u201d.\u00a0Questo l\u2019annuncio dell\u2019assessore allo sviluppo economico ed energia Roberto Marcato che questa mattina ha partecipato, in videoconferenza,\u00a0all\u2019incontro\u00a0dedicato alla declinazione dell&#8217;accordo di tutela e sicurezza dei lavoratori e delle procedure possibili per la ripartenza\u00a0con i sindacati e alcune associazioni di categoria del settore commercio.\u00a0Altra importante riflessione emersa questa mattina quella della riorganizzazione delle attivit\u00e0 commerciali che sta esprimendosi, ad esempio, attraverso un esteso sistema di consegne a domicilio per molte attivit\u00e0 che oggi stanno incrementando molto l&#8217;offerta di servizio di delivery.\u00a0\u201c<em>Sono profondamente convinto che il Covid-19 stia dimostrando la capacit\u00e0 delle nostre aziende di rispondere in maniera intelligente e organizzata alla crisi \u2013 commenta l\u2019assessore Marcato &#8211; la delivery ne \u00e8 un esempio brillante<\/em>&#8221;<\/p>\n<\/div>\n<p>&nbsp;<\/p>\n<p>&nbsp;<\/p>\n<div class=\"page-title-breadcrumbs\">\n<hr \/>\n<p>&nbsp;<\/p>\n<blockquote>\n<h3>LUPI: L&#8217;ASSESSORE PAN RISPONDE ALLE CRITICHE DEL PD<\/h3>\n<\/blockquote>\n<p><strong><a class=\"dt-pswp-item\" href=\"https:\/\/www.radiopiu.net\/wordpress\/wp-content\/uploads\/2020\/04\/GIUSEPPE-PAN.jpg\" data-dt-img-description=\"\" data-large_image_width=\"600\" data-large_image_height=\"900\"><img loading=\"lazy\" decoding=\"async\" class=\" wp-image-128502 alignleft\" src=\"https:\/\/www.radiopiu.net\/wordpress\/wp-content\/uploads\/2020\/04\/GIUSEPPE-PAN-200x300.jpg\" alt=\"\" width=\"121\" height=\"182\" srcset=\"https:\/\/www.radiopiu.net\/wordpress\/wp-content\/uploads\/2020\/04\/GIUSEPPE-PAN-200x300.jpg 200w, https:\/\/www.radiopiu.net\/wordpress\/wp-content\/uploads\/2020\/04\/GIUSEPPE-PAN.jpg 600w\" sizes=\"auto, (max-width: 121px) 100vw, 121px\" \/><\/a>VENEZIA<\/strong>\u00a0\u201c<em>Chi deve assumersi la responsabilit\u00e0 della mancata gestione del lupo \u00e8 il Governo, non la Regione<\/em>\u201d. E\u2019 secca la replica dell\u2019assessore regionale all\u2019agricoltura e alla caccia, Giuseppe Pan, alle osservazioni mosse dagli esponenti del Pd bellunese sulle predazioniin Alpago e sulla \u2018mancata gestione del fenomeno\u2019.\u00a0\u201c<em>Stupisce e rammarica, ancora una volta, la disinformazione ad opera di chi ha ricoperto e ricopre anche importanti incarichi governativi e istituzionali &#8211; prosegue l\u2019assessore \u2013 e sembra dimenticare che il lupo \u00e8 specie protetta dalle leggi nazionali ed europee e che da anni le Regioni, e in particolare quelle dell\u2019arco alpino, attendono che il Governo approvi il Piano nazionale di gestione del lupo.Un piano, che nonostante il lavoro di monitoraggio, sperimentazione e proposta svolto dalle Regioni, il ministro per l\u2019Ambiente Sergio Costa continua a tenere nel cassetto<\/em>\u201d.<\/p>\n<\/div>\n<p>&nbsp;<\/p>\n<p>&nbsp;<\/p>\n<p>&nbsp;<\/p>\n<p>&nbsp;<\/p>\n<div class=\"page-title-breadcrumbs\">\n<hr \/>\n<p>&nbsp;<\/p>\n<blockquote>\n<h3>IL PD CHIEDE ALLA REGIONE DI VIETARE LA CIRCOLAZIONE ALLE DOPPIETTE<\/h3>\n<\/blockquote>\n<p><strong><a class=\"dt-pswp-item\" href=\"https:\/\/www.radiopiu.net\/wordpress\/wp-content\/uploads\/2016\/07\/images_Universita_pd_logo.jpg\" data-dt-img-description=\"\" data-large_image_width=\"2339\" data-large_image_height=\"1653\"><img loading=\"lazy\" decoding=\"async\" class=\" wp-image-22000 alignleft\" src=\"https:\/\/www.radiopiu.net\/wordpress\/wp-content\/uploads\/2016\/07\/images_Universita_pd_logo-300x212.jpg\" alt=\"\" width=\"175\" height=\"124\" \/><\/a>VENEZIA<\/strong> Alla luce dei provvedimenti restrittivi in rigore per ridurre al minimo i movimenti, Zanoni e Bigon del Pd chiedono di evitare la circolazione dei cacciatori, anche se effettuata nell\u2019ambito dei piani di contenimento. \u201cLa priorit\u00e0 adesso \u00e8 la salute dei cittadini limitando il contagio, non i piani di eradicazione\u201d Sono infatti consentiti \u2013 pura a stagione di caccia chiusa &#8211; il recupero di fauna selvatica ferita e il loro trasporto negli appositi centri, quello di animali morti e infine il \u2018controllo, contenimento ed eventuale eradicazione nell&#8217;ambito di piani. \u201cSi tratta di pochi casi che comunque sarebbe meglio evitare &#8211; proseguono Zanoni e Bigon &#8211; Alcune associazioni di tutela degli animali hanno prontamente scritto al Governo, alle stesse Regioni e ai Prefetti per chiedere verifiche sulla legittimit\u00e0 di queste attivit\u00e0 e la loro sospensione\u201d. Zaia ricordano i consigliere di opposizione ripete che la Regione ha imposto ulteriori restrizioni come l\u2019obbligo di mascherine e il divieto di superare i 200 metri da casa tenendo chiusi anche i centri dei vivaisti. \u201cEvitando due pesi e due misure \u2013 concludono i consiglieri &#8211; che la Regione blocchi momentaneamente anche queste attivit\u00e0\u201d<\/p>\n<p>&nbsp;<\/p>\n<hr \/>\n<p>&nbsp;<\/p>\n<blockquote>\n<h3>CORONAVIRUS: IL CONTRIBUTO DEL PALIO DI FELTRE<\/h3>\n<\/blockquote>\n<p><strong><a class=\"dt-pswp-item\" href=\"https:\/\/www.radiopiu.net\/wordpress\/wp-content\/uploads\/2019\/02\/51757621_786919278332374_4057065011615367168_n.jpg\" data-dt-img-description=\"\" data-large_image_width=\"720\" data-large_image_height=\"540\"><img loading=\"lazy\" decoding=\"async\" class=\"size-medium wp-image-76193 alignleft\" src=\"https:\/\/www.radiopiu.net\/wordpress\/wp-content\/uploads\/2019\/02\/51757621_786919278332374_4057065011615367168_n-300x225.jpg\" alt=\"\" width=\"300\" height=\"225\" srcset=\"https:\/\/www.radiopiu.net\/wordpress\/wp-content\/uploads\/2019\/02\/51757621_786919278332374_4057065011615367168_n-300x225.jpg 300w, https:\/\/www.radiopiu.net\/wordpress\/wp-content\/uploads\/2019\/02\/51757621_786919278332374_4057065011615367168_n.jpg 720w\" sizes=\"auto, (max-width: 300px) 100vw, 300px\" \/><\/a>FELTRE<\/strong>\u00a0In questo periodo di incertezza e di tanti dubbi sul futuro sanitario ed economico di noi tutti, il mondo del Palio di Feltre fa sentire la propria concreta presenza con un segnale di attenzione alle tante famiglie feltrine che si trovano a vivere in serie difficolt\u00e0 economiche. I quattro Quartieri (Castello, Duomo, Port&#8217; Oria, Santo Stefano) hanno deciso autonomamente di sostenere il fondo istituito del Comune di Feltre per i concittadini in situazioni di momentaneo disagio.\u00a0Al contributo dei Quartieri si \u00e8 unito anche quello dell&#8217;Associazione Palio Citt\u00e0 di Feltre, che ha rimodulato le spese per la pubblicit\u00e0 extra regione per poter reperire le risorse necessarie, cos\u00ec che sar\u00e0 possibile aiutare la citt\u00e0 con 50 buoni spesa da 25 euro. Anche il Gruppo Sbandieratori Citt\u00e0 di Feltre ha ritenuto di dare un contributo alla collettivit\u00e0, sostenendo una raccolta fondi a favore dell&#8217;Ospedale Santa Maria del Prato.\u00a0Anche il Gruppo Sbandieratori citt\u00e0 di Feltre ha ritenuto di dare un contributo alla collettivit\u00e0, sostenendo una raccolta fondi a favore dell&#8217;Ospedale di Feltre. &#8220;<em>Penso sia un bellissimo segnale dell&#8217;intero mondo del Palio, a favore del proprio territorio, ha dichiarato il presidente Eugenio Tamburino, tanto pi\u00f9 prezioso perch\u00e8 elaborato autonomamente dai Quartieri e in un periodo difficile anche per loro. Penso sia molto significativo che l&#8217;intero mondo del Palio, al di l\u00e0 delle rivalit\u00e0 quando ci sar\u00e0 da pensare alle competizioni, si dimostri unito e compatto sotto l&#8217;insegna della solidariet\u00e0, unendo non solo Castello, Duomo, Port&#8217; Oria e Santo Stefano, ma anche l&#8217;Associazione Palio e il Gruppo Sbandieratori Citt\u00e0 di Feltre. Realt\u00e0 importanti per la citt\u00e0, che conoscono le difficolt\u00e0 di tutte le associazioni in questo momento, ma che proprio per questo sentono di dover essere vicini alle famiglie feltrine. Credo che ancora una volta si possa dire che il Palio per Feltre \u00e8 un valore aggiunto<\/em>&#8220;.<\/p>\n<p>&nbsp;<\/p>\n<hr \/>\n<p>&nbsp;<\/p>\n<blockquote>\n<h3>CONFERMATA LA RIPARTENZA DI LUXOTTICA PER MARTEDI PROSSIMO<\/h3>\n<\/blockquote>\n<p><strong><a class=\"dt-pswp-item\" href=\"https:\/\/www.radiopiu.net\/wordpress\/wp-content\/uploads\/2020\/02\/LUXOTTICA-NOTTE-scaled.jpg\" data-dt-img-description=\"\" data-large_image_width=\"2560\" data-large_image_height=\"1920\"><img loading=\"lazy\" decoding=\"async\" class=\"alignleft wp-image-117391 size-medium\" src=\"https:\/\/www.radiopiu.net\/wordpress\/wp-content\/uploads\/2020\/02\/LUXOTTICA-NOTTE-300x225.jpg\" alt=\"\" width=\"300\" height=\"225\" srcset=\"https:\/\/www.radiopiu.net\/wordpress\/wp-content\/uploads\/2020\/02\/LUXOTTICA-NOTTE-300x225.jpg 300w, https:\/\/www.radiopiu.net\/wordpress\/wp-content\/uploads\/2020\/02\/LUXOTTICA-NOTTE-1024x768.jpg 1024w, https:\/\/www.radiopiu.net\/wordpress\/wp-content\/uploads\/2020\/02\/LUXOTTICA-NOTTE-768x576.jpg 768w, https:\/\/www.radiopiu.net\/wordpress\/wp-content\/uploads\/2020\/02\/LUXOTTICA-NOTTE-1536x1152.jpg 1536w, https:\/\/www.radiopiu.net\/wordpress\/wp-content\/uploads\/2020\/02\/LUXOTTICA-NOTTE-2048x1536.jpg 2048w\" sizes=\"auto, (max-width: 300px) 100vw, 300px\" \/><\/a>AGORDO<\/strong> La ripartenza, per lo stabilimento di Agordo, \u00e8 prevista per il 14 aprile con una presenza limitata. Per iniziare, la presenza sar\u00e0 del 25-30% della forza lavoro (presumibilmente saranno contattate le stesse persone che hanno lavorato prima della fermata) fino ad aprile per poi salire a maggio e con l&#8217;idea di tornare a regime verso giugno. Gli orari a turno saranno dalle 5.45 alle 1345 e dalle 14.15 alle 22.15. Viene pertanto mantenuto lo stacco di 30 minuti tra un turno e l&#8217;altro, ma non l&#8217;abbuono di 15 minuti sull&#8217;orario di lavoro. La notte \u00e8 stata sospesa sia sul metallo che sull&#8217;iniettato ed o turnisti notturni saranno ricollocati sui 2 turni. Anche giornata e part-time rientreranno a tutti,\u00a0 come prima della fermata. La finitura resta a giornata 8\/17. Le mascherine saranno obbligatorie x tutti.<\/p>\n<p><strong>Modalit\u00e0 di chiamata <\/strong>Oggi tutti riceveranno un sms in cui si comunica che il 14 aprile l&#8217;azienda riapre e di recarsi al lavoro solo se si riceve un secondo sms. Le persone convocate, infatti,\u00a0 riceveranno dopo poco, un secondo sms con indicato il tipo di orario x tutta la settimana.\u00a0 Nell&#8217;sms sar\u00e0 richiesto al dipendente di dare riscontro con un SI o un NO sulla presenza nelle giornate ed entro un determinato orario (indicato). La sera prima la persona ricever\u00e0 un ulteriore sms per ricordare di compilare il modulo on-line. <em><strong>Attenzione: il modulo on line va compilato OGNI GIORNO e nella stessa giornata in cui viene svolta l&#8217;attivit\u00e0 lavorativa, perci\u00f2 prima di entrare.<\/strong><\/em> La persona \u00e8 obbligata a rispondere e obbligata, salvo gravi e comprovati motivi, a recarsi al lavoro (a meno di non utilizzare ferie,\u00a0 permessi,\u00a0 ecc..)le persone in cassa integrazione sono, di fatto, a disposizione dell&#8217;azienda. Le modalit\u00e0 di accesso ai checkpoint rimangono le stesse dell&#8217;altra volta. I ricambi ancora x la prossima settimana non saranno chiamati al lavoro.\u00a0 Agli enti interconnessi all&#8217; attivit\u00e0 produttiva (es. officina) sar\u00e0 richiesta una presenza sempre intorno al 25\/30%. Il bonus 500\u20ac in flexible benefits verr\u00e0 erogato per ogni giornata lavorata dal giorno di inizio della cassa integrazione. L&#8217;azienda comunque si impegna a valutare eventuali difficolt\u00e0 delle persone.<\/p>\n<p><strong>Trasporti<\/strong> Anche per il mese di aprile non ci saranno trasporti perch\u00e9 il vettore non riesce a dare garanzie richieste. Saranno tenute in considerazione eventuali impossibilit\u00e0 delle persone che abbiano questo tipo di problema,\u00a0 anche formando squadre sulla base di questa necessit\u00e0.<\/p>\n<p>&nbsp;<\/p>\n<p>&nbsp;<\/p>\n<hr \/>\n<\/div>\n<p>&nbsp;<\/p>\n<div class=\"page-title-head hgroup\">\n<blockquote>\n<h3>EFFETTO COVID-19 SUGLI AFFITTI: I CONSIGLI DEL SINDACATO INQUILINI DELLA CISL A INQUILINI E PROPRIETARI<\/h3>\n<\/blockquote>\n<p><strong><a class=\"dt-pswp-item\" href=\"https:\/\/www.radiopiu.net\/wordpress\/wp-content\/uploads\/2018\/12\/CISL.png\" data-dt-img-description=\"\" data-large_image_width=\"292\" data-large_image_height=\"116\"><img loading=\"lazy\" decoding=\"async\" class=\"size-full wp-image-70350 alignleft\" src=\"https:\/\/www.radiopiu.net\/wordpress\/wp-content\/uploads\/2018\/12\/CISL.png\" alt=\"\" width=\"292\" height=\"116\" \/><\/a>BELLUNO<\/strong>\u00a0\u201c<em>In questa situazione di estrema emergenza che sta creando grandi difficolt\u00e0 al mondo produttivo ed economico del Paese, sono continuamente sollecitato da inquilini, ma anche da proprietari, che mi chiedono suggerimenti sul da farsi. I primi perch\u00e9 in difficolt\u00e0 nel far fronte al pagamento del canone, i proprietari perch\u00e9 si vedono venir meno magari l\u2019unica fonte di reddito<\/em>\u201d. Pietro Scomparin, reggente del Sicet, il Sindacato inquilini della Cisl Belluno Treviso, interviene in merito all\u2019emergenza legata agli immobili in affitto, siano essi per uso abitativo o commerciale.\u201c<em>La modalit\u00e0 con la quale farci guidare in tempi di epidemia &#8211; sottolinea Scomparin &#8211; dovrebbe essere il buonsenso, al di sopra delle nostre appartenenze e delle nostre rispettive rappresentanze. Credo che al momento il problema pi\u00f9 grave ce l\u2019abbiano i piccoli commercianti che hanno dovuto chiudere le attivit\u00e0, interrompendo il normale flusso finanziario: sono stati messi da subito nella condizione di non riuscire a far fronte a tutte le normali scadenze, tra le quali il canone di affitto nel caso in cui l\u2019attivit\u00e0 non venisse svolta in locali di propriet\u00e0<\/em>\u201d.\u00a0\u201c<em>Il buonsenso &#8211; prosegue il responsabile del Sicet territoriale &#8211; mi direbbe che in questi casi locatore e conduttore si dovrebbero accordare per una soluzione transitoria da formalizzare che preveda la sospensione e la riduzione del canone e la diluizione del canone non pagato di marzo e aprile e maggio 2020 nel tempo. Questa potrebbe essere prima una indicazione che siamo in grado di dare a tutti<\/em>\u201d.La possibilit\u00e0 di diluire i canoni non pagati di marzo, aprile e probabilmente anche maggio, dovrebbe, secondo il Sicet, riguardare tutte le locazioni, anche quella tra privati. Eventuali accordi che prevedano la riduzione del canone dovranno essere inviati all\u2019Agenzia delle Entrate in appendice ai contratti di locazione registrati.\u00a0\u201c<em>Nel caso in cui non si trovi un accordo &#8211; prosegue Scomparin -, resta sempre l\u2019ultima spiaggia che non vorrei mai percorrere, che consiste nel comunicare al locatore la sopravvenuta impossibilit\u00e0 di far fronte al pagamento del canone per fatti non imputabili alla volont\u00e0 del conduttore ( artt. 1218, 1256, 1258, 1464 c.c.). Ovviamente in mancanza di precedenti giurisprudenziali che avallino questa tesi come causa di forza maggiore, daremmo solo del lavoro ai legali con costi ulteriori per tutta la comunit\u00e0. Guardando oltre invece, potremmo ipotizzare di agire sulla leva fiscale con la cedolare secca per tutti (imposizione fiscale ridotta del 10% sui canoni di locazione); l\u2019eliminazione della tassazione per i canoni non percepiti; la soppressione o riduzione IMU 2020 per le case locate e innalzamento all\u2019aliquota massima per quelle non locate; l\u2019innalzamento del credito d\u2019imposta per i canoni pagati<\/em>. \u201c<em>Questi interventi per\u00f2 &#8211; precisa Scomparin &#8211; dovranno essere accompagnati contestualmente ad una riduzione dei canoni da parte dei locatori<\/em>\u201d.Resta infine da individuare una soluzione per le migliaia di studenti universitari che si trovano a dover pagare il canone pur non utilizzando l\u2019immobile. Anche per questi sarebbe necessario trovare un accordo con il locatore e in ogni caso prevedere anche per loro il credito d\u2019imposta alla pari delle locazioni commerciali cos\u00ec come stabilito dal D.L. 18\/2020.<\/p>\n<p>&nbsp;<\/p>\n<hr \/>\n<p>&nbsp;<\/p>\n<blockquote>\n<h3>IMPIANTI A FUNE: PROROGA DI 12 MESI PER LE VERIFICHE PERIODICHE<\/h3>\n<\/blockquote>\n<p><strong><a class=\"dt-pswp-item\" href=\"https:\/\/www.radiopiu.net\/wordpress\/wp-content\/uploads\/2018\/05\/Roger_De_Menech_daticamera.jpg\" data-dt-img-description=\"\" data-large_image_width=\"165\" data-large_image_height=\"228\"><img loading=\"lazy\" decoding=\"async\" class=\" wp-image-49599 alignleft\" src=\"https:\/\/www.radiopiu.net\/wordpress\/wp-content\/uploads\/2018\/05\/Roger_De_Menech_daticamera.jpg\" alt=\"\" width=\"136\" height=\"188\" \/><\/a>ROMA<\/strong>\u00a0Le verifiche tecniche degli impianti a fune in scadenza di revisione saranno prorogate di dodici mesi. L\u2019emendamento proposto dal deputato\u00a0Roger De Menech\u00a0e dal senatore\u00a0Andrea Ferrazzi\u00a0\u00e8 stato adottato dal governo. \u00ab<em>Il provvedimento risponde alle esigenze dell\u2019Associazione nazionale esercenti funiviari (Anef) con i cui vertici mi sono confrontato diverse volte in queste settimane\u00bb, riferisce De Menech. \u00abNella situazione di attuale emergenza sanitaria, nonostante lo stop anticipato alla stagione sciistica, quest\u2019anno saranno pochissimi i lavori programmabili per le revisioni periodiche. La necessit\u00e0 di intervenire e dare maggiore tempo agli impiantisti era improrogabile, altrimenti avremmo condannato l\u2019intero comparto del turismo invernale a una seconda stagione consecutiva di difficolt\u00e0. Non credo ce lo possiamo permettere, in nessun senso<\/em>\u00bb.\u00a0Tecnicamente, l\u2019emendamento \u00e8 stato presentato dal senatore Andrea Ferrazzi (PD) al Senato dove \u00e8 in corso la conversione in legge del decreto \u2018Cura Italia\u2019. Tutte le attivit\u00e0 e gli adempimenti previsti in materia di revisioni periodiche, adeguamenti tecnici e varianti\u00a0 costruttive per i servizi di pubblico trasporto effettuati con funivie, funicolari, sciovie e slittinovie destinate al trasporto di persone e le prescrizioni tecniche riguardanti le funi sono prorogati di dodici mesi, qualora non sia possibile procedere alle verifiche ed al rilascio delle autorizzazioni di competenza dell&#8217;Autorit\u00e0 di sorveglianza entro i termini previsti.\u00a0L\u2019emendamento dei parlamentari del Pd \u00e8 stato fatto proprio da governo ed \u00e8 stato inserito nel testo di legge.<\/p>\n<p>AUDIO<\/p>\n<audio class=\"wp-audio-shortcode\" id=\"audio-128432-4\" preload=\"none\" style=\"width: 100%;\" controls=\"controls\"><source type=\"audio\/mpeg\" src=\"https:\/\/www.radiopiu.net\/wordpress\/wp-content\/uploads\/2020\/04\/roger-emendamento.mp3?_=4\" \/><a href=\"https:\/\/www.radiopiu.net\/wordpress\/wp-content\/uploads\/2020\/04\/roger-emendamento.mp3\">https:\/\/www.radiopiu.net\/wordpress\/wp-content\/uploads\/2020\/04\/roger-emendamento.mp3<\/a><\/audio>\n<\/div>\n<div class=\"page-title-head hgroup\">\n<hr \/>\n<p>&nbsp;<\/p>\n<blockquote>\n<h3>ANNULLATI SPORT IN PIAZZA E LA 4 PAS IN DOI. FORSE A SETTEMBRE UNA MANIFESTAZIONI SPORTIVA<\/h3>\n<\/blockquote>\n<p><a class=\"dt-pswp-item\" href=\"https:\/\/www.radiopiu.net\/wordpress\/wp-content\/uploads\/2020\/04\/4-pas-partenza-1.jpeg\" data-dt-img-description=\"\" data-large_image_width=\"1334\" data-large_image_height=\"750\"><img loading=\"lazy\" decoding=\"async\" class=\"alignleft wp-image-128243 size-medium\" src=\"https:\/\/www.radiopiu.net\/wordpress\/wp-content\/uploads\/2020\/04\/4-pas-partenza-1-300x169.jpeg\" alt=\"\" width=\"300\" height=\"169\" srcset=\"https:\/\/www.radiopiu.net\/wordpress\/wp-content\/uploads\/2020\/04\/4-pas-partenza-1-300x169.jpeg 300w, https:\/\/www.radiopiu.net\/wordpress\/wp-content\/uploads\/2020\/04\/4-pas-partenza-1-1024x576.jpeg 1024w, https:\/\/www.radiopiu.net\/wordpress\/wp-content\/uploads\/2020\/04\/4-pas-partenza-1-768x432.jpeg 768w, https:\/\/www.radiopiu.net\/wordpress\/wp-content\/uploads\/2020\/04\/4-pas-partenza-1.jpeg 1334w\" sizes=\"auto, (max-width: 300px) 100vw, 300px\" \/><\/a>di Gianni Santomaso<\/p>\n<\/div>\n<audio class=\"wp-audio-shortcode\" id=\"audio-128432-5\" preload=\"none\" style=\"width: 100%;\" controls=\"controls\"><source type=\"audio\/mpeg\" src=\"https:\/\/www.radiopiu.net\/wordpress\/wp-content\/uploads\/2020\/04\/GIANNI-SANTOMASO-ANNULATI-SPORT-IN-PIAZZA-E-4-PAS.mp3?_=5\" \/><a href=\"https:\/\/www.radiopiu.net\/wordpress\/wp-content\/uploads\/2020\/04\/GIANNI-SANTOMASO-ANNULATI-SPORT-IN-PIAZZA-E-4-PAS.mp3\">https:\/\/www.radiopiu.net\/wordpress\/wp-content\/uploads\/2020\/04\/GIANNI-SANTOMASO-ANNULATI-SPORT-IN-PIAZZA-E-4-PAS.mp3<\/a><\/audio>\n<p>&nbsp;<\/p>\n<hr \/>\n<p>&nbsp;<\/p>\n<blockquote>\n<h3>DE VAL: &#8220;LE DITTE PULISCANO IL BOSCO ALTRIMENTI CI SARANNO PROBLEMI FITOSANITARI&#8221;<\/h3>\n<\/blockquote>\n<p><a class=\"dt-pswp-item\" href=\"https:\/\/www.radiopiu.net\/wordpress\/wp-content\/uploads\/2018\/11\/VOLTAGO-Lo-schianto-di-una-pianta-nel-bosco-sopra-il-paese.jpg\" data-dt-img-description=\"\" data-large_image_width=\"1476\" data-large_image_height=\"1107\"><img loading=\"lazy\" decoding=\"async\" class=\"wp-image-65702 alignleft\" src=\"https:\/\/www.radiopiu.net\/wordpress\/wp-content\/uploads\/2018\/11\/VOLTAGO-Lo-schianto-di-una-pianta-nel-bosco-sopra-il-paese-1024x768.jpg\" alt=\"\" width=\"230\" height=\"173\" srcset=\"https:\/\/www.radiopiu.net\/wordpress\/wp-content\/uploads\/2018\/11\/VOLTAGO-Lo-schianto-di-una-pianta-nel-bosco-sopra-il-paese-1024x768.jpg 1024w, https:\/\/www.radiopiu.net\/wordpress\/wp-content\/uploads\/2018\/11\/VOLTAGO-Lo-schianto-di-una-pianta-nel-bosco-sopra-il-paese-300x225.jpg 300w, https:\/\/www.radiopiu.net\/wordpress\/wp-content\/uploads\/2018\/11\/VOLTAGO-Lo-schianto-di-una-pianta-nel-bosco-sopra-il-paese-768x576.jpg 768w, https:\/\/www.radiopiu.net\/wordpress\/wp-content\/uploads\/2018\/11\/VOLTAGO-Lo-schianto-di-una-pianta-nel-bosco-sopra-il-paese.jpg 1476w\" sizes=\"auto, (max-width: 230px) 100vw, 230px\" \/><\/a><\/p>\n<p>&nbsp;<\/p>\n<p>&nbsp;<\/p>\n<p>&nbsp;<\/p>\n<p>di Gianni Santomaso<\/p>\n<audio class=\"wp-audio-shortcode\" id=\"audio-128432-6\" preload=\"none\" style=\"width: 100%;\" controls=\"controls\"><source type=\"audio\/mpeg\" src=\"https:\/\/www.radiopiu.net\/wordpress\/wp-content\/uploads\/2020\/04\/GIANNI-SANTOMASO-MORENO-DE-VAL.mp3?_=6\" \/><a href=\"https:\/\/www.radiopiu.net\/wordpress\/wp-content\/uploads\/2020\/04\/GIANNI-SANTOMASO-MORENO-DE-VAL.mp3\">https:\/\/www.radiopiu.net\/wordpress\/wp-content\/uploads\/2020\/04\/GIANNI-SANTOMASO-MORENO-DE-VAL.mp3<\/a><\/audio>\n<p>&nbsp;<\/p>\n<p>&nbsp;<\/p>\n<p>&nbsp;<\/p>\n<h2><span style=\"color: #ff0000;\">I NOSTRI SINDACI DEL TERRITORIO\u00a0<\/span><\/h2>\n<p>&nbsp;<\/p>\n<hr \/>\n<p>&nbsp;<\/p>\n<div class=\"page-title-head hgroup\">\n<blockquote>\n<h3 class=\"entry-title\">LE COMUNICAZIONI DEI SINDACI DELL\u2019AGORDINO. DA FALCADE MICHELE COSTA<\/h3>\n<\/blockquote>\n<\/div>\n<div class=\"page-title-breadcrumbs\"><img loading=\"lazy\" decoding=\"async\" class=\" wp-image-56200 alignleft jetpack-lazy-image jetpack-lazy-image--handled\" src=\"https:\/\/i2.wp.com\/www.radiopiu.net\/wordpress\/wp-content\/uploads\/2018\/08\/SindacoMicheleCosta.jpg?resize=200%2C235&amp;ssl=1\" alt=\"\" width=\"123\" height=\"145\" data-recalc-dims=\"1\" data-lazy-loaded=\"1\" \/><\/div>\n<div>\n<audio class=\"wp-audio-shortcode\" id=\"audio-128432-7\" preload=\"none\" style=\"width: 100%;\" controls=\"controls\"><source type=\"audio\/mpeg\" src=\"https:\/\/www.radiopiu.net\/wordpress\/wp-content\/uploads\/2020\/04\/MICHELE-COSTA-BUONI-SPESA.mp3?_=7\" \/><a href=\"https:\/\/www.radiopiu.net\/wordpress\/wp-content\/uploads\/2020\/04\/MICHELE-COSTA-BUONI-SPESA.mp3\">https:\/\/www.radiopiu.net\/wordpress\/wp-content\/uploads\/2020\/04\/MICHELE-COSTA-BUONI-SPESA.mp3<\/a><\/audio>\n<p>&nbsp;<\/p>\n<hr \/>\n<p>&nbsp;<\/p>\n<div class=\"page-title-head hgroup\">\n<blockquote>\n<h3 class=\"entry-title\">LE COMUNICAZIONI DEI SINDACI DELL\u2019AGORDINO. DA CANALE D\u2019AGORDO FLAVIO COLCERGNAN<\/h3>\n<\/blockquote>\n<\/div>\n<div class=\"page-title-breadcrumbs\"><img loading=\"lazy\" decoding=\"async\" class=\"alignright jetpack-lazy-image jetpack-lazy-image--handled\" src=\"https:\/\/i2.wp.com\/www.radiopiu.net\/wordpress\/wp-content\/uploads\/2018\/08\/FLAVIO-COLCE.jpg?resize=132%2C235&amp;ssl=1\" width=\"75\" height=\"134\" data-recalc-dims=\"1\" data-lazy-loaded=\"1\" \/><\/div>\n<div>\n<audio class=\"wp-audio-shortcode\" id=\"audio-128432-8\" preload=\"none\" style=\"width: 100%;\" controls=\"controls\"><source type=\"audio\/mpeg\" src=\"https:\/\/www.radiopiu.net\/wordpress\/wp-content\/uploads\/2020\/04\/falvio.mp3?_=8\" \/><a href=\"https:\/\/www.radiopiu.net\/wordpress\/wp-content\/uploads\/2020\/04\/falvio.mp3\">https:\/\/www.radiopiu.net\/wordpress\/wp-content\/uploads\/2020\/04\/falvio.mp3<\/a><\/audio>\n<p>&nbsp;<\/p>\n<hr \/>\n<p>&nbsp;<\/p>\n<div class=\"page-title-head hgroup\">\n<blockquote>\n<h3 class=\"entry-title\">LE COMUNICAZIONI DEI SINDACI DELL\u2019AGORDINO. DA SAN TOMASO MORENO DE VAL<\/h3>\n<\/blockquote>\n<\/div>\n<div class=\"page-title-breadcrumbs\"><img loading=\"lazy\" decoding=\"async\" class=\"wp-image-86478 alignleft jetpack-lazy-image jetpack-lazy-image--handled\" src=\"https:\/\/i1.wp.com\/www.radiopiu.net\/wordpress\/wp-content\/uploads\/2019\/05\/SAN-TOMASO-MORENO-DE-VAL.jpeg?resize=189%2C189&amp;ssl=1\" sizes=\"auto, (max-width: 189px) 100vw, 189px\" srcset=\"https:\/\/i1.wp.com\/www.radiopiu.net\/wordpress\/wp-content\/uploads\/2019\/05\/SAN-TOMASO-MORENO-DE-VAL.jpeg?w=320&amp;ssl=1 320w, https:\/\/i1.wp.com\/www.radiopiu.net\/wordpress\/wp-content\/uploads\/2019\/05\/SAN-TOMASO-MORENO-DE-VAL.jpeg?resize=150%2C150&amp;ssl=1 150w, https:\/\/i1.wp.com\/www.radiopiu.net\/wordpress\/wp-content\/uploads\/2019\/05\/SAN-TOMASO-MORENO-DE-VAL.jpeg?resize=300%2C300&amp;ssl=1 300w\" alt=\"\" width=\"125\" height=\"125\" data-recalc-dims=\"1\" data-lazy-loaded=\"1\" \/><\/div>\n<\/div>\n<\/div>\n<audio class=\"wp-audio-shortcode\" id=\"audio-128432-9\" preload=\"none\" style=\"width: 100%;\" controls=\"controls\"><source type=\"audio\/mpeg\" src=\"https:\/\/www.radiopiu.net\/wordpress\/wp-content\/uploads\/2020\/04\/MORENO-DE-VAL-BUONI-SPESA.mp3?_=9\" \/><a href=\"https:\/\/www.radiopiu.net\/wordpress\/wp-content\/uploads\/2020\/04\/MORENO-DE-VAL-BUONI-SPESA.mp3\">https:\/\/www.radiopiu.net\/wordpress\/wp-content\/uploads\/2020\/04\/MORENO-DE-VAL-BUONI-SPESA.mp3<\/a><\/audio>\n<p>&nbsp;<\/p>\n<hr \/>\n<p>&nbsp;<\/p>\n<blockquote>\n<h3 class=\"entry-title\">LE COMUNICAZIONI DEI SINDACI DELL\u2019AGORDINO. DA CENCENIGHE MAURO SOPPELSA<\/h3>\n<\/blockquote>\n<p><img loading=\"lazy\" decoding=\"async\" class=\"alignleft jetpack-lazy-image jetpack-lazy-image--handled\" src=\"https:\/\/i0.wp.com\/www.radiopiu.net\/wordpress\/wp-content\/uploads\/2018\/05\/Mauro-Soppelsa-libero-professionista-perito-edile-56-anni.jpg?resize=140%2C168&amp;ssl=1\" width=\"109\" height=\"131\" data-recalc-dims=\"1\" data-lazy-loaded=\"1\" \/><\/p>\n<p>&nbsp;<\/p>\n<p>&nbsp;<\/p>\n<p>&nbsp;<\/p>\n<p>&nbsp;<\/p>\n<audio class=\"wp-audio-shortcode\" id=\"audio-128432-10\" preload=\"none\" style=\"width: 100%;\" controls=\"controls\"><source type=\"audio\/mpeg\" src=\"https:\/\/www.radiopiu.net\/wordpress\/wp-content\/uploads\/2020\/04\/MAURO-SOPPELSA.mp3?_=10\" \/><a href=\"https:\/\/www.radiopiu.net\/wordpress\/wp-content\/uploads\/2020\/04\/MAURO-SOPPELSA.mp3\">https:\/\/www.radiopiu.net\/wordpress\/wp-content\/uploads\/2020\/04\/MAURO-SOPPELSA.mp3<\/a><\/audio>\n<p>&nbsp;<\/p>\n<hr \/>\n<p>&nbsp;<\/p>\n<blockquote>\n<h3>LE COMUNICAZIONI DEI SINDACI DELL\u2019AGORDINO. DA GOSALDO GIOCONDO DALLE FESTE<\/h3>\n<\/blockquote>\n<p><a class=\"dt-pswp-item\" href=\"https:\/\/www.radiopiu.net\/wordpress\/wp-content\/uploads\/2017\/07\/Giocondo-OK-.jpg\" data-dt-img-description=\"\" data-large_image_width=\"250\" data-large_image_height=\"283\"><img loading=\"lazy\" decoding=\"async\" class=\" wp-image-34620 alignleft\" src=\"https:\/\/www.radiopiu.net\/wordpress\/wp-content\/uploads\/2017\/07\/Giocondo-OK-.jpg\" alt=\"\" width=\"151\" height=\"171\" \/><\/a><\/p>\n<audio class=\"wp-audio-shortcode\" id=\"audio-128432-11\" preload=\"none\" style=\"width: 100%;\" controls=\"controls\"><source type=\"audio\/mpeg\" src=\"https:\/\/www.radiopiu.net\/wordpress\/wp-content\/uploads\/2020\/04\/GIOCONDO-DALLE-FESTE-BUONI.mp3?_=11\" \/><a href=\"https:\/\/www.radiopiu.net\/wordpress\/wp-content\/uploads\/2020\/04\/GIOCONDO-DALLE-FESTE-BUONI.mp3\">https:\/\/www.radiopiu.net\/wordpress\/wp-content\/uploads\/2020\/04\/GIOCONDO-DALLE-FESTE-BUONI.mp3<\/a><\/audio>\n<p>&nbsp;<\/p>\n<hr \/>\n<p>&nbsp;<\/p>\n<blockquote>\n<h3>LE COMUNICAZIONI DEI SINDACI DELL\u2019AGORDINO. DA ALLEGHE DANILO DE TONI<\/h3>\n<\/blockquote>\n<p><a class=\"dt-pswp-item\" href=\"https:\/\/www.radiopiu.net\/wordpress\/wp-content\/uploads\/2019\/05\/ALLEGHE-DANILO-DE-TONI.jpeg\" data-dt-img-description=\"\" data-large_image_width=\"1373\" data-large_image_height=\"1600\"><img loading=\"lazy\" decoding=\"async\" class=\" wp-image-86463 alignleft\" src=\"https:\/\/www.radiopiu.net\/wordpress\/wp-content\/uploads\/2019\/05\/ALLEGHE-DANILO-DE-TONI-257x300.jpeg\" alt=\"\" width=\"131\" height=\"153\" srcset=\"https:\/\/www.radiopiu.net\/wordpress\/wp-content\/uploads\/2019\/05\/ALLEGHE-DANILO-DE-TONI-257x300.jpeg 257w, https:\/\/www.radiopiu.net\/wordpress\/wp-content\/uploads\/2019\/05\/ALLEGHE-DANILO-DE-TONI-768x895.jpeg 768w, https:\/\/www.radiopiu.net\/wordpress\/wp-content\/uploads\/2019\/05\/ALLEGHE-DANILO-DE-TONI-879x1024.jpeg 879w, https:\/\/www.radiopiu.net\/wordpress\/wp-content\/uploads\/2019\/05\/ALLEGHE-DANILO-DE-TONI.jpeg 1373w\" sizes=\"auto, (max-width: 131px) 100vw, 131px\" \/><\/a><\/p>\n<audio class=\"wp-audio-shortcode\" id=\"audio-128432-12\" preload=\"none\" style=\"width: 100%;\" controls=\"controls\"><source type=\"audio\/mpeg\" src=\"https:\/\/www.radiopiu.net\/wordpress\/wp-content\/uploads\/2020\/04\/DE-TONI-SECONDE-CASE.mp3?_=12\" \/><a href=\"https:\/\/www.radiopiu.net\/wordpress\/wp-content\/uploads\/2020\/04\/DE-TONI-SECONDE-CASE.mp3\">https:\/\/www.radiopiu.net\/wordpress\/wp-content\/uploads\/2020\/04\/DE-TONI-SECONDE-CASE.mp3<\/a><\/audio>\n<p>&nbsp;<\/p>\n<hr \/>\n<p>&nbsp;<\/p>\n<blockquote>\n<h3>LE COMUNICAZIONI DEI SINDACI DELL\u2019AGORDINO. DA COLLE SANTA LUCIA PAOLO FRENA<\/h3>\n<\/blockquote>\n<p><a class=\"dt-pswp-item\" href=\"https:\/\/www.radiopiu.net\/wordpress\/wp-content\/uploads\/2018\/03\/paolo_frena.jpg\" data-dt-img-description=\"\" data-large_image_width=\"774\" data-large_image_height=\"884\"><img loading=\"lazy\" decoding=\"async\" class=\" wp-image-45409 alignleft\" src=\"https:\/\/www.radiopiu.net\/wordpress\/wp-content\/uploads\/2018\/03\/paolo_frena-263x300.jpg\" alt=\"\" width=\"132\" height=\"151\" srcset=\"https:\/\/www.radiopiu.net\/wordpress\/wp-content\/uploads\/2018\/03\/paolo_frena-263x300.jpg 263w, https:\/\/www.radiopiu.net\/wordpress\/wp-content\/uploads\/2018\/03\/paolo_frena-768x877.jpg 768w, https:\/\/www.radiopiu.net\/wordpress\/wp-content\/uploads\/2018\/03\/paolo_frena.jpg 774w\" sizes=\"auto, (max-width: 132px) 100vw, 132px\" \/><\/a><\/p>\n<audio class=\"wp-audio-shortcode\" id=\"audio-128432-13\" preload=\"none\" style=\"width: 100%;\" controls=\"controls\"><source type=\"audio\/mpeg\" src=\"https:\/\/www.radiopiu.net\/wordpress\/wp-content\/uploads\/2020\/04\/PAOLO-FRENA-08-APRILE.mp3?_=13\" \/><a href=\"https:\/\/www.radiopiu.net\/wordpress\/wp-content\/uploads\/2020\/04\/PAOLO-FRENA-08-APRILE.mp3\">https:\/\/www.radiopiu.net\/wordpress\/wp-content\/uploads\/2020\/04\/PAOLO-FRENA-08-APRILE.mp3<\/a><\/audio>\n<p>&nbsp;<\/p>\n<hr \/>\n<p>&nbsp;<\/p>\n<h3>LE COMUNICAZIONI DEL SINDACO DI TAIBON SILVIA TORMEN<\/h3>\n<blockquote>\n<h3><strong style=\"font-size: 14px;\"><a class=\"dt-pswp-item\" href=\"https:\/\/www.radiopiu.net\/wordpress\/wp-content\/uploads\/2019\/05\/TAIBON-SILVIA-TORMEN.jpeg\" data-dt-img-description=\"\" data-large_image_width=\"1062\" data-large_image_height=\"1600\"><img loading=\"lazy\" decoding=\"async\" class=\" wp-image-86482 alignleft\" src=\"https:\/\/www.radiopiu.net\/wordpress\/wp-content\/uploads\/2019\/05\/TAIBON-SILVIA-TORMEN-199x300.jpeg\" alt=\"\" width=\"99\" height=\"149\" srcset=\"https:\/\/www.radiopiu.net\/wordpress\/wp-content\/uploads\/2019\/05\/TAIBON-SILVIA-TORMEN-199x300.jpeg 199w, https:\/\/www.radiopiu.net\/wordpress\/wp-content\/uploads\/2019\/05\/TAIBON-SILVIA-TORMEN-768x1157.jpeg 768w, https:\/\/www.radiopiu.net\/wordpress\/wp-content\/uploads\/2019\/05\/TAIBON-SILVIA-TORMEN-680x1024.jpeg 680w, https:\/\/www.radiopiu.net\/wordpress\/wp-content\/uploads\/2019\/05\/TAIBON-SILVIA-TORMEN.jpeg 1062w\" sizes=\"auto, (max-width: 99px) 100vw, 99px\" \/><\/a><\/strong><\/h3>\n<\/blockquote>\n<p><strong>\u00a0<\/strong><\/p>\n<p>&nbsp;<\/p>\n<audio class=\"wp-audio-shortcode\" id=\"audio-128432-14\" preload=\"none\" style=\"width: 100%;\" controls=\"controls\"><source type=\"audio\/mpeg\" src=\"https:\/\/www.radiopiu.net\/wordpress\/wp-content\/uploads\/2020\/04\/SILVIA-TORMEN-BUONI-PASTO.mp3?_=14\" \/><a href=\"https:\/\/www.radiopiu.net\/wordpress\/wp-content\/uploads\/2020\/04\/SILVIA-TORMEN-BUONI-PASTO.mp3\">https:\/\/www.radiopiu.net\/wordpress\/wp-content\/uploads\/2020\/04\/SILVIA-TORMEN-BUONI-PASTO.mp3<\/a><\/audio>\n<p>&nbsp;<\/p>\n<hr \/>\n<p>&nbsp;<\/p>\n<h3>LE COMUNICAZIONI DEI SINDACI DELL\u2019AGORDINO. DA LIVINALLONGO LEANDRO SORATROI<\/h3>\n<p><a class=\"dt-pswp-item\" href=\"https:\/\/www.radiopiu.net\/wordpress\/wp-content\/uploads\/2019\/05\/LIVINALLONGO-LEANDRO-GRONES.jpg\" data-dt-img-description=\"\" data-large_image_width=\"548\" data-large_image_height=\"768\"><img loading=\"lazy\" decoding=\"async\" class=\"wp-image-86470 alignleft\" src=\"https:\/\/www.radiopiu.net\/wordpress\/wp-content\/uploads\/2019\/05\/LIVINALLONGO-LEANDRO-GRONES.jpg\" alt=\"\" width=\"130\" height=\"182\" srcset=\"https:\/\/www.radiopiu.net\/wordpress\/wp-content\/uploads\/2019\/05\/LIVINALLONGO-LEANDRO-GRONES.jpg 548w, https:\/\/www.radiopiu.net\/wordpress\/wp-content\/uploads\/2019\/05\/LIVINALLONGO-LEANDRO-GRONES-214x300.jpg 214w\" sizes=\"auto, (max-width: 130px) 100vw, 130px\" \/><\/a><\/p>\n<audio class=\"wp-audio-shortcode\" id=\"audio-128432-15\" preload=\"none\" style=\"width: 100%;\" controls=\"controls\"><source type=\"audio\/mpeg\" src=\"https:\/\/www.radiopiu.net\/wordpress\/wp-content\/uploads\/2020\/04\/leandro-grones.mp3?_=15\" \/><a href=\"https:\/\/www.radiopiu.net\/wordpress\/wp-content\/uploads\/2020\/04\/leandro-grones.mp3\">https:\/\/www.radiopiu.net\/wordpress\/wp-content\/uploads\/2020\/04\/leandro-grones.mp3<\/a><\/audio>\n<p>&nbsp;<\/p>\n<hr \/>\n<h3><\/h3>\n<h3>LE COMUNICAZIONI DEL CONSIGLIERE COMUNALE FEDERICA ZASSO<\/h3>\n<blockquote>\n<h3><\/h3>\n<\/blockquote>\n<p><strong><a class=\"dt-pswp-item\" href=\"https:\/\/www.radiopiu.net\/wordpress\/wp-content\/uploads\/2020\/04\/FEDERICA-ZASSO.jpg\" data-dt-img-description=\"\" data-large_image_width=\"235\" data-large_image_height=\"317\"><img loading=\"lazy\" decoding=\"async\" class=\" wp-image-127029 alignleft\" src=\"https:\/\/www.radiopiu.net\/wordpress\/wp-content\/uploads\/2020\/04\/FEDERICA-ZASSO-222x300.jpg\" alt=\"\" width=\"140\" height=\"189\" srcset=\"https:\/\/www.radiopiu.net\/wordpress\/wp-content\/uploads\/2020\/04\/FEDERICA-ZASSO-222x300.jpg 222w, https:\/\/www.radiopiu.net\/wordpress\/wp-content\/uploads\/2020\/04\/FEDERICA-ZASSO.jpg 235w\" sizes=\"auto, (max-width: 140px) 100vw, 140px\" \/><\/a><\/strong><\/p>\n<audio class=\"wp-audio-shortcode\" id=\"audio-128432-16\" preload=\"none\" style=\"width: 100%;\" controls=\"controls\"><source type=\"audio\/mpeg\" src=\"https:\/\/www.radiopiu.net\/wordpress\/wp-content\/uploads\/2020\/04\/federerica.mp3?_=16\" \/><a href=\"https:\/\/www.radiopiu.net\/wordpress\/wp-content\/uploads\/2020\/04\/federerica.mp3\">https:\/\/www.radiopiu.net\/wordpress\/wp-content\/uploads\/2020\/04\/federerica.mp3<\/a><\/audio>\n<p><strong>E DEL SINDACO ROBERTO CHISSALE&#8217;<\/strong><\/p>\n<audio class=\"wp-audio-shortcode\" id=\"audio-128432-17\" preload=\"none\" style=\"width: 100%;\" controls=\"controls\"><source type=\"audio\/mpeg\" src=\"https:\/\/www.radiopiu.net\/wordpress\/wp-content\/uploads\/2020\/04\/CHISSALE.mp3?_=17\" \/><a href=\"https:\/\/www.radiopiu.net\/wordpress\/wp-content\/uploads\/2020\/04\/CHISSALE.mp3\">https:\/\/www.radiopiu.net\/wordpress\/wp-content\/uploads\/2020\/04\/CHISSALE.mp3<\/a><\/audio>\n<p>&nbsp;<\/p>\n<p>&nbsp;<\/p>\n<hr \/>\n<div class=\"page-title-breadcrumbs\">\n<blockquote>\n<h3><\/h3>\n<h3 class=\"entry-title\">COMUNICAZIONI AI CITTADINI DAL SINDACO SILVIA CESTARO<\/h3>\n<\/blockquote>\n<p><strong><a class=\"dt-pswp-item\" href=\"https:\/\/www.radiopiu.net\/wordpress\/wp-content\/uploads\/2019\/07\/silvia-cestaro.jpg\" data-dt-img-description=\"\" data-large_image_width=\"558\" data-large_image_height=\"417\"><img loading=\"lazy\" decoding=\"async\" class=\" wp-image-92631 alignleft\" src=\"https:\/\/www.radiopiu.net\/wordpress\/wp-content\/uploads\/2019\/07\/silvia-cestaro-300x224.jpg\" alt=\"\" width=\"137\" height=\"102\" srcset=\"https:\/\/www.radiopiu.net\/wordpress\/wp-content\/uploads\/2019\/07\/silvia-cestaro-300x224.jpg 300w, https:\/\/www.radiopiu.net\/wordpress\/wp-content\/uploads\/2019\/07\/silvia-cestaro.jpg 558w\" sizes=\"auto, (max-width: 137px) 100vw, 137px\" \/><\/a><br \/>\n<\/strong><\/p>\n<\/div>\n<audio class=\"wp-audio-shortcode\" id=\"audio-128432-18\" preload=\"none\" style=\"width: 100%;\" controls=\"controls\"><source type=\"audio\/mpeg\" src=\"https:\/\/www.radiopiu.net\/wordpress\/wp-content\/uploads\/2020\/04\/CESTARO.mp3?_=18\" \/><a href=\"https:\/\/www.radiopiu.net\/wordpress\/wp-content\/uploads\/2020\/04\/CESTARO.mp3\">https:\/\/www.radiopiu.net\/wordpress\/wp-content\/uploads\/2020\/04\/CESTARO.mp3<\/a><\/audio>\n<p>&nbsp;<\/p>\n<p>&nbsp;<\/p>\n<hr \/>\n<p>&nbsp;<\/p>\n<p>&nbsp;<\/p>\n<div class=\"page-title-head hgroup\">\n<blockquote>\n<h3 class=\"entry-title\">LE COMUNICAZIONI DEL SINDACO DI LA VALLE EZIO ZUANEL AI CITTADINI<\/h3>\n<\/blockquote>\n<\/div>\n<div class=\"page-title-breadcrumbs\"><strong><a class=\"dt-pswp-item\" href=\"https:\/\/www.radiopiu.net\/wordpress\/wp-content\/uploads\/2019\/05\/LA-VALLE-EZIO-ZUANEL.jpeg\" data-dt-img-description=\"\" data-large_image_width=\"1600\" data-large_image_height=\"901\"><img loading=\"lazy\" decoding=\"async\" class=\"wp-image-86466 alignleft\" src=\"https:\/\/www.radiopiu.net\/wordpress\/wp-content\/uploads\/2019\/05\/LA-VALLE-EZIO-ZUANEL-300x169.jpeg\" alt=\"\" width=\"165\" height=\"93\" srcset=\"https:\/\/www.radiopiu.net\/wordpress\/wp-content\/uploads\/2019\/05\/LA-VALLE-EZIO-ZUANEL-300x169.jpeg 300w, https:\/\/www.radiopiu.net\/wordpress\/wp-content\/uploads\/2019\/05\/LA-VALLE-EZIO-ZUANEL-768x432.jpeg 768w, https:\/\/www.radiopiu.net\/wordpress\/wp-content\/uploads\/2019\/05\/LA-VALLE-EZIO-ZUANEL-1024x577.jpeg 1024w, https:\/\/www.radiopiu.net\/wordpress\/wp-content\/uploads\/2019\/05\/LA-VALLE-EZIO-ZUANEL.jpeg 1600w\" sizes=\"auto, (max-width: 165px) 100vw, 165px\" \/><\/a>LA VALLE<\/strong> Il Sindaco Ezio Zuanel comunica le informazioni relative alla consegna dei buoni spesa<\/div>\n<div>\n<audio class=\"wp-audio-shortcode\" id=\"audio-128432-19\" preload=\"none\" style=\"width: 100%;\" controls=\"controls\"><source type=\"audio\/mpeg\" src=\"https:\/\/www.radiopiu.net\/wordpress\/wp-content\/uploads\/2020\/04\/EZIO.mp3?_=19\" \/><a href=\"https:\/\/www.radiopiu.net\/wordpress\/wp-content\/uploads\/2020\/04\/EZIO.mp3\">https:\/\/www.radiopiu.net\/wordpress\/wp-content\/uploads\/2020\/04\/EZIO.mp3<\/a><\/audio>\n<\/div>\n<div><\/div>\n<div><\/div>\n<div><\/div>\n<div>\n<hr \/>\n<blockquote>\n<h2><a class=\"dt-pswp-item\" href=\"https:\/\/www.radiopiu.net\/wordpress\/wp-content\/uploads\/2019\/05\/ROCCA-ANDREA-DE-BERNARDIN.jpeg\" data-dt-img-description=\"\" data-large_image_width=\"757\" data-large_image_height=\"1600\"><img loading=\"lazy\" decoding=\"async\" class=\"wp-image-86473 alignleft\" src=\"https:\/\/www.radiopiu.net\/wordpress\/wp-content\/uploads\/2019\/05\/ROCCA-ANDREA-DE-BERNARDIN-484x1024.jpeg\" alt=\"\" width=\"171\" height=\"362\" srcset=\"https:\/\/www.radiopiu.net\/wordpress\/wp-content\/uploads\/2019\/05\/ROCCA-ANDREA-DE-BERNARDIN-484x1024.jpeg 484w, https:\/\/www.radiopiu.net\/wordpress\/wp-content\/uploads\/2019\/05\/ROCCA-ANDREA-DE-BERNARDIN-142x300.jpeg 142w, https:\/\/www.radiopiu.net\/wordpress\/wp-content\/uploads\/2019\/05\/ROCCA-ANDREA-DE-BERNARDIN.jpeg 757w\" sizes=\"auto, (max-width: 171px) 100vw, 171px\" \/><\/a><\/h2>\n<h2><\/h2>\n<h2>IL MESSAGGIO DEL SINDACO ANDREA DE BERNARDIN<\/h2>\n<\/blockquote>\n<p>&nbsp;<\/p>\n<p>&nbsp;<\/p>\n<p>&nbsp;<\/p>\n<p>&nbsp;<\/p>\n<audio class=\"wp-audio-shortcode\" id=\"audio-128432-20\" preload=\"none\" style=\"width: 100%;\" controls=\"controls\"><source type=\"audio\/mpeg\" src=\"https:\/\/www.radiopiu.net\/wordpress\/wp-content\/uploads\/2020\/04\/ANDREA.mp3?_=20\" \/><a href=\"https:\/\/www.radiopiu.net\/wordpress\/wp-content\/uploads\/2020\/04\/ANDREA.mp3\">https:\/\/www.radiopiu.net\/wordpress\/wp-content\/uploads\/2020\/04\/ANDREA.mp3<\/a><\/audio>\n<p>&nbsp;<\/p>\n<\/div>\n<div><\/div>\n<div><\/div>\n<p>&nbsp;<\/p>\n<hr \/>\n<div class=\"page-title-head hgroup\">\n<blockquote>\n<h3 class=\"entry-title\">DANIELE FERRAZZA RICORDA LO ZIO RENZO TAIO RECENTEMENTE SCOMPARSO AD AGORDO<\/h3>\n<\/blockquote>\n<\/div>\n<div class=\"page-title-breadcrumbs\"><strong class=\"photoswipe-wrapper\"><img loading=\"lazy\" decoding=\"async\" class=\"size-medium wp-image-128488 alignleft jetpack-lazy-image jetpack-lazy-image--handled\" src=\"https:\/\/i0.wp.com\/www.radiopiu.net\/wordpress\/wp-content\/uploads\/2020\/04\/8fba9354-8f9c-4813-a48a-f6b4a3a70e60.jpg?resize=300%2C300&amp;ssl=1\" sizes=\"auto, (max-width: 300px) 100vw, 300px\" srcset=\"https:\/\/i0.wp.com\/www.radiopiu.net\/wordpress\/wp-content\/uploads\/2020\/04\/8fba9354-8f9c-4813-a48a-f6b4a3a70e60.jpg?resize=300%2C300&amp;ssl=1 300w, https:\/\/i0.wp.com\/www.radiopiu.net\/wordpress\/wp-content\/uploads\/2020\/04\/8fba9354-8f9c-4813-a48a-f6b4a3a70e60.jpg?resize=1024%2C1024&amp;ssl=1 1024w, https:\/\/i0.wp.com\/www.radiopiu.net\/wordpress\/wp-content\/uploads\/2020\/04\/8fba9354-8f9c-4813-a48a-f6b4a3a70e60.jpg?resize=150%2C150&amp;ssl=1 150w, https:\/\/i0.wp.com\/www.radiopiu.net\/wordpress\/wp-content\/uploads\/2020\/04\/8fba9354-8f9c-4813-a48a-f6b4a3a70e60.jpg?resize=768%2C768&amp;ssl=1 768w, https:\/\/i0.wp.com\/www.radiopiu.net\/wordpress\/wp-content\/uploads\/2020\/04\/8fba9354-8f9c-4813-a48a-f6b4a3a70e60.jpg?resize=1536%2C1536&amp;ssl=1 1536w, https:\/\/i0.wp.com\/www.radiopiu.net\/wordpress\/wp-content\/uploads\/2020\/04\/8fba9354-8f9c-4813-a48a-f6b4a3a70e60.jpg?w=1600&amp;ssl=1 1600w\" alt=\"\" width=\"300\" height=\"300\" data-recalc-dims=\"1\" data-lazy-loaded=\"1\" \/>AGORDO<\/strong> Daniele Ferrazza ricorda lo zio Renzo Taio, recentemente scomparso ad Agordo<\/div>\n<div><\/div>\n<div>\n<audio class=\"wp-audio-shortcode\" id=\"audio-128432-21\" preload=\"none\" style=\"width: 100%;\" controls=\"controls\"><source type=\"audio\/mpeg\" src=\"https:\/\/www.radiopiu.net\/wordpress\/wp-content\/uploads\/2020\/04\/FERRAZZA-RICORDA-TAIO.mp3?_=21\" \/><a href=\"https:\/\/www.radiopiu.net\/wordpress\/wp-content\/uploads\/2020\/04\/FERRAZZA-RICORDA-TAIO.mp3\">https:\/\/www.radiopiu.net\/wordpress\/wp-content\/uploads\/2020\/04\/FERRAZZA-RICORDA-TAIO.mp3<\/a><\/audio>\n<\/div>\n<div><\/div>\n<div>\n<hr \/>\n<\/div>\n<p>&nbsp;<\/p>\n<blockquote>\n<h3>SAMMY, FRANZ E IL CORONAVIRUS&#8230;.<\/h3>\n<\/blockquote>\n<p><a class=\"dt-pswp-item\" href=\"https:\/\/www.radiopiu.net\/wordpress\/wp-content\/uploads\/2020\/04\/sammy-basso.jpg\" data-dt-img-description=\"\" data-large_image_width=\"225\" data-large_image_height=\"225\"><img loading=\"lazy\" decoding=\"async\" class=\" wp-image-128406 alignleft\" src=\"https:\/\/www.radiopiu.net\/wordpress\/wp-content\/uploads\/2020\/04\/sammy-basso.jpg\" alt=\"\" width=\"160\" height=\"160\" srcset=\"https:\/\/www.radiopiu.net\/wordpress\/wp-content\/uploads\/2020\/04\/sammy-basso.jpg 225w, https:\/\/www.radiopiu.net\/wordpress\/wp-content\/uploads\/2020\/04\/sammy-basso-150x150.jpg 150w\" sizes=\"auto, (max-width: 160px) 100vw, 160px\" \/><\/a>Sammy Basso amico degli agordini, amico di Canale d&#8217;Agordo ci ha inviato un video istruttivo sul Covid-19 che volentieri pubblichiamo. Sammy agli agordini ha gi\u00e0 avuto modo di raccontare la sua esperienza di vita e il suo impegno a favore della ricerca contro la progeria, malattia genetica rara che comporta un invecchiamento precoce, con cui Sammy convive dalla nascita.<\/p>\n<div style=\"width: 720px;\" class=\"wp-video\"><video class=\"wp-video-shortcode\" id=\"video-128432-1\" width=\"720\" height=\"480\" preload=\"metadata\" controls=\"controls\"><source type=\"video\/mp4\" src=\"https:\/\/www.radiopiu.net\/wordpress\/wp-content\/uploads\/2020\/04\/SAMMY-BASSO-CORONAVIRUS-OK.mp4?_=1\" \/><a href=\"https:\/\/www.radiopiu.net\/wordpress\/wp-content\/uploads\/2020\/04\/SAMMY-BASSO-CORONAVIRUS-OK.mp4\">https:\/\/www.radiopiu.net\/wordpress\/wp-content\/uploads\/2020\/04\/SAMMY-BASSO-CORONAVIRUS-OK.mp4<\/a><\/video><\/div>\n<p>&nbsp;<\/p>\n<hr \/>\n<p>&nbsp;<\/p>\n<blockquote>\n<h3>PASQUA 2020, L\u2019ABBRACCIO A DISTANZA DEGLI STUDENTI DEL LOLLINO<\/h3>\n<\/blockquote>\n<p><a class=\"dt-pswp-item\" href=\"https:\/\/www.radiopiu.net\/wordpress\/wp-content\/uploads\/2020\/04\/Assemblea-Pasqua-1.jpeg\" data-dt-img-description=\"\" data-large_image_width=\"1600\" data-large_image_height=\"1200\"><img loading=\"lazy\" decoding=\"async\" class=\"size-medium wp-image-128531 alignleft\" src=\"https:\/\/www.radiopiu.net\/wordpress\/wp-content\/uploads\/2020\/04\/Assemblea-Pasqua-1-300x225.jpeg\" alt=\"\" width=\"300\" height=\"225\" srcset=\"https:\/\/www.radiopiu.net\/wordpress\/wp-content\/uploads\/2020\/04\/Assemblea-Pasqua-1-300x225.jpeg 300w, https:\/\/www.radiopiu.net\/wordpress\/wp-content\/uploads\/2020\/04\/Assemblea-Pasqua-1-1024x768.jpeg 1024w, https:\/\/www.radiopiu.net\/wordpress\/wp-content\/uploads\/2020\/04\/Assemblea-Pasqua-1-768x576.jpeg 768w, https:\/\/www.radiopiu.net\/wordpress\/wp-content\/uploads\/2020\/04\/Assemblea-Pasqua-1-1536x1152.jpeg 1536w, https:\/\/www.radiopiu.net\/wordpress\/wp-content\/uploads\/2020\/04\/Assemblea-Pasqua-1.jpeg 1600w\" sizes=\"auto, (max-width: 300px) 100vw, 300px\" \/><\/a><strong>BELLUNO<\/strong> Il Liceo Lollino con una lettera augura buona Pasqua a tutti<\/p>\n<p><strong>LA LETTERA<\/strong><\/p>\n<blockquote><p><em>Tutti uniti, anche se lontani. Gli studenti, gli insegnanti e il personale del Liceo Lollino Classico e Scientifico si sono dati appuntamento in rete, per un augurio pasquale che \u00e8 diventato <b>l\u2019occasione per raccontarsi.\u00a0<\/b>L\u2019ultima plenaria era stata a San Marco d\u2019Auronzo, all\u2019inizio di febbraio, quando i ragazzi avevano stilato una carta di intenti per impegnarsi in prima persona sul fronte dei cambiamenti climatici.\u00a0La voglia di fare la propria parte ha caratterizzato anche in questa occasione gli interventi dei ragazzi. In molti hanno <b>preso sul serio il proprio impegno di studenti e di cittadini<\/b>, per dare anche solo un piccolo contributo allo sforzo collettivo, condotto da chi combatte questa battaglia in prima linea.\u00a0Tra gli interventi pi\u00f9 toccanti, quelli dei ragazzi dell\u2019ultimo anno: \u201cLa nostra maturit\u00e0 la stiamo facendo adesso\u201d, ha affermato <b>Maria Gomiero (V C)<\/b>, \u201cla vera prova non \u00e8 l\u2019esame si stato, ma il modo in cui stiamo affrontando questa situazione\u201d. \u201cMolti auspicano di tornare presto a scuola, ma noi probabilmente non ci torneremo mai pi\u00f9\u201d, \u00e8 stato l\u2019amaro commento di <b>Elena Cassol (V C)<\/b>, \u201cpossiamo tuttavia far rivivere col nostro impegno lo spirito del Lollino, che forse non vivremo pi\u00f9 di persona\u201d.\u00a0\u201cCarpe Diem\u201d, \u00e8 il massaggio arrivato da <b>Margherita Scintu (I CS)<\/b>, \u201cApprofittiamone per stare con la famiglia e riflettere sui nostri affetti\u201d. \u201cSe riusciamo ad affrontare questo momento, tutto ci sembrer\u00e0 pi\u00f9 semplice e bello\u201d, ha aggiunto la compagna di classe <b>Matilde Valerio<\/b>.\u201c\u00c8 stata anche un\u2019occasione, per il nostro Liceo, di distinguersi e i dimostrare seriet\u00e0 ed efficienza\u201d ha ricordato <b>Marco Donadon (II CS)<\/b>; \u201cQuando tutto sar\u00e0 finito, sapremo apprezzare le piccole cose\u201d, ha aggiunto <b>Benedetta De Bortoli (II CS)<\/b>, \u201canche solo rivederci fisicamente sar\u00e0 una gioia\u201d. \u201cDalla cenere pu\u00f2 rinascere la vita\u201d \u00e8 stata la riflessione di <b>Giacomo Spaziani (III C)<\/b>, cui si \u00e8 associato il compagno di classe <b>Matteo Cibien<\/b>, per un augurio a tutti i compagni, anche delle altre classi. La speranza di tornare al pi\u00f9 presto a una vita pi\u00f9 libera, nelle parole di <b>Dario Lazzari (IV C)<\/b> e un ringraziamento a tutti per il duro lavoro svolto a distanza in questo mesi, in quelle di <b>Giulia Moritsch (IV C)<\/b>. E non \u00e8 mancato, da parte dei ragazzi, un ringraziamento speciale alla segretaria <b>Donatella Dal Mas<\/b>, che garantisce il funzionamento della \u201cmacchina\u201d della didattica online.\u00a0Un invito a vivere il periodo pasquale dedicando tempo e spazio alla dimensione spirituale da parte del preside emerito, <b>prof.<\/b><b>don Elio Larese<\/b>, ad approfittare del silenzio di questi giorni per ascoltare la voce della natura da parte del <b>prof. Alvise Finco<\/b>, a cogliere i segnali di speranza, come il fiore nell\u2019opera \u201cGuern\u00ecca\u201d di Picasso, da parte del <b>prof. don Giacomo Mazzorana<\/b>. Un ringraziamento agli insegnanti per lo sforzo profuso nella didattica online da <b>Stefano D\u2019Antimo (V C).<\/b> \u201cHo riflettuto molto sul tempo e sulla necessit\u00e0 di usarlo meglio\u201d, \u00e8 stato il pensiero di <b>Giovanni Bianchini (V C)<\/b>. Il turbamento per la prospettiva di non rivedere pi\u00f9 alcuni alunni, nelle parole della <b>prof.ssa Maddalena Martini Barzolai<\/b>, accompagnato per\u00f2 da una certezza: \u201cIn queste settimane, pi\u00f9 che mai, mi sono sentita parte di una comunit\u00e0\u201d. Un ricordo dello \u201cspirito di San Marco\u201d anche da parte del <b>preside, prof. don Giuseppe Bratti<\/b>, che ha poi portato l\u2019attenzione dei ragazzi sul presente, citando le parole di una monaca di clausura sul significato di un\u2019esperienza ora vissuta da tutti: avere le cose pi\u00f9 belle a portata di mano. Quanto al futuro: \u201cNon potr\u00e0 essere la copia di quanto abbiamo vissuto fino ad ora, <b>il tempo che stiamo attraversando non \u00e8 kronos, sempre uguale a se stesso, ma kair\u00f2s, un tempo opportuno, un\u2019occasione da cogliere<\/b>\u201d. Infine l\u2019augurio pasquale, nelle parole della Sequenza Victimae paschali laudes. Mors et vita duello, conflixere mirando: Dux vitae mortuus, regnat vivus. \u201c\u00c8 quello che stiamo sperimentando in questo periodo, e lo celebriamo nella passione, morte e risurrezione di Cristo\u201d.<\/em><\/p><\/blockquote>\n<p>&nbsp;<\/p>\n<hr \/>\n<p>&nbsp;<\/p>\n<blockquote>\n<h3>A CANALE D\u2019AGORDO LA CONSEGNA A DOMICILIO DI MASCHERINE SU RICHIESTA<\/h3>\n<\/blockquote>\n<p><strong class=\"photoswipe-wrapper\"><img loading=\"lazy\" decoding=\"async\" class=\"wp-image-126460 alignleft jetpack-lazy-image jetpack-lazy-image--handled\" src=\"https:\/\/i2.wp.com\/www.radiopiu.net\/wordpress\/wp-content\/uploads\/2020\/03\/MASCHERINA-CHIRURGICA.png?resize=122%2C97&amp;ssl=1\" sizes=\"auto, (max-width: 122px) 100vw, 122px\" srcset=\"https:\/\/i2.wp.com\/www.radiopiu.net\/wordpress\/wp-content\/uploads\/2020\/03\/MASCHERINA-CHIRURGICA.png?resize=300%2C239&amp;ssl=1 300w, https:\/\/i2.wp.com\/www.radiopiu.net\/wordpress\/wp-content\/uploads\/2020\/03\/MASCHERINA-CHIRURGICA.png?resize=1024%2C817&amp;ssl=1 1024w, https:\/\/i2.wp.com\/www.radiopiu.net\/wordpress\/wp-content\/uploads\/2020\/03\/MASCHERINA-CHIRURGICA.png?resize=768%2C613&amp;ssl=1 768w, https:\/\/i2.wp.com\/www.radiopiu.net\/wordpress\/wp-content\/uploads\/2020\/03\/MASCHERINA-CHIRURGICA.png?w=1280&amp;ssl=1 1280w\" alt=\"\" width=\"122\" height=\"97\" data-lazy-loaded=\"1\" \/>CANALE D\u2019AGORDO<\/strong>\u00a0Il comune di Canale D\u2019Agordo ha cominciato la consegna a domicilio delle mascherine a richiesta. Al fine di limitare gli spostamenti, coloro che avessero bisogno di mascherine sono pregati di contattare il numero 320 3298245 dalle 9 alle 12 il luned\u00ec, mercoled\u00ec e venerd\u00ec. La consegna del materiale verr\u00e0 effettuato dalle associazioni di volontariato del territorio direttamente a casa. In caso di urgenze il numero \u00e8 0437 590323.<\/p>\n<p>&nbsp;<\/p>\n<hr \/>\n<p>&nbsp;<\/p>\n<blockquote>\n<h3>LA CROCE BIANCA VAL FIORENTINA CONSEGNA LA SPESA A DOMICILIO<\/h3>\n<\/blockquote>\n<p><strong>SELVA DI CADORE<\/strong>\u00a0I volontari della Croce Bianca Val Fiorentina vengono in aiuto agli anziani e alle persone bisognose che non possono muoversi di casa attivando un servizio di consegna a domicilio della spesa. Il servizio sar\u00e0 erogato il luned\u00ec, mercoled\u00ec e sabato. Per accedere al servizio basta contattare il negozio Conad di Selva di Cadore allo 0437 720613 o l\u2019alimentari di Pescul allo 0437 521071 entro le ore 10 poi i volontari della Croce Bianca Val Fiorentina consegneranno la spesa a casa.<\/p>\n<p>&nbsp;<\/p>\n<hr \/>\n<p>&nbsp;<\/p>\n<blockquote>\n<h3>A LA VALLE PARTE LA CONSEGNA A DOMICILIO DI FARMACI E SPESA<\/h3>\n<\/blockquote>\n<p><strong>LA VALLE AGORDINA<\/strong>\u00a0Il Sindaco informa che sono stati attivati i servizi di consegna a domicilio per farmaci e per la spesa. Per la consegna dei farmaci i numeri da chiamare sono 0437 62298 oppure 0437 63896, servizio attivo dal luned\u00ec al venerd\u00ec dalle 9 alle 12:30 e dalle 15:30 alle 18:30. Per la consegna della spesa a domicilio basta telefonare al Panificio \u201cEl Forner\u201d 0437 63040, servizio garantito dal lunedi al sabato dalle 7 alle 12:30 e dalle 16:30 alle 19, anche la domenica dalle 7 alle 12:30<\/p>\n<p>&nbsp;<\/p>\n<hr \/>\n<h3><\/h3>\n<blockquote>\n<h3>SERVIZIO A DOMICILIO ANCHE A CANALE D\u2019AGORDO<\/h3>\n<\/blockquote>\n<p><strong>CANALE D\u2019AGORDO<\/strong>\u00a0Il comune, in collaborazione con le associazioni di volontariato del territorio, ha attivato il servizio di consegna a domicilio di farmaci e beni di prima necessit\u00e0 alle persone che sono impossibiltate a muoversi (anziani, persone non autosufficienti, persone sole e\/o che non possono uscire dalla propria abitazione. Servizio attivo il luned\u00ec, mercoled\u00ec e venerd\u00ec. Per avvalersi del servizio il numero da chiamare \u00e8 320 3298245<\/p>\n<p>&nbsp;<\/p>\n<hr \/>\n<p>&nbsp;<\/p>\n<blockquote>\n<h3>SERVIZIO SPESA GRATIS PER FODOM<\/h3>\n<\/blockquote>\n<p class=\"photoswipe-wrapper\"><strong>LIVINALLONGO<\/strong>\u00a0Questo servizio \u00e8 rivolto a persone anziane e malate, ma anche alle famiglie e alle persone sole che non hanno la possibilit\u00e0 di fare acquisti. Il servizio pu\u00f2 essere richiesto ogni giorno ed \u00e8 gratuito.\u00a0Potr\u00e0 essere richiesto al 0471 444 444 dalle ore 8-18. La consegna avviene lo stesso giorno o al pi\u00f9 tardi il giorno successivo. Il servizio viene eseguito esclusivamente da volontari della Croce Bianca che possono identificarsi come collaboratori dell\u2019associazione e indossano la divisa e tesserino.<\/p>\n<p>&nbsp;<\/p>\n<hr \/>\n<p>&nbsp;<\/p>\n<blockquote class=\"wp-embedded-content\" data-secret=\"P8W8MPBvUo\"><p><a href=\"https:\/\/www.radiopiu.net\/wordpress\/alla-scuola-dellinfanzia-di-taibon-la-storia-di-un-uovo\/\">ALLA SCUOLA DELL&#8217;INFANZIA DI TAIBON LA STORIA DI..UN UOVO<\/a><\/p><\/blockquote>\n<p><iframe loading=\"lazy\" title=\"&#8220;ALLA SCUOLA DELL&#8217;INFANZIA DI TAIBON LA STORIA DI..UN UOVO&#8221; &#8212; Radio Pi\u00f9\" class=\"wp-embedded-content\" sandbox=\"allow-scripts\" security=\"restricted\" style=\"position: absolute; clip: rect(1px, 1px, 1px, 1px);\" src=\"https:\/\/www.radiopiu.net\/wordpress\/alla-scuola-dellinfanzia-di-taibon-la-storia-di-un-uovo\/embed\/#?secret=P8W8MPBvUo\" data-secret=\"P8W8MPBvUo\" width=\"600\" height=\"338\" frameborder=\"0\" marginwidth=\"0\" marginheight=\"0\" scrolling=\"no\"><\/iframe><\/p>\n<p>&nbsp;<\/p>\n<hr \/>\n<p>&nbsp;<\/p>\n<blockquote class=\"wp-embedded-content\" data-secret=\"GEr4p5bd6M\"><p><a href=\"https:\/\/www.radiopiu.net\/wordpress\/il-palazzo-pagani-cesa-di-belluno-sede-del-consiglio-delleconomia-di-renato-bona\/\">IL PALAZZO PAGANI CESA DI BELLUNO SEDE DEL CONSIGLIO DELL\u2019ECONOMIA di Renato Bona<\/a><\/p><\/blockquote>\n<p><iframe loading=\"lazy\" title=\"&#8220;IL PALAZZO PAGANI CESA DI BELLUNO SEDE DEL CONSIGLIO DELL\u2019ECONOMIA di Renato Bona&#8221; &#8212; Radio Pi\u00f9\" class=\"wp-embedded-content\" sandbox=\"allow-scripts\" security=\"restricted\" style=\"position: absolute; clip: rect(1px, 1px, 1px, 1px);\" src=\"https:\/\/www.radiopiu.net\/wordpress\/il-palazzo-pagani-cesa-di-belluno-sede-del-consiglio-delleconomia-di-renato-bona\/embed\/#?secret=GEr4p5bd6M\" data-secret=\"GEr4p5bd6M\" width=\"600\" height=\"338\" frameborder=\"0\" marginwidth=\"0\" marginheight=\"0\" scrolling=\"no\"><\/iframe><\/p>\n<p>&nbsp;<\/p>\n<hr \/>\n<p>&nbsp;<\/p>\n<h2>IERI ALLA RADIO<\/h2>\n<p><a class=\"dt-pswp-item\" href=\"https:\/\/www.radiopiu.net\/wordpress\/wp-content\/uploads\/2019\/07\/Roberto-Schena.jpg\" data-dt-img-description=\"\" data-large_image_width=\"1600\" data-large_image_height=\"777\"><img loading=\"lazy\" decoding=\"async\" class=\"size-medium wp-image-92181 alignleft\" src=\"https:\/\/www.radiopiu.net\/wordpress\/wp-content\/uploads\/2019\/07\/Roberto-Schena-300x146.jpg\" alt=\"\" width=\"300\" height=\"146\" srcset=\"https:\/\/www.radiopiu.net\/wordpress\/wp-content\/uploads\/2019\/07\/Roberto-Schena-300x146.jpg 300w, https:\/\/www.radiopiu.net\/wordpress\/wp-content\/uploads\/2019\/07\/Roberto-Schena-768x373.jpg 768w, https:\/\/www.radiopiu.net\/wordpress\/wp-content\/uploads\/2019\/07\/Roberto-Schena-1024x497.jpg 1024w, https:\/\/www.radiopiu.net\/wordpress\/wp-content\/uploads\/2019\/07\/Roberto-Schena.jpg 1600w\" sizes=\"auto, (max-width: 300px) 100vw, 300px\" \/><\/a><strong>CORONAVIRUS: ROBERTO SCHENA, ENOTECA &#8220;LA NOTOLA&#8221; AGORDO<\/strong><\/p>\n<p><strong>di Claudio Fontanive<\/strong><\/p>\n<audio class=\"wp-audio-shortcode\" id=\"audio-128432-22\" preload=\"none\" style=\"width: 100%;\" controls=\"controls\"><source type=\"audio\/mpeg\" src=\"https:\/\/www.radiopiu.net\/wordpress\/wp-content\/uploads\/2020\/04\/roberto-schenot.mp3?_=22\" \/><a href=\"https:\/\/www.radiopiu.net\/wordpress\/wp-content\/uploads\/2020\/04\/roberto-schenot.mp3\">https:\/\/www.radiopiu.net\/wordpress\/wp-content\/uploads\/2020\/04\/roberto-schenot.mp3<\/a><\/audio>\n<p>&nbsp;<\/p>\n<p><a class=\"dt-pswp-item\" href=\"https:\/\/www.radiopiu.net\/wordpress\/wp-content\/uploads\/2020\/04\/la-giasena.jpeg\" data-dt-img-description=\"\" data-large_image_width=\"225\" data-large_image_height=\"225\"><img loading=\"lazy\" decoding=\"async\" class=\"size-full wp-image-128452 alignleft\" src=\"https:\/\/www.radiopiu.net\/wordpress\/wp-content\/uploads\/2020\/04\/la-giasena.jpeg\" alt=\"\" width=\"225\" height=\"225\" srcset=\"https:\/\/www.radiopiu.net\/wordpress\/wp-content\/uploads\/2020\/04\/la-giasena.jpeg 225w, https:\/\/www.radiopiu.net\/wordpress\/wp-content\/uploads\/2020\/04\/la-giasena-150x150.jpeg 150w\" sizes=\"auto, (max-width: 225px) 100vw, 225px\" \/><\/a><strong>CORONAVIRUS: RINO BERNERD AZIENDA AGRICOLA &#8220;LA GIASENA&#8221;<\/strong><\/p>\n<p><strong>di Claudio Fontanive<\/strong><\/p>\n<audio class=\"wp-audio-shortcode\" id=\"audio-128432-23\" preload=\"none\" style=\"width: 100%;\" controls=\"controls\"><source type=\"audio\/mpeg\" src=\"https:\/\/www.radiopiu.net\/wordpress\/wp-content\/uploads\/2020\/04\/rino-bernard-la-giasena.mp3?_=23\" \/><a href=\"https:\/\/www.radiopiu.net\/wordpress\/wp-content\/uploads\/2020\/04\/rino-bernard-la-giasena.mp3\">https:\/\/www.radiopiu.net\/wordpress\/wp-content\/uploads\/2020\/04\/rino-bernard-la-giasena.mp3<\/a><\/audio>\n<p>&nbsp;<\/p>\n<h3><span style=\"color: #ff00ff;\">IN VIVO VERSO<\/span><\/h3>\n<blockquote class=\"wp-embedded-content\" data-secret=\"XFkffBEEma\"><p><a href=\"https:\/\/www.radiopiu.net\/wordpress\/ritornera-il-sereno-di-antonietta-crepaz\/\">RITORNERA&#8217; IL SERENO di ANTONIETTA CREPAZ<\/a><\/p><\/blockquote>\n<p><iframe loading=\"lazy\" title=\"&#8220;RITORNERA&#8217; IL SERENO di ANTONIETTA CREPAZ&#8221; &#8212; Radio Pi\u00f9\" class=\"wp-embedded-content\" sandbox=\"allow-scripts\" security=\"restricted\" style=\"position: absolute; clip: rect(1px, 1px, 1px, 1px);\" src=\"https:\/\/www.radiopiu.net\/wordpress\/ritornera-il-sereno-di-antonietta-crepaz\/embed\/#?secret=XFkffBEEma\" data-secret=\"XFkffBEEma\" width=\"600\" height=\"338\" frameborder=\"0\" marginwidth=\"0\" marginheight=\"0\" scrolling=\"no\"><\/iframe><\/p>\n<p>COLLEZIONE COMPLETA<\/p>\n<p><iframe loading=\"lazy\" class=\"wp-embedded-content\" title=\"\u201cIn Vivo Verso\u201d \u2014 Radio Pi\u00f9\" src=\"https:\/\/www.radiopiu.net\/wordpress\/in-vivo-verso\/embed\/#?secret=NaF4sdAhPS\" width=\"600\" height=\"200\" frameborder=\"0\" marginwidth=\"0\" marginheight=\"0\" scrolling=\"no\" sandbox=\"allow-scripts\" data-secret=\"NaF4sdAhPS\" data-mce-fragment=\"1\"><\/iframe><\/p>\n<h3><span style=\"color: #ff0000;\">DUE MINUTI UN LIBRO<\/span><\/h3>\n<blockquote class=\"wp-embedded-content\" data-secret=\"5F1odcYbeD\"><p><a href=\"https:\/\/www.radiopiu.net\/wordpress\/vittima-numero-2117\/\">VITTIMA NUMERO 2117<\/a><\/p><\/blockquote>\n<p><iframe loading=\"lazy\" title=\"&#8220;VITTIMA NUMERO 2117&#8221; &#8212; Radio Pi\u00f9\" class=\"wp-embedded-content\" sandbox=\"allow-scripts\" security=\"restricted\" style=\"position: absolute; clip: rect(1px, 1px, 1px, 1px);\" src=\"https:\/\/www.radiopiu.net\/wordpress\/vittima-numero-2117\/embed\/#?secret=5F1odcYbeD\" data-secret=\"5F1odcYbeD\" width=\"600\" height=\"338\" frameborder=\"0\" marginwidth=\"0\" marginheight=\"0\" scrolling=\"no\"><\/iframe><\/p>\n<p>LE ALTRE PUNTATE<\/p>\n<p><iframe loading=\"lazy\" class=\"wp-embedded-content\" title=\"\u201cDue minuti un libro\u201d \u2014 Radio Pi\u00f9\" src=\"https:\/\/www.radiopiu.net\/wordpress\/due-minuti-un-libro\/embed\/#?secret=HZQp6sP6GS\" width=\"600\" height=\"251\" frameborder=\"0\" marginwidth=\"0\" marginheight=\"0\" scrolling=\"no\" sandbox=\"allow-scripts\" data-secret=\"HZQp6sP6GS\" data-mce-fragment=\"1\"><\/iframe><\/p>\n<h3><span style=\"color: #339966;\">AGORDINOMERON<\/span><\/h3>\n<p><iframe loading=\"lazy\" class=\"wp-embedded-content\" title=\"\u201cAGORDINOMERON, IL TERRITORIO SI RACCONTA Da un\u2019idea di Gianni Santomaso\u201d \u2014 Radio Pi\u00f9\" src=\"https:\/\/www.radiopiu.net\/wordpress\/agordinomeron\/embed\/#?secret=K5GrHC2n8M\" width=\"600\" height=\"346\" frameborder=\"0\" marginwidth=\"0\" marginheight=\"0\" scrolling=\"no\" sandbox=\"allow-scripts\" data-secret=\"K5GrHC2n8M\" data-mce-fragment=\"1\"><\/iframe><\/p>\n<p><span style=\"color: #808080;\"><strong>IL MESSAGGIO DEI SACERDOTI SU RADIO PIU\u2019<\/strong><\/span><\/p>\n<p><iframe loading=\"lazy\" class=\"wp-embedded-content\" title=\"\u201cIL MESSAGGIO DAI SACERDOTI SU RADIO PIU\u2019 ALLE 7.30 E 19.30\u201d \u2014 Radio Pi\u00f9\" src=\"https:\/\/www.radiopiu.net\/wordpress\/il-messaggio-dai-sacerdoti-della-conca-su-radio-piu-alle-7-30-e-19-30\/embed\/#?secret=GCz27lyCw3\" width=\"600\" height=\"388\" frameborder=\"0\" marginwidth=\"0\" marginheight=\"0\" scrolling=\"no\" sandbox=\"allow-scripts\" data-secret=\"GCz27lyCw3\" data-mce-fragment=\"1\"><\/iframe><\/p>\n<p>&nbsp;<\/p>\n<hr \/>\n<p>&nbsp;<\/p>\n<p>STAI A CASA, A TAIBON E\u2019 LA FARMACIA CHE VIENE DA TE! AIUTACI AD AIUTARCI\u00a0 La distribuzione dei farmaci a domicilio, per gli abitanti di Taibon<\/p>\n<p>0437 640307 LA FRUTTA DIRETTAMENTE A CASA TUA CON MIRKO E L\u2019ORTOFRUTTA MARTINI DI AGORDO<\/p>\n<p>LA PIZZERIA BOCCON DIVINO A TAIBON AGORDINO COMUNICA CHE EFFETTUA SERVIZIO CONSEGNE PIZZE A DOMICILIO, TUTTI I GIORNI A PARTIRE DALLE ORE 18,\u00a0NEI COMUNI DI TAIBON AGORDINO E AGORDO.\u00a0POTETE PRENOTARE LE VOSTRE PIZZE, DALLE 16 ALLE 18 TELEFONICAMENTE AL 340 2986275<\/p>\n<p>DA SAPPADE DI FALCADE PICCOLA BAITA PORTA SULLE VOSTRE TAVOLE I SAPORI DEL TERRITORIO WWW.PICCOLABAITA.NET PER LE ORDINAZIONI ON LINE. 0437 590491<\/p>\n<p>L\u2019AZIENDA AGRICOLA MILCHHOF AGOSTINI DI SELVA DI CADORE. INFORMA CHE E\u2019 A DISPOSIZONE PER CONSEGNE GRATUITE A DOMICILIO IN TUTTA LA PROVICIA DI FORMAGGI, YOGURT, RICOTTE, MOZZARELLE DI PROPRIA PRODUZIONE, POTETE CONTATTARCI VIA TELEFONICA AL 380 39,57,409. PRENOTAZIONI ANCHE VIA WHATS UP ALLO STESSO NUMERO. \u00a0LA CONSEGNA AVVERRA\u2019 IN UNO O AL MASSIMO DUE GIORNI. AZIENDA AGRICLA MILCHOFF AGOSTINI. SELVA DI CADORE. 380 3957409<\/p>\n<p>Restiamo a casa, ma rafforziamoci per rimanere in salute!\u00a0Segui online le sessioni di allenamento della Palestra All Fit di Trichiana: ogni settimana avrai 2 sessioni di allenamento gratuite!\u00a0In pi\u00f9 ogni gioved\u00ec alle 18.30 ti aspetta la diretta Facebook durante la quale farai esercizio insieme allo staff All Fit e a centinaia di altre persone connesse anche loro da casa.\u00a0Per accedere al servizio gratuito, contatta All Fit tramite messaggio sulla pagina Facebook.\u00a0Non aspettare, prepariamoci per ripartire in salute pi\u00f9 forti di prima!<\/p>\n<p>DEVI SPOSTARTI? NON SAI COME FARE IN QUESTO DIFFICILE PERIODO?\u00a0 SENTI DOLOMITI VIAGGI DI FALCADE,\u00a0 COME UN TAXI:\u00a0 AUTOVETTURE E PULMINO NOLEGGIO CON CONDUCENTE. CHIAMA IL NUMERO 329 35,26,156.\u00a0 SAPRA\u2019 CONSIGLIARTI PER UN TRASPORTO IN SICUREZZA NEL RISPETTO DELLE MISURE ATTUALI DI CONTENIMENTO DEL CONTAGIO.<\/p>\n<p>ZUMBRILLENBER AGORDO CONSEGNA A DOMICILIO. PIATTI DI CARNE, PESCE, E PIZZE. A DOMICILIO, NEL RAGGIO DI 15 CHILOMETRI DA AGORDO, TUTTI I GIORNI. ANCHE WHATS UP ENTRO LE 20.30. TUTTI I GIORNI, PER PRANZO E CENA. 345 9135042<\/p>\n<p>I SERVIZI A DOMICILIO PER LE PERSONE ANZIANE DEL COMUNE DI ROCCA PIETORE. FARMACI: Farmacia dr. Fassa Caprile 0437 721112. RICETTE: Dott. Allegro 338 3312357, Dott. Mascanzoni 347 7145560. SPESA ALIMENTARE: Coop Rocca Pietore 0437 721304, Coop Alleghe 0437 523640, Coop Caprile 0437 721123, Alimentari Sottoguda 0437 722120, Alimentari Digonera 0437 529070, Macelleria Da Pian Caprile 0437 721151, Macelleria Ongaro Alleghe 0437 523317<\/p>\n<p>LA PASTICCERIA LES BON BON DI AGORDO TI INFORMA CHE E\u2019 ATTIVO IL SERVIZIO DI CONSEGNA A DOMICILIO, AD AGORDO E PAESI LIMITROFI. PORTIAMO A CASA TUA LE NOSTRE COLOMBE E I NOSTRI PRODOTTI DI PASTICCERIA, MA ANCHE OVETTI SFUSI LINDT E BARATTI. CONIGLIETTI, PULCINI, PELUCHE. PER INFO E PRENOTAZIONI. TELEFONO O WHATS UP AL 342 59,80,559. RIPETO. CI TROVI ANCHE SU FACEBOOK, INSTAGRAM, O EMAIL ALL\u2019INDIRIZZO LESBONBONSAGORDO@GMAIL.COM.\u00a0NELLA SETTIMANA DI PASQUA, CONSEGNE ANCHE IN ALTRI PAESI DELL\u2019AGORDINO.<\/p>\n<p>A RIVAMONTE DAISY! PANINI, BRUSCHETTE, TOAST. PER LA TUA CENA ALTERNATIVA E GUSTOSA. RICHIEDI IL NOSTRO LISTINO. TROVI DECINE DI PROPOSTE, E TANTE NOVITA\u2019. PER TE ANCHE LE NOSTRE BIRRE E I NOSTRI VINI DA ABBINARE. STATE A CASA, CHE ARRIVAMO NOI. CONSEGNAMO OGNI SERA. LE PRENOTAZIONI SI RICEVONO ENTRO LE ORE 17 AL 348 56,42,568. CONSEGNAMO A RIVAMONTE, GOSALDO, FRASSENE\u2019, VOLTAGO, TAIBON, AGORDO, LA VALLE.<\/p>\n<div class=\"google-auto-placed ap_container\">\n<p>La Profumeria Wanda di Agordo consegna i prodotti a domicilio. Puoi chiamare, spiegare le tue esigenze e scegliere quello di cui hai bisogno. Consegna direttamente a casa senza spese in tutto l\u2019Agordino il martedi e venerdi odinando il giorno precedente entro le 17. Per ulteriori informazioni 331 4662006. Negozio aperto dalle 10.30 alle 11.30 e dalle 16 alle 17<\/p>\n<p>L\u2019AZIENDA AGRICOLA ZANCHETTA, SPACCIO DI AGORDO INFORMA CHE EFFETTUA LA CONSEGNA A DOMICILIO DEL VINO DELLA PROPRIA PRODUZIONE. ARRIVIAMO DA VOI IL MERCOLEDI\u2019 POMERIGGIO, AD AGORDO E PAESI LIMITROFI. VINO BIANCO O ROSSO, IN BOTTIGLIA O DAMA DA 5 LITRI. PRENOTAZIONI ENTRO IL MERCOLEDI\u2019 MATTINA AL 335 6285096<\/p>\n<p>LA MACELLERIA COSTA INFORMA CHE EFFETTUA CONSEGNE A DOMICILIO GRATUITE IN TUTTO L\u2019AGORDINO. TUTTI I GIORNI DAL LUNEDI AL VENERDI\u2019. INFO PRENOTAZIONI E RICHIESTE LISTINO AL 340 9714699 anche social MACELLERIA COSTA CANALE D\u2019AGORDO<\/p>\n<p>LA PASTICCERIA SAINT HONORE DI AGORDO EFFETTUA DA MARTEDI 7 APRILE CONSEGNE A DOMICILIO AD AGORDO E PAESI LIMITROFI DI COLOMBE E UOVA PASQUALI DI PRODUZIONE PROPRIA, MA ANCHE CONFEZIONI REGALO E OVETTI LINDT. INFO E PRENOTAZIONI 0437 62585<\/p>\n<p>PREPARIAMO UNA SELEZIONE DELLE NOSTRE FAMOSE SPECIALITA\u2019, DA CONSEGNARVI A DOMICILIO. LA PORCHETTA FATTA DA NOI A UN EURO E 80 ALL\u2019ETTO I PANINI CON LA PORCHETTA A 4 EURO, LE NOSTRE POLPETTE DI POLLO E VERDURE A UN EURO E 20 CIASCUNA. E POI GNOCCHI FRESCHI FATTI DI GIORNATA A TRE EURO A PORZIONE, RAGU\u2019 DI CARNE FRESCO A 4 EURO A PORZIONE, CERVO CON POLENTA DI MAIS SPONCIO A 13 EURO, BACCALA\u2019 ALLA VICENTINA CON POLENTA DI SPONCIO A 13 EURO, TRIPPE ALLA PARMIGIANA CON POLENTA DI SPONCIO A 11 EURO. ORDINA TELEFONANDO AL 333 1432468 E IL GIORNO SUCCESSIVO CONSEGNEREMO A CASA TUA LE PIETANZE SCELTE. ORDINE MINIMO 25 EURO. SERVIZIO ATTIVO NEI TERRITORI DI AGORDO, CANALE, LA VALLE, CENCENIGHE, RIVAMONTE, VOLTAGO, TAIBON, BELLUNO, SEDICO, PONTE NELLE ALPI. SAN MARTIN \u2013 RISTORO E BAR. LOCALITA\u2019 LA MUDA STRADA AGORDO BELLUNO<\/p>\n<p>&nbsp;<\/p>\n<hr \/>\n<p>&nbsp;<\/p>\n<p><img loading=\"lazy\" decoding=\"async\" class=\"size-full wp-image-61378 aligncenter jetpack-lazy-image jetpack-lazy-image--handled\" src=\"https:\/\/i0.wp.com\/www.radiopiu.net\/wordpress\/wp-content\/uploads\/2018\/09\/WhatsApp-Image-2018-09-20-at-16.04.06.jpeg?resize=800%2C100&amp;ssl=1\" sizes=\"auto, (max-width: 800px) 100vw, 800px\" srcset=\"https:\/\/i0.wp.com\/www.radiopiu.net\/wordpress\/wp-content\/uploads\/2018\/09\/WhatsApp-Image-2018-09-20-at-16.04.06.jpeg?w=800&amp;ssl=1 800w, https:\/\/i0.wp.com\/www.radiopiu.net\/wordpress\/wp-content\/uploads\/2018\/09\/WhatsApp-Image-2018-09-20-at-16.04.06.jpeg?resize=300%2C38&amp;ssl=1 300w, https:\/\/i0.wp.com\/www.radiopiu.net\/wordpress\/wp-content\/uploads\/2018\/09\/WhatsApp-Image-2018-09-20-at-16.04.06.jpeg?resize=768%2C96&amp;ssl=1 768w\" alt=\"\" width=\"800\" height=\"100\" data-lazy-loaded=\"1\" \/><\/p>\n<p><center><\/center>&nbsp;<\/p>\n<p><center><b>Giovedi 9<\/b><\/center><b>Tempo atteso:\u00a0<\/b>Tempo stabile, ben soleggiato con cielo sereno, aria tersa e ottima visibilit\u00e0, salvo lievi e locali foschie mattutine nei fondovalle prealpini. Il clima sar\u00e0 meno fresco di notte e sempre pi\u00f9 primaverile in giornata, specie nelle valli.<br \/>\n<b>Precipitazioni:\u00a0<\/b>Assenti (0%).<br \/>\n<b>Temperature:\u00a0<\/b>In generale aumento a tutte le quote, eccetto stazionariet\u00e0 delle minime nei fondovalle prealpini e calo delle stesse minime sulle cime dolomitiche pi\u00f9 alte. Clima alquanto mite di giorno con valori superiori alla norma; forte escursione termica giornaliera nelle valli e sugli altopiani prealpini. Previste punte di 22\/23\u00b0C nei fondovalle prealpini e di 18\/19\u00b0C a 1000\/1200 m. Su Prealpi a 1500 m min 6\u00b0C max 11\u00b0C, a 2000 m min 5\u00b0C max 8\u00b0C. Su Dolomiti a 2000 m min 4\u00b0C max 8\u00b0C, a 3000 m min -4\u00b0C max -2\u00b0C.<br \/>\n<b>Venti:\u00a0<\/b>Perlopi\u00f9 deboli a regime di brezza nelle valli, localmente e temporaneamente moderati per soliti rinforzi notturni in alcuni settori prealpini; in quota deboli da nord-est, a 5-10 km\/h a 2000 m, 10-15 km\/h a 3000 m.<\/p>\n<hr \/>\n<p><center><b>Venerdi 10<\/b><\/center><b>Tempo atteso:\u00a0<\/b>Tempo stabile e ben soleggiato con cielo sereno, aria tersa ed ottima visibilit\u00e0. Clima ancora sempre un po&#8217; fresco di notte, mentre risulter\u00e0 tipicamente primaverile in giornata nelle valli.<br \/>\n<b>Precipitazioni:\u00a0<\/b>Assenti (0%)<br \/>\n<b>Temperature:\u00a0<\/b>Minime in aumento a tutte le quote, con leggera inversione termica nelle valli durante le ore pi\u00f9 fredde; massime in leggero aumento nelle valli e pressoch\u00e9 stazionarie in quota. Clima alquanto mite di giorno, con forte escursione termica giornaliera nelle valli e sugli altopiani prealpini. Sono previste punte di 22\/24\u00b0C nei fondovalle prealpini e di 19\/20\u00b0C a 1000\/1200 m. Su Prealpi a 1500 m min 7\u00b0C max 11\u00b0C, a 2000 m min 5\u00b0C max 8\u00b0C, a 3000 m min -3\u00b0C max -2\u00b0C.<br \/>\n<b>Venti:\u00a0<\/b>Perlopi\u00f9 deboli a regime di brezza nelle valli, localmente e temporaneamente moderati per soliti rinforzi notturni in alcuni settori prealpini; in quota deboli o molto deboli di direzione variabile, a 5-10 km\/h sia a 2000 m che a 3000 m.<\/p>\n<hr \/>\n<p><center><b>Sabato 11<\/b><\/center>Tempo stabile e ben soleggiato con cielo generalmente sereno, salvo innocui cumuli durante le ore pi\u00f9 calde, specie sulle Prealpi, e qualche velatura del cielo nel tardo pomeriggio per arrivo di nubi alte. Temperature minime pressoch\u00e9 stazionarie e massime in lieve aumento, con clima un po&#8217; meno fresco di notte e prettamente primaverile in giornata. Venti deboli da Ovest sud-ovest al mattino e da nord-ovest al pomeriggio in quota,brezze nelle valli.<\/p>\n<hr \/>\n<p><center><b>Domenica 12<\/b><\/center>Tempo stabile, anche se un po&#8217; meno soleggiato per maggiore presenza di cumuli nelle ore pi\u00f9 calde e velature del cielo via via pi\u00f9 estese nel corso del pomeriggio. Temperature minime stazionarie nelle valli e in leggera flessione in quota, massime in generale lieve diminuzione, anche se il clima risulter\u00e0 ancora primaverile nelle valli. Venti deboli da nord-ovest in quota e brezze nelle valli. Previsore: R.L.Th<\/p>\n<p>&nbsp;<\/p>\n<\/div>\n","protected":false},"excerpt":{"rendered":"<p>7.30 ULTIM&#8217;ORA INCENDIO IN VIA RONCHE NEL FELTRINO FELTRE Incendio normale (generico) (Mappa) \u00a0Indicato come Rilevante Data: 09\/04\/2020 06:29:45 Note intervento: casa singola, si arriva con i mezzi Per visualizzare il luogo del sinistro vai su:\u00a0http:\/\/maps.google.com\/maps?q=46.0506516+11.9506445 &nbsp; &nbsp; &nbsp; &nbsp; PER RICEVERE QUESTO NOTIZIARIO DIRETTAMENTE SUL TUO CELLULARE ISCRIVITI AL CANALE TELEGRAM\u00a0\u201cRADIO PIU\u00a0 INFORMAZIONE\u201d STAI&hellip;<\/p>\n","protected":false},"author":4,"featured_media":128703,"comment_status":"closed","ping_status":"closed","sticky":false,"template":"","format":"standard","meta":{"_monsterinsights_skip_tracking":false,"_monsterinsights_sitenote_active":false,"_monsterinsights_sitenote_note":"","_monsterinsights_sitenote_category":0,"footnotes":""},"categories":[1,51,86,49],"tags":[],"class_list":["post-128432","post","type-post","status-publish","format-standard","has-post-thumbnail","hentry","category-senza-categoria","category-evidenza-top","category-gr","category-news-18","category-1","category-51","category-86","category-49","description-off"],"img_url":"https:\/\/www.radiopiu.net\/wordpress\/wp-content\/uploads\/2020\/04\/AASDASDASDASDASDASDASDA.jpg","_links":{"self":[{"href":"https:\/\/www.radiopiu.net\/wordpress\/wp-json\/wp\/v2\/posts\/128432","targetHints":{"allow":["GET"]}}],"collection":[{"href":"https:\/\/www.radiopiu.net\/wordpress\/wp-json\/wp\/v2\/posts"}],"about":[{"href":"https:\/\/www.radiopiu.net\/wordpress\/wp-json\/wp\/v2\/types\/post"}],"author":[{"embeddable":true,"href":"https:\/\/www.radiopiu.net\/wordpress\/wp-json\/wp\/v2\/users\/4"}],"replies":[{"embeddable":true,"href":"https:\/\/www.radiopiu.net\/wordpress\/wp-json\/wp\/v2\/comments?post=128432"}],"version-history":[{"count":0,"href":"https:\/\/www.radiopiu.net\/wordpress\/wp-json\/wp\/v2\/posts\/128432\/revisions"}],"wp:featuredmedia":[{"embeddable":true,"href":"https:\/\/www.radiopiu.net\/wordpress\/wp-json\/wp\/v2\/media\/128703"}],"wp:attachment":[{"href":"https:\/\/www.radiopiu.net\/wordpress\/wp-json\/wp\/v2\/media?parent=128432"}],"wp:term":[{"taxonomy":"category","embeddable":true,"href":"https:\/\/www.radiopiu.net\/wordpress\/wp-json\/wp\/v2\/categories?post=128432"},{"taxonomy":"post_tag","embeddable":true,"href":"https:\/\/www.radiopiu.net\/wordpress\/wp-json\/wp\/v2\/tags?post=128432"}],"curies":[{"name":"wp","href":"https:\/\/api.w.org\/{rel}","templated":true}]}}