{"id":128433,"date":"2020-04-08T10:58:12","date_gmt":"2020-04-08T08:58:12","guid":{"rendered":"https:\/\/www.radiopiu.net\/wordpress\/?p=128433"},"modified":"2020-04-08T11:01:50","modified_gmt":"2020-04-08T09:01:50","slug":"oggi-la-rassegna-stampa-labbiamo-aperta-cosi-4","status":"publish","type":"post","link":"https:\/\/www.radiopiu.net\/wordpress\/oggi-la-rassegna-stampa-labbiamo-aperta-cosi-4\/","title":{"rendered":"OGGI LA RASSEGNA STAMPA L&#8217;ABBIAMO APERTA COSI&#8217;&#8230;"},"content":{"rendered":"<p>&nbsp;<\/p>\n<blockquote>\n<h2>DA BELLUNO, SERGIO VALACHI RECITA ITALO CALVINO, &#8220;L&#8217;INFERNO DEI VIVENTI&#8221;<\/h2>\n<\/blockquote>\n<audio class=\"wp-audio-shortcode\" id=\"audio-128433-1\" preload=\"none\" style=\"width: 100%;\" controls=\"controls\"><source type=\"audio\/mpeg\" src=\"https:\/\/www.radiopiu.net\/wordpress\/wp-content\/uploads\/2020\/04\/VALACCHI.mp3?_=1\" \/><a href=\"https:\/\/www.radiopiu.net\/wordpress\/wp-content\/uploads\/2020\/04\/VALACCHI.mp3\">https:\/\/www.radiopiu.net\/wordpress\/wp-content\/uploads\/2020\/04\/VALACCHI.mp3<\/a><\/audio>\n<p><em><a class=\"dt-pswp-item\" href=\"https:\/\/www.radiopiu.net\/wordpress\/wp-content\/uploads\/2020\/04\/WhatsApp-Image-2020-04-07-at-21.31.39.jpeg\" data-dt-img-description=\"\" data-large_image_width=\"1034\" data-large_image_height=\"1554\"><img loading=\"lazy\" decoding=\"async\" class=\"wp-image-128435 alignleft\" src=\"https:\/\/www.radiopiu.net\/wordpress\/wp-content\/uploads\/2020\/04\/WhatsApp-Image-2020-04-07-at-21.31.39-681x1024.jpeg\" alt=\"\" width=\"106\" height=\"159\" srcset=\"https:\/\/www.radiopiu.net\/wordpress\/wp-content\/uploads\/2020\/04\/WhatsApp-Image-2020-04-07-at-21.31.39-681x1024.jpeg 681w, https:\/\/www.radiopiu.net\/wordpress\/wp-content\/uploads\/2020\/04\/WhatsApp-Image-2020-04-07-at-21.31.39-200x300.jpeg 200w, https:\/\/www.radiopiu.net\/wordpress\/wp-content\/uploads\/2020\/04\/WhatsApp-Image-2020-04-07-at-21.31.39-768x1154.jpeg 768w, https:\/\/www.radiopiu.net\/wordpress\/wp-content\/uploads\/2020\/04\/WhatsApp-Image-2020-04-07-at-21.31.39-1022x1536.jpeg 1022w, https:\/\/www.radiopiu.net\/wordpress\/wp-content\/uploads\/2020\/04\/WhatsApp-Image-2020-04-07-at-21.31.39.jpeg 1034w\" sizes=\"auto, (max-width: 106px) 100vw, 106px\" \/><\/a>L&#8217;inferno dei viventi non \u00e8 qualcosa che sar\u00e0; se ce n&#8217;\u00e8 uno, \u00e8 quello che \u00e8 gi\u00e0 qui, l&#8217;inferno che abitiamo tutti i giorni, che formiamo stando insieme. Due modi ci sono per non soffrirne. Il primo riesce facile a molti: accettare l&#8217;inferno e diventarne parte fino al punto di non vederlo pi\u00f9. Il secondo \u00e8 rischioso ed esige attenzione e apprendimento continui: cercare e saper riconoscere chi e cosa, in mezzo all&#8217;inferno, non \u00e8 inferno, e farlo durare, e dargli spazio. <\/em><strong>Italo Calvino_foto<\/strong><\/p>\n<p>&nbsp;<\/p>\n<blockquote>\n<h2><strong><span style=\"color: #339966;\">RIAPERTURE:\u00a0 IL PERICOLO E&#8217; DIETRO L&#8217;ANGOLO.<\/span> NO ALLE FALSE ASPETTATIVE, CHE NON SI RISCHI DI <span style=\"color: #ff0000;\">PRENDERE IL GOL IN ZONA CESARINI\u00a0<\/span><\/strong><\/h2>\n<\/blockquote>\n<p><em><span style=\"color: #339966;\">L&#8217;Europa \u00e8 sempre pi\u00f9 spaccata con Austria<\/span>, Germania, Olanda e Finlandia che remano <span style=\"color: #ff0000;\">contro i covid bond, intesa sempre pi\u00f9 difficile<\/span><\/em><\/p>\n<p><span style=\"color: #339966;\">di Mir<\/span>ko Mezzacasa<\/p>\n<p>C&#8217;\u00e8 chi alimenta le speranze e chi tira di freni. Il premier Conte che dovr\u00e0 scrivere il nuovo DPCM tra venerdi e sabato ipotizza un primo allentamento, gli scienziati lo invitano alla prudenza perch\u00e9 il contagio potrebbe riaccendersi. Non sar\u00e0 comunque un &#8220;tana liberi tutti&#8221;, piuttosto la ripresa sar\u00e0 graduale con l&#8217;apertura di alcune attivit\u00e0, soprattutto quelle con le prenotazioni e poi via via tutti gli altri, periodi pi\u00f9 lunghi per i ristoranti e ulteriori limitazioni per parchi e pic nic per il via libera agli spostamenti bisogner\u00e0 probabilmente attendere il primo maggio.\u00a0 I segnali positivi non mancano, nelle terapie intensive della Regione i pazienti gravi sono in diminuzione, per la prima volta dall&#8217;inizio dell&#8217;epidemia i ricoverati sono scesi sotto quota 300, ma si continua a morire anche ieri la conta dei decessi ha superato i trenta.\u00a0 Ieri in Veneto 32 decessi,\u00a0 96 nuovi casi di positivit\u00e0, non erano mai scesi sotto ai cento. A Padova 27, a Treviso 30, &#8220;solo&#8221; 3 a Belluno e Vicenza e 7 a Rovigo. In Veneto 12.021 i positivi dal 21 febbraio, 10.245 gli attualmente positivi, 1054 i negativizzati, 722 il numero totale dei decessi (cumulativo anche extraospedale), 18.866 persone in isolamento domiciliare. Negli ospedali 1558 ricoverati (-21 nelle ultime 12 ore), 289 in terapia intensiva (-8) 1316 i guariti, 656 le vittime in ospedale. In provincia ancora due decessi, due anziane donne bellunesi. Nel reparto di Pneumologia al San Martino di Belluno \u00e8 morta Mirella Banterla in Cadorin paziente covid di 82 anni di Bes Una brava donna, sempre al servizio della nostra comunit\u00e0\u00bb, sottolinea don Lino Agostini, il parroco di Antole, \u00abera molto attiva nella nostra parrocchia e non posso nascondere un grande dispiacere per la sua scomparsa\u00bb.Banterla lascia, oltre al marito, i figli Paolo e Roberto, la nuora Renata, il nipote e tutti i parenti.\u00a0 Al Santa Maria del Prato di Feltre si \u00e8 spenta Amabile Limana De Bona di Borgo Valbelluna di 75 anni \u00a0ricoverata nella area covid.\u00a0 \u00a0Con i due decessi di ieri il bilancio si fa sempre pi\u00f9 pesante: 35 morti (compresi gli anziani della case di riposo),\u00a0 29 le vittime del covid decedute in ospedale, 19 al San Martino di Belluno, 6 a Feltre, 3 nell&#8217;ospedale di Comunit\u00e0 a Belluno e 1 ad Agordo. Ieri &#8220;solo&#8221; 3 nuovi infetti che portano il totale a 580. Negli ospedali un paziente in meno in area critica (39), e uno in meno a Feltre (7) che purtroppo corrispondono al numero dei decessi. Un paziente in meno nell&#8217;ospedale di Comunit\u00e0 di Belluno (13) e sempre 13 ad Agordo. E&#8217; sempre critica la situazione nelle case di riposo, sono 66 gli ospiti deceduti in Veneto. In provincia dopo Alano, Puos d&#8217;Alpago e Santa Croce l&#8217;emergenza scatta a Mel, il sindaco Stefano Cesa nel consiglio comunale ha comunicato che ci sono 5 ospiti positivi, 4 a Mel e 1 a Lentiai. Finita l&#8217;emergenza le terapie intensive non saranno <em>&#8220;disarmate&#8221; come ha spiegato ieri Luca Zaia &#8220;Come i cittadini terranno il pacchetto di mascherine, anche noi smantelleremo il minimo, e gli ospedali oggi occupati dai reparti Covid dopo la pausa pasquale \u00e8 previsto rientrino nella normalit\u00e0,\u00a0 ma abbiamo ancora 2000 persone in ospedale e temiamo l&#8217;arrivo delle piogge e l&#8217;abbassamento delle temperature&#8221;.<\/em> A creare confusione in questi giorni ci hanno pensato le Prefetture con la regola del silenzio assenso, i sindacati sono stati i primi a scendere sul piede di guerra e ieri sono arrivate ulteriori critiche da Venezia <em>&#8220;Il silenzio assenso e le richieste di deroghe hanno portato a tante aperture, molta gente \u00e8 comparsa in strada, ci sono un sacco di deroghe. Il silenzio assenso \u00e8 stato un boomerang. Io sono per aprire il prima possibile &#8211; ha sottolineato Zaia &#8211;\u00a0 la competenza \u00e8 del Governo e spero ci siano persone per bene davanti a questa pandemia. Sono per aprire se c&#8217;\u00e8 un minimo spiraglio.Gli assembramenti sono pericolosi, auspico che ci siano almeno i dispositivi e le distanze di sicurezza&#8221;.\u00a0 <\/em>Anche Luxottica \u00e8 pronta per la ripartenza, dopo l\u2019effettuazione di tutte le necessarie attivit\u00e0 di sanificazione ed implementazione del Protocollo sanitario gi\u00e0 condiviso, prevista la ripresa produttiva a bassi regimi a partire da marted\u00ec 14 Aprile, per tutti gli stabilimenti\u00a0 percentuale progressiva di presenze indicativa fra il 20% ed il 30%. Logistica distributiva, lenti oftalmiche ed after sales (Sedico) continueranno a lavorare sui livelli della settimana in corso. Sono, inoltre, previste le consuete attivit\u00e0 di manutenzione e messa in sicurezza degli impianti che verranno garantite in ogni sede. La novit\u00e0: chi \u00e8 stato assunto dopo il 23 febbraio avr\u00e0 copertura economica dall&#8217;azienda per le giornate di fermo. Il Presidente della provincia Roberto Padrin guarda avanti pensando a Cortina 2021 che sar\u00e0 il primo grande evento post emergenza. Ma \u00e8 preoccupato il presidente, perch\u00e9 in Italia le procedure burocratiche sono lente mentre le imprese hanno necessit\u00e0 di risposte celeri. <em>&#8220;Se le procedure non si snelliranno\u00a0 &#8211; dice Padrin &#8211; sar\u00e0 choc economico&#8221;<\/em>. Dal calendario non scompaiono solo gli eventi primaverili, ma anche quelli estivi. Domani avrebbe dovuto iniziare a Taibon la Sagra de Pasca, lunedi a Prompicai la Festa del fanciullo e l&#8217;evento &#8220;Agordo paese del graffito&#8221; ma se ne riparler\u00e0 solo il prossimo anno per quanto riguarda le sagre, mentre le opere in graffito quest&#8217;anno anche con la firma di Franco Murer ispirato a Tito Livio Burattini saranno realizzate quando la stretta sar\u00e0 allentata come da giorni riporta la pagina facebook dedicata all&#8217;evento. Annullata invece la 4 Pas in Doi di giugno della pro loco di Agordo, stessa sorte per la &#8220;Velenosa&#8221; del Cansiglio e come ricordato ieri cancellata anche la TransCivetta di luglio. Ieri a Venezia si \u00e8 parlato anche di elezioni <em>&#8220;Da fare il prima possibile &#8211; ha detto Zaia &#8211; magari a luglio,\u00a0 ma non certo a novembre e dicembre che \u00e8 una follia. Vuol dire non prendere in considerazione la recrudescenza del virus, rischiamo di non farle pi\u00f9 se ritorna,\u00a0 con la stagione autunnale \u00e8 sbagliatissimo prevedere una sessione autunnale di elezioni&#8221;.<\/em>Il cuore dei veneti \u00e8 sempre il cuore dei veneti, 27.781 persone hanno messo mano al portafoglio e le donazioni hanno superato i 30 milioni di euro, 5 quelli versati dalla Banca d&#8217;Italia,\u00a0 Huawey\u00a0 ha regalato 250 tablet e sim per gli ospedali. La fondazione Elios di Bassano ha versato 334 mila euro in attrezzature e 326 mila euro in donazioni.<\/p>\n","protected":false},"excerpt":{"rendered":"<p>&nbsp; DA BELLUNO, SERGIO VALACHI RECITA ITALO CALVINO, &#8220;L&#8217;INFERNO DEI VIVENTI&#8221; L&#8217;inferno dei viventi non \u00e8 qualcosa che sar\u00e0; se ce n&#8217;\u00e8 uno, \u00e8 quello che \u00e8 gi\u00e0 qui, l&#8217;inferno che abitiamo tutti i giorni, che formiamo stando insieme. Due modi ci sono per non soffrirne. Il primo riesce facile a molti: accettare l&#8217;inferno e&hellip;<\/p>\n","protected":false},"author":1,"featured_media":128435,"comment_status":"closed","ping_status":"closed","sticky":false,"template":"","format":"standard","meta":{"_monsterinsights_skip_tracking":false,"_monsterinsights_sitenote_active":false,"_monsterinsights_sitenote_note":"","_monsterinsights_sitenote_category":0,"footnotes":""},"categories":[51,49],"tags":[],"class_list":["post-128433","post","type-post","status-publish","format-standard","has-post-thumbnail","hentry","category-evidenza-top","category-news-18","category-51","category-49","description-off"],"img_url":"https:\/\/www.radiopiu.net\/wordpress\/wp-content\/uploads\/2020\/04\/WhatsApp-Image-2020-04-07-at-21.31.39.jpeg","_links":{"self":[{"href":"https:\/\/www.radiopiu.net\/wordpress\/wp-json\/wp\/v2\/posts\/128433","targetHints":{"allow":["GET"]}}],"collection":[{"href":"https:\/\/www.radiopiu.net\/wordpress\/wp-json\/wp\/v2\/posts"}],"about":[{"href":"https:\/\/www.radiopiu.net\/wordpress\/wp-json\/wp\/v2\/types\/post"}],"author":[{"embeddable":true,"href":"https:\/\/www.radiopiu.net\/wordpress\/wp-json\/wp\/v2\/users\/1"}],"replies":[{"embeddable":true,"href":"https:\/\/www.radiopiu.net\/wordpress\/wp-json\/wp\/v2\/comments?post=128433"}],"version-history":[{"count":0,"href":"https:\/\/www.radiopiu.net\/wordpress\/wp-json\/wp\/v2\/posts\/128433\/revisions"}],"wp:featuredmedia":[{"embeddable":true,"href":"https:\/\/www.radiopiu.net\/wordpress\/wp-json\/wp\/v2\/media\/128435"}],"wp:attachment":[{"href":"https:\/\/www.radiopiu.net\/wordpress\/wp-json\/wp\/v2\/media?parent=128433"}],"wp:term":[{"taxonomy":"category","embeddable":true,"href":"https:\/\/www.radiopiu.net\/wordpress\/wp-json\/wp\/v2\/categories?post=128433"},{"taxonomy":"post_tag","embeddable":true,"href":"https:\/\/www.radiopiu.net\/wordpress\/wp-json\/wp\/v2\/tags?post=128433"}],"curies":[{"name":"wp","href":"https:\/\/api.w.org\/{rel}","templated":true}]}}