{"id":128456,"date":"2020-04-08T12:34:03","date_gmt":"2020-04-08T10:34:03","guid":{"rendered":"https:\/\/www.radiopiu.net\/wordpress\/?p=128456"},"modified":"2020-04-08T13:59:55","modified_gmt":"2020-04-08T11:59:55","slug":"la-conferenza-stampa-del-presidente-del-veneto-luca-zaia-8-aprile-2020","status":"publish","type":"post","link":"https:\/\/www.radiopiu.net\/wordpress\/la-conferenza-stampa-del-presidente-del-veneto-luca-zaia-8-aprile-2020\/","title":{"rendered":"LA CONFERENZA STAMPA DEL PRESIDENTE DEL VENETO LUCA ZAIA 8 APRILE 2020"},"content":{"rendered":"<p><strong>VENEZIA<\/strong> Dalla sala stampa della Protezione Civile a Marghera, il Presidente del Veneto Luca Zaia e la sua conferenza stampa giornaliera<\/p>\n<h2>LEGGI LA CONFERENZA STAMPA DI LUCA ZAIA<\/h2>\n<p><strong>OGGI PRESENTE IN REGIONE LA TELEVISIONE RUSSA, GIOSTRAI IN DIFFICOLTA&#8217;, TRE FRATELLINI DONANO I LORO RISPARMI,\u00a0<\/strong><\/p>\n<p align=\"LEFT\">389 positivi in pi\u00f9 nelle ultime 12 ore, diminuiscono i ricoveri non critici e quelli in terapia intensiva. I contagiati dall&#8217;inizio dell&#8217;epidemia in regione sono 12.410, attualmente positivi sono 10.170. I deceduti sono in totale 736, di cui negli ospedali 666, 10 in pi\u00f9 nelle ultime 12 ore. In isolamento vi sono 18.886 persone. I ricoverati in area non critica sono 1.554, 4 in meno di ieri, e in terapia intensiva 285 (-4); i dimessi sono 1.349. Infine, nelle strutture di comunit\u00e0 vi sono 149 pazienti (+1), mentre sono stati 34 i dimessi e 9 i decessi. 81 i nuovi nati.<\/p>\n<p align=\"LEFT\"><strong>STATISTICA\u00a0<\/strong> dai 45 a 55 sono 8 persone morte, dai 55 ai 64 sono 33, dai 65 ai 74 sono 101 persone, oltre 594 morti non muoiono solo gli ottantenni tutte le fasce di et\u00e0 sono colpite anche se l&#8217;et\u00e0 media \u00e8 82 anni. <strong>DOPO IL 13 APRILE<\/strong>\u00a0 Dipende da quello che decider\u00e0 il Governo \u00a0non dipende dalla Regione. Ma abbiamo gi\u00e0 un piano pronto di monitoraggio e accompagnamento delle imprese che prevede innanzitutto la messa in sicurezza dei lavoratori. Da luned\u00ec sapremo se riaprire o meno, per me occorre andare per gradi e con supporto scientifico. <strong>FATTORE CLIMATICO<\/strong> Non \u00e8 irrilevante in primavera i problemi sono minori che nella stagione invernale. <strong>TRUFFE<\/strong> Ci sono realt\u00e0 che raccolgono soldi per conto della Regione qualche\u00a0 lazzarone c&#8217;\u00e8 sempre in giro. <strong>GIORGIA<\/strong>, <strong>TOMMASO E GIACOMO MASTELLOTTO DI SPRESIANO<\/strong> Hanno inviato una busta con\u00a0 375 euro da versare sul conto corrente della Regione. Riceviamo tante lettere dei bambini che rinunciano all&#8217;uovo di Pasqua siamo a oltre 29 mila donazione che sommano 30 mila euro su una spesa di 100 mila euro. <strong>CATEGORIA DI SPETTACOLI VIAGGIANTI SONO IN FORTE CRISI<\/strong> Mancano le sagre, i luna park, i parchi e in veneto c&#8217;\u00e8 anche l&#8217;industria della giostra che esporta in tutto il Veneto. Sono molto penalizzati in questa partita mancando la popolazione delle sagre.<\/p>\n<p align=\"LEFT\"><strong>ELEZIONI\u00a0 <\/strong>A Ottobre C&#8217;\u00e8\u00a0 il rischio di andare in un periodo invernale contestuale a un colpo di coda del virus. Chiaramente le elezioni devono essere fatte in sicurezza.<\/p>\n<p><strong>CENTRI DIURNI QUANDO LA RIAPERTURA?<\/strong> Ci vuole una capacit\u00e0 di fare test che non e&#8217; indifferente. Prima c&#8217;e&#8217; la sanit\u00e0 e non sono tutti tamponati e poi ci sono tutti i malati in ospedale e quelli a casa. Chi non ha il tampone oggi \u00e8 perch\u00e8 ci sono problemi operativi ad avere i tamponi. Ora ci sar\u00e0 un&#8217;altra onda di tamponi. Nelle Marche si chiedono come facciamo fare tanti tamponi che loro non ci riescono.<\/p>\n<p><strong>BOLLETTINO<\/strong> Aumentati di 500 unit\u00e0 i negativizzati come si spiega? Probabilmente per una campagna di verifica finale post quarantena, visto che sono arrivati i tamponi. Saranno state chiuse tutte le posizioni in piedi e quelli che erano in coda.<\/p>\n<p><strong>FASE 2 INDICAZIONI<\/strong> Scusatemi tutti ma il piano \u00e8 quello di pensare ad un accompagnamento delle imprese con i nostri servizi sanitari in emergenza<\/p>\n<p><strong>SINDACATI DICONO CHE LA ULSS3 EFFETTUREBBE SOLO TEST ANTICORPALI E NON TAMPONI NEGLI ANZIANI<\/strong> La diagnosi la si fa con il tampone. Il test rapido \u00e8 un servizio per una prima analisi differenziale. C&#8217;\u00e8 un protocollo da seguire. Viene usato il test rapido che non da referto<\/p>\n<p><strong>NON SI SONO PROVE CHE LE MASCHERINE DIANO SICUREZZA<\/strong> Non c&#8217;\u00e8 neanche la prova scientifica che chi ha avuto il coronavirus poi non torna. La mela a met\u00e0 non la spacca nessuno nemmeno nel mondo scientifico. Il 99 per cento della volte la mascherina serve altre no. Concentriamoci sulla bottiglia mezza piena non su quella vuota o ci chiudiamo in casa sigilliamo con il silicone ed andiamo in apnea per non mettere gas.<\/p>\n<p><strong>CHI DEVE USCIRE PER PRIMI?<\/strong> Spero tutti, ma prima i ragazzi.<\/p>\n<p><strong>NUMERI FANTASIOSI SULLE CASE DI RIPOSO<\/strong> Abbiamo un terzo di positivo tra gli ospiti e il 15% tra i lavoratori nelle strutture pi\u00f9 a rischio. Dobbiamo capire come entra il virus visto che ci sono le misure restrittive gi\u00e0 da febbraio. Qualcuno lo porta dentro o ci sono materiali che entrano nelle case di soggiorno, magari un cibo. In una vita normale contaminiamo tutto, ovvero tutto quello che tocchiamo.<\/p>\n<p><strong>CHIAREZZA SUI PREZZI DELLE MASCHERINA<\/strong> La disponibilit\u00e0 c&#8217;\u00e8. Diciamo grazie ma le abbiamo gi\u00e0 comperate a chi ce le offra. Non siamo nelle condizioni di comperare mascherine. Bisogna liberalizzare il mercato che oggi non \u00e8 libero, se ci sono sul mercato vengono sequestrate cos\u00ec come i guanti e lo confermano i supermercati che non ne hanno pi\u00f9. Bisogna che le lascino vendere.<\/p>\n<p>&nbsp;<\/p>\n<p><strong>VIDEO 1<\/strong><\/p>\n<p>https:\/\/www.facebook.com\/zaiaufficiale\/videos\/171476070592592<\/p>\n<h2>L&#8217;INTERVENTO DELL&#8217;ASSESSORE MANUELA LANZARIN<\/h2>\n<h2><\/h2>\n<p>https:\/\/www.facebook.com\/zaiaufficiale\/videos\/552928735350670\/<\/p>\n","protected":false},"excerpt":{"rendered":"<p>VENEZIA Dalla sala stampa della Protezione Civile a Marghera, il Presidente del Veneto Luca Zaia e la sua conferenza stampa giornaliera LEGGI LA CONFERENZA STAMPA DI LUCA ZAIA OGGI PRESENTE IN REGIONE LA TELEVISIONE RUSSA, GIOSTRAI IN DIFFICOLTA&#8217;, TRE FRATELLINI DONANO I LORO RISPARMI,\u00a0 389 positivi in pi\u00f9 nelle ultime 12 ore, diminuiscono i ricoveri&hellip;<\/p>\n","protected":false},"author":4,"featured_media":121391,"comment_status":"closed","ping_status":"closed","sticky":false,"template":"","format":"standard","meta":{"_monsterinsights_skip_tracking":false,"_monsterinsights_sitenote_active":false,"_monsterinsights_sitenote_note":"","_monsterinsights_sitenote_category":0,"footnotes":""},"categories":[51,49],"tags":[],"class_list":["post-128456","post","type-post","status-publish","format-standard","has-post-thumbnail","hentry","category-evidenza-top","category-news-18","category-51","category-49","description-off"],"img_url":"https:\/\/www.radiopiu.net\/wordpress\/wp-content\/uploads\/2020\/03\/covid-zaia.jpg","_links":{"self":[{"href":"https:\/\/www.radiopiu.net\/wordpress\/wp-json\/wp\/v2\/posts\/128456","targetHints":{"allow":["GET"]}}],"collection":[{"href":"https:\/\/www.radiopiu.net\/wordpress\/wp-json\/wp\/v2\/posts"}],"about":[{"href":"https:\/\/www.radiopiu.net\/wordpress\/wp-json\/wp\/v2\/types\/post"}],"author":[{"embeddable":true,"href":"https:\/\/www.radiopiu.net\/wordpress\/wp-json\/wp\/v2\/users\/4"}],"replies":[{"embeddable":true,"href":"https:\/\/www.radiopiu.net\/wordpress\/wp-json\/wp\/v2\/comments?post=128456"}],"version-history":[{"count":0,"href":"https:\/\/www.radiopiu.net\/wordpress\/wp-json\/wp\/v2\/posts\/128456\/revisions"}],"wp:featuredmedia":[{"embeddable":true,"href":"https:\/\/www.radiopiu.net\/wordpress\/wp-json\/wp\/v2\/media\/121391"}],"wp:attachment":[{"href":"https:\/\/www.radiopiu.net\/wordpress\/wp-json\/wp\/v2\/media?parent=128456"}],"wp:term":[{"taxonomy":"category","embeddable":true,"href":"https:\/\/www.radiopiu.net\/wordpress\/wp-json\/wp\/v2\/categories?post=128456"},{"taxonomy":"post_tag","embeddable":true,"href":"https:\/\/www.radiopiu.net\/wordpress\/wp-json\/wp\/v2\/tags?post=128456"}],"curies":[{"name":"wp","href":"https:\/\/api.w.org\/{rel}","templated":true}]}}