{"id":128521,"date":"2020-04-08T15:32:25","date_gmt":"2020-04-08T13:32:25","guid":{"rendered":"https:\/\/www.radiopiu.net\/wordpress\/?p=128521"},"modified":"2020-04-08T15:32:25","modified_gmt":"2020-04-08T13:32:25","slug":"ritornera-il-sereno-di-antonietta-crepaz","status":"publish","type":"post","link":"https:\/\/www.radiopiu.net\/wordpress\/ritornera-il-sereno-di-antonietta-crepaz\/","title":{"rendered":"RITORNERA&#8217; IL SERENO di ANTONIETTA CREPAZ"},"content":{"rendered":"<audio class=\"wp-audio-shortcode\" id=\"audio-128521-1\" preload=\"none\" style=\"width: 100%;\" controls=\"controls\"><source type=\"audio\/mpeg\" src=\"https:\/\/www.radiopiu.net\/wordpress\/wp-content\/uploads\/2020\/04\/VIVO-VERSO-MER.mp3?_=1\" \/><a href=\"https:\/\/www.radiopiu.net\/wordpress\/wp-content\/uploads\/2020\/04\/VIVO-VERSO-MER.mp3\">https:\/\/www.radiopiu.net\/wordpress\/wp-content\/uploads\/2020\/04\/VIVO-VERSO-MER.mp3<\/a><\/audio>\n<p>&nbsp;<\/p>\n<p>&nbsp;<\/p>\n<p><span style=\"color: #000000;\"><span style=\"font-family: Verdana, sans-serif;\"><span style=\"font-size: large;\">RITORNER\u00c0 IL SERENO<\/span><\/span><\/span><\/p>\n<p><span style=\"color: #000000;\"><span style=\"font-family: Verdana, sans-serif;\"><span style=\"font-size: large;\">Sar\u00e0 un sereno vero<br \/>\nfatto di sospirati abbracci<br \/>\ndi strette di mano amiche<br \/>\ndi vita che chiede rinascita<br \/>\ndopo quest&#8217;onda scura.<\/span><\/span><\/span><\/p>\n<p><span style=\"color: #000000;\"><span style=\"font-family: Verdana, sans-serif;\"><span style=\"font-size: large;\">Torner\u00e0 il sereno<br \/>\nrivedremo \u013e amico<br \/>\napprezzeremo la natura<br \/>\ni valori e i sentimenti:<br \/>\nora \u00e8 tempo di leggere<br \/>\nsfogliando il cuore<br \/>\nsino all&#8217;ultima riga.<\/span><\/span><\/span><\/p>\n","protected":false},"excerpt":{"rendered":"<p>&nbsp; &nbsp; RITORNER\u00c0 IL SERENO Sar\u00e0 un sereno vero fatto di sospirati abbracci di strette di mano amiche di vita che chiede rinascita dopo quest&#8217;onda scura. Torner\u00e0 il sereno rivedremo \u013e amico apprezzeremo la natura i valori e i sentimenti: ora \u00e8 tempo di leggere sfogliando il cuore sino all&#8217;ultima riga.<\/p>\n","protected":false},"author":1,"featured_media":128522,"comment_status":"closed","ping_status":"closed","sticky":false,"template":"","format":"standard","meta":{"_monsterinsights_skip_tracking":false,"_monsterinsights_sitenote_active":false,"_monsterinsights_sitenote_note":"","_monsterinsights_sitenote_category":0,"footnotes":""},"categories":[22,49],"tags":[],"class_list":["post-128521","post","type-post","status-publish","format-standard","has-post-thumbnail","hentry","category-invivoverso","category-news-18","category-22","category-49","description-off"],"img_url":"https:\/\/www.radiopiu.net\/wordpress\/wp-content\/uploads\/2020\/04\/FOTO-ANTONIETTA-CREPAZ.jpg","_links":{"self":[{"href":"https:\/\/www.radiopiu.net\/wordpress\/wp-json\/wp\/v2\/posts\/128521","targetHints":{"allow":["GET"]}}],"collection":[{"href":"https:\/\/www.radiopiu.net\/wordpress\/wp-json\/wp\/v2\/posts"}],"about":[{"href":"https:\/\/www.radiopiu.net\/wordpress\/wp-json\/wp\/v2\/types\/post"}],"author":[{"embeddable":true,"href":"https:\/\/www.radiopiu.net\/wordpress\/wp-json\/wp\/v2\/users\/1"}],"replies":[{"embeddable":true,"href":"https:\/\/www.radiopiu.net\/wordpress\/wp-json\/wp\/v2\/comments?post=128521"}],"version-history":[{"count":0,"href":"https:\/\/www.radiopiu.net\/wordpress\/wp-json\/wp\/v2\/posts\/128521\/revisions"}],"wp:featuredmedia":[{"embeddable":true,"href":"https:\/\/www.radiopiu.net\/wordpress\/wp-json\/wp\/v2\/media\/128522"}],"wp:attachment":[{"href":"https:\/\/www.radiopiu.net\/wordpress\/wp-json\/wp\/v2\/media?parent=128521"}],"wp:term":[{"taxonomy":"category","embeddable":true,"href":"https:\/\/www.radiopiu.net\/wordpress\/wp-json\/wp\/v2\/categories?post=128521"},{"taxonomy":"post_tag","embeddable":true,"href":"https:\/\/www.radiopiu.net\/wordpress\/wp-json\/wp\/v2\/tags?post=128521"}],"curies":[{"name":"wp","href":"https:\/\/api.w.org\/{rel}","templated":true}]}}