{"id":128526,"date":"2020-04-08T23:59:59","date_gmt":"2020-04-08T21:59:59","guid":{"rendered":"https:\/\/www.radiopiu.net\/wordpress\/?p=128526"},"modified":"2020-04-09T08:37:46","modified_gmt":"2020-04-09T06:37:46","slug":"il-palazzo-pagani-cesa-di-belluno-sede-del-consiglio-delleconomia-di-renato-bona","status":"publish","type":"post","link":"https:\/\/www.radiopiu.net\/wordpress\/il-palazzo-pagani-cesa-di-belluno-sede-del-consiglio-delleconomia-di-renato-bona\/","title":{"rendered":"IL PALAZZO PAGANI CESA DI BELLUNO SEDE DEL CONSIGLIO DELL\u2019ECONOMIA di Renato Bona"},"content":{"rendered":"<p><a class=\"dt-pswp-item\" href=\"https:\/\/www.radiopiu.net\/wordpress\/wp-content\/uploads\/2019\/08\/553085_385905871470280_1626001170_n-1.jpg\" data-dt-img-description=\"\" data-large_image_width=\"855\" data-large_image_height=\"569\"><img loading=\"lazy\" decoding=\"async\" class=\" wp-image-94594 alignleft\" src=\"https:\/\/www.radiopiu.net\/wordpress\/wp-content\/uploads\/2019\/08\/553085_385905871470280_1626001170_n-1-300x200.jpg\" alt=\"\" width=\"201\" height=\"134\" srcset=\"https:\/\/www.radiopiu.net\/wordpress\/wp-content\/uploads\/2019\/08\/553085_385905871470280_1626001170_n-1-300x200.jpg 300w, https:\/\/www.radiopiu.net\/wordpress\/wp-content\/uploads\/2019\/08\/553085_385905871470280_1626001170_n-1-768x511.jpg 768w, https:\/\/www.radiopiu.net\/wordpress\/wp-content\/uploads\/2019\/08\/553085_385905871470280_1626001170_n-1.jpg 855w\" sizes=\"auto, (max-width: 201px) 100vw, 201px\" \/><\/a><strong>di Renato Bona<\/strong><\/p>\n<p>\u201cIl massimo organo dell\u2019economia della Provincia, avendo bisogno di sistemare i propri uffici in una idonea sede, anzich\u00e9 costruire un apposito edificio, prefer\u00ec, e molto opportunamente, di acquistare e adattare allo scopo il Palazzo seicentesco posto nel cuore della citt\u00e0 di Belluno, costruito dalla nobile famiglia Pagani-Cesa, il cui stemma figura sulla facciata principale. Il Palazzo che ha un notevole valore artistico, fu, pertanto, completamente restaurato e restituito al suo primitivo splendore. La spesa complessiva sostenuta dall\u2019Ente per l\u2019acquisto dell\u2019edificio e per l\u2019adattamento e restauri si aggira intorno a L. 450 mila\u201d. Quanto precede &#8211; che si ferisce al Consiglio provinciale dell\u2019economia corporativa di Belluno &#8211; si legge nell\u2019appendice prima dell\u2019introvabile libro \u201cLa Provincia di Belluno in Regime Fascista\u201d, edito il 21 aprile 1934 (dodicesimo dell\u2019era fascista) a cura della Regia Prefettura e della Federazione provinciale Fascista, con il resoconto dell\u2019attivit\u00e0 svolta e opere compiute sotto il regime dalle amministrazioni e dagli enti della Provincia, dedicata ad attivit\u00e0 ed opere dell\u2019anno XI. Per quanto riguarda il Palazzo Pagani Cesa, il sito archivio.comune.belluno.it spiega che si tratta di \u201cEdificio realizzato in forme barocche all\u2019inizio del XVII secolo riunendo pi\u00f9 unit\u00e0 abitative. L\u2019intervento edilizio fu voluto dalla famiglia Cesa, che aveva un suo altare nella vicina chiesa di S. Stefano, entrata nel Consiglio dei Nobili nel 1547 ed estintasi nel 1624, continuando nel ramo dei Pagani-Cesa. La facciata seicentesca \u00e8 ornata di alcuni stemmi in pietra, tra cui particolarmente vistoso nel suo impianto e per la sua collocazione al di sopra della trifora centrale quello dei Cesa, caratterizzato da un agnello e da tre spighe di miglio. L\u2019edificio ha subito un totale rimaneggiamento interno nel 1932, con l\u2019aggiunta di nuovi volumi verso la valle dell\u2019Ardo. E\u2019 sede della Camera di Commercio provinciale\u201d. Torniamo al volume che in soli trecento esemplari numerati fu stampato nello stabilimento tipografico \u201cPanfilo Castaldi\u201d di Feltre, per ricordare che il suo curatore, il vice prefetto Carlo Riva, nella nota introduttiva dell\u2019appendice, scriveva: \u201cCircostanze varie hanno impedito che questo volume inteso a documentare le opere ed attivit\u00e0 svolte durante il primo decennio del Governo Fascista, potesse veder la luce per la data stabilita del 21 aprile 1933. Poich\u00e9, secondo l\u2019impulso impresso dal Capo del Governo alle attivit\u00e0 pubbliche e private in tutti i campi, anche l\u2019anno XI \u00e8 stato in Provincia di Belluno fecondo di molte ed importanti opere, ho ritenuto di raccogliere in questa appendice i dati principali sulle attivit\u00e0 svolte nel detto anno in Provincia, sia dagli Organi della Amministrazione dello Stato e Parastatali, sia dalle Amministrazioni degli Enti locali, Provincia, Comuni e Istituzioni di Beneficenza. Dato il carattere dell\u2019appendice le notizie sono necessariamente sintetiche, e le fotografie illustrano soltanto le opere degne di maggiore attenzione\u201d. Seguono il resoconto dell\u2019ufficio di Belluno del Corpo reale del Genio civile, quello dell\u2019Azienda autonoma statale della strada compartimento di Bolzano, quello della Milizia nazionale parastatale comando Corte di Belluno, dell\u2019ufficio bellunese del Segretariato nazionale della montagna, quello dell\u2019Opera nazionale Balilla, quello &#8211; illustrato all\u2019inizio &#8211; del Consiglio provinciale dell\u2019economia corporativa bellunese, infine l\u2019elenco, sempre con l\u2019indicazione delle relative spese, delle Opere compiute dai Comuni. Quanto alle foto selezionate da Riva compaiono quella del Ponte sul torrente Molin\u00e0 di Calalzo, quella della Casa del Balilla col vicino Monumento ai Caduti, di Belluno, quelle dell\u2019ingresso d\u2019onore e della sala consigliare nella sede del Consiglio provinciale, la facciata del Palazzo Pagani-Cesa (alla quale accostiamo una veduta dei giorni nostri dal sito archivio del Comune di Belluno); infine quella del nuovo macello comunale di Feltre.<\/p>\n\n\t\t\t<style type='text\/css'>\n\t\t\t\t#gallery-1 {\n\t\t\t\t\tmargin: auto;\n\t\t\t\t}\n\t\t\t\t#gallery-1 .gallery-item {\n\t\t\t\t\tfloat: left;\n\t\t\t\t\tmargin-top: 10px;\n\t\t\t\t\ttext-align: center;\n\t\t\t\t\twidth: 14%;\n\t\t\t\t}\n\t\t\t\t#gallery-1 img {\n\t\t\t\t\tborder: 2px solid #cfcfcf;\n\t\t\t\t}\n\t\t\t\t#gallery-1 .gallery-caption {\n\t\t\t\t\tmargin-left: 0;\n\t\t\t\t}\n\t\t\t\t\/* see gallery_shortcode() in wp-includes\/media.php *\/\n\t\t\t<\/style>\n\t\t<div id='gallery-1' class='dt-gallery-container gallery galleryid-128526 gallery-columns-7 gallery-size-thumbnail'><dl class='gallery-item'>\n\t\t\t\t<dt class='gallery-icon landscape'>\n\t\t\t\t\t<a class=\"rollover\" href='https:\/\/www.radiopiu.net\/wordpress\/il-palazzo-pagani-cesa-di-belluno-sede-del-consiglio-delleconomia-di-renato-bona\/92818268_2456202221358545_4816908528016949248_n\/'><img loading=\"lazy\" decoding=\"async\" width=\"150\" height=\"150\" src=\"https:\/\/www.radiopiu.net\/wordpress\/wp-content\/uploads\/2020\/04\/92818268_2456202221358545_4816908528016949248_n-150x150.jpg\" class=\"attachment-thumbnail size-thumbnail\" alt=\"\" \/><\/a>\n\t\t\t\t<\/dt><\/dl><dl class='gallery-item'>\n\t\t\t\t<dt class='gallery-icon portrait'>\n\t\t\t\t\t<a class=\"rollover\" href='https:\/\/www.radiopiu.net\/wordpress\/92940649_247754466621550_5376624761906397184_n\/'><img loading=\"lazy\" decoding=\"async\" width=\"150\" height=\"150\" src=\"https:\/\/www.radiopiu.net\/wordpress\/wp-content\/uploads\/2020\/04\/92940649_247754466621550_5376624761906397184_n-150x150.jpg\" class=\"attachment-thumbnail size-thumbnail\" alt=\"\" \/><\/a>\n\t\t\t\t<\/dt><\/dl><dl class='gallery-item'>\n\t\t\t\t<dt class='gallery-icon landscape'>\n\t\t\t\t\t<a class=\"rollover\" href='https:\/\/www.radiopiu.net\/wordpress\/92231309_161465351742108_1079504102448168960_n\/'><img loading=\"lazy\" decoding=\"async\" width=\"150\" height=\"150\" src=\"https:\/\/www.radiopiu.net\/wordpress\/wp-content\/uploads\/2020\/04\/92231309_161465351742108_1079504102448168960_n-150x150.jpg\" class=\"attachment-thumbnail size-thumbnail\" alt=\"\" \/><\/a>\n\t\t\t\t<\/dt><\/dl><dl class='gallery-item'>\n\t\t\t\t<dt class='gallery-icon landscape'>\n\t\t\t\t\t<a class=\"rollover\" href='https:\/\/www.radiopiu.net\/wordpress\/92466031_2785827031644871_3867635461845417984_n\/'><img loading=\"lazy\" decoding=\"async\" width=\"150\" height=\"150\" src=\"https:\/\/www.radiopiu.net\/wordpress\/wp-content\/uploads\/2020\/04\/92466031_2785827031644871_3867635461845417984_n-150x150.jpg\" class=\"attachment-thumbnail size-thumbnail\" alt=\"\" \/><\/a>\n\t\t\t\t<\/dt><\/dl><dl class='gallery-item'>\n\t\t\t\t<dt class='gallery-icon landscape'>\n\t\t\t\t\t<a class=\"rollover\" href='https:\/\/www.radiopiu.net\/wordpress\/92464051_2801061399948504_3676940004824711168_n\/'><img loading=\"lazy\" decoding=\"async\" width=\"150\" height=\"150\" src=\"https:\/\/www.radiopiu.net\/wordpress\/wp-content\/uploads\/2020\/04\/92464051_2801061399948504_3676940004824711168_n-150x150.jpg\" class=\"attachment-thumbnail size-thumbnail\" alt=\"\" \/><\/a>\n\t\t\t\t<\/dt><\/dl><dl class='gallery-item'>\n\t\t\t\t<dt class='gallery-icon landscape'>\n\t\t\t\t\t<a class=\"rollover\" href='https:\/\/www.radiopiu.net\/wordpress\/92288483_1883764085087771_1016642132175224832_n\/'><img loading=\"lazy\" decoding=\"async\" width=\"150\" height=\"150\" src=\"https:\/\/www.radiopiu.net\/wordpress\/wp-content\/uploads\/2020\/04\/92288483_1883764085087771_1016642132175224832_n-150x150.jpg\" class=\"attachment-thumbnail size-thumbnail\" alt=\"\" \/><\/a>\n\t\t\t\t<\/dt><\/dl><dl class='gallery-item'>\n\t\t\t\t<dt class='gallery-icon landscape'>\n\t\t\t\t\t<a class=\"rollover\" href='https:\/\/www.radiopiu.net\/wordpress\/92687487_230909994821273_7595474518504636416_n\/'><img loading=\"lazy\" decoding=\"async\" width=\"150\" height=\"150\" src=\"https:\/\/www.radiopiu.net\/wordpress\/wp-content\/uploads\/2020\/04\/92687487_230909994821273_7595474518504636416_n-150x150.png\" class=\"attachment-thumbnail size-thumbnail\" alt=\"\" \/><\/a>\n\t\t\t\t<\/dt><\/dl><br style=\"clear: both\" \/>\n\t\t\t<\/div>\n\n","protected":false},"excerpt":{"rendered":"<p>di Renato Bona \u201cIl massimo organo dell\u2019economia della Provincia, avendo bisogno di sistemare i propri uffici in una idonea sede, anzich\u00e9 costruire un apposito edificio, prefer\u00ec, e molto opportunamente, di acquistare e adattare allo scopo il Palazzo seicentesco posto nel cuore della citt\u00e0 di Belluno, costruito dalla nobile famiglia Pagani-Cesa, il cui stemma figura sulla&hellip;<\/p>\n","protected":false},"author":4,"featured_media":128536,"comment_status":"closed","ping_status":"closed","sticky":false,"template":"","format":"standard","meta":{"_monsterinsights_skip_tracking":false,"_monsterinsights_sitenote_active":false,"_monsterinsights_sitenote_note":"","_monsterinsights_sitenote_category":0,"footnotes":""},"categories":[1,49],"tags":[],"class_list":["post-128526","post","type-post","status-publish","format-standard","has-post-thumbnail","hentry","category-senza-categoria","category-news-18","category-1","category-49","description-off"],"img_url":"https:\/\/www.radiopiu.net\/wordpress\/wp-content\/uploads\/2020\/04\/92464051_2801061399948504_3676940004824711168_n.jpg","_links":{"self":[{"href":"https:\/\/www.radiopiu.net\/wordpress\/wp-json\/wp\/v2\/posts\/128526","targetHints":{"allow":["GET"]}}],"collection":[{"href":"https:\/\/www.radiopiu.net\/wordpress\/wp-json\/wp\/v2\/posts"}],"about":[{"href":"https:\/\/www.radiopiu.net\/wordpress\/wp-json\/wp\/v2\/types\/post"}],"author":[{"embeddable":true,"href":"https:\/\/www.radiopiu.net\/wordpress\/wp-json\/wp\/v2\/users\/4"}],"replies":[{"embeddable":true,"href":"https:\/\/www.radiopiu.net\/wordpress\/wp-json\/wp\/v2\/comments?post=128526"}],"version-history":[{"count":0,"href":"https:\/\/www.radiopiu.net\/wordpress\/wp-json\/wp\/v2\/posts\/128526\/revisions"}],"wp:featuredmedia":[{"embeddable":true,"href":"https:\/\/www.radiopiu.net\/wordpress\/wp-json\/wp\/v2\/media\/128536"}],"wp:attachment":[{"href":"https:\/\/www.radiopiu.net\/wordpress\/wp-json\/wp\/v2\/media?parent=128526"}],"wp:term":[{"taxonomy":"category","embeddable":true,"href":"https:\/\/www.radiopiu.net\/wordpress\/wp-json\/wp\/v2\/categories?post=128526"},{"taxonomy":"post_tag","embeddable":true,"href":"https:\/\/www.radiopiu.net\/wordpress\/wp-json\/wp\/v2\/tags?post=128526"}],"curies":[{"name":"wp","href":"https:\/\/api.w.org\/{rel}","templated":true}]}}