{"id":128530,"date":"2020-04-08T16:22:53","date_gmt":"2020-04-08T14:22:53","guid":{"rendered":"https:\/\/www.radiopiu.net\/wordpress\/?p=128530"},"modified":"2020-04-11T06:20:21","modified_gmt":"2020-04-11T04:20:21","slug":"pasqua-2020-labbraccio-a-distanza-degli-studenti-del-lollino","status":"publish","type":"post","link":"https:\/\/www.radiopiu.net\/wordpress\/pasqua-2020-labbraccio-a-distanza-degli-studenti-del-lollino\/","title":{"rendered":"PASQUA 2020, L\u2019ABBRACCIO A DISTANZA DEGLI STUDENTI DEL LOLLINO"},"content":{"rendered":"<p><a class=\"dt-pswp-item\" href=\"https:\/\/www.radiopiu.net\/wordpress\/wp-content\/uploads\/2020\/04\/Assemblea-Pasqua-1.jpeg\" data-dt-img-description=\"\" data-large_image_width=\"1600\" data-large_image_height=\"1200\"><img loading=\"lazy\" decoding=\"async\" class=\"size-medium wp-image-128531 alignleft\" src=\"https:\/\/www.radiopiu.net\/wordpress\/wp-content\/uploads\/2020\/04\/Assemblea-Pasqua-1-300x225.jpeg\" alt=\"\" width=\"300\" height=\"225\" srcset=\"https:\/\/www.radiopiu.net\/wordpress\/wp-content\/uploads\/2020\/04\/Assemblea-Pasqua-1-300x225.jpeg 300w, https:\/\/www.radiopiu.net\/wordpress\/wp-content\/uploads\/2020\/04\/Assemblea-Pasqua-1-1024x768.jpeg 1024w, https:\/\/www.radiopiu.net\/wordpress\/wp-content\/uploads\/2020\/04\/Assemblea-Pasqua-1-768x576.jpeg 768w, https:\/\/www.radiopiu.net\/wordpress\/wp-content\/uploads\/2020\/04\/Assemblea-Pasqua-1-1536x1152.jpeg 1536w, https:\/\/www.radiopiu.net\/wordpress\/wp-content\/uploads\/2020\/04\/Assemblea-Pasqua-1.jpeg 1600w\" sizes=\"auto, (max-width: 300px) 100vw, 300px\" \/><\/a><strong>BELLUNO<\/strong> Il Liceo Lollino con una lettera augura buona Pasqua a tutti<\/p>\n<p><strong>LA LETTERA<\/strong><\/p>\n<blockquote><p><em>Tutti uniti, anche se lontani. Gli studenti, gli insegnanti e il personale del Liceo Lollino Classico e Scientifico si sono dati appuntamento in rete, per un augurio pasquale che \u00e8 diventato <b>l\u2019occasione per raccontarsi.\u00a0<\/b>L\u2019ultima plenaria era stata a San Marco d\u2019Auronzo, all\u2019inizio di febbraio, quando i ragazzi avevano stilato una carta di intenti per impegnarsi in prima persona sul fronte dei cambiamenti climatici.\u00a0La voglia di fare la propria parte ha caratterizzato anche in questa occasione gli interventi dei ragazzi. In molti hanno <b>preso sul serio il proprio impegno di studenti e di cittadini<\/b>, per dare anche solo un piccolo contributo allo sforzo collettivo, condotto da chi combatte questa battaglia in prima linea.\u00a0Tra gli interventi pi\u00f9 toccanti, quelli dei ragazzi dell\u2019ultimo anno: \u201cLa nostra maturit\u00e0 la stiamo facendo adesso\u201d, ha affermato <b>Maria Gomiero (V C)<\/b>, \u201cla vera prova non \u00e8 l\u2019esame si stato, ma il modo in cui stiamo affrontando questa situazione\u201d. \u201cMolti auspicano di tornare presto a scuola, ma noi probabilmente non ci torneremo mai pi\u00f9\u201d, \u00e8 stato l\u2019amaro commento di <b>Elena Cassol (V C)<\/b>, \u201cpossiamo tuttavia far rivivere col nostro impegno lo spirito del Lollino, che forse non vivremo pi\u00f9 di persona\u201d.\u00a0\u201cCarpe Diem\u201d, \u00e8 il massaggio arrivato da <b>Margherita Scintu (I CS)<\/b>, \u201cApprofittiamone per stare con la famiglia e riflettere sui nostri affetti\u201d. \u201cSe riusciamo ad affrontare questo momento, tutto ci sembrer\u00e0 pi\u00f9 semplice e bello\u201d, ha aggiunto la compagna di classe <b>Matilde Valerio<\/b>.<span class=\"Apple-converted-space\">\u00a0 <\/span>\u201c\u00c8 stata anche un\u2019occasione, per il nostro Liceo, di distinguersi e i dimostrare seriet\u00e0 ed efficienza\u201d ha ricordato <b>Marco Donadon (II CS)<\/b>; \u201cQuando tutto sar\u00e0 finito, sapremo apprezzare le piccole cose\u201d, ha aggiunto <b>Benedetta De Bortoli (II CS)<\/b>, \u201canche solo rivederci fisicamente sar\u00e0 una gioia\u201d. \u201cDalla cenere pu\u00f2 rinascere la vita\u201d \u00e8 stata la riflessione di <b>Giacomo Spaziani (III C)<\/b>, cui si \u00e8 associato il compagno di classe <b>Matteo Cibien<\/b>, per un augurio a tutti i compagni, anche delle altre classi. La speranza di tornare al pi\u00f9 presto a una vita pi\u00f9 libera, nelle parole di <b>Dario Lazzari (IV C)<\/b> e un ringraziamento a tutti per il duro lavoro svolto a distanza in questo mesi, in quelle di <b>Giulia Moritsch (IV C)<\/b>. E non \u00e8 mancato, da parte dei ragazzi, un ringraziamento speciale alla segretaria <b>Donatella Dal Mas<\/b>, che garantisce il funzionamento della \u201cmacchina\u201d della didattica online.\u00a0Un invito a vivere il periodo pasquale dedicando tempo e spazio alla dimensione spirituale da parte del preside emerito, <b>prof.<\/b> <b>don Elio Larese<\/b>, ad approfittare del silenzio di questi giorni per ascoltare la voce della natura da parte del <b>prof. Alvise Finco<\/b>, a cogliere i segnali di speranza, come il fiore nell\u2019opera \u201cGuern\u00ecca\u201d di Picasso, da parte del <b>prof. don Giacomo Mazzorana<\/b>. Un ringraziamento agli insegnanti per lo sforzo profuso nella didattica online da <b>Stefano D\u2019Antimo (V C).<\/b> \u201cHo riflettuto molto sul tempo e sulla necessit\u00e0 di usarlo meglio\u201d, \u00e8 stato il pensiero di <b>Giovanni Bianchini (V C)<\/b>. Il turbamento per la prospettiva di non rivedere pi\u00f9 alcuni alunni, nelle parole della <b>prof.ssa Maddalena Martini Barzolai<\/b>, accompagnato per\u00f2 da una certezza: \u201cIn queste settimane, pi\u00f9 che mai, mi sono sentita parte di una comunit\u00e0\u201d.<span class=\"Apple-converted-space\">\u00a0<\/span>Un ricordo dello \u201cspirito di San Marco\u201d anche da parte del <b>preside, prof. don Giuseppe Bratti<\/b>, che ha poi portato l\u2019attenzione dei ragazzi sul presente, citando le parole di una monaca di clausura sul significato di un\u2019esperienza ora vissuta da tutti: avere le cose pi\u00f9 belle a portata di mano. Quanto al futuro: \u201cNon potr\u00e0 essere la copia di quanto abbiamo vissuto fino ad ora, <b>il tempo che stiamo attraversando non \u00e8 kronos, sempre uguale a se stesso, ma kair\u00f2s, un tempo opportuno, un\u2019occasione da cogliere<\/b>\u201d. Infine l\u2019augurio pasquale, nelle parole della Sequenza Victimae paschali laudes. Mors et vita duello, conflixere mirando: Dux vitae mortuus, regnat vivus. \u201c\u00c8 quello che stiamo sperimentando in questo periodo, e lo celebriamo nella passione, morte e risurrezione di Cristo\u201d.<\/em><\/p><\/blockquote>\n","protected":false},"excerpt":{"rendered":"<p>BELLUNO Il Liceo Lollino con una lettera augura buona Pasqua a tutti LA LETTERA Tutti uniti, anche se lontani. Gli studenti, gli insegnanti e il personale del Liceo Lollino Classico e Scientifico si sono dati appuntamento in rete, per un augurio pasquale che \u00e8 diventato l\u2019occasione per raccontarsi.\u00a0L\u2019ultima plenaria era stata a San Marco d\u2019Auronzo,&hellip;<\/p>\n","protected":false},"author":4,"featured_media":128531,"comment_status":"closed","ping_status":"closed","sticky":false,"template":"","format":"standard","meta":{"_monsterinsights_skip_tracking":false,"_monsterinsights_sitenote_active":false,"_monsterinsights_sitenote_note":"","_monsterinsights_sitenote_category":0,"footnotes":""},"categories":[1,49],"tags":[],"class_list":["post-128530","post","type-post","status-publish","format-standard","has-post-thumbnail","hentry","category-senza-categoria","category-news-18","category-1","category-49","description-off"],"img_url":"https:\/\/www.radiopiu.net\/wordpress\/wp-content\/uploads\/2020\/04\/Assemblea-Pasqua-1.jpeg","_links":{"self":[{"href":"https:\/\/www.radiopiu.net\/wordpress\/wp-json\/wp\/v2\/posts\/128530","targetHints":{"allow":["GET"]}}],"collection":[{"href":"https:\/\/www.radiopiu.net\/wordpress\/wp-json\/wp\/v2\/posts"}],"about":[{"href":"https:\/\/www.radiopiu.net\/wordpress\/wp-json\/wp\/v2\/types\/post"}],"author":[{"embeddable":true,"href":"https:\/\/www.radiopiu.net\/wordpress\/wp-json\/wp\/v2\/users\/4"}],"replies":[{"embeddable":true,"href":"https:\/\/www.radiopiu.net\/wordpress\/wp-json\/wp\/v2\/comments?post=128530"}],"version-history":[{"count":0,"href":"https:\/\/www.radiopiu.net\/wordpress\/wp-json\/wp\/v2\/posts\/128530\/revisions"}],"wp:featuredmedia":[{"embeddable":true,"href":"https:\/\/www.radiopiu.net\/wordpress\/wp-json\/wp\/v2\/media\/128531"}],"wp:attachment":[{"href":"https:\/\/www.radiopiu.net\/wordpress\/wp-json\/wp\/v2\/media?parent=128530"}],"wp:term":[{"taxonomy":"category","embeddable":true,"href":"https:\/\/www.radiopiu.net\/wordpress\/wp-json\/wp\/v2\/categories?post=128530"},{"taxonomy":"post_tag","embeddable":true,"href":"https:\/\/www.radiopiu.net\/wordpress\/wp-json\/wp\/v2\/tags?post=128530"}],"curies":[{"name":"wp","href":"https:\/\/api.w.org\/{rel}","templated":true}]}}