{"id":128550,"date":"2020-04-08T17:05:49","date_gmt":"2020-04-08T15:05:49","guid":{"rendered":"https:\/\/www.radiopiu.net\/wordpress\/?p=128550"},"modified":"2020-04-08T19:45:20","modified_gmt":"2020-04-08T17:45:20","slug":"coronavirus-il-contributo-del-palio-di-feltre","status":"publish","type":"post","link":"https:\/\/www.radiopiu.net\/wordpress\/coronavirus-il-contributo-del-palio-di-feltre\/","title":{"rendered":"CORONAVIRUS: IL CONTRIBUTO DEL PALIO DI FELTRE"},"content":{"rendered":"<p><strong><a class=\"dt-pswp-item\" href=\"https:\/\/www.radiopiu.net\/wordpress\/wp-content\/uploads\/2019\/02\/51757621_786919278332374_4057065011615367168_n.jpg\" data-dt-img-description=\"\" data-large_image_width=\"720\" data-large_image_height=\"540\"><img loading=\"lazy\" decoding=\"async\" class=\"size-medium wp-image-76193 alignleft\" src=\"https:\/\/www.radiopiu.net\/wordpress\/wp-content\/uploads\/2019\/02\/51757621_786919278332374_4057065011615367168_n-300x225.jpg\" alt=\"\" width=\"300\" height=\"225\" srcset=\"https:\/\/www.radiopiu.net\/wordpress\/wp-content\/uploads\/2019\/02\/51757621_786919278332374_4057065011615367168_n-300x225.jpg 300w, https:\/\/www.radiopiu.net\/wordpress\/wp-content\/uploads\/2019\/02\/51757621_786919278332374_4057065011615367168_n.jpg 720w\" sizes=\"auto, (max-width: 300px) 100vw, 300px\" \/><\/a>FELTRE<\/strong> In questo periodo di incertezza e di tanti dubbi sul futuro sanitario ed economico di noi tutti, il mondo del Palio di Feltre fa sentire la propria concreta presenza con un segnale di attenzione alle tante famiglie feltrine che si trovano a vivere in serie difficolt\u00e0 economiche. I quattro Quartieri (Castello, Duomo, Port&#8217; Oria, Santo Stefano) hanno deciso autonomamente di sostenere il fondo istituito del Comune di Feltre per i concittadini in situazioni di momentaneo disagio. Al contributo dei Quartieri si \u00e8 unito anche quello dell&#8217;Associazione Palio Citt\u00e0 di Feltre, che ha rimodulato le spese per la pubblicit\u00e0 extra regione per poter reperire le risorse necessarie, cos\u00ec che sar\u00e0 possibile aiutare la citt\u00e0 con 50 buoni spesa da 25 euro. Anche il Gruppo Sbandieratori Citt\u00e0 di Feltre ha ritenuto di dare un contributo alla collettivit\u00e0, sostenendo una raccolta fondi a favore dell&#8217;Ospedale Santa Maria del Prato.<span class=\"Apple-converted-space\">\u00a0<\/span>&#8220;<em>Penso sia un bellissimo segnale dell&#8217;intero mondo del Palio, a favore del proprio territorio, ha dichiarato il presidente Eugenio Tamburino, tanto pi\u00f9 prezioso perch\u00e8 elaborato autonomamente dai Quartieri e in un periodo difficile anche per loro. Penso sia molto significativo che l&#8217;intero mondo del Palio, al di l\u00e0 delle rivalit\u00e0 quando ci sar\u00e0 da pensare alle competizioni, si dimostri unito e compatto sotto l&#8217;insegna della solidariet\u00e0, unendo non solo Castello, Duomo, Port&#8217; Oria e Santo Stefano, ma anche l&#8217;Associazione Palio e il Gruppo Sbandieratori Citt\u00e0 di Feltre. Realt\u00e0 importanti per la citt\u00e0, che conoscono le difficolt\u00e0 di tutte le associazioni in questo momento, ma che proprio per questo sentono di dover essere vicini alle famiglie feltrine. Credo che ancora una volta si possa dire che il Palio per Feltre \u00e8 un valore aggiunto<\/em>&#8220;.<\/p>\n","protected":false},"excerpt":{"rendered":"<p>FELTRE In questo periodo di incertezza e di tanti dubbi sul futuro sanitario ed economico di noi tutti, il mondo del Palio di Feltre fa sentire la propria concreta presenza con un segnale di attenzione alle tante famiglie feltrine che si trovano a vivere in serie difficolt\u00e0 economiche. I quattro Quartieri (Castello, Duomo, Port&#8217; Oria,&hellip;<\/p>\n","protected":false},"author":4,"featured_media":76193,"comment_status":"closed","ping_status":"closed","sticky":false,"template":"","format":"standard","meta":{"_monsterinsights_skip_tracking":false,"_monsterinsights_sitenote_active":false,"_monsterinsights_sitenote_note":"","_monsterinsights_sitenote_category":0,"footnotes":""},"categories":[49],"tags":[],"class_list":["post-128550","post","type-post","status-publish","format-standard","has-post-thumbnail","hentry","category-news-18","category-49","description-off"],"img_url":"https:\/\/www.radiopiu.net\/wordpress\/wp-content\/uploads\/2019\/02\/51757621_786919278332374_4057065011615367168_n.jpg","_links":{"self":[{"href":"https:\/\/www.radiopiu.net\/wordpress\/wp-json\/wp\/v2\/posts\/128550","targetHints":{"allow":["GET"]}}],"collection":[{"href":"https:\/\/www.radiopiu.net\/wordpress\/wp-json\/wp\/v2\/posts"}],"about":[{"href":"https:\/\/www.radiopiu.net\/wordpress\/wp-json\/wp\/v2\/types\/post"}],"author":[{"embeddable":true,"href":"https:\/\/www.radiopiu.net\/wordpress\/wp-json\/wp\/v2\/users\/4"}],"replies":[{"embeddable":true,"href":"https:\/\/www.radiopiu.net\/wordpress\/wp-json\/wp\/v2\/comments?post=128550"}],"version-history":[{"count":0,"href":"https:\/\/www.radiopiu.net\/wordpress\/wp-json\/wp\/v2\/posts\/128550\/revisions"}],"wp:featuredmedia":[{"embeddable":true,"href":"https:\/\/www.radiopiu.net\/wordpress\/wp-json\/wp\/v2\/media\/76193"}],"wp:attachment":[{"href":"https:\/\/www.radiopiu.net\/wordpress\/wp-json\/wp\/v2\/media?parent=128550"}],"wp:term":[{"taxonomy":"category","embeddable":true,"href":"https:\/\/www.radiopiu.net\/wordpress\/wp-json\/wp\/v2\/categories?post=128550"},{"taxonomy":"post_tag","embeddable":true,"href":"https:\/\/www.radiopiu.net\/wordpress\/wp-json\/wp\/v2\/tags?post=128550"}],"curies":[{"name":"wp","href":"https:\/\/api.w.org\/{rel}","templated":true}]}}