{"id":129011,"date":"2020-04-10T06:52:56","date_gmt":"2020-04-10T04:52:56","guid":{"rendered":"https:\/\/www.radiopiu.net\/wordpress\/?p=129011"},"modified":"2020-04-11T06:20:05","modified_gmt":"2020-04-11T04:20:05","slug":"dubbi-rocchesani-il-sindaco-risponde-e-invita-alla-prudenza","status":"publish","type":"post","link":"https:\/\/www.radiopiu.net\/wordpress\/dubbi-rocchesani-il-sindaco-risponde-e-invita-alla-prudenza\/","title":{"rendered":"DUBBI ROCCHESANI, IL SINDACO RISPONDE E INVITA ALLA PRUDENZA\u00a0"},"content":{"rendered":"<p>&nbsp;<\/p>\n<h2><\/h2>\n<p><a class=\"dt-pswp-item\" href=\"https:\/\/www.radiopiu.net\/wordpress\/wp-content\/uploads\/2020\/04\/92334416_3055747474487685_5892806618873069568_o.jpg\" data-dt-img-description=\"\" data-large_image_width=\"601\" data-large_image_height=\"960\"><img loading=\"lazy\" decoding=\"async\" class=\"wp-image-129009 alignleft\" src=\"https:\/\/www.radiopiu.net\/wordpress\/wp-content\/uploads\/2020\/04\/92334416_3055747474487685_5892806618873069568_o.jpg\" alt=\"\" width=\"258\" height=\"412\" srcset=\"https:\/\/www.radiopiu.net\/wordpress\/wp-content\/uploads\/2020\/04\/92334416_3055747474487685_5892806618873069568_o.jpg 601w, https:\/\/www.radiopiu.net\/wordpress\/wp-content\/uploads\/2020\/04\/92334416_3055747474487685_5892806618873069568_o-188x300.jpg 188w\" sizes=\"auto, (max-width: 258px) 100vw, 258px\" \/><\/a><strong>Alla minoranza che chiedeva lumi circa la mancata informazione sui contagiati, documento firmato dal gruppo di opposizione e dalla consigliera Diana Borgia Iraci (uscita dal gruppo di maggioranza) ha risposto il sindaco Andrea De Bernardin:<\/strong><\/p>\n<blockquote><p>Abbiamo capito che, in base alla nota Legge sulla Privacy, non si pu\u00f2 in alcun modo fare nomi e cognomi di positivi e quarantene, a meno che questi non esprimano una liberatoria scritta che vada in questo senso. Da giorni vi sto girando la tabella che dice che a Rocca i positivi sono compresi numericamente fra i 4 e i 10. Siamo ancora entro questi numeri, anche se in leggero aumento. A questi si sommano le quarantene domiciliari. La situazione \u00e8 tutto sommato sotto controllo e, sinora nessuno dei nostri casi \u00e8 particolarmente preoccupante. Questo non significa prendere sottogamba la seriet\u00e0 del problema. Dobbiamo assolutamente evitare che parta un focolaio ben pi\u00f9 preoccupante e l&#8217;unico modo per farlo \u00e8 osservare meticolosamente le norme, continuamente ripetute. Mi rivolgo soprattutto a coloro i quali \u00e8 stata diagnosticata la positivit\u00e0 e raccomando loro massima attenzione. A TUTTI INVECE DI OSSERVARE LE REGOLE. IL VIGILE COMUNALE INTENSIFICHER\u00c0 I CONTROLLI UNITAMENTE ALLE FORZE DELL&#8217;ORDINE. E non abbiate paura a segnalare situazioni scorrette. Sappiate che<em> il Comune sta facendo tutto quanto il possibile per tenere la barra dritta.\u00a0<\/em><\/p><\/blockquote>\n<p>&nbsp;<\/p>\n<p><a class=\"dt-pswp-item\" href=\"https:\/\/www.radiopiu.net\/wordpress\/wp-content\/uploads\/2020\/04\/Schermata-2020-04-07-alle-20.26.55.png\" data-dt-img-description=\"\" data-large_image_width=\"1400\" data-large_image_height=\"838\"><img loading=\"lazy\" decoding=\"async\" class=\"alignnone size-large wp-image-128343\" src=\"https:\/\/www.radiopiu.net\/wordpress\/wp-content\/uploads\/2020\/04\/Schermata-2020-04-07-alle-20.26.55-1024x613.png\" alt=\"\" width=\"1024\" height=\"613\" srcset=\"https:\/\/www.radiopiu.net\/wordpress\/wp-content\/uploads\/2020\/04\/Schermata-2020-04-07-alle-20.26.55-1024x613.png 1024w, https:\/\/www.radiopiu.net\/wordpress\/wp-content\/uploads\/2020\/04\/Schermata-2020-04-07-alle-20.26.55-300x180.png 300w, https:\/\/www.radiopiu.net\/wordpress\/wp-content\/uploads\/2020\/04\/Schermata-2020-04-07-alle-20.26.55-768x460.png 768w, https:\/\/www.radiopiu.net\/wordpress\/wp-content\/uploads\/2020\/04\/Schermata-2020-04-07-alle-20.26.55.png 1400w\" sizes=\"auto, (max-width: 1024px) 100vw, 1024px\" \/><\/a><a class=\"dt-pswp-item\" href=\"https:\/\/www.radiopiu.net\/wordpress\/wp-content\/uploads\/2020\/04\/d2ca22b6-e206-49e7-867f-b14f4759e393.jpg\" data-dt-img-description=\"\" data-large_image_width=\"857\" data-large_image_height=\"1600\"><img loading=\"lazy\" decoding=\"async\" class=\"alignnone size-large wp-image-128329\" src=\"https:\/\/www.radiopiu.net\/wordpress\/wp-content\/uploads\/2020\/04\/d2ca22b6-e206-49e7-867f-b14f4759e393-548x1024.jpg\" alt=\"\" width=\"548\" height=\"1024\" srcset=\"https:\/\/www.radiopiu.net\/wordpress\/wp-content\/uploads\/2020\/04\/d2ca22b6-e206-49e7-867f-b14f4759e393-548x1024.jpg 548w, https:\/\/www.radiopiu.net\/wordpress\/wp-content\/uploads\/2020\/04\/d2ca22b6-e206-49e7-867f-b14f4759e393-161x300.jpg 161w, https:\/\/www.radiopiu.net\/wordpress\/wp-content\/uploads\/2020\/04\/d2ca22b6-e206-49e7-867f-b14f4759e393-768x1434.jpg 768w, https:\/\/www.radiopiu.net\/wordpress\/wp-content\/uploads\/2020\/04\/d2ca22b6-e206-49e7-867f-b14f4759e393-823x1536.jpg 823w, https:\/\/www.radiopiu.net\/wordpress\/wp-content\/uploads\/2020\/04\/d2ca22b6-e206-49e7-867f-b14f4759e393.jpg 857w\" sizes=\"auto, (max-width: 548px) 100vw, 548px\" \/><\/a><\/p>\n<p>&nbsp;<\/p>\n","protected":false},"excerpt":{"rendered":"<p>&nbsp; Alla minoranza che chiedeva lumi circa la mancata informazione sui contagiati, documento firmato dal gruppo di opposizione e dalla consigliera Diana Borgia Iraci (uscita dal gruppo di maggioranza) ha risposto il sindaco Andrea De Bernardin: Abbiamo capito che, in base alla nota Legge sulla Privacy, non si pu\u00f2 in alcun modo fare nomi e&hellip;<\/p>\n","protected":false},"author":1,"featured_media":128329,"comment_status":"closed","ping_status":"closed","sticky":false,"template":"","format":"standard","meta":{"_monsterinsights_skip_tracking":false,"_monsterinsights_sitenote_active":false,"_monsterinsights_sitenote_note":"","_monsterinsights_sitenote_category":0,"footnotes":""},"categories":[1,49],"tags":[],"class_list":["post-129011","post","type-post","status-publish","format-standard","has-post-thumbnail","hentry","category-senza-categoria","category-news-18","category-1","category-49","description-off"],"img_url":"https:\/\/www.radiopiu.net\/wordpress\/wp-content\/uploads\/2020\/04\/d2ca22b6-e206-49e7-867f-b14f4759e393.jpg","_links":{"self":[{"href":"https:\/\/www.radiopiu.net\/wordpress\/wp-json\/wp\/v2\/posts\/129011","targetHints":{"allow":["GET"]}}],"collection":[{"href":"https:\/\/www.radiopiu.net\/wordpress\/wp-json\/wp\/v2\/posts"}],"about":[{"href":"https:\/\/www.radiopiu.net\/wordpress\/wp-json\/wp\/v2\/types\/post"}],"author":[{"embeddable":true,"href":"https:\/\/www.radiopiu.net\/wordpress\/wp-json\/wp\/v2\/users\/1"}],"replies":[{"embeddable":true,"href":"https:\/\/www.radiopiu.net\/wordpress\/wp-json\/wp\/v2\/comments?post=129011"}],"version-history":[{"count":0,"href":"https:\/\/www.radiopiu.net\/wordpress\/wp-json\/wp\/v2\/posts\/129011\/revisions"}],"wp:featuredmedia":[{"embeddable":true,"href":"https:\/\/www.radiopiu.net\/wordpress\/wp-json\/wp\/v2\/media\/128329"}],"wp:attachment":[{"href":"https:\/\/www.radiopiu.net\/wordpress\/wp-json\/wp\/v2\/media?parent=129011"}],"wp:term":[{"taxonomy":"category","embeddable":true,"href":"https:\/\/www.radiopiu.net\/wordpress\/wp-json\/wp\/v2\/categories?post=129011"},{"taxonomy":"post_tag","embeddable":true,"href":"https:\/\/www.radiopiu.net\/wordpress\/wp-json\/wp\/v2\/tags?post=129011"}],"curies":[{"name":"wp","href":"https:\/\/api.w.org\/{rel}","templated":true}]}}