{"id":129088,"date":"2020-04-10T13:58:44","date_gmt":"2020-04-10T11:58:44","guid":{"rendered":"https:\/\/www.radiopiu.net\/wordpress\/?p=129088"},"modified":"2020-04-14T13:35:11","modified_gmt":"2020-04-14T11:35:11","slug":"scopriamo-agordo-perche-quando-tutto-questo-sara-finito-diremo-andiamo-a-farci-un-giro-ad-agordo","status":"publish","type":"post","link":"https:\/\/www.radiopiu.net\/wordpress\/scopriamo-agordo-perche-quando-tutto-questo-sara-finito-diremo-andiamo-a-farci-un-giro-ad-agordo\/","title":{"rendered":"SCOPRIAMO AGORDO PERCHE&#8217; QUANDO TUTTO QUESTO SARA&#8217; FINITO DIREMO: &#8220;ANDIAMO A FARCI UN GIRO AD AGORDO&#8221;"},"content":{"rendered":"<p><strong>AGORDO<\/strong> AD Agordo Pro Loco presenta una simpatica inziativa<\/p>\n<p><strong>DI GIANNI SANTOMASO<\/strong><\/p>\n<audio class=\"wp-audio-shortcode\" id=\"audio-129088-1\" preload=\"none\" style=\"width: 100%;\" controls=\"controls\"><source type=\"audio\/mpeg\" src=\"https:\/\/www.radiopiu.net\/wordpress\/wp-content\/uploads\/2020\/04\/GIANNI-SANTOMASO-andiamo-a-farci-un-giro-ad-agordo-di-ad-agordo-pro-loco.mp3?_=1\" \/><a href=\"https:\/\/www.radiopiu.net\/wordpress\/wp-content\/uploads\/2020\/04\/GIANNI-SANTOMASO-andiamo-a-farci-un-giro-ad-agordo-di-ad-agordo-pro-loco.mp3\">https:\/\/www.radiopiu.net\/wordpress\/wp-content\/uploads\/2020\/04\/GIANNI-SANTOMASO-andiamo-a-farci-un-giro-ad-agordo-di-ad-agordo-pro-loco.mp3<\/a><\/audio>\n<p>&nbsp;<\/p>\n<p>Eccoci arrivati al tanto atteso appuntamento! Oggi Enrico Farenzena vi spiegher\u00e0 la nuova iniziativa Ad Agordo Proloco che partir\u00e0 ufficialmente marted\u00ec 14 aprile alle ore 13 dalla pagina facebook Ad Agordo Proloco.\u00a0 Restate sintonizzati&#8230; per non perdere i prossimi video.<\/p>\n<p>https:\/\/www.facebook.com\/AdAgordoProloco\/videos\/3439740586041005<\/p>\n","protected":false},"excerpt":{"rendered":"<p>AGORDO AD Agordo Pro Loco presenta una simpatica inziativa DI GIANNI SANTOMASO &nbsp; Eccoci arrivati al tanto atteso appuntamento! Oggi Enrico Farenzena vi spiegher\u00e0 la nuova iniziativa Ad Agordo Proloco che partir\u00e0 ufficialmente marted\u00ec 14 aprile alle ore 13 dalla pagina facebook Ad Agordo Proloco.\u00a0 Restate sintonizzati&#8230; per non perdere i prossimi video. https:\/\/www.facebook.com\/AdAgordoProloco\/videos\/3439740586041005<\/p>\n","protected":false},"author":4,"featured_media":129089,"comment_status":"closed","ping_status":"closed","sticky":false,"template":"","format":"standard","meta":{"_monsterinsights_skip_tracking":false,"_monsterinsights_sitenote_active":false,"_monsterinsights_sitenote_note":"","_monsterinsights_sitenote_category":0,"footnotes":""},"categories":[124,49],"tags":[],"class_list":["post-129088","post","type-post","status-publish","format-standard","has-post-thumbnail","hentry","category-4-ciacole","category-news-18","category-124","category-49","description-off"],"img_url":"https:\/\/www.radiopiu.net\/wordpress\/wp-content\/uploads\/2020\/04\/AD-AGORDO-PROLOCO-LOGO_colors.jpg","_links":{"self":[{"href":"https:\/\/www.radiopiu.net\/wordpress\/wp-json\/wp\/v2\/posts\/129088","targetHints":{"allow":["GET"]}}],"collection":[{"href":"https:\/\/www.radiopiu.net\/wordpress\/wp-json\/wp\/v2\/posts"}],"about":[{"href":"https:\/\/www.radiopiu.net\/wordpress\/wp-json\/wp\/v2\/types\/post"}],"author":[{"embeddable":true,"href":"https:\/\/www.radiopiu.net\/wordpress\/wp-json\/wp\/v2\/users\/4"}],"replies":[{"embeddable":true,"href":"https:\/\/www.radiopiu.net\/wordpress\/wp-json\/wp\/v2\/comments?post=129088"}],"version-history":[{"count":0,"href":"https:\/\/www.radiopiu.net\/wordpress\/wp-json\/wp\/v2\/posts\/129088\/revisions"}],"wp:featuredmedia":[{"embeddable":true,"href":"https:\/\/www.radiopiu.net\/wordpress\/wp-json\/wp\/v2\/media\/129089"}],"wp:attachment":[{"href":"https:\/\/www.radiopiu.net\/wordpress\/wp-json\/wp\/v2\/media?parent=129088"}],"wp:term":[{"taxonomy":"category","embeddable":true,"href":"https:\/\/www.radiopiu.net\/wordpress\/wp-json\/wp\/v2\/categories?post=129088"},{"taxonomy":"post_tag","embeddable":true,"href":"https:\/\/www.radiopiu.net\/wordpress\/wp-json\/wp\/v2\/tags?post=129088"}],"curies":[{"name":"wp","href":"https:\/\/api.w.org\/{rel}","templated":true}]}}