{"id":129183,"date":"2020-04-10T16:36:06","date_gmt":"2020-04-10T14:36:06","guid":{"rendered":"https:\/\/www.radiopiu.net\/wordpress\/?p=129183"},"modified":"2020-04-10T18:09:59","modified_gmt":"2020-04-10T16:09:59","slug":"bimbo-investito-a-orzes","status":"publish","type":"post","link":"https:\/\/www.radiopiu.net\/wordpress\/bimbo-investito-a-orzes\/","title":{"rendered":"BIMBO INVESTITO A ORZES"},"content":{"rendered":"<p><strong><a class=\"dt-pswp-item\" href=\"https:\/\/www.radiopiu.net\/wordpress\/wp-content\/uploads\/2020\/04\/c929ac66-9661-45ea-9ce5-45231d7bd769.jpg\" data-dt-img-description=\"\" data-large_image_width=\"320\" data-large_image_height=\"213\"><img loading=\"lazy\" decoding=\"async\" class=\" wp-image-129227 alignleft\" src=\"https:\/\/www.radiopiu.net\/wordpress\/wp-content\/uploads\/2020\/04\/c929ac66-9661-45ea-9ce5-45231d7bd769.jpg\" alt=\"\" width=\"180\" height=\"120\" srcset=\"https:\/\/www.radiopiu.net\/wordpress\/wp-content\/uploads\/2020\/04\/c929ac66-9661-45ea-9ce5-45231d7bd769.jpg 320w, https:\/\/www.radiopiu.net\/wordpress\/wp-content\/uploads\/2020\/04\/c929ac66-9661-45ea-9ce5-45231d7bd769-300x200.jpg 300w\" sizes=\"auto, (max-width: 180px) 100vw, 180px\" \/><\/a>BELLUNO<\/strong> La ragazza 31enne di Belluno, se l&#8217;\u00e8 trovato improvvisamente davanti, il piccolo di 8 anni oggi alle 12.45 \u00e8 uscito dalla propriet\u00e0 attraversando la strada comunale, probabilmente per raggiungere la casa dei nonni dall&#8217;altra parte della via,\u00a0 l&#8217;auto una Fiat 500 lo ha investito facendogli fare un balzo in avanti. Dall&#8217;ospedale San Martino \u00e8 arrivata l&#8217;ambulanza a sirene spiegate, dal Cadore l&#8217;elicottero del Suem che ha provveduto a soccorrere il piccolo, stabilizzarlo e poi trasportarlo all&#8217;ospedale C\u00e0 Foncello di Treviso in gravi condizioni, per un politrauma, la prognosi \u00e8 riservata.\u00a0 Sul posto\u00a0 i Carabinieri di Belluno per i rilievi di legge e per raccogliere le testimonianze. Il permesso per rimuovere l&#8217;auto solo alle 16.55.<\/p>\n<p>&nbsp;<\/p>\n<p><a class=\"dt-pswp-item\" href=\"https:\/\/www.radiopiu.net\/wordpress\/wp-content\/uploads\/2020\/04\/3ccf479f-e9b9-460b-80c8-1abd4744b74d.jpg\" data-dt-img-description=\"\" data-large_image_width=\"1120\" data-large_image_height=\"1984\"><img loading=\"lazy\" decoding=\"async\" class=\"alignnone wp-image-129188\" src=\"https:\/\/www.radiopiu.net\/wordpress\/wp-content\/uploads\/2020\/04\/3ccf479f-e9b9-460b-80c8-1abd4744b74d-578x1024.jpg\" alt=\"\" width=\"298\" height=\"528\" srcset=\"https:\/\/www.radiopiu.net\/wordpress\/wp-content\/uploads\/2020\/04\/3ccf479f-e9b9-460b-80c8-1abd4744b74d-578x1024.jpg 578w, https:\/\/www.radiopiu.net\/wordpress\/wp-content\/uploads\/2020\/04\/3ccf479f-e9b9-460b-80c8-1abd4744b74d-169x300.jpg 169w, https:\/\/www.radiopiu.net\/wordpress\/wp-content\/uploads\/2020\/04\/3ccf479f-e9b9-460b-80c8-1abd4744b74d-768x1360.jpg 768w, https:\/\/www.radiopiu.net\/wordpress\/wp-content\/uploads\/2020\/04\/3ccf479f-e9b9-460b-80c8-1abd4744b74d-867x1536.jpg 867w, https:\/\/www.radiopiu.net\/wordpress\/wp-content\/uploads\/2020\/04\/3ccf479f-e9b9-460b-80c8-1abd4744b74d.jpg 1120w\" sizes=\"auto, (max-width: 298px) 100vw, 298px\" \/><\/a><a class=\"dt-pswp-item\" href=\"https:\/\/www.radiopiu.net\/wordpress\/wp-content\/uploads\/2020\/04\/2c4018ce-5d7d-4722-9cdd-b6239982992e.jpg\" data-dt-img-description=\"\" data-large_image_width=\"1120\" data-large_image_height=\"1984\"><img loading=\"lazy\" decoding=\"async\" class=\"alignnone wp-image-129189\" src=\"https:\/\/www.radiopiu.net\/wordpress\/wp-content\/uploads\/2020\/04\/2c4018ce-5d7d-4722-9cdd-b6239982992e-578x1024.jpg\" alt=\"\" width=\"297\" height=\"527\" srcset=\"https:\/\/www.radiopiu.net\/wordpress\/wp-content\/uploads\/2020\/04\/2c4018ce-5d7d-4722-9cdd-b6239982992e-578x1024.jpg 578w, https:\/\/www.radiopiu.net\/wordpress\/wp-content\/uploads\/2020\/04\/2c4018ce-5d7d-4722-9cdd-b6239982992e-169x300.jpg 169w, https:\/\/www.radiopiu.net\/wordpress\/wp-content\/uploads\/2020\/04\/2c4018ce-5d7d-4722-9cdd-b6239982992e-768x1360.jpg 768w, https:\/\/www.radiopiu.net\/wordpress\/wp-content\/uploads\/2020\/04\/2c4018ce-5d7d-4722-9cdd-b6239982992e-867x1536.jpg 867w, https:\/\/www.radiopiu.net\/wordpress\/wp-content\/uploads\/2020\/04\/2c4018ce-5d7d-4722-9cdd-b6239982992e.jpg 1120w\" sizes=\"auto, (max-width: 297px) 100vw, 297px\" \/><\/a><\/p>\n","protected":false},"excerpt":{"rendered":"<p>BELLUNO La ragazza 31enne di Belluno, se l&#8217;\u00e8 trovato improvvisamente davanti, il piccolo di 8 anni oggi alle 12.45 \u00e8 uscito dalla propriet\u00e0 attraversando la strada comunale, probabilmente per raggiungere la casa dei nonni dall&#8217;altra parte della via,\u00a0 l&#8217;auto una Fiat 500 lo ha investito facendogli fare un balzo in avanti. Dall&#8217;ospedale San Martino \u00e8&hellip;<\/p>\n","protected":false},"author":1,"featured_media":129227,"comment_status":"closed","ping_status":"closed","sticky":false,"template":"","format":"standard","meta":{"_monsterinsights_skip_tracking":false,"_monsterinsights_sitenote_active":false,"_monsterinsights_sitenote_note":"","_monsterinsights_sitenote_category":0,"footnotes":""},"categories":[51,49],"tags":[],"class_list":["post-129183","post","type-post","status-publish","format-standard","has-post-thumbnail","hentry","category-evidenza-top","category-news-18","category-51","category-49","description-off"],"img_url":"https:\/\/www.radiopiu.net\/wordpress\/wp-content\/uploads\/2020\/04\/c929ac66-9661-45ea-9ce5-45231d7bd769.jpg","_links":{"self":[{"href":"https:\/\/www.radiopiu.net\/wordpress\/wp-json\/wp\/v2\/posts\/129183","targetHints":{"allow":["GET"]}}],"collection":[{"href":"https:\/\/www.radiopiu.net\/wordpress\/wp-json\/wp\/v2\/posts"}],"about":[{"href":"https:\/\/www.radiopiu.net\/wordpress\/wp-json\/wp\/v2\/types\/post"}],"author":[{"embeddable":true,"href":"https:\/\/www.radiopiu.net\/wordpress\/wp-json\/wp\/v2\/users\/1"}],"replies":[{"embeddable":true,"href":"https:\/\/www.radiopiu.net\/wordpress\/wp-json\/wp\/v2\/comments?post=129183"}],"version-history":[{"count":0,"href":"https:\/\/www.radiopiu.net\/wordpress\/wp-json\/wp\/v2\/posts\/129183\/revisions"}],"wp:featuredmedia":[{"embeddable":true,"href":"https:\/\/www.radiopiu.net\/wordpress\/wp-json\/wp\/v2\/media\/129227"}],"wp:attachment":[{"href":"https:\/\/www.radiopiu.net\/wordpress\/wp-json\/wp\/v2\/media?parent=129183"}],"wp:term":[{"taxonomy":"category","embeddable":true,"href":"https:\/\/www.radiopiu.net\/wordpress\/wp-json\/wp\/v2\/categories?post=129183"},{"taxonomy":"post_tag","embeddable":true,"href":"https:\/\/www.radiopiu.net\/wordpress\/wp-json\/wp\/v2\/tags?post=129183"}],"curies":[{"name":"wp","href":"https:\/\/api.w.org\/{rel}","templated":true}]}}