{"id":129296,"date":"2020-04-10T22:03:07","date_gmt":"2020-04-10T20:03:07","guid":{"rendered":"https:\/\/www.radiopiu.net\/wordpress\/?p=129296"},"modified":"2020-04-10T22:03:07","modified_gmt":"2020-04-10T20:03:07","slug":"le-paure-di-una-mamma-i-disagi-di-una-famiglia","status":"publish","type":"post","link":"https:\/\/www.radiopiu.net\/wordpress\/le-paure-di-una-mamma-i-disagi-di-una-famiglia\/","title":{"rendered":"LE PAURE DI UNA MAMMA, I DISAGI DI UNA FAMIGLIA"},"content":{"rendered":"<p><strong>RICEVIAMO E VOLENTIERI PUBBLICHIAMO LA LETTERA DI SIMONETTA<\/strong><\/p>\n<blockquote><p>&nbsp;<\/p>\n<p><a class=\"dt-pswp-item\" href=\"https:\/\/www.radiopiu.net\/wordpress\/wp-content\/uploads\/2020\/04\/download-7.jpg\" data-dt-img-description=\"\" data-large_image_width=\"275\" data-large_image_height=\"183\"><img loading=\"lazy\" decoding=\"async\" class=\" wp-image-129297 alignleft\" src=\"https:\/\/www.radiopiu.net\/wordpress\/wp-content\/uploads\/2020\/04\/download-7.jpg\" alt=\"\" width=\"212\" height=\"141\" \/><\/a>Lavoro per una grande azienda italiana che marted\u00ec mi chiede di tornare al lavoro. Un po di ansia c&#8217;\u00e8. ..mi dicono che \u00e8 tutto in regola ma l&#8217;idea di trovarmi in un ambiente pieno di gente mi spaventa. Ma ci\u00f2 che mi preoccupa maggiormente \u00e8 che presto torner\u00e0 al lavoro anche mio marito. A quel punto mio figlio di dodici anni dovr\u00e0 rimanere gran parte della giornata da solo . Perch\u00e9 nel decreto legge bonus baby sitter e permessi retribuiti non sono previsti per i figli di et\u00e0 superiore ai dodici anni.Ho gi\u00e0 usato un mese di permesso per seguirlo anche nella didattica a distanza.Si la scuola \u00e8 chiusa .E lo sar\u00e0 ancora per molto&#8230;Quindi lascer\u00f2 da solo mio figlio che la mattina si alzer\u00e0 si preparer\u00e0 la colazione e seguir\u00e0 le lezioni scolastiche sul pc di casa, .Avra&#8217;accesso a internet per gran parte della giornata e dovr\u00e0 arrangiarsi con la didattica a distanza senza il supporto dei genitori. Non tutti hanno i nonni che possono aiutarli .Non possiamo neanche pensare ad una baby sitter perch\u00e9 economicamente parlando \u00e8 troppo impegnativo. E poi perch\u00e9 dopo un mese e pi\u00f9 di isolamento dovrei mettermi in casa un&#8217;estranea che potrebbe essere infetta? Oggi ho chiesto a mio figlio cosa ne pensava del fatto di rimanere da solo mentre io e pap\u00e0 eravamo al lavoro. Ci ha detto di non preoccuparci, che ce l&#8217;avrebbe fatta. Mi \u00e8 venuto da piangere. Tutto d&#8217;un tratto ho pensato che Giuseppe Conte ed il signor Luca Zaia hanno fanno crescere mio figlio.A dodici anni lo fanno diventare maggiorenne e perfettamente in grado di autogestirsi.Grazie. Lavorer\u00f2 con pi\u00f9 serenit\u00e0 al lavoro.E l&#8217;anno prossimo quando la preside della scuola mi chieder\u00e0 di firmare il modulo per far andare a scuola ed uscire in autonomia mi verr\u00e0 da ridere pensando a quanto pericoloso possa essere fare 300 metri a piedi per mio figlio.Ma sono fortunata.Ho un lavoro e l&#8217;azienda deve produrre.Mio figlio \u00e8 un problema mio e di mio marito&#8230;Probabilmente passer\u00e0 l&#8217;estate da solo in casa ma ANDRA&#8217;TUTTO BENE! Vero?<\/p><\/blockquote>\n","protected":false},"excerpt":{"rendered":"<p>RICEVIAMO E VOLENTIERI PUBBLICHIAMO LA LETTERA DI SIMONETTA &nbsp; Lavoro per una grande azienda italiana che marted\u00ec mi chiede di tornare al lavoro. Un po di ansia c&#8217;\u00e8. ..mi dicono che \u00e8 tutto in regola ma l&#8217;idea di trovarmi in un ambiente pieno di gente mi spaventa. Ma ci\u00f2 che mi preoccupa maggiormente \u00e8 che&hellip;<\/p>\n","protected":false},"author":1,"featured_media":129297,"comment_status":"closed","ping_status":"closed","sticky":false,"template":"","format":"standard","meta":{"_monsterinsights_skip_tracking":false,"_monsterinsights_sitenote_active":false,"_monsterinsights_sitenote_note":"","_monsterinsights_sitenote_category":0,"footnotes":""},"categories":[51,49],"tags":[],"class_list":["post-129296","post","type-post","status-publish","format-standard","has-post-thumbnail","hentry","category-evidenza-top","category-news-18","category-51","category-49","description-off"],"img_url":"https:\/\/www.radiopiu.net\/wordpress\/wp-content\/uploads\/2020\/04\/download-7.jpg","_links":{"self":[{"href":"https:\/\/www.radiopiu.net\/wordpress\/wp-json\/wp\/v2\/posts\/129296","targetHints":{"allow":["GET"]}}],"collection":[{"href":"https:\/\/www.radiopiu.net\/wordpress\/wp-json\/wp\/v2\/posts"}],"about":[{"href":"https:\/\/www.radiopiu.net\/wordpress\/wp-json\/wp\/v2\/types\/post"}],"author":[{"embeddable":true,"href":"https:\/\/www.radiopiu.net\/wordpress\/wp-json\/wp\/v2\/users\/1"}],"replies":[{"embeddable":true,"href":"https:\/\/www.radiopiu.net\/wordpress\/wp-json\/wp\/v2\/comments?post=129296"}],"version-history":[{"count":0,"href":"https:\/\/www.radiopiu.net\/wordpress\/wp-json\/wp\/v2\/posts\/129296\/revisions"}],"wp:featuredmedia":[{"embeddable":true,"href":"https:\/\/www.radiopiu.net\/wordpress\/wp-json\/wp\/v2\/media\/129297"}],"wp:attachment":[{"href":"https:\/\/www.radiopiu.net\/wordpress\/wp-json\/wp\/v2\/media?parent=129296"}],"wp:term":[{"taxonomy":"category","embeddable":true,"href":"https:\/\/www.radiopiu.net\/wordpress\/wp-json\/wp\/v2\/categories?post=129296"},{"taxonomy":"post_tag","embeddable":true,"href":"https:\/\/www.radiopiu.net\/wordpress\/wp-json\/wp\/v2\/tags?post=129296"}],"curies":[{"name":"wp","href":"https:\/\/api.w.org\/{rel}","templated":true}]}}