{"id":129390,"date":"2020-04-11T12:29:19","date_gmt":"2020-04-11T10:29:19","guid":{"rendered":"https:\/\/www.radiopiu.net\/wordpress\/?p=129390"},"modified":"2020-04-11T13:22:56","modified_gmt":"2020-04-11T11:22:56","slug":"la-conferenza-stampa-del-presidente-del-veneto-luca-zaia-11-aprile-2020","status":"publish","type":"post","link":"https:\/\/www.radiopiu.net\/wordpress\/la-conferenza-stampa-del-presidente-del-veneto-luca-zaia-11-aprile-2020\/","title":{"rendered":"LA CONFERENZA STAMPA DEL PRESIDENTE DEL VENETO LUCA ZAIA 11 APRILE 2020"},"content":{"rendered":"<p><strong>VENEZIA<\/strong> Luca Zaia nell&#8217;appuntamento giornaliero con la conferenza stampa su l&#8217;emergenza COVID-19<\/p>\n<p>&nbsp;<\/p>\n<blockquote>\n<h2>LEGGI LA CONFERENZA DI ZAIA<\/h2>\n<\/blockquote>\n<p><em>Il lockdown non esiste pi\u00f9, stiamo parlando di aprire aziende gi\u00e0 aperte. Facciamo ordinanze davanti a un finto lockdown. Se c&#8217;\u00e8 pi\u00f9 gente per strada \u00e8 colpa del silenzio assenso per le imprese, non ci sono certo ragazzi in giro.\u00a0<\/em><\/p>\n<p><strong>NUMERI dimessi 1716\u00a0 ricoverati\u00a0 1622 <\/strong>\u00a0(-14), anche ieri dimessi superiori ai ricoverati che \u00e8 uno degli indicatori pi\u00f9 importanti.\u00a0 251 in terapia intensiva (+3). Il numero dei contagiati aumenta (+309) e gli attualmente positivi sono 10.749, 831 i deceduti, 2188 i negativizzati, 18.111 le persone in isolamento fiduciario. A Padova 32 nuovi positivi, regge il cluster di Vo (0), 128 positivi in pi\u00f9 a Verona, 3 a Belluno, 1 a Rovigo. Negli ospedali bellunesi per la prima volta dall\u2019inizio dell\u2019epidemia dati invariati nelle ultime 12 ore: San Martino 59 (15 nell\u2019ospedale di Comunit\u00e0), terapia intensiva 8, Feltre 1,\u00a0 Agordo 15<\/p>\n<p><strong>IL BAMBINO FENOMENO<\/strong> Damiano Tognolo 11 anni i Villa del Conte Padvoa che alleva galline di tutti i tipi, vuole donare uova fresche e feconde per la protezione civile, possono nascere i pulcini, mi manda tutte le istruzioni per farlo e alla fine mi dice, dopo 6-8 mesi le galline faranno le uova. Accettiamo la donazione delle 20 uova, mi ha anche messo il modello dell&#8217;incubatrice, la compreremo&#8230;questo \u00e8 il futuro del Veneto, far\u00f2 nascere i pulcini in ufficio.<\/p>\n<h2>DOMANDE<\/h2>\n<p><strong>DECRETO GOVERNO, RIAPERTURE LEGATE AL SILENZIO ASSENSO DELLE PREFETTURE<\/strong> Noi non possiamo chiudere imprese definite aperte, sono misure concordate con il Governo. Penso che conclamiamo quello che si dice, il lockdown non esiste pi\u00f9, FIncantieri ha 4500 lavoratori, ho guardato tutte le filiere che si possono aprire, abbiamo una riserva indiana dove i &#8220;poveri&#8221; non riescono ad aprire. Esempio la filiera della moda rimane chiusa, come gli spieghiamo che non possono? Ne prendo atto, ma a questo punto programmo sapendo che non c&#8217;\u00e8 pi\u00f9 il lockdown e mi concentro sulla sicurezza dei ciattadini, l&#8217;isolamento fiduciario non esiste pi\u00f9. Stiamo scrivendo l&#8217;ordinanza con un cambio di strategie, ci concentriamo sui dispositivi e non sulle restrizioni.<\/p>\n<p><strong>E I TRASPORTI?<\/strong> Ho firmato ordinanza con obbligo di mascherine e guanti mi chiedo se tutti i lavoratori avranno i dispositivi. Vedremo anche i mezzi in che condizioni sono. Che ci siano disagi nella ripartenza \u00e8 ovvio ma il fattore limitante sono i disposizioni non liberalizzati. Martedi il Veneto non sar\u00e0 pi\u00f9 quello di oggi per la mole di riaperture, non sono contrarie ma vanno fatte a rischio zero e i dispositivi funzionano ma bisogna averli. Il dato di positivi nei reparti infettivi ci dice che chi si protegge si salva, chi ha lavorato con il virus non si \u00e8 infettato. Abbiamo distribuito 8 milioni di mascherine ma ne servono 100 di milioni.<\/p>\n<p><strong>PROPOSTE PER LA RIAPERTURA E CONFRONTI?<\/strong> Avevo proposto una fase sperimentale fino al 3 maggio per le Regioni per l&#8217;avvio di molte imprese che si sono candidate per testare un modello. Ma non \u00e8 stato recepito nel DPCM<\/p>\n<p><strong>MASCHERINE A 9 EURO?<\/strong>\u00a0 So che fanno i controlli, lo possono fare anche gli agenti della Polizia Locale. Una mascherine in tempi di pace vale 25-30 centesimi, poi sono aumentate ad 1 euro anche per noi, adesso sono a 0,50<\/p>\n<p><strong>ATTIVITA&#8217; ORGANIZZAZIONE SPIAGGE<\/strong> Stiamo valutando anche questo aspetto<\/p>\n<p><strong>CI VUOLE PAZIENZA<\/strong> Prima di fare baldoria ci vorr\u00e0 tempo, ci arriveremo per step. Cambier\u00e0 il nostro modo di vivere e tutelare la nostra salute.<\/p>\n<p><strong>VIVAI, PIU&#8217; FLESSIBILI ALTRE REGIONE<\/strong> Stiamo valutando faremo presto qualche cosa, i vivavi che vivono nel negozio non sono tanti, vivono anche del negozio. C&#8217;\u00e8 incongruenza tra il codice Ateco che permette di riaprire e il divieto di uscire di casa per motivi non indifferibili. Se ti fermano e gli dici che vai a comperare le primule ti becchi la sanzione.\u00a0 Altro esempio il cambio gomme del 15 aprile non \u00e8 motivo indifferibile ma il gommista \u00e8 aperto. Se di mezzo ci mettiamo mascherina e guanti diventa tutto molto pi\u00f9 facile.<\/p>\n<p><strong>QUALI APRIREBBE?<\/strong> Mettiamo nelle condizioni di essere isolati, mani bocca e naso, e il problema ci sar\u00e0 anche tra 15 giorni. Il problema non \u00e8 aprire una fabbrica, ma chi ci va dentro. Con le regole di oggi poi si chiude tutto.<\/p>\n<p><strong>PADOVA MENO DECESSI PIU&#8217; DIMESSE, ALTRE TERAPIE?<\/strong> No i protocolli sono tutti uguali, farmaci compresi. Bisogna valutare tutto compresi i flussi ed et\u00e0 media dei pazienti<\/p>\n<p><strong>L&#8217;UOVO DI PASQUA ALL&#8217;ASTAE<\/strong>&#8216; E&#8217; gi\u00e0 arrivato a 2000 euro.<\/p>\n<p><strong>EUROPA<\/strong> 400 miliardi allettano ma nessuno ha ancora capito come funziona<\/p>\n<p><strong>TEST SIEROLOGICHE<\/strong> Dovranno essere liberi<\/p>\n<p>&nbsp;<\/p>\n<p>&nbsp;<\/p>\n<p>https:\/\/www.facebook.com\/zaiaufficiale\/videos\/215035583098199<\/p>\n","protected":false},"excerpt":{"rendered":"<p>VENEZIA Luca Zaia nell&#8217;appuntamento giornaliero con la conferenza stampa su l&#8217;emergenza COVID-19 &nbsp; LEGGI LA CONFERENZA DI ZAIA Il lockdown non esiste pi\u00f9, stiamo parlando di aprire aziende gi\u00e0 aperte. Facciamo ordinanze davanti a un finto lockdown. Se c&#8217;\u00e8 pi\u00f9 gente per strada \u00e8 colpa del silenzio assenso per le imprese, non ci sono certo&hellip;<\/p>\n","protected":false},"author":4,"featured_media":121391,"comment_status":"closed","ping_status":"closed","sticky":false,"template":"","format":"standard","meta":{"_monsterinsights_skip_tracking":false,"_monsterinsights_sitenote_active":false,"_monsterinsights_sitenote_note":"","_monsterinsights_sitenote_category":0,"footnotes":""},"categories":[49],"tags":[],"class_list":["post-129390","post","type-post","status-publish","format-standard","has-post-thumbnail","hentry","category-news-18","category-49","description-off"],"img_url":"https:\/\/www.radiopiu.net\/wordpress\/wp-content\/uploads\/2020\/03\/covid-zaia.jpg","_links":{"self":[{"href":"https:\/\/www.radiopiu.net\/wordpress\/wp-json\/wp\/v2\/posts\/129390","targetHints":{"allow":["GET"]}}],"collection":[{"href":"https:\/\/www.radiopiu.net\/wordpress\/wp-json\/wp\/v2\/posts"}],"about":[{"href":"https:\/\/www.radiopiu.net\/wordpress\/wp-json\/wp\/v2\/types\/post"}],"author":[{"embeddable":true,"href":"https:\/\/www.radiopiu.net\/wordpress\/wp-json\/wp\/v2\/users\/4"}],"replies":[{"embeddable":true,"href":"https:\/\/www.radiopiu.net\/wordpress\/wp-json\/wp\/v2\/comments?post=129390"}],"version-history":[{"count":0,"href":"https:\/\/www.radiopiu.net\/wordpress\/wp-json\/wp\/v2\/posts\/129390\/revisions"}],"wp:featuredmedia":[{"embeddable":true,"href":"https:\/\/www.radiopiu.net\/wordpress\/wp-json\/wp\/v2\/media\/121391"}],"wp:attachment":[{"href":"https:\/\/www.radiopiu.net\/wordpress\/wp-json\/wp\/v2\/media?parent=129390"}],"wp:term":[{"taxonomy":"category","embeddable":true,"href":"https:\/\/www.radiopiu.net\/wordpress\/wp-json\/wp\/v2\/categories?post=129390"},{"taxonomy":"post_tag","embeddable":true,"href":"https:\/\/www.radiopiu.net\/wordpress\/wp-json\/wp\/v2\/tags?post=129390"}],"curies":[{"name":"wp","href":"https:\/\/api.w.org\/{rel}","templated":true}]}}