{"id":129447,"date":"2020-04-11T18:16:16","date_gmt":"2020-04-11T16:16:16","guid":{"rendered":"https:\/\/www.radiopiu.net\/wordpress\/?p=129447"},"modified":"2020-04-11T19:27:35","modified_gmt":"2020-04-11T17:27:35","slug":"aggiornamento-azienda-zero-delle-17-00-altri-16-decessi-20-persone-in-meno-negli-ospedali-nessuno-nuovo-ricovero-in-terapia-intensiva","status":"publish","type":"post","link":"https:\/\/www.radiopiu.net\/wordpress\/aggiornamento-azienda-zero-delle-17-00-altri-16-decessi-20-persone-in-meno-negli-ospedali-nessuno-nuovo-ricovero-in-terapia-intensiva\/","title":{"rendered":"AGGIORNAMENTO AZIENDA ZERO DELLE 17.00, ALTRI 16 DECESSI, 20 PERSONE IN MENO NEGLI OSPEDALI NESSUNO NUOVO RICOVERO IN TERAPIA INTENSIVA"},"content":{"rendered":"<p><strong>VENEZIA<\/strong> Sempre in calo i ricoveri in ospedale, altre 20 persone dimesse, nelle 24 ore &#8220;solo&#8221; 3 ricoveri in terapia intensiva, nessuno nelle ultime 12 ore. Cresce il numero dei decessi, ai 7 di questa mattina se ne aggiungono altri 16.\u00a0 In aumento i positivi (+123) che portano il totale a 13.891 dal 21 febbraio, attualmente i positivi sono 10713, decessi totali 852 e sale anche il numero dei negativizzati a 2326. In isolamento domiciliare 18.111 persone.<\/p>\n<p><strong>DECESS<\/strong>I 4 Dolo 3 Treviso 3 Trecenta\u00a0 2 Padova, 2 Villafranca\u00a0 Verona, Vittorio Veneto, Trecenta, Villafranca (2) e Negrar Mestre .Camposanpiero, San Bonifacio<\/p>\n<h2><strong>BELLUNO IL CONTO DEI DECESSI SALE A 35, SONO TRE IN PIU&#8217; RISPETTO A QUESTA MATTINA. SONO LE PERSONE DECEDUTE NELLE CASE DI RIPOSO\u00a0<\/strong><\/h2>\n<p><strong> 79 persone in ospedale <\/strong>\u00a0Sei pazienti in meno in ospedale area non critica (38) uno in pi\u00f9 in terapia intensiva sempre al San Martino (9), Feltre 1 (invariato), all&#8217;ospedale di comunit\u00e0 1 paziente in pi\u00f9 (16) e stabile Agordo (15). Un solo caso di positivit\u00e0 nelle 12 ore (4 da ieri), gli attualmente positivi sono 548 (-2), i decessi totali 35 (quelli ufficiali dentro e fuori dagli ospedali), 71 i negativizzati. Sono 1161 i bellunesi in isolamento domiciliare.<\/p>\n<p>&nbsp;<\/p>\n<p><a class=\"dt-pswp-item\" href=\"https:\/\/www.radiopiu.net\/wordpress\/wp-content\/uploads\/2020\/04\/558bb8c0-1325-4384-93e7-6d8a6bbb7d37.jpg\" data-dt-img-description=\"\" data-large_image_width=\"778\" data-large_image_height=\"1600\"><img loading=\"lazy\" decoding=\"async\" class=\"alignnone wp-image-129448 size-full\" src=\"https:\/\/www.radiopiu.net\/wordpress\/wp-content\/uploads\/2020\/04\/558bb8c0-1325-4384-93e7-6d8a6bbb7d37.jpg\" alt=\"\" width=\"778\" height=\"1600\" srcset=\"https:\/\/www.radiopiu.net\/wordpress\/wp-content\/uploads\/2020\/04\/558bb8c0-1325-4384-93e7-6d8a6bbb7d37.jpg 778w, https:\/\/www.radiopiu.net\/wordpress\/wp-content\/uploads\/2020\/04\/558bb8c0-1325-4384-93e7-6d8a6bbb7d37-146x300.jpg 146w, https:\/\/www.radiopiu.net\/wordpress\/wp-content\/uploads\/2020\/04\/558bb8c0-1325-4384-93e7-6d8a6bbb7d37-498x1024.jpg 498w, https:\/\/www.radiopiu.net\/wordpress\/wp-content\/uploads\/2020\/04\/558bb8c0-1325-4384-93e7-6d8a6bbb7d37-768x1579.jpg 768w, https:\/\/www.radiopiu.net\/wordpress\/wp-content\/uploads\/2020\/04\/558bb8c0-1325-4384-93e7-6d8a6bbb7d37-747x1536.jpg 747w\" sizes=\"auto, (max-width: 778px) 100vw, 778px\" \/><\/a><\/p>\n","protected":false},"excerpt":{"rendered":"<p>VENEZIA Sempre in calo i ricoveri in ospedale, altre 20 persone dimesse, nelle 24 ore &#8220;solo&#8221; 3 ricoveri in terapia intensiva, nessuno nelle ultime 12 ore. Cresce il numero dei decessi, ai 7 di questa mattina se ne aggiungono altri 16.\u00a0 In aumento i positivi (+123) che portano il totale a 13.891 dal 21 febbraio,&hellip;<\/p>\n","protected":false},"author":1,"featured_media":129448,"comment_status":"closed","ping_status":"closed","sticky":false,"template":"","format":"standard","meta":{"_monsterinsights_skip_tracking":false,"_monsterinsights_sitenote_active":false,"_monsterinsights_sitenote_note":"","_monsterinsights_sitenote_category":0,"footnotes":""},"categories":[51,49],"tags":[],"class_list":["post-129447","post","type-post","status-publish","format-standard","has-post-thumbnail","hentry","category-evidenza-top","category-news-18","category-51","category-49","description-off"],"img_url":"https:\/\/www.radiopiu.net\/wordpress\/wp-content\/uploads\/2020\/04\/558bb8c0-1325-4384-93e7-6d8a6bbb7d37.jpg","_links":{"self":[{"href":"https:\/\/www.radiopiu.net\/wordpress\/wp-json\/wp\/v2\/posts\/129447","targetHints":{"allow":["GET"]}}],"collection":[{"href":"https:\/\/www.radiopiu.net\/wordpress\/wp-json\/wp\/v2\/posts"}],"about":[{"href":"https:\/\/www.radiopiu.net\/wordpress\/wp-json\/wp\/v2\/types\/post"}],"author":[{"embeddable":true,"href":"https:\/\/www.radiopiu.net\/wordpress\/wp-json\/wp\/v2\/users\/1"}],"replies":[{"embeddable":true,"href":"https:\/\/www.radiopiu.net\/wordpress\/wp-json\/wp\/v2\/comments?post=129447"}],"version-history":[{"count":0,"href":"https:\/\/www.radiopiu.net\/wordpress\/wp-json\/wp\/v2\/posts\/129447\/revisions"}],"wp:featuredmedia":[{"embeddable":true,"href":"https:\/\/www.radiopiu.net\/wordpress\/wp-json\/wp\/v2\/media\/129448"}],"wp:attachment":[{"href":"https:\/\/www.radiopiu.net\/wordpress\/wp-json\/wp\/v2\/media?parent=129447"}],"wp:term":[{"taxonomy":"category","embeddable":true,"href":"https:\/\/www.radiopiu.net\/wordpress\/wp-json\/wp\/v2\/categories?post=129447"},{"taxonomy":"post_tag","embeddable":true,"href":"https:\/\/www.radiopiu.net\/wordpress\/wp-json\/wp\/v2\/tags?post=129447"}],"curies":[{"name":"wp","href":"https:\/\/api.w.org\/{rel}","templated":true}]}}