{"id":129586,"date":"2020-04-13T07:40:00","date_gmt":"2020-04-13T05:40:00","guid":{"rendered":"https:\/\/www.radiopiu.net\/wordpress\/?p=129586"},"modified":"2020-04-13T14:35:54","modified_gmt":"2020-04-13T12:35:54","slug":"giornale-radiopiu-13-aprile-2020-direttore-mirko-mezzacasa","status":"publish","type":"post","link":"https:\/\/www.radiopiu.net\/wordpress\/giornale-radiopiu-13-aprile-2020-direttore-mirko-mezzacasa\/","title":{"rendered":"GIORNALE RADIOPIU 13 APRILE 2020 DIRETTORE MIRKO MEZZACASA"},"content":{"rendered":"<h3><strong>PER RICEVERE QUESTO NOTIZIARIO DIRETTAMENTE SUL TUO CELLULARE ISCRIVITI AL CANALE TELEGRAM\u00a0<\/strong><strong>\u201cRADIO PIU\u00a0 INFORMAZIONE\u201d<\/strong><\/h3>\n<p>&nbsp;<\/p>\n<hr \/>\n<p>&nbsp;<\/p>\n<blockquote>\n<h3>&#x1f337;BUONA PASQUA dall&#8217;\u00e9quipe di Malattie Infettive e Pneumologia COVID dell&#8217;Ulss Dolomiti. Tutti i nostri operatori ringraziano per il sostegno e le numerose manifestazioni di stima e affetto ricevute. GRAZIE a tutti voi!!!<br \/>\nPAGINA FACEOOK ADRIANO RASI CALDOGNO DIRETTORE ULSS1<\/h3>\n<\/blockquote>\n<p><a class=\"dt-pswp-item\" href=\"https:\/\/www.radiopiu.net\/wordpress\/wp-content\/uploads\/2020\/04\/IMG-20200412-WA0048.jpg\" data-dt-img-description=\"\" data-large_image_width=\"1200\" data-large_image_height=\"1600\"><img loading=\"lazy\" decoding=\"async\" class=\"aligncenter size-large wp-image-129655\" src=\"https:\/\/www.radiopiu.net\/wordpress\/wp-content\/uploads\/2020\/04\/IMG-20200412-WA0048-768x1024.jpg\" alt=\"\" width=\"768\" height=\"1024\" srcset=\"https:\/\/www.radiopiu.net\/wordpress\/wp-content\/uploads\/2020\/04\/IMG-20200412-WA0048-768x1024.jpg 768w, https:\/\/www.radiopiu.net\/wordpress\/wp-content\/uploads\/2020\/04\/IMG-20200412-WA0048-225x300.jpg 225w, https:\/\/www.radiopiu.net\/wordpress\/wp-content\/uploads\/2020\/04\/IMG-20200412-WA0048-1152x1536.jpg 1152w, https:\/\/www.radiopiu.net\/wordpress\/wp-content\/uploads\/2020\/04\/IMG-20200412-WA0048.jpg 1200w\" sizes=\"auto, (max-width: 768px) 100vw, 768px\" \/><\/a><\/p>\n<p>&nbsp;<\/p>\n<hr \/>\n<p><strong>LA BRAVATA SICILIANA<\/strong> Una grigliata collettiva sui tetti, e, all&#8217;avvicinarsi dell&#8217;elicottero della polizia, i fuochi di artificio che si intensificano mettendo a rischio il velivolo stesso. Dopo la segnalazione ricevuta da alcuni cittadini del posto, erano intervenute diverse pattuglie delle forze dell&#8217;ordine, che alla fine sono riuscite a interrompere la festa. &#8220;Anche grazie ai video che loro stessi hanno stupidamente diffuso, nei quali per altro non lesinavano insulti al sottoscritto &#8211; ha detto il sindaco, Leoluca Orlando &#8211; sar\u00e0 pi\u00f9 facile identificare questi incivili e incoscienti e sanzionarli secondo le pene previste.<\/p>\n<p><strong>RIEPILOGO DELLA GIORNATA<\/strong>\u00a0 \u2022 Il bollettino della Protezione Civile: oggi si registra un incremento di 1984 positivi, per un totale di 102.253 malati in Italia. Sono 431 i morti in pi\u00f9 di ieri (dato pi\u00f9 basso dal 18 marzo), mentre il numero totale dei guariti sale a 34.211 (+1677); \u2022 Conte in un messaggio su Facebook: &#8220;<em>Rinunce oggi per non perdere ci\u00f2 che conta<\/em>&#8220;; \u2022 Boris Johnson lascia l\u2019ospedale: &#8220;I medici mi hanno salvato la vita&#8221;; \u2022 Nel mondo oltre 1.800.000 contagi, pi\u00f9 di 110.000 le vittime.<\/p>\n<p>&nbsp;<\/p>\n<blockquote>\n<h2><span style=\"color: #008000;\">IPOTESI E SORPRESE PASQUALI<\/span> PER IL LENTO RITORNO ALLA QUASI NORMALITA&#8217;. OGGI <span style=\"color: #ff0000;\">DALLA REGIONE LA NUOVA ORDINANZA<\/span><\/h2>\n<\/blockquote>\n<p><em>Ieri in Regione, 14 morti e 46 nuovi contagi, in aumento i dimessi dagli ospedali, in calo i ricoveri tanto in corsia che in terapia intensiva. Sulle strade: 870 pattuglie e 1.700 uomini e donne in divisa. Carabinieri, polizia, guardia di finanza. I residenti segnalano l\u2019arrivo di turisti e villeggianti. Strade presidiate fino a questa sera sulle principali vie di accesso per la provincia. In funzione anche le telecamere leggi-targa. Nei cieli l\u2019elicottero dei carabinieri, controlli con i droni, lungo i sentieri.<\/em><\/p>\n<h2>di Mirko Mezzacasa<\/h2>\n<p>Dopo la Pasqua in casa eccoci a Pasquetta il giorno che anticipa un&#8217;altra fase. Domani apriranno, oltre alle aziende gi\u00e0 aperte anche in virt\u00f9 del silenzio assenso delle Prefetture, librerie e cartolerie e il 18 aprile dovrebbero alzare le serrande le aziende agricole e industriali. Si fanno gi\u00e0 le ipotesi per la fase 2 che inizier\u00e0 invece il 4 maggio con il via libera a negozi tessili, di arredamento e d\u2019abbigliamento con ingressi scaglionati, file lunghe e prenotazioni ma soprattutto con obbligo di mascherine e guanti. Dall&#8217;11 maggio sar\u00e0 la volta dei tribunali e uffici professionali. Ben pi\u00f9 avanti, forse il 18 maggio bar, ristoranti ed altre attivit\u00e0 di ristorazione con distanze da rispettare, dal 25 maggio parrucchieri e barbieri con obbligo mascherina, ingressi singoli. Il 31 maggio ripartenza del\u00a0 campionato di calcio e altri sport collettivi. L&#8217;8 giugno Centri sportivi ma solo per sport individuali o lezioni con basso assembramento. Molto probabilmente gli studenti torneranno a scuola a settembre con l&#8217;inizio del nuovo anno scolastico ma con altra organizzazione. Prima di fine anno a dicembre riapriranno cinema e teatri ma non ancora discoteche e stadi. Di certo la prossima primavera vedr\u00e0 il ritorno alla normalit\u00e0. Nel Veneto raggiunti i 200 mila tamponi, la macchina \u00e8 a regime,\u00a0 calano i ricoverati, 1691 i\u00a0 dimessi,\u00a0 da otto giorni il numero dei dimessi giornalieri supera quello dei ricoverati. Meno positivi nelle ultime 12 ore\u00a0 ma \u00e8 un dato empirico poich\u00e9 direttamente proporzionale al numero dei tamponi (279) 25 pazienti in meno in corsia rispetto a sabato (1575 compresi gli ospedali di comunit\u00e0), 5 in meno in terapia intensiva (246), regge il cluster di Vo\u2019 (87 positivi da giorni), il numero di positivi attuali sale a 10.759 (14.170 dal 21 febbraio) ma anche quello dei negativizzati (2542). Sono 18.356 le persone in isolamento domiciliare. Purtroppo ancora tanti decessi ma meno degli altri giorni, 14 i decessi ieri in Veneto (3 Verona, 2 ad Oderzo 2 Dolo, Padova, Treviso, Jesolo, Rovigo, Trecenta, Villafranca e Bussolengo)\u00a0 \u00a0che portano il totale dal 21 febbraio a 869 (dato cumulativo ospedale ed extraospedale, 769i decessi negli ospedali). In Provincia 32esimo decesso negli ospedali (riepilogo decessi: 21 Belluno, 5 Feltre, 5 ospedale Comunit\u00e0 Belluno, 1 Agordo).\u00a0 Meno pazienti in ospedale ma un decesso in pi\u00f9 (extra ospedale), 29 positivi in pi\u00f9 nelle 24 ore Ieri notte all\u2019ospedale di Comunit\u00e0 di Belluno \u00e8 morta una paziente COVID positiva di anni 92, ricoverata in Medicina COVID Belluno (ospedale di comunit\u00e0 \u2013 bassa intensit\u00e0). \u00a0Numero totale tamponi effettuati per ricerca nCoV al 12 aprile 2020: 11.746 (ieri + 139). Persone residenti in Ulss Dolomiti in isolamento domiciliare fiduciario e sorveglianza attiva al 12 aprile 2020: 1056 (- 29 rispetto a sabato) Negli ospedali bellunesi ci sono 75 persone.\u00a0 Un altro paziente in meno in\u00a0 area critica (37),\u00a0 9 in terapia intensiva, 1 a Feltre, 2\u00a0 pazienti in meno\u00a0 nell\u2019ospedale di Comunit\u00e0 di Belluno (14), e uno in meno ad Agordo (14). Totale decessi 36 (dato cumulativo, uno in pi\u00f9 di questa mattina), negativizzati 74, sono 1161 le persone in isolamento domiciliare. Per oggi \u00e8 attesa la nuova ordinanza dalla Regione <em>&#8220;Firmer\u00f2\u00a0 &#8211; ha detto Zaia &#8211; l\u2019ordinanza ma l\u2019apertura delle imprese non compete alla Regione. Ci saranno regole minimali\u00a0 da\u00a0 rispettare faremo affidamento sul senso di responsabilit\u00e0 dei veneti perch\u00e9 non \u00e8 gi\u00e0 finita e voglio che questo resto agli atti. Il virus non se n\u2019\u00e8 andato, torneremo alla normalit\u00e0 nel tempo e ce ne vorr\u00e0 molto. Non si abbassi la guardia.\u00a0 Si conceder\u00e0 quel che si pu\u00f2 concedere, con senso di responsabilit\u00e0. Se abbiamo questi dati \u00e8 perch\u00e9 la sanit\u00e0 funziona e i veneti rispettano le regole&#8221; <\/em>A proposito del lockdown ha ripetuto il Governatore non esiste pi\u00f9 ora i lavoratori\u00a0 vanno protetti.\u00a0 Ora \u00e8 necessario creare le opportunit\u00e0 affinch\u00e8 gli imprenditori possano importare container di mascherine\u00a0 e le distribuiscano alla popolazione, &#8220;N<em>essuno al governo ascolta &#8211; ha detto ancora Zaia &#8211;\u00a0 Il dispositivo \u00e8 fondamentale, altro che inutile come diceva qualche scienziato. Se in Veneto solo l\u20191,3% dei medici \u00e8 positivo al virus, \u00e8 la conferma che funzionano, ma bisogna sbloccare le confische&#8221;. <\/em>Infine le donazioni: Il gruppo Vega a Treviso\u00a0 (societ\u00e0 legata al gruppo Walber dove arrivano le merci per i supermercati super W della Provincia), regala 6 terapie intensive<em>. Superati\u00a0 i 42 milioni di euro di donazioni con oltre 31mila versamenti. L\u2019asta benefica per l\u2019uovo di Pasqua \u201cSiamo arrivati a 12mila euro. Ma non ci basta, perch\u00e8 \u00e8 un atto di solidariet\u00e0. Aspettiamo ancora l\u2019uovo non va a male\u201d <\/em>ha concluso Zaia<\/p>\n<p>&nbsp;<\/p>\n<p>&nbsp;<\/p>\n<blockquote>\n<h3>SAN VINCENZO LA FESTA DEL FANCIULLO<\/h3>\n<\/blockquote>\n<p><strong><a class=\"dt-pswp-item\" href=\"https:\/\/www.radiopiu.net\/wordpress\/wp-content\/uploads\/2020\/04\/92890164_10222506103190578_6801877163361435648_n.jpg\" data-dt-img-description=\"\" data-large_image_width=\"523\" data-large_image_height=\"960\"><img loading=\"lazy\" decoding=\"async\" class=\"wp-image-129673 alignleft\" src=\"https:\/\/www.radiopiu.net\/wordpress\/wp-content\/uploads\/2020\/04\/92890164_10222506103190578_6801877163361435648_n.jpg\" alt=\"\" width=\"125\" height=\"229\" srcset=\"https:\/\/www.radiopiu.net\/wordpress\/wp-content\/uploads\/2020\/04\/92890164_10222506103190578_6801877163361435648_n.jpg 523w, https:\/\/www.radiopiu.net\/wordpress\/wp-content\/uploads\/2020\/04\/92890164_10222506103190578_6801877163361435648_n-163x300.jpg 163w\" sizes=\"auto, (max-width: 125px) 100vw, 125px\" \/><\/a>AGORDO<\/strong> La festa a Toccol, Parech, Prompicai \u00e8 l&#8217;ennesima &#8220;vittima&#8221; del Covid-19. Tutto annullato ma non la messa che si terr\u00e0 alle 10 nella chiesetta di Prompicai (in diretta dalle 10 su RADIO PIU) e il messaggio che annualmente viene lanciato con i pop nel ricordo delle tradizioni, infatti da alcuni giorni sono in rete le foto dei bambini con tanto di mascherina che si arrampicano sulle finestre della bella chiesetta nella piazza addobbata comunque come da tradizione.<\/p>\n<p>&nbsp;<\/p>\n<p><strong>IL MESSAGGIO DEL PRESIDENTE DELL&#8217;UNIONE SPORTIVA LE VILLE ANDREA RUMOR<\/strong><\/p>\n<audio class=\"wp-audio-shortcode\" id=\"audio-129586-1\" preload=\"none\" style=\"width: 100%;\" controls=\"controls\"><source type=\"audio\/mpeg\" src=\"https:\/\/www.radiopiu.net\/wordpress\/wp-content\/uploads\/2020\/04\/andrea.mp3?_=1\" \/><a href=\"https:\/\/www.radiopiu.net\/wordpress\/wp-content\/uploads\/2020\/04\/andrea.mp3\">https:\/\/www.radiopiu.net\/wordpress\/wp-content\/uploads\/2020\/04\/andrea.mp3<\/a><\/audio>\n<p>&nbsp;<\/p>\n<p>&nbsp;<\/p>\n<hr \/>\n<blockquote>\n<h2>AI PADOVANI IL PREMIO DE COCCIO VERSIONE FAMIGLIA<\/h2>\n<\/blockquote>\n<p><em>Tanti controlli sulle strade bellunesi nel giorno di Pasqua. Una famiglia padovana guadagna il premio &#8220;de coccio&#8221; del giorno che consiste in una pesante sanzione, i padovani sono infatti stati rispediti a Cortina (volevano raggiungere Padova, prima casa) con tanto di verbale dopo che scendevano dall&#8217;ampezzano dove hanno trascorso la pasqua nella seconda casa a loro dire per &#8220;improrogabili impegni di lavoro&#8221;. Madre e figlio hanno incontrato la polizia, gli stessi agenti che il giorno prima\u00a0 avevano fermato il marito della donna, imprenditore padovano, il quale asseriva &#8211; tramite autocertificazione &#8211;\u00a0 che lui e la moglie dovevano andare e Cortina per impegni lavorativi\u00a0 inderogabili e per questo hanno potuto proseguire. Ai successivi controlli sono emerse le bugie degne del miglior pinocchio collodiano: i poliziotti\u00a0 24 ore dopo, allo stesso posto di blocco a Longarone hanno fermato\u00a0 moglie\u00a0 con il\u00a0 figlio. Stessa scusa, e sanzione (500 euro). Madre e figlio sono stati per\u00f2 rimandati a Cortina, fino a quando non saranno pi\u00f9 in vigore le restrizioni sugli spostamenti.<\/em><\/p>\n<p>&nbsp;<\/p>\n<p>&nbsp;<\/p>\n<hr \/>\n<p>&nbsp;<\/p>\n<p>&nbsp;<\/p>\n<p>&nbsp;<\/p>\n<p><strong>DA TENERIFE L&#8217;AUGURIO PASQUALE DI AMEDEO FRANCESCHINI<\/strong><\/p>\n<audio class=\"wp-audio-shortcode\" id=\"audio-129586-2\" preload=\"none\" style=\"width: 100%;\" controls=\"controls\"><source type=\"audio\/mpeg\" src=\"https:\/\/www.radiopiu.net\/wordpress\/wp-content\/uploads\/2020\/04\/AMDEO.mp3?_=2\" \/><a href=\"https:\/\/www.radiopiu.net\/wordpress\/wp-content\/uploads\/2020\/04\/AMDEO.mp3\">https:\/\/www.radiopiu.net\/wordpress\/wp-content\/uploads\/2020\/04\/AMDEO.mp3<\/a><\/audio>\n<p>&nbsp;<\/p>\n<p>&nbsp;<\/p>\n<hr \/>\n<blockquote class=\"wp-embedded-content\" data-secret=\"zxDzYLOyya\"><p><a href=\"https:\/\/www.radiopiu.net\/wordpress\/aggiornamento-azienda-zero-delle-17-calano-i-positivi-i-ricoveri-in-ospedale-ancora-10-decessi\/\">AGGIORNAMENTO AZIENDA ZERO DELLE 17: CALANO I POSITIVI, I RICOVERI IN OSPEDALE. ANCORA 10 DECESSI<\/a><\/p><\/blockquote>\n<p><iframe loading=\"lazy\" title=\"&#8220;AGGIORNAMENTO AZIENDA ZERO DELLE 17: CALANO I POSITIVI, I RICOVERI IN OSPEDALE. ANCORA 10 DECESSI&#8221; &#8212; Radio Pi\u00f9\" class=\"wp-embedded-content\" sandbox=\"allow-scripts\" security=\"restricted\" style=\"position: absolute; clip: rect(1px, 1px, 1px, 1px);\" src=\"https:\/\/www.radiopiu.net\/wordpress\/aggiornamento-azienda-zero-delle-17-calano-i-positivi-i-ricoveri-in-ospedale-ancora-10-decessi\/embed\/#?secret=zxDzYLOyya\" data-secret=\"zxDzYLOyya\" width=\"600\" height=\"338\" frameborder=\"0\" marginwidth=\"0\" marginheight=\"0\" scrolling=\"no\"><\/iframe><\/p>\n<p>&nbsp;<\/p>\n<hr \/>\n<p>&nbsp;<\/p>\n<blockquote>\n<h3>AGGIORNAMENTO ULSS 1: 139 I TAMPONI DI OGGI, 29 PERSONE IN MENO IN ISOLAMENTO DOMICILIARE<\/h3>\n<\/blockquote>\n<p><strong>BELLUNO<\/strong>\u00a0GLI AGGIORNAMENTI DALLA ULSS 1 DOLOMITI<\/p>\n<p><strong>SORVEGLIANZA SANITARIA COVID-19<\/strong> Numero totale tamponi effettuati per ricerca nCoV al 12 aprile 2020: <b>11. 746 (<\/b><b>+ 139). <\/b>Persone residenti in Ulss Dolomiti in isolamento domiciliare fiduciario e sorveglianza attiva al 12 aprile 2020: <b>1056 (- 29 rispetto ieri) <\/b>Alcuni tamponi sono stati effettuati pi\u00f9 volte sulle stesse persone<\/p>\n<p><strong>OSPEDALE DI BELLUNO<\/strong>\u00a0Installate altre 3 tende della Protezione Civile al Blocco F per il percorso dedicato ai sospetti COVID,\u00a0Attivato il Punto Medico Avanzato. Le degenze di MEDICINA E ONCOLOGIA sono state collocate al 2\u00b0piano del Blocco chirurgico,\u00a0le degenze della PNEUMOLOGIA e GERIATRIA sono state collocate al 3\u00b0 piano del Blocco Chirurgico (lato EST)<span class=\"Apple-converted-space\">\u00a0,\u00a0<\/span>le degenze di CHIRURGIA, NEFROLOGIA e UROLOGIA sono state compattate al 3\u00b0 piano del Blocco Chirurgico<span class=\"Apple-converted-space\">\u00a0,\u00a0<\/span>le degenze di NEUROLOGIA sono state spostate al 2\u00b0 piano del Blocco Medico. Le aree per sospetti COVID e pazienti COVID a bassa intensit\u00e0 sono collocate al 3\u00b0 e 4\u00b0piano del Blocco Medico,<span class=\"s2\">Sono stati attivati ulteriori 18 posti letto per pazienti COVID a bassa intensit\u00e0 al 3\u00b0 piano del blocco medico per un totale di 34 posti letto. I posti letto di media intensit\u00e0 sono 12 a Malattie infettive e 16 a Pneumologia COVID .\u00a0<\/span>il contenitore della Terapia Intensiva (9 posti letto) \u00e8 stato allargato anche al gruppo operatorio di Belluno dove al momento sono stati attivati ulteriori 4 posti letto di terapia intensiva dedicati a eventuali pazienti covid positivi. I pazienti in arrivo dal 118 che dovessero necessitare di ricoveri urgenti in terapia intensiva COVID negativi saranno centralizzati alla Rianimazione di Feltre. Sono temporaneamente SOSPESI i ricoveri in Geriatria NON COVID visto l\u2019impegno dei medici della Geriatria nell\u2019area Covid. I ricoveri gi\u00e0 destinati a questa area degenziale, saranno assegnati secondo criterio di patologia prevalente alle degenze di Cardiologia, Pneumologia, Medicina di Belluno o di Pieve .<\/p>\n<p><b>OSPEDALE DI AGORDO<\/b>\u00a0attivata attivit\u00e0 di ricovero per pazienti COVID positivi a bassa intensit\u00e0 di cura \u2013 modello ospedale di comunit\u00e0;<\/p>\n<p><b>OSPEDALE DI PIEVE DI CADORE\u00a0<\/b>\u00e8 attivo un filtro all\u2019ingresso per il controllo degli accessi grazie al personale della Protezione Civile, attivata un\u2019area per sospetti COVID al 2\u00b0 piano<\/p>\n<p><b>OSPEDALE DI FELTRE\u00a0<\/b><span class=\"s2\">Il reparto di PNEUMOLOGIA \u00e8 stato trasferito al 6\u00b0 piano del Padiglione Dalla Palma.\u00a0<\/span><span class=\"s2\">Il reparto di GERIATRIA \u00e8 rientrato al 5\u00b0 piano del Padiglione Dalla Palma,\u00a0<\/span><span class=\"s2\">l\u2019area di degenza dedicata ai casi positivi Covid-19 \u00e8 al 4\u00b0 Piano del Padiglione Dalla Palma.<\/span><\/p>\n<p><a class=\"dt-pswp-item\" href=\"https:\/\/www.radiopiu.net\/wordpress\/wp-content\/uploads\/2020\/04\/Schermata-2020-04-12-alle-19.51.36.png\" data-dt-img-description=\"\" data-large_image_width=\"1354\" data-large_image_height=\"1684\"><img loading=\"lazy\" decoding=\"async\" class=\"alignnone wp-image-129651\" src=\"https:\/\/www.radiopiu.net\/wordpress\/wp-content\/uploads\/2020\/04\/Schermata-2020-04-12-alle-19.51.36-823x1024.png\" alt=\"\" width=\"401\" height=\"499\" srcset=\"https:\/\/www.radiopiu.net\/wordpress\/wp-content\/uploads\/2020\/04\/Schermata-2020-04-12-alle-19.51.36-823x1024.png 823w, https:\/\/www.radiopiu.net\/wordpress\/wp-content\/uploads\/2020\/04\/Schermata-2020-04-12-alle-19.51.36-241x300.png 241w, https:\/\/www.radiopiu.net\/wordpress\/wp-content\/uploads\/2020\/04\/Schermata-2020-04-12-alle-19.51.36-768x955.png 768w, https:\/\/www.radiopiu.net\/wordpress\/wp-content\/uploads\/2020\/04\/Schermata-2020-04-12-alle-19.51.36-1235x1536.png 1235w, https:\/\/www.radiopiu.net\/wordpress\/wp-content\/uploads\/2020\/04\/Schermata-2020-04-12-alle-19.51.36.png 1354w\" sizes=\"auto, (max-width: 401px) 100vw, 401px\" \/><\/a><\/p>\n<p>&nbsp;<\/p>\n<hr \/>\n<p>&nbsp;<\/p>\n<blockquote class=\"wp-embedded-content\" data-secret=\"VVn9hskN9k\"><p><a href=\"https:\/\/www.radiopiu.net\/wordpress\/aggiornamento-assessorato-protezione-civile-12-aprile-2020\/\">AGGIORNAMENTO ASSESSORATO PROTEZIONE CIVILE 12 APRILE 2020<\/a><\/p><\/blockquote>\n<p><iframe loading=\"lazy\" title=\"&#8220;AGGIORNAMENTO ASSESSORATO PROTEZIONE CIVILE 12 APRILE 2020&#8221; &#8212; Radio Pi\u00f9\" class=\"wp-embedded-content\" sandbox=\"allow-scripts\" security=\"restricted\" style=\"position: absolute; clip: rect(1px, 1px, 1px, 1px);\" src=\"https:\/\/www.radiopiu.net\/wordpress\/aggiornamento-assessorato-protezione-civile-12-aprile-2020\/embed\/#?secret=VVn9hskN9k\" data-secret=\"VVn9hskN9k\" width=\"600\" height=\"338\" frameborder=\"0\" marginwidth=\"0\" marginheight=\"0\" scrolling=\"no\"><\/iframe><\/p>\n<p><strong>L&#8217;APPUNTAMENTO GIORNALIERO CON GIANPAOLO BOTTACIN ASSESSORE DEL VENETO<\/strong><\/p>\n<audio class=\"wp-audio-shortcode\" id=\"audio-129586-3\" preload=\"none\" style=\"width: 100%;\" controls=\"controls\"><source type=\"audio\/mpeg\" src=\"https:\/\/www.radiopiu.net\/wordpress\/wp-content\/uploads\/2020\/04\/bottacin-oggi.mp3?_=3\" \/><a href=\"https:\/\/www.radiopiu.net\/wordpress\/wp-content\/uploads\/2020\/04\/bottacin-oggi.mp3\">https:\/\/www.radiopiu.net\/wordpress\/wp-content\/uploads\/2020\/04\/bottacin-oggi.mp3<\/a><\/audio>\n<p>&nbsp;<\/p>\n<hr \/>\n<p>&nbsp;<\/p>\n<blockquote>\n<h3>DATI E GRAFICI DEL GIORNO, PROVINCIA \u2013 REGIONE 12 APRILE 2020<\/h3>\n<\/blockquote>\n<p><strong>Con la collaborazione di Tiziano De Col<\/strong><\/p>\n<p>I dati dei contagi odierni, riportano l&#8217;incremento giornaliero per la Provincia di Belluno che, per\u00f2, rimane abbastanza al di sotto dell&#8217;incremento medio del Veneto, seguendo l&#8217;andamento che gi\u00e0 si era presentato ieri. La provincia di Belluno resta con il rapporto contagi &#8211; popolazione tra i pi\u00f9 alti tra le Province Venete, dopo Padova e Verona e ben al di sopra di Treviso, Vicenza, Venezia e Rovigo<\/p>\n<p><a class=\"dt-pswp-item\" href=\"https:\/\/www.radiopiu.net\/wordpress\/wp-content\/uploads\/2020\/04\/Schermata-2020-04-12-alle-18.40.19.png\" data-dt-img-description=\"\" data-large_image_width=\"716\" data-large_image_height=\"452\"><img loading=\"lazy\" decoding=\"async\" class=\"alignnone wp-image-129622\" src=\"https:\/\/www.radiopiu.net\/wordpress\/wp-content\/uploads\/2020\/04\/Schermata-2020-04-12-alle-18.40.19.png\" alt=\"\" width=\"301\" height=\"190\" srcset=\"https:\/\/www.radiopiu.net\/wordpress\/wp-content\/uploads\/2020\/04\/Schermata-2020-04-12-alle-18.40.19.png 716w, https:\/\/www.radiopiu.net\/wordpress\/wp-content\/uploads\/2020\/04\/Schermata-2020-04-12-alle-18.40.19-300x189.png 300w\" sizes=\"auto, (max-width: 301px) 100vw, 301px\" \/><\/a><\/p>\n<p><a class=\"dt-pswp-item\" href=\"https:\/\/www.radiopiu.net\/wordpress\/wp-content\/uploads\/2020\/04\/15503f12-a0fd-4c46-857e-0701a70a2177.jpg\" data-dt-img-description=\"\" data-large_image_width=\"480\" data-large_image_height=\"289\"><img loading=\"lazy\" decoding=\"async\" class=\"alignnone wp-image-129623\" src=\"https:\/\/www.radiopiu.net\/wordpress\/wp-content\/uploads\/2020\/04\/15503f12-a0fd-4c46-857e-0701a70a2177.jpg\" alt=\"\" width=\"301\" height=\"181\" srcset=\"https:\/\/www.radiopiu.net\/wordpress\/wp-content\/uploads\/2020\/04\/15503f12-a0fd-4c46-857e-0701a70a2177.jpg 480w, https:\/\/www.radiopiu.net\/wordpress\/wp-content\/uploads\/2020\/04\/15503f12-a0fd-4c46-857e-0701a70a2177-300x181.jpg 300w\" sizes=\"auto, (max-width: 301px) 100vw, 301px\" \/><\/a><a class=\"dt-pswp-item\" href=\"https:\/\/www.radiopiu.net\/wordpress\/wp-content\/uploads\/2020\/04\/a3f75410-e60a-4944-ba46-58d9161b6ab4.jpg\" data-dt-img-description=\"\" data-large_image_width=\"562\" data-large_image_height=\"405\"><img loading=\"lazy\" decoding=\"async\" class=\"alignnone wp-image-129624\" src=\"https:\/\/www.radiopiu.net\/wordpress\/wp-content\/uploads\/2020\/04\/a3f75410-e60a-4944-ba46-58d9161b6ab4.jpg\" alt=\"\" width=\"300\" height=\"216\" srcset=\"https:\/\/www.radiopiu.net\/wordpress\/wp-content\/uploads\/2020\/04\/a3f75410-e60a-4944-ba46-58d9161b6ab4.jpg 562w, https:\/\/www.radiopiu.net\/wordpress\/wp-content\/uploads\/2020\/04\/a3f75410-e60a-4944-ba46-58d9161b6ab4-300x216.jpg 300w\" sizes=\"auto, (max-width: 300px) 100vw, 300px\" \/><\/a><\/p>\n<p>&nbsp;<\/p>\n<hr \/>\n<p>&nbsp;<\/p>\n<blockquote>\n<h3 class=\"entry-title\">32ESIMO DECESSO NEGLI OSPEDALI BELLUNESI<\/h3>\n<\/blockquote>\n<p><strong>BELLUNO\u00a0<\/strong>\u00a0Nella notte all\u2019ospedale di Comunit\u00e0 di Belluno \u00e8 morta una paziente positiva al coronavirus di\u00a0 92 anni, ricoverata in Medicina (ospedale di comunit\u00e0 \u2013 bassa intensit\u00e0). Sono in corso gli accertamenti per stabile le cause del decesso da parte dell\u2019Istituto Superiore di Sanit\u00e0. La Direzione Generale porge le condoglianze alla famiglia.<\/p>\n<p>&nbsp;<\/p>\n<hr \/>\n<p>&nbsp;<\/p>\n<h2>LEGGI LA CONFERENZA STAMPA DI LUCA ZAIA<\/h2>\n<p><strong>quota 200.000 tamponi! la macchina \u00e8 a regime, calano i ricoverati. 1691 dimessi da otto giorni i numero dei dimessi giornalieri supera quello dei ricoverati.\u00a0<\/strong><\/p>\n<blockquote><p><em>Giornalisti siete parte di questa storia, siete parte della squadra veneta. Siamo oltre i 42 milioni di euro di donazioni con oltre 31mila versamenti. Il gruppo Vega Supermercati ha donato ben sei terapie intensive.L\u2019asta benefica per l\u2019uovo di Pasqua \u201cSiamo arrivati a 12mila euro. Ma non ci basta, perch\u00e8 \u00e8 un atto di solidariet\u00e0. Aspettiamo ancora l\u2019uovo non va a male\u201d.<\/em><\/p><\/blockquote>\n<p><strong>I DATI<\/strong>\u00a0Apriamo a qualche speranza pasquale, 17 pazienti in meno in corsia, 2 in meno in terapia intensiva, regge il cluster di Vo\u2019 (87 positivi da giorni), il numero di positivi attuali sale a 10.729 (14.077 dal 21 febbraio) ma anche quello dei negativizzati (2492). Sono 18.356 le persone in isolamento domiciliare. Tre decessi a Verona, uno ad Oderzo che portano il totale dal 21 febbraio a 856 (dato cumulativo ospedale ed extraospedale).\u00a0<strong>BELLUNO<\/strong>\u00a0Nessuna variazione da ieri sera, 38 in area critica, 9 in terapia intensiva 16 nell\u2019ospedale di Comunit\u00e0 di Belluno, 15 ad Agordo. 10 positivi in pi\u00f9, totale decessi 25, negatizzati 74, 1161 in isolamento domiciliare<\/p>\n<p>&nbsp;<\/p>\n<p><strong>DOMANI LA NUOVA ORDINANZA<\/strong>\u00a0Domani firmer\u00f2 l\u2019ordinanza ma l\u2019apertura delle imprese non compete alla Regione. Ci saranno regole minimali\u00a0 da\u00a0 rispettare faremo affidamento sul senso di responsabilit\u00e0 dei veneti perch\u00e9 non \u00e8 gi\u00e0 finita e voglio che questo resto agli atti. Il virus non se n\u2019\u00e8 andato, torneremo alla normalit\u00e0 nel tempo e ce ne vorr\u00e0 molto. Non si abbassi la guardia.\u00a0 Si conceder\u00e0 quel che si pu\u00f2 concedere, con senso di responsabilit\u00e0. Se abbiamo questi dati \u00e8 perch\u00e9 la sanit\u00e0 funziona e i veneti rispettano le regole.\u00a0\u00a0<strong>CANTIERI<\/strong>\u00a0 E\u2019 materia del Governo non compete a noi. Marted\u00ec riparte il cantiere dell\u2019ospedale di Treviso.\u00a0<strong>LOCKDOWN<\/strong>\u00a0Non esiste pi\u00f9 la chiusura totale.i lavoratori\u00a0 vanno protetti.\u00a0 Non ho trovato alcun imprenditore insensibile.\u00a0<strong>MASCHERINE<\/strong>\u00a0Si creiino le opportunit\u00e0 affinch\u00e8 gli imprenditori possano importare container di mascherine\u00a0 e le distribuiscano alla popolazione, nessuno al governo ascolta. Il dispositivo \u00e8 fondamentale, altro che inutile come diceva qualche scienziato. Se in Veneto l\u20191,3% dei medici \u00e8 positivo al virus, \u00e8 la conferma che funzionano, ma bisogna sbloccare le confische doganali.<strong>TRASPORTI<\/strong>\u00a0obbligo di guanti e mascherine.<strong>SCUOLE<\/strong>\u00a0Un errore riaprirle, masse di ragazzi che si muovono. Non possiamo permetterci una recrudescenza del virus.<strong>PASQUETTA<\/strong>\u00a0Chi ha la fortuna di poter uscire usi i dispositivi di sicurezza e pensi alla salute sua e degli altri.\u00a0<strong>FARMACI SPERIMENTALI<\/strong>\u00a0La sperimentazione sta andando bene. Stiamo aspettando le forniture di Avigan\u00a0 farmaco\u00a0 che funziona, sembra che i cocktail di farmaci funzionino e che la polmonite sia forse mettere in secondo piano rispetto alla formazione di trombi a livello polmonare. Funziona anche la somministrazione a domicilio dell\u2019antimalarico.\u00a0<strong>RESPIRATORI<\/strong>\u00a0In Svizzera abbiamo comperato 50 respiratori. Nessun medico ha dovuto scegliere chi salvare e chi no come successo in altre parti. La programmazione ha funzionato, il magazzino unico si \u00e8 rivelato vincente.<\/p>\n<p>https:\/\/www.facebook.com\/zaiaufficiale\/videos\/2467421683359266<\/p>\n<p>&nbsp;<\/p>\n<hr \/>\n<p>&nbsp;<\/p>\n<blockquote>\n<h3>LA LETTERA<\/h3>\n<p><strong>di Alberto De Val<\/strong><br \/>\n<em>Noi piccoli artigiani che lavoriamo principalmente nel settore privato siamo in forte difficolt\u00e0 anche solo per\u00a0 capire se possiamo (con le dovute cautele ) riprendere la nostra attivit\u00e0.Certe fabbriche\u00a0 domani aprono\u00a0 anche a ranghi ridotti e noi? Il governatore Luca\u00a0 Zaia dice che per la riapertura dei cantieri non \u00e8 di competenza della Regione per\u00f2 quelli nel &#8220;pubblico&#8221; possono riaprire..Noi piccoli e abbandnati da tutti,\u00a0 lavoriamo quasi sempre da soli in case senza presenza di altre persone, io e\u00a0 credo che anche molti altri abbiamo in testa solo\u00a0 una grande confusione ,l&#8217;associazione degli artigiani? Dice che il nostro codice ATECO non ci permette di lavorare. Ma quelli del silenzio assenso hanno gi\u00e0 iniziato da tempo&#8230;Quindi rimaniamo la riserva indiana dei poveri. Presidente Zaia, abbiamo bisogno del suo aiuto, dei sui consigli, del suo pugno di ferro che quando serve&#8230; serve.<\/em><\/p><\/blockquote>\n<p>&nbsp;<\/p>\n<hr \/>\n<p>&nbsp;<\/p>\n<blockquote>\n<h3 class=\"entry-title\">CAPITOLO \u201cDE COCCIO\u201d: NELLA VIGILIA DI PASQUA 29 SANZIONI<\/h3>\n<\/blockquote>\n<p><strong>BELLUNO<\/strong> 929 i controlli effettuati dalle Forze dell\u2019Ordine nella giornata della vigilia di Pasqua e 29 le sanzioni inflitte per le misure di contenimento della diffusione COVID-19. Nonostante sia stata la giornata della settimana con pi\u00f9 controlli, da segnalare che sabato \u00e8 stata la giornata con meno sanzioni ai cittadini. 216 le multe da inizio settimana con 4.802 controlli eseguiti. 17.108 i controlli dal 16 marzo e 698 sanzioni ai cittadini. Nella parentesi dedicata alle attivit\u00e0 commerciali, sabato sono stati effettuati 1261 controlli con nessuna sanzione o chiusura. da inizio emergenza 37.110 i controlli alle attivit\u00e0 commerciali, 16 titolari sanzionati e 17 attivit\u00e0 chiuse provvisoriamente.<\/p>\n<p class=\"photoswipe-wrapper\"><a class=\"dt-pswp-item pspw-wrap-ready\" href=\"https:\/\/i0.wp.com\/www.radiopiu.net\/wordpress\/wp-content\/uploads\/2020\/04\/12.04_-_MONITORAGGIO_SETTIMANALE_DEI_SERVIZI_DI_CONTROLLO.jpg?ssl=1\" data-dt-img-description=\"\" data-large_image_width=\"1240\" data-large_image_height=\"1754\"><img loading=\"lazy\" decoding=\"async\" class=\"alignnone wp-image-129511 jetpack-lazy-image jetpack-lazy-image--handled\" src=\"https:\/\/i0.wp.com\/www.radiopiu.net\/wordpress\/wp-content\/uploads\/2020\/04\/12.04_-_MONITORAGGIO_SETTIMANALE_DEI_SERVIZI_DI_CONTROLLO.jpg?resize=724%2C1024&amp;ssl=1\" sizes=\"auto, (max-width: 724px) 100vw, 724px\" srcset=\"https:\/\/i0.wp.com\/www.radiopiu.net\/wordpress\/wp-content\/uploads\/2020\/04\/12.04_-_MONITORAGGIO_SETTIMANALE_DEI_SERVIZI_DI_CONTROLLO.jpg?resize=724%2C1024&amp;ssl=1 724w, https:\/\/i0.wp.com\/www.radiopiu.net\/wordpress\/wp-content\/uploads\/2020\/04\/12.04_-_MONITORAGGIO_SETTIMANALE_DEI_SERVIZI_DI_CONTROLLO.jpg?resize=212%2C300&amp;ssl=1 212w, https:\/\/i0.wp.com\/www.radiopiu.net\/wordpress\/wp-content\/uploads\/2020\/04\/12.04_-_MONITORAGGIO_SETTIMANALE_DEI_SERVIZI_DI_CONTROLLO.jpg?resize=768%2C1086&amp;ssl=1 768w, https:\/\/i0.wp.com\/www.radiopiu.net\/wordpress\/wp-content\/uploads\/2020\/04\/12.04_-_MONITORAGGIO_SETTIMANALE_DEI_SERVIZI_DI_CONTROLLO.jpg?resize=1086%2C1536&amp;ssl=1 1086w, https:\/\/i0.wp.com\/www.radiopiu.net\/wordpress\/wp-content\/uploads\/2020\/04\/12.04_-_MONITORAGGIO_SETTIMANALE_DEI_SERVIZI_DI_CONTROLLO.jpg?w=1240&amp;ssl=1 1240w\" alt=\"\" width=\"369\" height=\"522\" data-recalc-dims=\"1\" data-lazy-loaded=\"1\" \/><\/a><\/p>\n<p>&nbsp;<\/p>\n<hr \/>\n<p>&nbsp;<\/p>\n<blockquote>\n<h3>GLI AUGURI DI PASQUA DEI SINDACI AGORDINI<\/h3>\n<\/blockquote>\n<p>&nbsp;<\/p>\n<p><a class=\"dt-pswp-item\" href=\"https:\/\/www.radiopiu.net\/wordpress\/wp-content\/uploads\/2020\/04\/WhatsApp-Image-2020-04-12-at-11.22.11.jpeg\" data-dt-img-description=\"\" data-large_image_width=\"720\" data-large_image_height=\"895\"><img loading=\"lazy\" decoding=\"async\" class=\"alignnone size-full wp-image-129560\" src=\"https:\/\/www.radiopiu.net\/wordpress\/wp-content\/uploads\/2020\/04\/WhatsApp-Image-2020-04-12-at-11.22.11.jpeg\" alt=\"\" width=\"720\" height=\"895\" srcset=\"https:\/\/www.radiopiu.net\/wordpress\/wp-content\/uploads\/2020\/04\/WhatsApp-Image-2020-04-12-at-11.22.11.jpeg 720w, https:\/\/www.radiopiu.net\/wordpress\/wp-content\/uploads\/2020\/04\/WhatsApp-Image-2020-04-12-at-11.22.11-241x300.jpeg 241w\" sizes=\"auto, (max-width: 720px) 100vw, 720px\" \/><\/a><\/p>\n<p><strong>FOTO COPERTINA SUGGERITA DAL SINDACO GIOCONDO DALLE FESTE: \u00c8 il motto della Brigata Liguria posato nel 1926 accanto al cimitero della Brigata sulla strada delle 52 gallerie Monte Pasubio<\/strong><\/p>\n<p>&nbsp;<\/p>\n<p><a class=\"dt-pswp-item\" href=\"https:\/\/www.radiopiu.net\/wordpress\/wp-content\/uploads\/2019\/05\/ALLEGHE-DANILO-DE-TONI.jpeg\" data-dt-img-description=\"\" data-large_image_width=\"1373\" data-large_image_height=\"1600\"><img loading=\"lazy\" decoding=\"async\" class=\"alignleft size-thumbnail wp-image-86463\" src=\"https:\/\/www.radiopiu.net\/wordpress\/wp-content\/uploads\/2019\/05\/ALLEGHE-DANILO-DE-TONI-150x150.jpeg\" alt=\"\" width=\"150\" height=\"150\" \/><\/a>DA ALLEGHE DANILO DE TONI<\/p>\n<audio class=\"wp-audio-shortcode\" id=\"audio-129586-4\" preload=\"none\" style=\"width: 100%;\" controls=\"controls\"><source type=\"audio\/mpeg\" src=\"https:\/\/www.radiopiu.net\/wordpress\/wp-content\/uploads\/2020\/04\/PASQUA-ALLEGHE-1.mp3?_=4\" \/><a href=\"https:\/\/www.radiopiu.net\/wordpress\/wp-content\/uploads\/2020\/04\/PASQUA-ALLEGHE-1.mp3\">https:\/\/www.radiopiu.net\/wordpress\/wp-content\/uploads\/2020\/04\/PASQUA-ALLEGHE-1.mp3<\/a><\/audio>\n<p>&nbsp;<\/p>\n<p><a class=\"dt-pswp-item\" href=\"https:\/\/www.radiopiu.net\/wordpress\/wp-content\/uploads\/2019\/07\/AGORDO-ROBERTO-CHISSALE.jpg\" data-dt-img-description=\"\" data-large_image_width=\"1600\" data-large_image_height=\"1600\"><img loading=\"lazy\" decoding=\"async\" class=\"alignleft size-thumbnail wp-image-93612\" src=\"https:\/\/www.radiopiu.net\/wordpress\/wp-content\/uploads\/2019\/07\/AGORDO-ROBERTO-CHISSALE-150x150.jpg\" alt=\"\" width=\"150\" height=\"150\" srcset=\"https:\/\/www.radiopiu.net\/wordpress\/wp-content\/uploads\/2019\/07\/AGORDO-ROBERTO-CHISSALE-150x150.jpg 150w, https:\/\/www.radiopiu.net\/wordpress\/wp-content\/uploads\/2019\/07\/AGORDO-ROBERTO-CHISSALE-300x300.jpg 300w, https:\/\/www.radiopiu.net\/wordpress\/wp-content\/uploads\/2019\/07\/AGORDO-ROBERTO-CHISSALE-768x768.jpg 768w, https:\/\/www.radiopiu.net\/wordpress\/wp-content\/uploads\/2019\/07\/AGORDO-ROBERTO-CHISSALE-1024x1024.jpg 1024w, https:\/\/www.radiopiu.net\/wordpress\/wp-content\/uploads\/2019\/07\/AGORDO-ROBERTO-CHISSALE.jpg 1600w\" sizes=\"auto, (max-width: 150px) 100vw, 150px\" \/><\/a>DA AGORDO ROBERTO CHISSALE&#8217;<\/p>\n<audio class=\"wp-audio-shortcode\" id=\"audio-129586-5\" preload=\"none\" style=\"width: 100%;\" controls=\"controls\"><source type=\"audio\/mpeg\" src=\"https:\/\/www.radiopiu.net\/wordpress\/wp-content\/uploads\/2020\/04\/PASQUA-AGORDO-1.mp3?_=5\" \/><a href=\"https:\/\/www.radiopiu.net\/wordpress\/wp-content\/uploads\/2020\/04\/PASQUA-AGORDO-1.mp3\">https:\/\/www.radiopiu.net\/wordpress\/wp-content\/uploads\/2020\/04\/PASQUA-AGORDO-1.mp3<\/a><\/audio>\n<p>&nbsp;<\/p>\n<p><a class=\"dt-pswp-item\" href=\"https:\/\/www.radiopiu.net\/wordpress\/wp-content\/uploads\/2019\/05\/ROCCA-ANDREA-DE-BERNARDIN.jpeg\" data-dt-img-description=\"\" data-large_image_width=\"757\" data-large_image_height=\"1600\"><img loading=\"lazy\" decoding=\"async\" class=\"alignleft size-thumbnail wp-image-86473\" src=\"https:\/\/www.radiopiu.net\/wordpress\/wp-content\/uploads\/2019\/05\/ROCCA-ANDREA-DE-BERNARDIN-150x150.jpeg\" alt=\"\" width=\"150\" height=\"150\" \/><\/a>DA ROCCA PIETORE ANDREA DE BERNARDIN<\/p>\n<audio class=\"wp-audio-shortcode\" id=\"audio-129586-6\" preload=\"none\" style=\"width: 100%;\" controls=\"controls\"><source type=\"audio\/mpeg\" src=\"https:\/\/www.radiopiu.net\/wordpress\/wp-content\/uploads\/2020\/04\/PASQUA-ROCCA.mp3?_=6\" \/><a href=\"https:\/\/www.radiopiu.net\/wordpress\/wp-content\/uploads\/2020\/04\/PASQUA-ROCCA.mp3\">https:\/\/www.radiopiu.net\/wordpress\/wp-content\/uploads\/2020\/04\/PASQUA-ROCCA.mp3<\/a><\/audio>\n<p>&nbsp;<\/p>\n<p><a class=\"dt-pswp-item\" href=\"https:\/\/www.radiopiu.net\/wordpress\/wp-content\/uploads\/2017\/10\/silvia-cestaro.jpg\" data-dt-img-description=\"\" data-large_image_width=\"558\" data-large_image_height=\"417\"><img loading=\"lazy\" decoding=\"async\" class=\"alignleft size-thumbnail wp-image-37384\" src=\"https:\/\/www.radiopiu.net\/wordpress\/wp-content\/uploads\/2017\/10\/silvia-cestaro-150x150.jpg\" alt=\"\" width=\"150\" height=\"150\" \/><\/a>DA SELVA DI CADORE SILVIA CESTARO<\/p>\n<audio class=\"wp-audio-shortcode\" id=\"audio-129586-7\" preload=\"none\" style=\"width: 100%;\" controls=\"controls\"><source type=\"audio\/mpeg\" src=\"https:\/\/www.radiopiu.net\/wordpress\/wp-content\/uploads\/2020\/04\/PASQUA-SELVA.mp3?_=7\" \/><a href=\"https:\/\/www.radiopiu.net\/wordpress\/wp-content\/uploads\/2020\/04\/PASQUA-SELVA.mp3\">https:\/\/www.radiopiu.net\/wordpress\/wp-content\/uploads\/2020\/04\/PASQUA-SELVA.mp3<\/a><\/audio>\n<p>&nbsp;<\/p>\n<p><a class=\"dt-pswp-item\" href=\"https:\/\/www.radiopiu.net\/wordpress\/wp-content\/uploads\/2018\/08\/SindacoMicheleCosta.jpg\" data-dt-img-description=\"\" data-large_image_width=\"200\" data-large_image_height=\"235\"><img loading=\"lazy\" decoding=\"async\" class=\"alignleft size-thumbnail wp-image-56200\" src=\"https:\/\/www.radiopiu.net\/wordpress\/wp-content\/uploads\/2018\/08\/SindacoMicheleCosta-150x150.jpg\" alt=\"\" width=\"150\" height=\"150\" \/><\/a>DA FALCADE MICHELE COSTA<\/p>\n<audio class=\"wp-audio-shortcode\" id=\"audio-129586-8\" preload=\"none\" style=\"width: 100%;\" controls=\"controls\"><source type=\"audio\/mpeg\" src=\"https:\/\/www.radiopiu.net\/wordpress\/wp-content\/uploads\/2020\/04\/PASQUA-FALCADE-.mp3?_=8\" \/><a href=\"https:\/\/www.radiopiu.net\/wordpress\/wp-content\/uploads\/2020\/04\/PASQUA-FALCADE-.mp3\">https:\/\/www.radiopiu.net\/wordpress\/wp-content\/uploads\/2020\/04\/PASQUA-FALCADE-.mp3<\/a><\/audio>\n<p>&nbsp;<\/p>\n<p><a class=\"dt-pswp-item\" href=\"https:\/\/www.radiopiu.net\/wordpress\/wp-content\/uploads\/2018\/03\/paolo_frena.jpg\" data-dt-img-description=\"\" data-large_image_width=\"774\" data-large_image_height=\"884\"><img loading=\"lazy\" decoding=\"async\" class=\"alignleft size-thumbnail wp-image-45409\" src=\"https:\/\/www.radiopiu.net\/wordpress\/wp-content\/uploads\/2018\/03\/paolo_frena-150x150.jpg\" alt=\"\" width=\"150\" height=\"150\" \/><\/a>DA COLLE SANTA LUCIA PAOLO FRENA<\/p>\n<audio class=\"wp-audio-shortcode\" id=\"audio-129586-9\" preload=\"none\" style=\"width: 100%;\" controls=\"controls\"><source type=\"audio\/mpeg\" src=\"https:\/\/www.radiopiu.net\/wordpress\/wp-content\/uploads\/2020\/04\/PASQUA-COLLE.mp3?_=9\" \/><a href=\"https:\/\/www.radiopiu.net\/wordpress\/wp-content\/uploads\/2020\/04\/PASQUA-COLLE.mp3\">https:\/\/www.radiopiu.net\/wordpress\/wp-content\/uploads\/2020\/04\/PASQUA-COLLE.mp3<\/a><\/audio>\n<p>&nbsp;<\/p>\n<p><a class=\"dt-pswp-item\" href=\"https:\/\/www.radiopiu.net\/wordpress\/wp-content\/uploads\/2019\/05\/LA-VALLE-EZIO-ZUANEL.jpeg\" data-dt-img-description=\"\" data-large_image_width=\"1600\" data-large_image_height=\"901\"><img loading=\"lazy\" decoding=\"async\" class=\"alignleft size-thumbnail wp-image-86466\" src=\"https:\/\/www.radiopiu.net\/wordpress\/wp-content\/uploads\/2019\/05\/LA-VALLE-EZIO-ZUANEL-150x150.jpeg\" alt=\"\" width=\"150\" height=\"150\" \/><\/a>DA LA VALLE EZIO ZUANEL<\/p>\n<audio class=\"wp-audio-shortcode\" id=\"audio-129586-10\" preload=\"none\" style=\"width: 100%;\" controls=\"controls\"><source type=\"audio\/mpeg\" src=\"https:\/\/www.radiopiu.net\/wordpress\/wp-content\/uploads\/2020\/04\/PASQUA-LA-VALLE.mp3?_=10\" \/><a href=\"https:\/\/www.radiopiu.net\/wordpress\/wp-content\/uploads\/2020\/04\/PASQUA-LA-VALLE.mp3\">https:\/\/www.radiopiu.net\/wordpress\/wp-content\/uploads\/2020\/04\/PASQUA-LA-VALLE.mp3<\/a><\/audio>\n<p>&nbsp;<\/p>\n<p><a class=\"dt-pswp-item\" href=\"https:\/\/www.radiopiu.net\/wordpress\/wp-content\/uploads\/2017\/07\/Giocondo-OK-.jpg\" data-dt-img-description=\"\" data-large_image_width=\"250\" data-large_image_height=\"283\"><img loading=\"lazy\" decoding=\"async\" class=\"alignleft size-thumbnail wp-image-34620\" src=\"https:\/\/www.radiopiu.net\/wordpress\/wp-content\/uploads\/2017\/07\/Giocondo-OK--150x150.jpg\" alt=\"\" width=\"150\" height=\"150\" \/><\/a>DA GOSALDO GIOCONDO DALLE FESTE<\/p>\n<audio class=\"wp-audio-shortcode\" id=\"audio-129586-11\" preload=\"none\" style=\"width: 100%;\" controls=\"controls\"><source type=\"audio\/mpeg\" src=\"https:\/\/www.radiopiu.net\/wordpress\/wp-content\/uploads\/2020\/04\/PASQUA-GOSALDO.mp3?_=11\" \/><a href=\"https:\/\/www.radiopiu.net\/wordpress\/wp-content\/uploads\/2020\/04\/PASQUA-GOSALDO.mp3\">https:\/\/www.radiopiu.net\/wordpress\/wp-content\/uploads\/2020\/04\/PASQUA-GOSALDO.mp3<\/a><\/audio>\n<p>&nbsp;<\/p>\n<p><a class=\"dt-pswp-item\" href=\"https:\/\/www.radiopiu.net\/wordpress\/wp-content\/uploads\/2019\/05\/VALLADA-FABIO-LUCCHETTA.jpeg\" data-dt-img-description=\"\" data-large_image_width=\"1396\" data-large_image_height=\"1600\"><img loading=\"lazy\" decoding=\"async\" class=\"alignleft size-thumbnail wp-image-86485\" src=\"https:\/\/www.radiopiu.net\/wordpress\/wp-content\/uploads\/2019\/05\/VALLADA-FABIO-LUCCHETTA-150x150.jpeg\" alt=\"\" width=\"150\" height=\"150\" \/><\/a>DA VALLADA FABIO LUCCHETTA<\/p>\n<audio class=\"wp-audio-shortcode\" id=\"audio-129586-12\" preload=\"none\" style=\"width: 100%;\" controls=\"controls\"><source type=\"audio\/mpeg\" src=\"https:\/\/www.radiopiu.net\/wordpress\/wp-content\/uploads\/2020\/04\/PASQUA-VALLADA.mp3?_=12\" \/><a href=\"https:\/\/www.radiopiu.net\/wordpress\/wp-content\/uploads\/2020\/04\/PASQUA-VALLADA.mp3\">https:\/\/www.radiopiu.net\/wordpress\/wp-content\/uploads\/2020\/04\/PASQUA-VALLADA.mp3<\/a><\/audio>\n<p>&nbsp;<\/p>\n<p><a class=\"dt-pswp-item\" href=\"https:\/\/www.radiopiu.net\/wordpress\/wp-content\/uploads\/2019\/05\/TAIBON-SILVIA-TORMEN.jpeg\" data-dt-img-description=\"\" data-large_image_width=\"1062\" data-large_image_height=\"1600\"><img loading=\"lazy\" decoding=\"async\" class=\"alignleft size-thumbnail wp-image-86482\" src=\"https:\/\/www.radiopiu.net\/wordpress\/wp-content\/uploads\/2019\/05\/TAIBON-SILVIA-TORMEN-150x150.jpeg\" alt=\"\" width=\"150\" height=\"150\" \/><\/a>DA TAIBON SILVIA TORMEN<\/p>\n<audio class=\"wp-audio-shortcode\" id=\"audio-129586-13\" preload=\"none\" style=\"width: 100%;\" controls=\"controls\"><source type=\"audio\/mpeg\" src=\"https:\/\/www.radiopiu.net\/wordpress\/wp-content\/uploads\/2020\/04\/PASQUA-TAIBON.mp3?_=13\" \/><a href=\"https:\/\/www.radiopiu.net\/wordpress\/wp-content\/uploads\/2020\/04\/PASQUA-TAIBON.mp3\">https:\/\/www.radiopiu.net\/wordpress\/wp-content\/uploads\/2020\/04\/PASQUA-TAIBON.mp3<\/a><\/audio>\n<p>&nbsp;<\/p>\n<p><a class=\"dt-pswp-item\" href=\"https:\/\/www.radiopiu.net\/wordpress\/wp-content\/uploads\/2018\/08\/FLAVIO-COLCE.jpg\" data-dt-img-description=\"\" data-large_image_width=\"575\" data-large_image_height=\"1024\"><img loading=\"lazy\" decoding=\"async\" class=\"alignleft size-thumbnail wp-image-56267\" src=\"https:\/\/www.radiopiu.net\/wordpress\/wp-content\/uploads\/2018\/08\/FLAVIO-COLCE-150x150.jpg\" alt=\"\" width=\"150\" height=\"150\" \/><\/a>DA CANALE D&#8217;AGORDO FLAVIO COLCEGNAN<\/p>\n<audio class=\"wp-audio-shortcode\" id=\"audio-129586-14\" preload=\"none\" style=\"width: 100%;\" controls=\"controls\"><source type=\"audio\/mpeg\" src=\"https:\/\/www.radiopiu.net\/wordpress\/wp-content\/uploads\/2020\/04\/PASQUA-CANALE.mp3?_=14\" \/><a href=\"https:\/\/www.radiopiu.net\/wordpress\/wp-content\/uploads\/2020\/04\/PASQUA-CANALE.mp3\">https:\/\/www.radiopiu.net\/wordpress\/wp-content\/uploads\/2020\/04\/PASQUA-CANALE.mp3<\/a><\/audio>\n<p>&nbsp;<\/p>\n<p><a class=\"dt-pswp-item\" href=\"https:\/\/www.radiopiu.net\/wordpress\/wp-content\/uploads\/2018\/05\/Mauro-Soppelsa-libero-professionista-perito-edile-56-anni.jpg\" data-dt-img-description=\"\" data-large_image_width=\"1852\" data-large_image_height=\"2218\"><img loading=\"lazy\" decoding=\"async\" class=\"alignleft size-thumbnail wp-image-48070\" src=\"https:\/\/www.radiopiu.net\/wordpress\/wp-content\/uploads\/2018\/05\/Mauro-Soppelsa-libero-professionista-perito-edile-56-anni-150x150.jpg\" alt=\"\" width=\"150\" height=\"150\" \/><\/a>DA CENCENIGHE MAURO SOPPELSA<\/p>\n<audio class=\"wp-audio-shortcode\" id=\"audio-129586-15\" preload=\"none\" style=\"width: 100%;\" controls=\"controls\"><source type=\"audio\/mpeg\" src=\"https:\/\/www.radiopiu.net\/wordpress\/wp-content\/uploads\/2020\/04\/PASQUA-CENCE.mp3?_=15\" \/><a href=\"https:\/\/www.radiopiu.net\/wordpress\/wp-content\/uploads\/2020\/04\/PASQUA-CENCE.mp3\">https:\/\/www.radiopiu.net\/wordpress\/wp-content\/uploads\/2020\/04\/PASQUA-CENCE.mp3<\/a><\/audio>\n<p>&nbsp;<\/p>\n<p><a class=\"dt-pswp-item\" href=\"https:\/\/www.radiopiu.net\/wordpress\/wp-content\/uploads\/2017\/05\/GIOVANNI-NINO-DEON.jpg\" data-dt-img-description=\"\" data-large_image_width=\"745\" data-large_image_height=\"721\"><img loading=\"lazy\" decoding=\"async\" class=\"alignleft size-thumbnail wp-image-32109\" src=\"https:\/\/www.radiopiu.net\/wordpress\/wp-content\/uploads\/2017\/05\/GIOVANNI-NINO-DEON-150x150.jpg\" alt=\"\" width=\"150\" height=\"150\" \/><\/a>DA RIVAMONTE GIOVANNI NINO DEON<\/p>\n<audio class=\"wp-audio-shortcode\" id=\"audio-129586-16\" preload=\"none\" style=\"width: 100%;\" controls=\"controls\"><source type=\"audio\/mpeg\" src=\"https:\/\/www.radiopiu.net\/wordpress\/wp-content\/uploads\/2020\/04\/PASQUA-RIVA.mp3?_=16\" \/><a href=\"https:\/\/www.radiopiu.net\/wordpress\/wp-content\/uploads\/2020\/04\/PASQUA-RIVA.mp3\">https:\/\/www.radiopiu.net\/wordpress\/wp-content\/uploads\/2020\/04\/PASQUA-RIVA.mp3<\/a><\/audio>\n<p>&nbsp;<\/p>\n<p><a class=\"dt-pswp-item\" href=\"https:\/\/www.radiopiu.net\/wordpress\/wp-content\/uploads\/2019\/04\/San-Tomaso_Moreno-De-Val.jpg\" data-dt-img-description=\"\" data-large_image_width=\"320\" data-large_image_height=\"320\"><img loading=\"lazy\" decoding=\"async\" class=\"alignleft size-thumbnail wp-image-83894\" src=\"https:\/\/www.radiopiu.net\/wordpress\/wp-content\/uploads\/2019\/04\/San-Tomaso_Moreno-De-Val-150x150.jpg\" alt=\"\" width=\"150\" height=\"150\" srcset=\"https:\/\/www.radiopiu.net\/wordpress\/wp-content\/uploads\/2019\/04\/San-Tomaso_Moreno-De-Val-150x150.jpg 150w, https:\/\/www.radiopiu.net\/wordpress\/wp-content\/uploads\/2019\/04\/San-Tomaso_Moreno-De-Val-300x300.jpg 300w, https:\/\/www.radiopiu.net\/wordpress\/wp-content\/uploads\/2019\/04\/San-Tomaso_Moreno-De-Val.jpg 320w\" sizes=\"auto, (max-width: 150px) 100vw, 150px\" \/><\/a>DA SAN TOMASO MORENO DE VAL<\/p>\n<audio class=\"wp-audio-shortcode\" id=\"audio-129586-17\" preload=\"none\" style=\"width: 100%;\" controls=\"controls\"><source type=\"audio\/mpeg\" src=\"https:\/\/www.radiopiu.net\/wordpress\/wp-content\/uploads\/2020\/04\/PASQUA-SA-TOMAS.mp3?_=17\" \/><a href=\"https:\/\/www.radiopiu.net\/wordpress\/wp-content\/uploads\/2020\/04\/PASQUA-SA-TOMAS.mp3\">https:\/\/www.radiopiu.net\/wordpress\/wp-content\/uploads\/2020\/04\/PASQUA-SA-TOMAS.mp3<\/a><\/audio>\n<p><a class=\"dt-pswp-item\" href=\"https:\/\/www.radiopiu.net\/wordpress\/wp-content\/uploads\/2019\/05\/LIVINALLONGO-LEANDRO-GRONES.jpg\" data-dt-img-description=\"\" data-large_image_width=\"548\" data-large_image_height=\"768\"><img loading=\"lazy\" decoding=\"async\" class=\"alignleft size-thumbnail wp-image-86470\" src=\"https:\/\/www.radiopiu.net\/wordpress\/wp-content\/uploads\/2019\/05\/LIVINALLONGO-LEANDRO-GRONES-150x150.jpg\" alt=\"\" width=\"150\" height=\"150\" \/><\/a>DA LIVINALLONGO DEL COL DI LANA LEANDRO GRONES<\/p>\n<p>&nbsp;<\/p>\n<audio class=\"wp-audio-shortcode\" id=\"audio-129586-18\" preload=\"none\" style=\"width: 100%;\" controls=\"controls\"><source type=\"audio\/mpeg\" src=\"https:\/\/www.radiopiu.net\/wordpress\/wp-content\/uploads\/2020\/04\/PASQUA-ARABBA.mp3?_=18\" \/><a href=\"https:\/\/www.radiopiu.net\/wordpress\/wp-content\/uploads\/2020\/04\/PASQUA-ARABBA.mp3\">https:\/\/www.radiopiu.net\/wordpress\/wp-content\/uploads\/2020\/04\/PASQUA-ARABBA.mp3<\/a><\/audio>\n<p>&nbsp;<\/p>\n<h3>I FUORI ONDA&#8230;<\/h3>\n<audio class=\"wp-audio-shortcode\" id=\"audio-129586-19\" preload=\"none\" style=\"width: 100%;\" controls=\"controls\"><source type=\"audio\/mpeg\" src=\"https:\/\/www.radiopiu.net\/wordpress\/wp-content\/uploads\/2020\/04\/fuori-onda.mp3?_=19\" \/><a href=\"https:\/\/www.radiopiu.net\/wordpress\/wp-content\/uploads\/2020\/04\/fuori-onda.mp3\">https:\/\/www.radiopiu.net\/wordpress\/wp-content\/uploads\/2020\/04\/fuori-onda.mp3<\/a><\/audio>\n<p>&nbsp;<\/p>\n<hr \/>\n<p>&nbsp;<\/p>\n<blockquote>\n<h3>IL MESSAGGIO DEL PRESIDENTE DEL GRUPPO SPORTIVO TAIBON ANTIMO SAVARIS<\/h3>\n<\/blockquote>\n<p><strong><a class=\"dt-pswp-item\" href=\"https:\/\/www.radiopiu.net\/wordpress\/wp-content\/uploads\/2018\/03\/marco-a-antimo.jpg\" data-dt-img-description=\"\" data-large_image_width=\"1000\" data-large_image_height=\"750\"><img loading=\"lazy\" decoding=\"async\" class=\"alignleft size-medium wp-image-45744\" src=\"https:\/\/www.radiopiu.net\/wordpress\/wp-content\/uploads\/2018\/03\/marco-a-antimo-300x225.jpg\" alt=\"\" width=\"300\" height=\"225\" srcset=\"https:\/\/www.radiopiu.net\/wordpress\/wp-content\/uploads\/2018\/03\/marco-a-antimo-300x225.jpg 300w, https:\/\/www.radiopiu.net\/wordpress\/wp-content\/uploads\/2018\/03\/marco-a-antimo-768x576.jpg 768w, https:\/\/www.radiopiu.net\/wordpress\/wp-content\/uploads\/2018\/03\/marco-a-antimo.jpg 1000w\" sizes=\"auto, (max-width: 300px) 100vw, 300px\" \/><\/a>TAIBON<\/strong> Il presidente del Gruppo Sportivo Taibon Antimo Savaris e il messaggio di Pasqua<\/p>\n<audio class=\"wp-audio-shortcode\" id=\"audio-129586-20\" preload=\"none\" style=\"width: 100%;\" controls=\"controls\"><source type=\"audio\/mpeg\" src=\"https:\/\/www.radiopiu.net\/wordpress\/wp-content\/uploads\/2020\/04\/ANTIMO-PASQUA-2020.mp3?_=20\" \/><a href=\"https:\/\/www.radiopiu.net\/wordpress\/wp-content\/uploads\/2020\/04\/ANTIMO-PASQUA-2020.mp3\">https:\/\/www.radiopiu.net\/wordpress\/wp-content\/uploads\/2020\/04\/ANTIMO-PASQUA-2020.mp3<\/a><\/audio>\n<p>&nbsp;<\/p>\n<p>&nbsp;<\/p>\n<p>&nbsp;<\/p>\n<h2>LA RASSEGNA STAMPA DA L&#8217;AMICO DEL POPOLO, OSPITE CRISTINA BIEN ASSESSORE AD AGORDO<\/h2>\n<h2><img decoding=\"async\" src=\"https:\/\/www.radiopiu.net\/wordpress\/wp-content\/uploads\/2020\/04\/image-1.jpg\" \/>RASSEGNA STAMPA<\/h2>\n<h2>DELL&#8217;11 APRILE 2020 DI GIANNI SANTOMASO<\/h2>\n<audio class=\"wp-audio-shortcode\" id=\"audio-129586-21\" preload=\"none\" style=\"width: 100%;\" controls=\"controls\"><source type=\"audio\/mpeg\" src=\"https:\/\/www.radiopiu.net\/wordpress\/wp-content\/uploads\/2020\/04\/01_Rassegna-Adp-10_04_20_Intro.mp3?_=21\" \/><a href=\"https:\/\/www.radiopiu.net\/wordpress\/wp-content\/uploads\/2020\/04\/01_Rassegna-Adp-10_04_20_Intro.mp3\">https:\/\/www.radiopiu.net\/wordpress\/wp-content\/uploads\/2020\/04\/01_Rassegna-Adp-10_04_20_Intro.mp3<\/a><\/audio>\n<p>&nbsp;<\/p>\n<p>&nbsp;<\/p>\n<p>&nbsp;<\/p>\n<p>&nbsp;<\/p>\n<p>&nbsp;<\/p>\n<hr \/>\n<p>&nbsp;<\/p>\n<blockquote>\n<h3>AVVISO PER LA RICERCA DI INFERMIERI E OSS PER I CENTRI DI SERVIZIO<\/h3>\n<\/blockquote>\n<p><strong class=\"photoswipe-wrapper\"><img loading=\"lazy\" decoding=\"async\" class=\"alignleft wp-image-121256 jetpack-lazy-image jetpack-lazy-image--handled\" src=\"https:\/\/i1.wp.com\/www.radiopiu.net\/wordpress\/wp-content\/uploads\/2020\/03\/ULSS-1-DOLOMITI-LOGO.jpg?resize=216%2C159&amp;ssl=1\" alt=\"\" width=\"216\" height=\"159\" data-recalc-dims=\"1\" data-lazy-loaded=\"1\" \/>BELLUNO<\/strong>. E\u2019 stato indetto un avviso diretto alla formulazione di elenchi di infermieri ed operatori socio sanitari disponibili a prestare attivit\u00e0 assistenziale presso i Centri di Servizio Anziani presenti nell\u2019ambito territoriale dell\u2019Azienda ULSS n. 1 Dolomiti. L\u2019Azienda ULSS n. 1 Dolomiti, ricevute le comunicazioni di disponibilit\u00e0, inoltrer\u00e0 gli elenchi ai Centri di Servizio Anziani, che potranno contattare direttamente gli interessati ed eventualmente procedere a stipulare contratti individuali, di lavoro subordinato o di lavoro autonomo, secondo la vigente normativa. L\u2019avviso \u00e8 consultabile sul sito dell\u2019Ulss 1 Dolomiti: www.aulss1.veneto.it \u2013 concorsi e avvisi \u2013 servizio personale \u2013 concorsi e avvisi in scadenza.<\/p>\n<p>Nell\u2019ambito delle attivit\u00e0 a sostegno dei Centri di Servizio, \u00e8 stato indetto un avviso INTERNO per personale dipendente dell\u2019Ulss Dolomiti per la ricerca di disponibilit\u00e0 <b>di infermieri e OSS<\/b> che vogliano essere <b>assegnati temporaneamente ai Centri di Servizio<\/b> in relazione all\u2019emergenza COVID per i mesi di aprile e maggio 2020.\u00a0L\u2019avviso \u00e8 consultabile in intranet aziendale e sul sito dell\u2019Ulss 1 Dolomiti: www.aulss1.veneto.it \u2013 concorsi e avvisi \u2013 servizio personale \u2013 avvisi al personale dipendente\u00a0Per manifestare la propria disponibilit\u00e0 \u00e8 necessario compilare il modulo presente nel sito e inviarlo via mail, allegando carta di identit\u00e0 , a protocollo.aulss1@pecveneto.it .L\u2019effettiva assegnazione temporanea<span class=\"Apple-converted-space\">\u00a0 <\/span>sar\u00e0 disposta avendo cura di contemperare le esigenze dell\u2019azienda Ulss con quelle dei centri servizi.<\/p>\n<p>&nbsp;<\/p>\n<hr \/>\n<p>&nbsp;<\/p>\n<blockquote>\n<h3>ASCA RICERCA PERSONALE INFERMIERISTICO<\/h3>\n<\/blockquote>\n<p><strong class=\"photoswipe-wrapper\"><img loading=\"lazy\" decoding=\"async\" class=\"alignleft size-full wp-image-53885 jetpack-lazy-image jetpack-lazy-image--handled\" src=\"https:\/\/i0.wp.com\/www.radiopiu.net\/wordpress\/wp-content\/uploads\/2018\/07\/logo-asca.png?resize=182%2C100&amp;ssl=1\" alt=\"\" width=\"182\" height=\"100\" data-lazy-loaded=\"1\" \/>AGORDO\u00a0<\/strong>ASCA ha indetto una nuova selezione pubblica finalizzata alla formulazione di una graduatoria di idoneit\u00e0 utile all\u2019inserimento a tempo indeterminato e determinato a tempo pieno presso la RSA di Agordo di INFERMIERE<strong>.\u00a0<\/strong>Le modalit\u00e0 di presentazione della domanda si trovano sulla home page del sito aziendale\u00a0www.servizisocialiasca.it\u00a0Il termine ultimo per la presentazione delle candidature \u00e8 fissato entro e non oltre le ore 12.00\u00a0del giorno 15 maggio 2020.<\/p>\n<p>&nbsp;<\/p>\n<hr \/>\n<p>&nbsp;<\/p>\n<blockquote>\n<h3>A CANALE D\u2019AGORDO LA CONSEGNA A DOMICILIO DI MASCHERINE SU RICHIESTA<\/h3>\n<\/blockquote>\n<p><strong class=\"photoswipe-wrapper\"><img loading=\"lazy\" decoding=\"async\" class=\"wp-image-126460 alignleft jetpack-lazy-image jetpack-lazy-image--handled\" src=\"https:\/\/i2.wp.com\/www.radiopiu.net\/wordpress\/wp-content\/uploads\/2020\/03\/MASCHERINA-CHIRURGICA.png?resize=122%2C97&amp;ssl=1\" sizes=\"auto, (max-width: 122px) 100vw, 122px\" srcset=\"https:\/\/i2.wp.com\/www.radiopiu.net\/wordpress\/wp-content\/uploads\/2020\/03\/MASCHERINA-CHIRURGICA.png?resize=300%2C239&amp;ssl=1 300w, https:\/\/i2.wp.com\/www.radiopiu.net\/wordpress\/wp-content\/uploads\/2020\/03\/MASCHERINA-CHIRURGICA.png?resize=1024%2C817&amp;ssl=1 1024w, https:\/\/i2.wp.com\/www.radiopiu.net\/wordpress\/wp-content\/uploads\/2020\/03\/MASCHERINA-CHIRURGICA.png?resize=768%2C613&amp;ssl=1 768w, https:\/\/i2.wp.com\/www.radiopiu.net\/wordpress\/wp-content\/uploads\/2020\/03\/MASCHERINA-CHIRURGICA.png?w=1280&amp;ssl=1 1280w\" alt=\"\" width=\"122\" height=\"97\" data-lazy-loaded=\"1\" \/>CANALE D\u2019AGORDO<\/strong>\u00a0Il comune di Canale D\u2019Agordo ha cominciato la consegna a domicilio delle mascherine a richiesta. Al fine di limitare gli spostamenti, coloro che avessero bisogno di mascherine sono pregati di contattare il numero 320 3298245 dalle 9 alle 12 il luned\u00ec, mercoled\u00ec e venerd\u00ec. La consegna del materiale verr\u00e0 effettuato dalle associazioni di volontariato del territorio direttamente a casa. In caso di urgenze il numero \u00e8 0437 590323.<\/p>\n<p>&nbsp;<\/p>\n<hr \/>\n<p>&nbsp;<\/p>\n<blockquote>\n<h3>LA CROCE BIANCA VAL FIORENTINA CONSEGNA LA SPESA A DOMICILIO<\/h3>\n<\/blockquote>\n<p><strong>SELVA DI CADORE<\/strong>\u00a0I volontari della Croce Bianca Val Fiorentina vengono in aiuto agli anziani e alle persone bisognose che non possono muoversi di casa attivando un servizio di consegna a domicilio della spesa. Il servizio sar\u00e0 erogato il luned\u00ec, mercoled\u00ec e sabato. Per accedere al servizio basta contattare il negozio Conad di Selva di Cadore allo 0437 720613 o l\u2019alimentari di Pescul allo 0437 521071 entro le ore 10 poi i volontari della Croce Bianca Val Fiorentina consegneranno la spesa a casa.<\/p>\n<p>&nbsp;<\/p>\n<hr \/>\n<p>&nbsp;<\/p>\n<blockquote>\n<h3>A LA VALLE PARTE LA CONSEGNA A DOMICILIO DI FARMACI E SPESA<\/h3>\n<\/blockquote>\n<p><strong>LA VALLE AGORDINA<\/strong>\u00a0Il Sindaco informa che sono stati attivati i servizi di consegna a domicilio per farmaci e per la spesa. Per la consegna dei farmaci i numeri da chiamare sono 0437 62298 oppure 0437 63896, servizio attivo dal luned\u00ec al venerd\u00ec dalle 9 alle 12:30 e dalle 15:30 alle 18:30. Per la consegna della spesa a domicilio basta telefonare al Panificio \u201cEl Forner\u201d 0437 63040, servizio garantito dal lunedi al sabato dalle 7 alle 12:30 e dalle 16:30 alle 19, anche la domenica dalle 7 alle 12:30<\/p>\n<p>&nbsp;<\/p>\n<hr \/>\n<h3><\/h3>\n<blockquote>\n<h3>SERVIZIO A DOMICILIO ANCHE A CANALE D\u2019AGORDO<\/h3>\n<\/blockquote>\n<p><strong>CANALE D\u2019AGORDO<\/strong>\u00a0Il comune, in collaborazione con le associazioni di volontariato del territorio, ha attivato il servizio di consegna a domicilio di farmaci e beni di prima necessit\u00e0 alle persone che sono impossibiltate a muoversi (anziani, persone non autosufficienti, persone sole e\/o che non possono uscire dalla propria abitazione. Servizio attivo il luned\u00ec, mercoled\u00ec e venerd\u00ec. Per avvalersi del servizio il numero da chiamare \u00e8 320 3298245<\/p>\n<p>&nbsp;<\/p>\n<hr \/>\n<p>&nbsp;<\/p>\n<blockquote>\n<h3>SERVIZIO SPESA GRATIS PER FODOM<\/h3>\n<\/blockquote>\n<p class=\"photoswipe-wrapper\"><strong>LIVINALLONGO<\/strong>\u00a0Questo servizio \u00e8 rivolto a persone anziane e malate, ma anche alle famiglie e alle persone sole che non hanno la possibilit\u00e0 di fare acquisti. Il servizio pu\u00f2 essere richiesto ogni giorno ed \u00e8 gratuito.\u00a0Potr\u00e0 essere richiesto al 0471 444 444 dalle ore 8-18. La consegna avviene lo stesso giorno o al pi\u00f9 tardi il giorno successivo. Il servizio viene eseguito esclusivamente da volontari della Croce Bianca che possono identificarsi come collaboratori dell\u2019associazione e indossano la divisa e tesserino.<\/p>\n<p>&nbsp;<\/p>\n<hr \/>\n<p>&nbsp;<\/p>\n<blockquote class=\"wp-embedded-content\" data-secret=\"XqeeZ6FMDa\"><p><a href=\"https:\/\/www.radiopiu.net\/wordpress\/la-pasqua-di-don-fabiano\/\">LA PASQUA DI DON FABIANO<\/a><\/p><\/blockquote>\n<p><iframe loading=\"lazy\" title=\"&#8220;LA PASQUA DI DON FABIANO&#8221; &#8212; Radio Pi\u00f9\" class=\"wp-embedded-content\" sandbox=\"allow-scripts\" security=\"restricted\" style=\"position: absolute; clip: rect(1px, 1px, 1px, 1px);\" src=\"https:\/\/www.radiopiu.net\/wordpress\/la-pasqua-di-don-fabiano\/embed\/#?secret=XqeeZ6FMDa\" data-secret=\"XqeeZ6FMDa\" width=\"600\" height=\"338\" frameborder=\"0\" marginwidth=\"0\" marginheight=\"0\" scrolling=\"no\"><\/iframe><\/p>\n<p>&nbsp;<\/p>\n<hr \/>\n<p>&nbsp;<\/p>\n<p>STAI A CASA, A TAIBON E\u2019 LA FARMACIA CHE VIENE DA TE! AIUTACI AD AIUTARCI\u00a0 La distribuzione dei farmaci a domicilio, per gli abitanti di Taibon<\/p>\n<p>0437 640307 LA FRUTTA DIRETTAMENTE A CASA TUA CON MIRKO E L\u2019ORTOFRUTTA MARTINI DI AGORDO<\/p>\n<p>LA PIZZERIA BOCCON DIVINO A TAIBON AGORDINO COMUNICA CHE EFFETTUA SERVIZIO CONSEGNE PIZZE A DOMICILIO, TUTTI I GIORNI A PARTIRE DALLE ORE 18,\u00a0NEI COMUNI DI TAIBON AGORDINO E AGORDO.\u00a0POTETE PRENOTARE LE VOSTRE PIZZE, DALLE 16 ALLE 18 TELEFONICAMENTE AL 340 2986275<\/p>\n<p>DA SAPPADE DI FALCADE PICCOLA BAITA PORTA SULLE VOSTRE TAVOLE I SAPORI DEL TERRITORIO WWW.PICCOLABAITA.NET PER LE ORDINAZIONI ON LINE. 0437 590491<\/p>\n<p>L\u2019AZIENDA AGRICOLA MILCHHOF AGOSTINI DI SELVA DI CADORE. INFORMA CHE E\u2019 A DISPOSIZONE PER CONSEGNE GRATUITE A DOMICILIO IN TUTTA LA PROVICIA DI FORMAGGI, YOGURT, RICOTTE, MOZZARELLE DI PROPRIA PRODUZIONE, POTETE CONTATTARCI VIA TELEFONICA AL 380 39,57,409. PRENOTAZIONI ANCHE VIA WHATS UP ALLO STESSO NUMERO. \u00a0LA CONSEGNA AVVERRA\u2019 IN UNO O AL MASSIMO DUE GIORNI. AZIENDA AGRICLA MILCHOFF AGOSTINI. SELVA DI CADORE. 380 3957409<\/p>\n<p>Restiamo a casa, ma rafforziamoci per rimanere in salute!\u00a0Segui online le sessioni di allenamento della Palestra All Fit di Trichiana: ogni settimana avrai 2 sessioni di allenamento gratuite!\u00a0In pi\u00f9 ogni gioved\u00ec alle 18.30 ti aspetta la diretta Facebook durante la quale farai esercizio insieme allo staff All Fit e a centinaia di altre persone connesse anche loro da casa.\u00a0Per accedere al servizio gratuito, contatta All Fit tramite messaggio sulla pagina Facebook.\u00a0Non aspettare, prepariamoci per ripartire in salute pi\u00f9 forti di prima!<\/p>\n<p>DEVI SPOSTARTI? NON SAI COME FARE IN QUESTO DIFFICILE PERIODO?\u00a0 SENTI DOLOMITI VIAGGI DI FALCADE,\u00a0 COME UN TAXI:\u00a0 AUTOVETTURE E PULMINO NOLEGGIO CON CONDUCENTE. CHIAMA IL NUMERO 329 35,26,156.\u00a0 SAPRA\u2019 CONSIGLIARTI PER UN TRASPORTO IN SICUREZZA NEL RISPETTO DELLE MISURE ATTUALI DI CONTENIMENTO DEL CONTAGIO.<\/p>\n<p>ZUMBRILLENBER AGORDO CONSEGNA A DOMICILIO. PIATTI DI CARNE, PESCE, E PIZZE. A DOMICILIO, NEL RAGGIO DI 15 CHILOMETRI DA AGORDO, TUTTI I GIORNI. ANCHE WHATS UP ENTRO LE 20.30. TUTTI I GIORNI, PER PRANZO E CENA. 345 9135042<\/p>\n<p>I SERVIZI A DOMICILIO PER LE PERSONE ANZIANE DEL COMUNE DI ROCCA PIETORE. FARMACI: Farmacia dr. Fassa Caprile 0437 721112. RICETTE: Dott. Allegro 338 3312357, Dott. Mascanzoni 347 7145560. SPESA ALIMENTARE: Coop Rocca Pietore 0437 721304, Coop Alleghe 0437 523640, Coop Caprile 0437 721123, Alimentari Sottoguda 0437 722120, Alimentari Digonera 0437 529070, Macelleria Da Pian Caprile 0437 721151, Macelleria Ongaro Alleghe 0437 523317<\/p>\n<p>LA PASTICCERIA LES BON BON DI AGORDO TI INFORMA CHE E\u2019 ATTIVO IL SERVIZIO DI CONSEGNA A DOMICILIO, AD AGORDO E PAESI LIMITROFI. PORTIAMO A CASA TUA LE NOSTRE COLOMBE E I NOSTRI PRODOTTI DI PASTICCERIA, MA ANCHE OVETTI SFUSI LINDT E BARATTI. CONIGLIETTI, PULCINI, PELUCHE. PER INFO E PRENOTAZIONI. TELEFONO O WHATS UP AL 342 59,80,559. RIPETO. CI TROVI ANCHE SU FACEBOOK, INSTAGRAM, O EMAIL ALL\u2019INDIRIZZO LESBONBONSAGORDO@GMAIL.COM.\u00a0NELLA SETTIMANA DI PASQUA, CONSEGNE ANCHE IN ALTRI PAESI DELL\u2019AGORDINO.<\/p>\n<p>A RIVAMONTE DAISY! PANINI, BRUSCHETTE, TOAST. PER LA TUA CENA ALTERNATIVA E GUSTOSA. RICHIEDI IL NOSTRO LISTINO. TROVI DECINE DI PROPOSTE, E TANTE NOVITA\u2019. PER TE ANCHE LE NOSTRE BIRRE E I NOSTRI VINI DA ABBINARE. STATE A CASA, CHE ARRIVAMO NOI. CONSEGNAMO OGNI SERA. LE PRENOTAZIONI SI RICEVONO ENTRO LE ORE 17 AL 348 56,42,568. CONSEGNAMO A RIVAMONTE, GOSALDO, FRASSENE\u2019, VOLTAGO, TAIBON, AGORDO, LA VALLE.<\/p>\n<div class=\"google-auto-placed ap_container\">\n<p>La Profumeria Wanda di Agordo consegna i prodotti a domicilio. Puoi chiamare, spiegare le tue esigenze e scegliere quello di cui hai bisogno. Consegna direttamente a casa senza spese in tutto l\u2019Agordino il martedi e venerdi odinando il giorno precedente entro le 17. Per ulteriori informazioni 331 4662006. Negozio aperto dalle 10.30 alle 11.30 e dalle 16 alle 17<\/p>\n<p>L\u2019AZIENDA AGRICOLA ZANCHETTA, SPACCIO DI AGORDO INFORMA CHE EFFETTUA LA CONSEGNA A DOMICILIO DEL VINO DELLA PROPRIA PRODUZIONE. ARRIVIAMO DA VOI IL MERCOLEDI\u2019 POMERIGGIO, AD AGORDO E PAESI LIMITROFI. VINO BIANCO O ROSSO, IN BOTTIGLIA O DAMA DA 5 LITRI. PRENOTAZIONI ENTRO IL MERCOLEDI\u2019 MATTINA AL 335 6285096<\/p>\n<p>LA MACELLERIA COSTA INFORMA CHE EFFETTUA CONSEGNE A DOMICILIO GRATUITE IN TUTTO L\u2019AGORDINO. TUTTI I GIORNI DAL LUNEDI AL VENERDI\u2019. INFO PRENOTAZIONI E RICHIESTE LISTINO AL 340 9714699 anche social MACELLERIA COSTA CANALE D\u2019AGORDO<\/p>\n<p>LA PASTICCERIA SAINT HONORE DI AGORDO EFFETTUA DA MARTEDI 7 APRILE CONSEGNE A DOMICILIO AD AGORDO E PAESI LIMITROFI DI COLOMBE E UOVA PASQUALI DI PRODUZIONE PROPRIA, MA ANCHE CONFEZIONI REGALO E OVETTI LINDT. INFO E PRENOTAZIONI 0437 62585<\/p>\n<p>PREPARIAMO UNA SELEZIONE DELLE NOSTRE FAMOSE SPECIALITA\u2019, DA CONSEGNARVI A DOMICILIO. LA PORCHETTA FATTA DA NOI A UN EURO E 80 ALL\u2019ETTO I PANINI CON LA PORCHETTA A 4 EURO, LE NOSTRE POLPETTE DI POLLO E VERDURE A UN EURO E 20 CIASCUNA. E POI GNOCCHI FRESCHI FATTI DI GIORNATA A TRE EURO A PORZIONE, RAGU\u2019 DI CARNE FRESCO A 4 EURO A PORZIONE, CERVO CON POLENTA DI MAIS SPONCIO A 13 EURO, BACCALA\u2019 ALLA VICENTINA CON POLENTA DI SPONCIO A 13 EURO, TRIPPE ALLA PARMIGIANA CON POLENTA DI SPONCIO A 11 EURO. ORDINA TELEFONANDO AL 333 1432468 E IL GIORNO SUCCESSIVO CONSEGNEREMO A CASA TUA LE PIETANZE SCELTE. ORDINE MINIMO 25 EURO. SERVIZIO ATTIVO NEI TERRITORI DI AGORDO, CANALE, LA VALLE, CENCENIGHE, RIVAMONTE, VOLTAGO, TAIBON, BELLUNO, SEDICO, PONTE NELLE ALPI. SAN MARTIN \u2013 RISTORO E BAR. LOCALITA\u2019 LA MUDA STRADA AGORDO BELLUNO\u00f9<\/p>\n<p>&nbsp;<\/p>\n<hr \/>\n<p>&nbsp;<\/p>\n<p><a class=\"dt-pswp-item\" href=\"https:\/\/www.radiopiu.net\/wordpress\/wp-content\/uploads\/2018\/09\/WhatsApp-Image-2018-09-20-at-16.04.06.jpeg\" data-dt-img-description=\"\" data-large_image_width=\"800\" data-large_image_height=\"100\"><img loading=\"lazy\" decoding=\"async\" class=\"alignnone size-full wp-image-61378\" src=\"https:\/\/www.radiopiu.net\/wordpress\/wp-content\/uploads\/2018\/09\/WhatsApp-Image-2018-09-20-at-16.04.06.jpeg\" alt=\"\" width=\"800\" height=\"100\" srcset=\"https:\/\/www.radiopiu.net\/wordpress\/wp-content\/uploads\/2018\/09\/WhatsApp-Image-2018-09-20-at-16.04.06.jpeg 800w, https:\/\/www.radiopiu.net\/wordpress\/wp-content\/uploads\/2018\/09\/WhatsApp-Image-2018-09-20-at-16.04.06-300x38.jpeg 300w, https:\/\/www.radiopiu.net\/wordpress\/wp-content\/uploads\/2018\/09\/WhatsApp-Image-2018-09-20-at-16.04.06-768x96.jpeg 768w\" sizes=\"auto, (max-width: 800px) 100vw, 800px\" \/><\/a><\/p>\n<p>&nbsp;<\/p>\n<p><center><b>Lunedi 13<\/b><\/center><b>Tempo atteso:\u00a0<\/b>Durante la notte e per buona parte del mattino cielo da molto nuvoloso a coperto per nubi medie e medio-alte stratiformi. Dalle ore centrali ampi rasserenamenti e nuvolosit\u00e0 irregolare, prima che il cielo torni ad annuvolarsi verso sera. Clima diurno meno mite per deficit di sole rispetto ai giorni precedenti.<br \/>\n<b>Precipitazioni:\u00a0<\/b>Assenti (0%).<br \/>\n<b>Temperature:\u00a0<\/b>In generale diminuzione, eccetto stazionariet\u00e0 delle minime nelle valli. Sono previste punte di 18\/20\u00b0C nei fondovalle prealpini e di 14\/16\u00b0C a 1000\/1200 m. Su Prealpi a 1500 m min 6\u00b0C max 10\u00b0C, a 2000 m min 3\u00b0C max 7\u00b0C, sulle Dolomiti a 2000 m min 2\u00b0C max 7\u00b0C, a 3000 m min -4\u00b0C max -3\u00b0C.<br \/>\n<b>Venti:\u00a0<\/b>Nelle valli deboli di direzione variabile, perlopi\u00f9 senza i consueti rinforzi notturni per brezze; in quota moderati da sud-ovest al primo mattino e da nord-ovest al pomeriggio, a 5-10 km\/h a 2000 m e 15\/20 km\/h a 3000 m.<\/p>\n<hr \/>\n<p><center><b>Martedi 14<\/b><\/center><b>Tempo atteso:\u00a0<\/b>Tempo stabile, ben soleggiato al mattino, con aria tersa ed ottima visibilit\u00e0. Durante le ore pi\u00f9 calde sviluppo di qualche cumulo sulle Dolomiti e di addensamenti con isolati fenomeni sulle Prealpi, a ridosso della pedemontana. Clima assai pi\u00f9 fresco, ma il sole mitigher\u00e0 un po&#8217; l&#8217;atmosfera diurna nei fondovalle.<br \/>\n<b>Precipitazioni:\u00a0<\/b>Assenti (0%) al mattino, mentre non si potr\u00e0 escludere del tutto locali piovaschi sulle Prealpi, a ridosso della pedemontana (30\/40%), con qualche fiocco di neve sopra i 1500 m.<br \/>\n<b>Temperature:\u00a0<\/b>In generale diminuzione a tutte le quote per avvezione d&#8217;aria decisamente pi\u00f9 fresca. Le minime saranno osservate ovunque alla sera. In giornata sono previste punte di 16\/17\u00b0C nei fondovalle prealpini e di 8\/9\u00b0C a 1000\/1200 m. Su Prealpi a 1500 m min -1\u00b0C max 6\u00b0C, a 2000 m min -3\u00b0C max 2\u00b0C, sulle Dolomiti a 2000 m min -4\u00b0C max 1\u00b0C, a 3000 m min -10\u00b0C max -7\u00b0C.<br \/>\n<b>Venti:\u00a0<\/b>Nelle valli deboli, a tratti moderati per epiosdi di Foehn; in quota moderati\/tesi dai quadranti settentrionali, a 10-20 km\/h a 2000 m e 25\/35 km\/h a 3000 m.<\/p>\n<hr \/>\n<p><center><b>Mercoledi 15<\/b><\/center>Tempo stabile e ben soleggiato con cielo sereno, aria tersa ed ottima visibilit\u00e0. Temperature in generale calo, eccetto netta ripresa delle massime in alta quota per avvezione d&#8217;aria assai pi\u00f9 mite. Venti deboli\/moderati da nord-ovest in quota e brezze nelle valli.<\/p>\n<hr \/>\n<p><center><b>Giovedi 16<\/b><\/center>Tempo stabile e solo parzialmente soleggiato per transito di sottili nubi alte, a tratti estese a inizio giornata. Temperature in generale ripresa, specie le massime, con clima diurno di nuovo primaverile. Venti deboli da sud-ovest in quota e brezze nelle valli. Previsore: R.L.Th<\/p>\n<\/div>\n","protected":false},"excerpt":{"rendered":"<p>PER RICEVERE QUESTO NOTIZIARIO DIRETTAMENTE SUL TUO CELLULARE ISCRIVITI AL CANALE TELEGRAM\u00a0\u201cRADIO PIU\u00a0 INFORMAZIONE\u201d &nbsp; &nbsp; &#x1f337;BUONA PASQUA dall&#8217;\u00e9quipe di Malattie Infettive e Pneumologia COVID dell&#8217;Ulss Dolomiti. Tutti i nostri operatori ringraziano per il sostegno e le numerose manifestazioni di stima e affetto ricevute. GRAZIE a tutti voi!!! PAGINA FACEOOK ADRIANO RASI CALDOGNO DIRETTORE ULSS1&hellip;<\/p>\n","protected":false},"author":4,"featured_media":129655,"comment_status":"closed","ping_status":"closed","sticky":false,"template":"","format":"standard","meta":{"_monsterinsights_skip_tracking":false,"_monsterinsights_sitenote_active":false,"_monsterinsights_sitenote_note":"","_monsterinsights_sitenote_category":0,"footnotes":""},"categories":[1,86,49],"tags":[],"class_list":["post-129586","post","type-post","status-publish","format-standard","has-post-thumbnail","hentry","category-senza-categoria","category-gr","category-news-18","category-1","category-86","category-49","description-off"],"img_url":"https:\/\/www.radiopiu.net\/wordpress\/wp-content\/uploads\/2020\/04\/IMG-20200412-WA0048.jpg","_links":{"self":[{"href":"https:\/\/www.radiopiu.net\/wordpress\/wp-json\/wp\/v2\/posts\/129586","targetHints":{"allow":["GET"]}}],"collection":[{"href":"https:\/\/www.radiopiu.net\/wordpress\/wp-json\/wp\/v2\/posts"}],"about":[{"href":"https:\/\/www.radiopiu.net\/wordpress\/wp-json\/wp\/v2\/types\/post"}],"author":[{"embeddable":true,"href":"https:\/\/www.radiopiu.net\/wordpress\/wp-json\/wp\/v2\/users\/4"}],"replies":[{"embeddable":true,"href":"https:\/\/www.radiopiu.net\/wordpress\/wp-json\/wp\/v2\/comments?post=129586"}],"version-history":[{"count":0,"href":"https:\/\/www.radiopiu.net\/wordpress\/wp-json\/wp\/v2\/posts\/129586\/revisions"}],"wp:featuredmedia":[{"embeddable":true,"href":"https:\/\/www.radiopiu.net\/wordpress\/wp-json\/wp\/v2\/media\/129655"}],"wp:attachment":[{"href":"https:\/\/www.radiopiu.net\/wordpress\/wp-json\/wp\/v2\/media?parent=129586"}],"wp:term":[{"taxonomy":"category","embeddable":true,"href":"https:\/\/www.radiopiu.net\/wordpress\/wp-json\/wp\/v2\/categories?post=129586"},{"taxonomy":"post_tag","embeddable":true,"href":"https:\/\/www.radiopiu.net\/wordpress\/wp-json\/wp\/v2\/tags?post=129586"}],"curies":[{"name":"wp","href":"https:\/\/api.w.org\/{rel}","templated":true}]}}