{"id":129595,"date":"2020-04-12T18:06:26","date_gmt":"2020-04-12T16:06:26","guid":{"rendered":"https:\/\/www.radiopiu.net\/wordpress\/?p=129595"},"modified":"2020-04-12T20:05:26","modified_gmt":"2020-04-12T18:05:26","slug":"aggiornamento-azienda-zero-delle-17-calano-i-positivi-i-ricoveri-in-ospedale-ancora-10-decessi","status":"publish","type":"post","link":"https:\/\/www.radiopiu.net\/wordpress\/aggiornamento-azienda-zero-delle-17-calano-i-positivi-i-ricoveri-in-ospedale-ancora-10-decessi\/","title":{"rendered":"AGGIORNAMENTO AZIENDA ZERO DELLE 17: CALANO I POSITIVI, I RICOVERI IN OSPEDALE. ANCORA 10 DECESSI"},"content":{"rendered":"<p><strong>14 DECESSI IN 24 ORE, 246 IN TERAPIA INTENSIVA<\/strong><\/p>\n<p><strong>VENEZIA<\/strong> Meno positivi nelle ultime 12 ore\u00a0 ma \u00e8 un dato empirico poich\u00e9 direttamente proporzionale al numero dei tamponi (93 nuovi positivi che si sommano ai 186 della notte per un totale di 279) 25 pazienti in meno in corsia rispetto a ieri (7 nelle ultime 12 ore, totale 1575 compresi gli ospedali di comunit\u00e0), 5 in meno in terapia intensiva (-3 dalle 8 di questa mattina, totale 246), regge il cluster di Vo&#8217; (87 positivi da giorni), il numero di positivi attuali sale a 10.759 (14.170 dal 21 febbraio) ma anche quello dei negativizzati (2542). Sono 18.356 le persone in isolamento domiciliare. Purtroppo ancora tanti decessi ma meno degli altri giorni, ai 4 di questa mattina (3 Verona, 1 ad Oderzo) se ne aggiungono altri 10 nelle ultime 12 ore ( 2 Dolo, Padova, Treviso, Oderzo, Jesolo, Rovigo, Trecenta, Villafranca e Bussolengo)\u00a0 \u00a0 che portano il totale dal 21 febbraio a 869 (dato cumulativo ospedale ed extraospedale, 769 negli ospedali).<\/p>\n<blockquote>\n<h3>32esimo decesso negli ospedali di BELLUNO, nelle ultime 12 ore nell&#8217;ospedale di Comunit\u00e0 (riepilogo decessi: 21 Belluno, 5 Feltre, 5 ospedale Comunit\u00e0 Belluno, 1 Feltre)<\/h3>\n<\/blockquote>\n<p><strong>In provincia meno pazienti in ospedale ma un decesso in pi\u00f9 (extra ospedale), 29 positivi in pi\u00f9 nelle 24 ore\u00a0 Nella notte all&#8217;ospedale di Comunit\u00e0 di Belluno \u00e8 morta una paziente COVID positiva di anni 92, ricoverata in Medicina COVID Belluno (ospedale di comunit\u00e0 \u2013 bassa intensit\u00e0), \u00e8 deceduta. Sono in corso gli accertamenti per stabile le cause del decesso da parte dell\u2019Istituto Superiore di Sanit\u00e0. La Direzione Generale porge le condoglianze alla famiglia. <\/strong><strong>BELLUNO <\/strong><strong>SORVEGLIANZA SANITARIA COVID-19<\/strong>\u00a0Numero totale tamponi effettuati per ricerca nCoV al 12 aprile 2020:\u00a0<b>11. 746 (<\/b><b>+ 139).\u00a0<\/b>Persone residenti in Ulss Dolomiti in isolamento domiciliare fiduciario e sorveglianza attiva al 12 aprile 2020:\u00a0<b>1056 (- 29 rispetto ieri)\u00a0<\/b>Alcuni tamponi sono stati effettuati pi\u00f9 volte sulle stesse persone\u00a0 <strong>BELLUNO 75 persone in ospedale.\u00a0<\/strong> Un altro paziente in meno in\u00a0 area critica (37),\u00a0 9 in terapia intensiva, 1 a Feltre, 2\u00a0 pazienti in meno\u00a0 nell&#8217;ospedale di Comunit\u00e0 di Belluno (14), e uno in meno ad Agordo (14). Ai 10 positivi in pi\u00f9 di questa mattina se ne aggiungono altri 19 , totale decessi 36 (dato cumulativo, uno in pi\u00f9 di questa mattina), negativizzati 74, sono 1161 le persone in isolamento domiciliare<\/p>\n<p>&nbsp;<\/p>\n<p>&nbsp;<\/p>\n<p><a class=\"dt-pswp-item\" href=\"https:\/\/www.radiopiu.net\/wordpress\/wp-content\/uploads\/2020\/04\/aggiornamento-casi-e-ricoveri-12.04-ore-17.00.jpg\" data-dt-img-description=\"\" data-large_image_width=\"1239\" data-large_image_height=\"1754\"><img loading=\"lazy\" decoding=\"async\" class=\"alignnone size-large wp-image-129596\" src=\"https:\/\/www.radiopiu.net\/wordpress\/wp-content\/uploads\/2020\/04\/aggiornamento-casi-e-ricoveri-12.04-ore-17.00-723x1024.jpg\" alt=\"\" width=\"723\" height=\"1024\" srcset=\"https:\/\/www.radiopiu.net\/wordpress\/wp-content\/uploads\/2020\/04\/aggiornamento-casi-e-ricoveri-12.04-ore-17.00-723x1024.jpg 723w, https:\/\/www.radiopiu.net\/wordpress\/wp-content\/uploads\/2020\/04\/aggiornamento-casi-e-ricoveri-12.04-ore-17.00-212x300.jpg 212w, https:\/\/www.radiopiu.net\/wordpress\/wp-content\/uploads\/2020\/04\/aggiornamento-casi-e-ricoveri-12.04-ore-17.00-768x1087.jpg 768w, https:\/\/www.radiopiu.net\/wordpress\/wp-content\/uploads\/2020\/04\/aggiornamento-casi-e-ricoveri-12.04-ore-17.00-1085x1536.jpg 1085w, https:\/\/www.radiopiu.net\/wordpress\/wp-content\/uploads\/2020\/04\/aggiornamento-casi-e-ricoveri-12.04-ore-17.00.jpg 1239w\" sizes=\"auto, (max-width: 723px) 100vw, 723px\" \/><\/a><\/p>\n","protected":false},"excerpt":{"rendered":"<p>14 DECESSI IN 24 ORE, 246 IN TERAPIA INTENSIVA VENEZIA Meno positivi nelle ultime 12 ore\u00a0 ma \u00e8 un dato empirico poich\u00e9 direttamente proporzionale al numero dei tamponi (93 nuovi positivi che si sommano ai 186 della notte per un totale di 279) 25 pazienti in meno in corsia rispetto a ieri (7 nelle ultime&hellip;<\/p>\n","protected":false},"author":4,"featured_media":121952,"comment_status":"closed","ping_status":"closed","sticky":false,"template":"","format":"standard","meta":{"_monsterinsights_skip_tracking":false,"_monsterinsights_sitenote_active":false,"_monsterinsights_sitenote_note":"","_monsterinsights_sitenote_category":0,"footnotes":""},"categories":[51,49],"tags":[],"class_list":["post-129595","post","type-post","status-publish","format-standard","has-post-thumbnail","hentry","category-evidenza-top","category-news-18","category-51","category-49","description-off"],"img_url":"https:\/\/www.radiopiu.net\/wordpress\/wp-content\/uploads\/2020\/03\/covid-azienda-zero-1.jpg","_links":{"self":[{"href":"https:\/\/www.radiopiu.net\/wordpress\/wp-json\/wp\/v2\/posts\/129595","targetHints":{"allow":["GET"]}}],"collection":[{"href":"https:\/\/www.radiopiu.net\/wordpress\/wp-json\/wp\/v2\/posts"}],"about":[{"href":"https:\/\/www.radiopiu.net\/wordpress\/wp-json\/wp\/v2\/types\/post"}],"author":[{"embeddable":true,"href":"https:\/\/www.radiopiu.net\/wordpress\/wp-json\/wp\/v2\/users\/4"}],"replies":[{"embeddable":true,"href":"https:\/\/www.radiopiu.net\/wordpress\/wp-json\/wp\/v2\/comments?post=129595"}],"version-history":[{"count":0,"href":"https:\/\/www.radiopiu.net\/wordpress\/wp-json\/wp\/v2\/posts\/129595\/revisions"}],"wp:featuredmedia":[{"embeddable":true,"href":"https:\/\/www.radiopiu.net\/wordpress\/wp-json\/wp\/v2\/media\/121952"}],"wp:attachment":[{"href":"https:\/\/www.radiopiu.net\/wordpress\/wp-json\/wp\/v2\/media?parent=129595"}],"wp:term":[{"taxonomy":"category","embeddable":true,"href":"https:\/\/www.radiopiu.net\/wordpress\/wp-json\/wp\/v2\/categories?post=129595"},{"taxonomy":"post_tag","embeddable":true,"href":"https:\/\/www.radiopiu.net\/wordpress\/wp-json\/wp\/v2\/tags?post=129595"}],"curies":[{"name":"wp","href":"https:\/\/api.w.org\/{rel}","templated":true}]}}