{"id":129605,"date":"2020-04-12T18:43:57","date_gmt":"2020-04-12T16:43:57","guid":{"rendered":"https:\/\/www.radiopiu.net\/wordpress\/?p=129605"},"modified":"2020-04-12T19:35:18","modified_gmt":"2020-04-12T17:35:18","slug":"dati-e-grafici-del-giorno-provincia-regione-12-aprile-2020","status":"publish","type":"post","link":"https:\/\/www.radiopiu.net\/wordpress\/dati-e-grafici-del-giorno-provincia-regione-12-aprile-2020\/","title":{"rendered":"DATI E GRAFICI DEL GIORNO, PROVINCIA \u2013 REGIONE 12 APRILE 2020"},"content":{"rendered":"<p><strong>Con la collaborazione di Tiziano De Col<\/strong><\/p>\n<p>I dati dei contagi odierni, riportano l&#8217;incremento giornaliero per la Provincia di Belluno che, per\u00f2, rimane abbastanza al di sotto<br \/>\ndell&#8217;incremento medio del Veneto, seguendo l&#8217;andamento che gi\u00e0 si era presentato ieri. La provincia di Belluno resta con il rapporto contagi &#8211; popolazione tra i pi\u00f9 alti tra le Province Venete, dopo Padova e Verona e ben al di sopra di Treviso, Vicenza, Venezia e Rovigo<\/p>\n<p><a class=\"dt-pswp-item\" href=\"https:\/\/www.radiopiu.net\/wordpress\/wp-content\/uploads\/2020\/04\/Schermata-2020-04-12-alle-18.40.19.png\" data-dt-img-description=\"\" data-large_image_width=\"716\" data-large_image_height=\"452\"><img loading=\"lazy\" decoding=\"async\" class=\"alignnone size-full wp-image-129622\" src=\"https:\/\/www.radiopiu.net\/wordpress\/wp-content\/uploads\/2020\/04\/Schermata-2020-04-12-alle-18.40.19.png\" alt=\"\" width=\"716\" height=\"452\" srcset=\"https:\/\/www.radiopiu.net\/wordpress\/wp-content\/uploads\/2020\/04\/Schermata-2020-04-12-alle-18.40.19.png 716w, https:\/\/www.radiopiu.net\/wordpress\/wp-content\/uploads\/2020\/04\/Schermata-2020-04-12-alle-18.40.19-300x189.png 300w\" sizes=\"auto, (max-width: 716px) 100vw, 716px\" \/><\/a><\/p>\n<p><a class=\"dt-pswp-item\" href=\"https:\/\/www.radiopiu.net\/wordpress\/wp-content\/uploads\/2020\/04\/15503f12-a0fd-4c46-857e-0701a70a2177.jpg\" data-dt-img-description=\"\" data-large_image_width=\"480\" data-large_image_height=\"289\"><img loading=\"lazy\" decoding=\"async\" class=\"alignnone size-full wp-image-129623\" src=\"https:\/\/www.radiopiu.net\/wordpress\/wp-content\/uploads\/2020\/04\/15503f12-a0fd-4c46-857e-0701a70a2177.jpg\" alt=\"\" width=\"480\" height=\"289\" srcset=\"https:\/\/www.radiopiu.net\/wordpress\/wp-content\/uploads\/2020\/04\/15503f12-a0fd-4c46-857e-0701a70a2177.jpg 480w, https:\/\/www.radiopiu.net\/wordpress\/wp-content\/uploads\/2020\/04\/15503f12-a0fd-4c46-857e-0701a70a2177-300x181.jpg 300w\" sizes=\"auto, (max-width: 480px) 100vw, 480px\" \/><\/a><a class=\"dt-pswp-item\" href=\"https:\/\/www.radiopiu.net\/wordpress\/wp-content\/uploads\/2020\/04\/a3f75410-e60a-4944-ba46-58d9161b6ab4.jpg\" data-dt-img-description=\"\" data-large_image_width=\"562\" data-large_image_height=\"405\"><img loading=\"lazy\" decoding=\"async\" class=\"alignnone size-full wp-image-129624\" src=\"https:\/\/www.radiopiu.net\/wordpress\/wp-content\/uploads\/2020\/04\/a3f75410-e60a-4944-ba46-58d9161b6ab4.jpg\" alt=\"\" width=\"562\" height=\"405\" srcset=\"https:\/\/www.radiopiu.net\/wordpress\/wp-content\/uploads\/2020\/04\/a3f75410-e60a-4944-ba46-58d9161b6ab4.jpg 562w, https:\/\/www.radiopiu.net\/wordpress\/wp-content\/uploads\/2020\/04\/a3f75410-e60a-4944-ba46-58d9161b6ab4-300x216.jpg 300w\" sizes=\"auto, (max-width: 562px) 100vw, 562px\" \/><\/a><\/p>\n<p><a class=\"dt-pswp-item\" href=\"https:\/\/www.radiopiu.net\/wordpress\/wp-content\/uploads\/2020\/04\/821bd276-6c3b-4cb9-930d-8c769ead62e8.jpg\" data-dt-img-description=\"\" data-large_image_width=\"556\" data-large_image_height=\"321\"><img loading=\"lazy\" decoding=\"async\" class=\"alignnone wp-image-129628 size-full\" src=\"https:\/\/www.radiopiu.net\/wordpress\/wp-content\/uploads\/2020\/04\/821bd276-6c3b-4cb9-930d-8c769ead62e8.jpg\" alt=\"\" width=\"556\" height=\"321\" srcset=\"https:\/\/www.radiopiu.net\/wordpress\/wp-content\/uploads\/2020\/04\/821bd276-6c3b-4cb9-930d-8c769ead62e8.jpg 556w, https:\/\/www.radiopiu.net\/wordpress\/wp-content\/uploads\/2020\/04\/821bd276-6c3b-4cb9-930d-8c769ead62e8-300x173.jpg 300w\" sizes=\"auto, (max-width: 556px) 100vw, 556px\" \/><\/a><\/p>\n","protected":false},"excerpt":{"rendered":"<p>Con la collaborazione di Tiziano De Col I dati dei contagi odierni, riportano l&#8217;incremento giornaliero per la Provincia di Belluno che, per\u00f2, rimane abbastanza al di sotto dell&#8217;incremento medio del Veneto, seguendo l&#8217;andamento che gi\u00e0 si era presentato ieri. La provincia di Belluno resta con il rapporto contagi &#8211; popolazione tra i pi\u00f9 alti tra&hellip;<\/p>\n","protected":false},"author":4,"featured_media":129628,"comment_status":"closed","ping_status":"closed","sticky":false,"template":"","format":"standard","meta":{"_monsterinsights_skip_tracking":false,"_monsterinsights_sitenote_active":false,"_monsterinsights_sitenote_note":"","_monsterinsights_sitenote_category":0,"footnotes":""},"categories":[49],"tags":[],"class_list":["post-129605","post","type-post","status-publish","format-standard","has-post-thumbnail","hentry","category-news-18","category-49","description-off"],"img_url":"https:\/\/www.radiopiu.net\/wordpress\/wp-content\/uploads\/2020\/04\/821bd276-6c3b-4cb9-930d-8c769ead62e8.jpg","_links":{"self":[{"href":"https:\/\/www.radiopiu.net\/wordpress\/wp-json\/wp\/v2\/posts\/129605","targetHints":{"allow":["GET"]}}],"collection":[{"href":"https:\/\/www.radiopiu.net\/wordpress\/wp-json\/wp\/v2\/posts"}],"about":[{"href":"https:\/\/www.radiopiu.net\/wordpress\/wp-json\/wp\/v2\/types\/post"}],"author":[{"embeddable":true,"href":"https:\/\/www.radiopiu.net\/wordpress\/wp-json\/wp\/v2\/users\/4"}],"replies":[{"embeddable":true,"href":"https:\/\/www.radiopiu.net\/wordpress\/wp-json\/wp\/v2\/comments?post=129605"}],"version-history":[{"count":0,"href":"https:\/\/www.radiopiu.net\/wordpress\/wp-json\/wp\/v2\/posts\/129605\/revisions"}],"wp:featuredmedia":[{"embeddable":true,"href":"https:\/\/www.radiopiu.net\/wordpress\/wp-json\/wp\/v2\/media\/129628"}],"wp:attachment":[{"href":"https:\/\/www.radiopiu.net\/wordpress\/wp-json\/wp\/v2\/media?parent=129605"}],"wp:term":[{"taxonomy":"category","embeddable":true,"href":"https:\/\/www.radiopiu.net\/wordpress\/wp-json\/wp\/v2\/categories?post=129605"},{"taxonomy":"post_tag","embeddable":true,"href":"https:\/\/www.radiopiu.net\/wordpress\/wp-json\/wp\/v2\/tags?post=129605"}],"curies":[{"name":"wp","href":"https:\/\/api.w.org\/{rel}","templated":true}]}}