{"id":129614,"date":"2020-04-13T10:30:45","date_gmt":"2020-04-13T08:30:45","guid":{"rendered":"https:\/\/www.radiopiu.net\/wordpress\/?p=129614"},"modified":"2020-04-13T15:57:14","modified_gmt":"2020-04-13T13:57:14","slug":"i-racconti-di-paolo-soppelsa-diciottesima-puntata","status":"publish","type":"post","link":"https:\/\/www.radiopiu.net\/wordpress\/i-racconti-di-paolo-soppelsa-diciottesima-puntata\/","title":{"rendered":"I RACCONTI DI PAOLO SOPPELSA DICIOTTESIMA  PUNTATA"},"content":{"rendered":"<p><strong>STORIE DI MONTAGNA<\/strong><br \/>\n<strong>IL FULMINE<\/strong><\/p>\n<p>AUDIO<\/p>\n<audio class=\"wp-audio-shortcode\" id=\"audio-129614-1\" preload=\"none\" style=\"width: 100%;\" controls=\"controls\"><source type=\"audio\/mpeg\" src=\"https:\/\/www.radiopiu.net\/wordpress\/wp-content\/uploads\/2020\/04\/soppelsa-il-fulmine.mp3?_=1\" \/><a href=\"https:\/\/www.radiopiu.net\/wordpress\/wp-content\/uploads\/2020\/04\/soppelsa-il-fulmine.mp3\">https:\/\/www.radiopiu.net\/wordpress\/wp-content\/uploads\/2020\/04\/soppelsa-il-fulmine.mp3<\/a><\/audio>\n<p>&nbsp;<\/p>\n<p>&nbsp;<\/p>\n<p><a class=\"dt-pswp-item\" href=\"https:\/\/www.radiopiu.net\/wordpress\/wp-content\/uploads\/2020\/04\/17a9d929-d4df-4efd-97f7-9d843c268a84.jpg\" data-dt-img-description=\"\" data-large_image_width=\"1080\" data-large_image_height=\"810\"><img loading=\"lazy\" decoding=\"async\" class=\"alignleft size-medium wp-image-129617\" src=\"https:\/\/www.radiopiu.net\/wordpress\/wp-content\/uploads\/2020\/04\/17a9d929-d4df-4efd-97f7-9d843c268a84-300x225.jpg\" alt=\"\" width=\"300\" height=\"225\" srcset=\"https:\/\/www.radiopiu.net\/wordpress\/wp-content\/uploads\/2020\/04\/17a9d929-d4df-4efd-97f7-9d843c268a84-300x225.jpg 300w, https:\/\/www.radiopiu.net\/wordpress\/wp-content\/uploads\/2020\/04\/17a9d929-d4df-4efd-97f7-9d843c268a84-1024x768.jpg 1024w, https:\/\/www.radiopiu.net\/wordpress\/wp-content\/uploads\/2020\/04\/17a9d929-d4df-4efd-97f7-9d843c268a84-768x576.jpg 768w, https:\/\/www.radiopiu.net\/wordpress\/wp-content\/uploads\/2020\/04\/17a9d929-d4df-4efd-97f7-9d843c268a84.jpg 1080w\" sizes=\"auto, (max-width: 300px) 100vw, 300px\" \/><\/a>Scegliemmo il lago del Coldai come m\u00e8ta di quella camminata domenicale di fine luglio di qualche anno fa. Un cielo coperto ed un\u2019atmosfera piuttosto umida ci accolsero a Palafavera. Salimmo abbastanza veloci lungo la strada che conduce a Malga Pioda. Breve sosta e poi su fino al rifugio Coldai dove bevemmo un caff\u00e8. Ancora una breve salita fino alla forcella e poi la discesa fino a giungere al lago sovrastato dall\u2019enorme parete nord del Civetta. L\u2019acqua era calma e poche persone passeggiavano lungo le rive. Le nuvole iniziavano ad addensarsi nonostante concedessero ancora qualche sprazzo di sole. Arriv\u00f2 un vento fresco che increspava leggermente l\u2019acqua del lago mentre la grande parete era ormai avvolta da pesanti nuvole che avvisavano che il tempo volgeva al brutto. Salutammo il lago e ci avviammo verso il rifugio. Le previsioni davano possibili temporali nel primo pomeriggio e l\u2019idea era di arrivare alla macchina prima dell\u2019arrivo del maltempo. Giunti a Malga Pioda il cielo prese il colore inequivocabile della pioggia. Decidemmo di scendere veloci verso Palafavera, erano soltanto tre quarti d\u2019ora di cammino su strada sterrata. Se avessimo preso pioggia non sarebbe stato un gran problema. Era estate ed in macchina avevamo di che cambiarci una volta arrivati. Camminavamo veloci quando, improvvisa, arriv\u00f2 la grandine. Nulla che potesse far male, i chicchi erano grandi come noccioline e non c\u2019era di che preoccuparsi. Ci infilammo il poncho e continuammo a scendere. Nel frattempo il Civetta ed il Pelmo si erano vestiti con l\u2019abito invernale. Lass\u00f9 la grandine pareva neve e pure la temperatura si avvicinava a quella della stagione dei silenzi. Poi, dopo una decina di minuti, la grandine si trasform\u00f2 in pioggia battente. Superammo una larga curva a sinistra e, quando ci apparve l\u2019imponente parete ovest del Pelmo ammantata di bianco, accadde. Un bagliore azzurro ed accecante e contemporaneamente un tuono secco dal volume terrificante. Come fosse esplosa una mina a pochi metri da noi. Un urlo. Gli sguardi che si incrociarono sgomenti. Paura in quegli sguardi. L\u2019aria carica di elettricit\u00e0 che sembrava entrare nel corpo bagnato. Terrore che si ripetesse mentre altri tuoni rimbalzavano sopra passo Staulanza e la pioggia continuava a scendere torrenziale. Sotto alla strada scorgemmo una casetta di legno, di quelle a servizio degli impianti da sci. La raggiungemmo, ma era chiusa. Ci rifugiammo sotto lo sporto del tetto. Presi i bastoncini e li lanciai nel prato il pi\u00f9 distante possibile. Forse un eccesso di prudenza ma non volevo che attirassero altri fulmini. Dopo qualche minuto il temporale si plac\u00f2 e la pioggia divent\u00f2 pi\u00f9 sottile. Ripartimmo di buon passo, camminando sulla strada sterrata che si era scavata di profondi solchi che scaricavano rivoli d\u2019acqua lungo quei prati che d\u2019inverno sono piste da sci. Giungemmo al parcheggio che non pioveva pi\u00f9. Ma faceva freddo come d\u2019autunno inoltrato. Ci cambiammo in fretta e ci infilammo in auto. Le montagne erano ancora avvolte da nuvole che non intendevano diradarsi. La strada inizi\u00f2 ad asciugarsi appena superato Forno di Zoldo. A Longarone ritrovammo l\u2019estate. Doveva essere un giro tranquillo da stare fuori poco pi\u00f9 di mezza giornata. La montagna, invece, in quella uggiosa domenica di fine luglio insegn\u00f2 che lass\u00f9 nulla \u00e8 banale. Che tutto ci\u00f2 che fino ad un minuto prima \u00e8 meraviglioso pu\u00f2 improvvisamente diventare cupo e severo. Come nella vita che viviamo di questi tempi. E\u2019 cos\u00ec la montagna, splendida e qualche volta severa. Come la vita. E sempre sar\u00e0 cos\u00ec. Sta a noi adeguarci.<\/p>\n","protected":false},"excerpt":{"rendered":"<p>STORIE DI MONTAGNA IL FULMINE AUDIO &nbsp; &nbsp; Scegliemmo il lago del Coldai come m\u00e8ta di quella camminata domenicale di fine luglio di qualche anno fa. Un cielo coperto ed un\u2019atmosfera piuttosto umida ci accolsero a Palafavera. Salimmo abbastanza veloci lungo la strada che conduce a Malga Pioda. Breve sosta e poi su fino al&hellip;<\/p>\n","protected":false},"author":4,"featured_media":129617,"comment_status":"closed","ping_status":"closed","sticky":false,"template":"","format":"standard","meta":{"_monsterinsights_skip_tracking":false,"_monsterinsights_sitenote_active":false,"_monsterinsights_sitenote_note":"","_monsterinsights_sitenote_category":0,"footnotes":""},"categories":[49,112],"tags":[],"class_list":["post-129614","post","type-post","status-publish","format-standard","has-post-thumbnail","hentry","category-news-18","category-racconti-soppelsa","category-49","category-112","description-off"],"img_url":"https:\/\/www.radiopiu.net\/wordpress\/wp-content\/uploads\/2020\/04\/17a9d929-d4df-4efd-97f7-9d843c268a84.jpg","_links":{"self":[{"href":"https:\/\/www.radiopiu.net\/wordpress\/wp-json\/wp\/v2\/posts\/129614","targetHints":{"allow":["GET"]}}],"collection":[{"href":"https:\/\/www.radiopiu.net\/wordpress\/wp-json\/wp\/v2\/posts"}],"about":[{"href":"https:\/\/www.radiopiu.net\/wordpress\/wp-json\/wp\/v2\/types\/post"}],"author":[{"embeddable":true,"href":"https:\/\/www.radiopiu.net\/wordpress\/wp-json\/wp\/v2\/users\/4"}],"replies":[{"embeddable":true,"href":"https:\/\/www.radiopiu.net\/wordpress\/wp-json\/wp\/v2\/comments?post=129614"}],"version-history":[{"count":0,"href":"https:\/\/www.radiopiu.net\/wordpress\/wp-json\/wp\/v2\/posts\/129614\/revisions"}],"wp:featuredmedia":[{"embeddable":true,"href":"https:\/\/www.radiopiu.net\/wordpress\/wp-json\/wp\/v2\/media\/129617"}],"wp:attachment":[{"href":"https:\/\/www.radiopiu.net\/wordpress\/wp-json\/wp\/v2\/media?parent=129614"}],"wp:term":[{"taxonomy":"category","embeddable":true,"href":"https:\/\/www.radiopiu.net\/wordpress\/wp-json\/wp\/v2\/categories?post=129614"},{"taxonomy":"post_tag","embeddable":true,"href":"https:\/\/www.radiopiu.net\/wordpress\/wp-json\/wp\/v2\/tags?post=129614"}],"curies":[{"name":"wp","href":"https:\/\/api.w.org\/{rel}","templated":true}]}}