{"id":129738,"date":"2020-04-14T05:59:08","date_gmt":"2020-04-14T03:59:08","guid":{"rendered":"https:\/\/www.radiopiu.net\/wordpress\/?p=129738"},"modified":"2020-04-14T08:52:37","modified_gmt":"2020-04-14T06:52:37","slug":"giornale-radiopiu-14-aprile-2020-direttore-mirko-mezzacasa","status":"publish","type":"post","link":"https:\/\/www.radiopiu.net\/wordpress\/giornale-radiopiu-14-aprile-2020-direttore-mirko-mezzacasa\/","title":{"rendered":"GIORNALE RADIOPIU 14 APRILE 2020 DIRETTORE MIRKO MEZZACASA"},"content":{"rendered":"<h3><strong>PER RICEVERE QUESTO NOTIZIARIO DIRETTAMENTE SU<\/strong><strong>L TUO CELLULARE ISCRIVITI AL CANALE TELEGRAM\u00a0<\/strong><strong>\u201cRADIO PIU\u00a0 INFORMAZIONE\u201d<\/strong><\/h3>\n<hr \/>\n<p><span style=\"color: #ff0000;\"><strong>AURONZO Movimento franoso sulla statale Carnia in prossimit\u00e0 dell&#8217;abitato di Santo Stefano di Cadore, con massi di discreta portata sulla carreggiata, <\/strong><span style=\"color: #0000ff;\"><strong>da VIABILIT\u00c0 PROVINCIA BELLUNO. TELEGRAM<\/strong><\/span><\/span><\/p>\n<hr \/>\n<h2>ULTIM&#8217;ORA, 7.00<\/h2>\n<p><strong>CORTINA<\/strong> Sta bruciando un maso a Cortina, ne da notizia l&#8217;assessore alla protezione civile del Veneto Gianpaolo Bottacin. Vigili del fuoco e volontari di Cortina sul posto dalle 4 di questa mattina in localita&#8217; Crignes<\/p>\n<p>Per visualizzare il luogo del sinistro vai su:\u00a0http:\/\/maps.google.com\/maps?q=46.5350609+12.1305971<\/p>\n<p>FOTO NIVES MILANI_RADIO CORTINA<\/p>\n<p><a class=\"dt-pswp-item\" href=\"https:\/\/www.radiopiu.net\/wordpress\/wp-content\/uploads\/2020\/04\/93010066_10158176650219183_614879312075554816_o.jpg\" data-dt-img-description=\"\" data-large_image_width=\"960\" data-large_image_height=\"720\"><img loading=\"lazy\" decoding=\"async\" class=\"alignnone size-full wp-image-129977\" src=\"https:\/\/www.radiopiu.net\/wordpress\/wp-content\/uploads\/2020\/04\/93010066_10158176650219183_614879312075554816_o.jpg\" alt=\"\" width=\"960\" height=\"720\" srcset=\"https:\/\/www.radiopiu.net\/wordpress\/wp-content\/uploads\/2020\/04\/93010066_10158176650219183_614879312075554816_o.jpg 960w, https:\/\/www.radiopiu.net\/wordpress\/wp-content\/uploads\/2020\/04\/93010066_10158176650219183_614879312075554816_o-300x225.jpg 300w, https:\/\/www.radiopiu.net\/wordpress\/wp-content\/uploads\/2020\/04\/93010066_10158176650219183_614879312075554816_o-768x576.jpg 768w\" sizes=\"auto, (max-width: 960px) 100vw, 960px\" \/><\/a><\/p>\n<hr \/>\n<p>&nbsp;<\/p>\n<blockquote>\n<h3>LA NUOVA ORDINANZA DELLA REGIONE VENETO<\/h3>\n<\/blockquote>\n<p><a href=\"https:\/\/www.radiopiu.net\/wordpress\/wp-content\/uploads\/2020\/04\/Ordinanza-40-del-13-aprile-2020.pdf\">CLICCA PER VEDERE E SCARICARE IL DOCUMENTO<\/a><\/p>\n<p>&nbsp;<\/p>\n<p><strong>\u00a0<\/strong><\/p>\n<hr \/>\n<p>&nbsp;<\/p>\n<blockquote>\n<h3>SERGIO FILAFERRO, PERITO MINERARIO E IMPRENDITORE L&#8217;ECO DELLA SUA SCOMPARSA RISUONA TRA LE VALLI CHE TANTO HA AMATO<\/h3>\n<\/blockquote>\n<p><strong><a class=\"dt-pswp-item\" href=\"https:\/\/www.radiopiu.net\/wordpress\/wp-content\/uploads\/2020\/04\/WhatsApp-Image-2020-04-13-at-18.43.46.jpeg\" data-dt-img-description=\"\" data-large_image_width=\"425\" data-large_image_height=\"541\"><img loading=\"lazy\" decoding=\"async\" class=\"size-medium wp-image-129906 alignright\" src=\"https:\/\/www.radiopiu.net\/wordpress\/wp-content\/uploads\/2020\/04\/WhatsApp-Image-2020-04-13-at-18.43.46-236x300.jpeg\" alt=\"\" width=\"236\" height=\"300\" srcset=\"https:\/\/www.radiopiu.net\/wordpress\/wp-content\/uploads\/2020\/04\/WhatsApp-Image-2020-04-13-at-18.43.46-236x300.jpeg 236w, https:\/\/www.radiopiu.net\/wordpress\/wp-content\/uploads\/2020\/04\/WhatsApp-Image-2020-04-13-at-18.43.46.jpeg 425w\" sizes=\"auto, (max-width: 236px) 100vw, 236px\" \/><\/a>AGORDO<\/strong>. Agordo piange Sergio Filaferro uno dei tanti periti minerari usciti dal Follador che si sono fatti onore lontano da casa e che hanno permesso a tanti agordini di crescere professionalmente. Se ne \u00e8 andato la sera di Pasqua a casa sua, a Borgaro Torinese, assistito dalla moglie Franca De Riva e dai figli Ilenia e Andrea, a causa di una malattia di cui soffriva da tempo. Era venuto l&#8217;ultima volta nella sua Agordo, paese in cui era nato nel 1946, a Natale, ripromettendosi con gli alpini (era stato sergente), i parenti e i tanti amici di ritornare per Pasqua. Non ha potuto farlo. Sergio Filaferro si era diplomato al Follador nel 1967. Assunto nel 1969 dalla Ingersoll Rand italiana quale tecnico commerciale alla filiale di Torino, ne era divenuto direttore nel 1976. Nel 1978 nacque il fruttuoso sodalizio con un altro agordino, Renato Case. I due fondarono la Perfor che aveva in appalto la coltivazione di una cava in Val di Susa, limitatamente ai lavori di perforazione e sparo, e svolgeva la stessa attivit\u00e0 in numerose altre cave oltre ad altri lavori di sbancamento nel settore edile\u2013stradale. Tornato alla Ingersoll Rand, Filaferro aveva fondato nel 1990 la Sefi, nella quale lavorano anche i figli Ilenia e Andrea.Per sottolineare la sua carriera lavorativa, nel 2013 l&#8217;amministrazione comunale di Agordo gli aveva consegnato il premio &#8220;Imprenditore dell&#8217;anno&#8221; assieme a Mario Zanetti. Dieci anni prima era invece stato il Coro Agordo ad annoverarlo fra i suoi &#8220;Amici&#8221;.<\/p>\n<p><em><strong>Un messaggio di condoglianze al nipote Michele di Agordo, e ad Alessia fresca voce di questa emittente<\/strong><\/em><\/p>\n<p>&nbsp;<\/p>\n<audio class=\"wp-audio-shortcode\" id=\"audio-129738-1\" preload=\"none\" style=\"width: 100%;\" controls=\"controls\"><source type=\"audio\/mpeg\" src=\"https:\/\/www.radiopiu.net\/wordpress\/wp-content\/uploads\/2020\/04\/GIANNI-SANTOMASO-Sergio-Filaferro.mp3?_=1\" \/><a href=\"https:\/\/www.radiopiu.net\/wordpress\/wp-content\/uploads\/2020\/04\/GIANNI-SANTOMASO-Sergio-Filaferro.mp3\">https:\/\/www.radiopiu.net\/wordpress\/wp-content\/uploads\/2020\/04\/GIANNI-SANTOMASO-Sergio-Filaferro.mp3<\/a><\/audio>\n<p>&nbsp;<\/p>\n<hr \/>\n<p>&nbsp;<\/p>\n<p>&nbsp;<\/p>\n<p>&nbsp;<\/p>\n<p>\u2022 Nelle ultime 24 ore si sono registrati <strong>altri 1.363 casi di persone positive<\/strong> al coronavirus e si registrano anche <strong>566 decessi in pi\u00f9<\/strong> (ieri erano 431). Il totale delle persone morte per il Covid-19 nel nostro Paese ad oggi \u00e8 di <strong>20.465<\/strong>. Sono infine 35.435 i pazienti guariti; \u2022 Rezza (Istituto Superiore della Sanit\u00e0): \u201c<strong>Non direi di s\u00ec<\/strong> alla ripresa del <strong>campionato di calcio<\/strong>&#8220;; \u2022 Macron: <strong>lockdown in Francia esteso fino all\u201911 maggio<\/strong>; \u2022 Pasqua, <strong>quasi 14mila le denunce<\/strong> per violazione delle misure di contenimento.<\/p>\n<p>&nbsp;<\/p>\n<h2><span style=\"color: #339966;\">RIAPERTURE DI ALCUNI NEGOZI: CONTE APRE LE MAGLIE, ZAIA LE CHIUDE. AL CONTRARIO NEI GARDEN SI PUO&#8217;<\/span> ENTRARE DICE LA REGIONE, MA PER IL GOVERNO L&#8217;ACQUISTO DELLE ROSE NON E&#8217; MOTIVO INDIFFERIBILE<span style=\"color: #ff0000;\"><span style=\"color: #000000;\"> PER LASCIARE CASA. LE DISTANZE SOCIALI RADDOPPIANO<\/span> DA OGGI IL DROPLET A DUE METRI UNO DALL&#8217;ALTRA. IN PROVINCIA FINE SETTIMANA DRAMMATICO: 5 DECESSI, 3 IN CASA DI RIPOSO A MEL<\/span><\/h2>\n<p><a class=\"dt-pswp-item\" href=\"https:\/\/www.radiopiu.net\/wordpress\/wp-content\/uploads\/2020\/04\/cc7d1022-81ab-4829-9616-4c59e5250849.jpg\" data-dt-img-description=\"\" data-large_image_width=\"1280\" data-large_image_height=\"640\"><img loading=\"lazy\" decoding=\"async\" class=\"wp-image-129957 alignleft\" src=\"https:\/\/www.radiopiu.net\/wordpress\/wp-content\/uploads\/2020\/04\/cc7d1022-81ab-4829-9616-4c59e5250849-1024x512.jpg\" alt=\"\" width=\"250\" height=\"125\" srcset=\"https:\/\/www.radiopiu.net\/wordpress\/wp-content\/uploads\/2020\/04\/cc7d1022-81ab-4829-9616-4c59e5250849-1024x512.jpg 1024w, https:\/\/www.radiopiu.net\/wordpress\/wp-content\/uploads\/2020\/04\/cc7d1022-81ab-4829-9616-4c59e5250849-300x150.jpg 300w, https:\/\/www.radiopiu.net\/wordpress\/wp-content\/uploads\/2020\/04\/cc7d1022-81ab-4829-9616-4c59e5250849-768x384.jpg 768w, https:\/\/www.radiopiu.net\/wordpress\/wp-content\/uploads\/2020\/04\/cc7d1022-81ab-4829-9616-4c59e5250849.jpg 1280w\" sizes=\"auto, (max-width: 250px) 100vw, 250px\" \/><\/a><em>Oggi la prima prova delle riaperture, allentamento dei blocchi con obbligo dei dispositivi di protezione e fabbriche aperte con i sindacati che promettono di vigilare e lo Spisal che non mancher\u00e0 di controllare. Fine settimana pasquale in montagna nel regno del silenzio tra canti di uccelli e animali che si sono ripresi il loro spazio fino a bordo strada (foto Mauro Groppa). La stagione estiva \u00e8 alle porte, saranno sufficienti le iniziative promozionali per salvare i bilanci? Per Zaia chi potr\u00e0 fare la differenza saranno gli influencer con i canali social.<\/em><\/p>\n<h3><span style=\"color: #008000;\">di Mirk<\/span>o Mezz<span style=\"color: #ff0000;\">acasa<\/span><\/h3>\n<p>La Regione Veneto ha imposto le nuove regole, a proposito dei 200 metri il passo indietro: non esiste pi\u00f9 la regola metrica, anche il Veneto s&#8217;arrende al DPCM e alla parola in &#8220;prossimit\u00e0&#8221;. Era stata imposta con l&#8217;inizio delle restrizioni perch\u00e9 la misura faceva chiarezza e non dava adito a contestazioni. Ma le contestazioni per quei 200 metri non sono mancate e quindi da oggi si cambia<em>. &#8220;E&#8217; un atto di grande fiducia &#8211; ha detto il presidente Luca Zaia &#8211; ma non s&#8217;intenda che ci si possa spostare di\u00a0 4-5 chilometri,\u00a0 si usi il buon senso. Permessa la corsetta individuale, ma l&#8217;atleta dovr\u00e0 stare almeno a 2 metri da ogni altra<\/em> persona&#8221;. Chi scender\u00e0 in strada, oppure si sposter\u00e0 verso il supermercato (sempre chiuso alla domenica e nei giorni di festa) dovr\u00e0 indossare mascherina e guanti, sempre non solo per entrare nel supermercato, sempre anche durante l&#8217;attivit\u00e0 motoria. Mascherina e guanti anche nelle banche, negli uffici postali, nelle agenzie assicurative. La nuova ordinanza che rimarr\u00e0 in vigore fino al 3 maggio impone anche la misurazione della temperatura, uscire di casa con la febbre potrebbe portare direttamente in tribunale perch\u00e9 Zaia ha parlato di &#8220;reato&#8221;. Primo problema poniamo il caso che il lavoratore al mattino esca fresco come un rosa, ma al rientro dopo una giornata di lavoro bruci come un termosifone, chi lo spiegher\u00e0 alle forze di Polizia che al mattino il termometro non superava i 37,5 gradi? Baster\u00e0 la parola a la buona fede o sar\u00e0 necessario che qualcuno rilasci un certificato che l&#8217;operaio \u00e8 comunque arrivato al posto di lavoro sano come un pesce? Se qualcuno aveva in mente di radunare parenti ed amici per la grigliata del 25 aprile o del primo maggio annulli gli impegni, l&#8217;ordinanza lo vieta in modo categorico, al pic nic potranno partecipare solo i componenti del nucleo famigliare o scatta la sanzione come successo ieri nel boschetto di Sedico dove 4 ragazzini poco pi\u00f9 che maggiorenni sono stati sanzionati, bivaccavano da alcuni giorni con birra, droghe e fuoco acceso nonostante i divieti della Regione per grave pericolo di incendi. Da oggi potranno riaprire i negozi per bambini, cartolerie ed esercizi che vendono libri, ma solo per due giorni la settimana, domenica esclusa. I distributori automatici di bevande sono ammessi\u00a0 solo all&#8217;interno degli uffici, oltre potrebbero creare assembramenti. A chi chiedeva un intervento della Regione per far ripartire l&#8217;attivit\u00e0 artigianale, anche del muratore impegnato da solo in casa \u00e8 arrivata la fredda risposta <span style=\"color: #000000;\">\u00a0<em>&#8220;Aprire o chiudere le aziende\u00a0 -ha detto Zaia &#8211; non compete a noi, nemmeno per gli edili che lavorano nelle\u00a0 case. Non ci compete aprire o chiudere aziende.\u00a0 <\/em><\/span><em>Abbiamo un decreto del Consiglio dei Ministri che ci concede solo di fare delle azioni. L&#8217;emergenza non \u00e8 finita, abbiamo 240 persone in terapia intensiva e 1420 in ospedale che sono numeri chiari&#8221;.<\/em> In Veneto i numeri sono rassicuranti, il numero dei guariti (1739 dimessi) supera quello dei ricoverati in ospedale (1660), 14.288 positivi (203 mila tamponi effettuati), i ricoverati scendono a 1420, in terapia intensiva 240 pazienti (6 in meno di sabato), salgono purtroppo le vittime a quota 824 tenendo conto anche delle case di riposo, ieri si sono contate 40 vittime in una giornata, 24 in ospedale. Da segnalare inoltre che ieri sia a Rovigo che a Treviso non ci sono stati contagi. In provincia bilancio drammatico nel fine settimana, cinque morti che portano il totale dei decessi a 44 (33 negli ospedali). Negli ultimi due giorni ci sono stati 5 decessi, due in ospedale, 3 nelle case di soggiorno. Ci hanno lasciato Franco De Zanna 73 anni di Cortina, una nonna di 92 anni di Quero e\u00a0 tre ospiti della casa di riposo di Mel, Maria Lorenzet di 84 anni, Teresina Battiston 92 e Luigia Feltrino 91.\u00a0 In aumento i positivi, 25 in pi\u00f9 in due giorni e gli attualmente positivi sono oggi 574. A Pasqua tanti agenti in strada con i bellunesi che hanno dimostrato di sapere rispettare le regole a parte qualche caso che entra di diritto nel capitolo dei &#8220;de coccio&#8221; per il Presidente Zaia i veneti hanno invece fatto un figurone.<em> &#8220;Non c&#8217;erano assembramenti come in altre regioni &#8211; ha detto &#8211;\u00a0 Abbiamo visto ben poche auto e nessuna colonna&#8221;.\u00a0<\/em>Non avanza solo il virus ma anche la stagione estiva ormai alle porte, quella primaverile \u00e8 definitivamente bruciata e quella pi\u00f9 attesa che fa del turismo la prima industria in Veneto da 18 miliardi di fatturato? <em>&#8220;Spero\u00a0 &#8211; \u00e8 stato detto ieri da Marghera &#8211; che ci siano quanto prima le condizioni sanitarie per ripartire, sperando che la stagione non sia persa. Servono campagne di\u00a0 promozione non nelle fiere o con manifesti sui muri, ma\u00a0 influencer che vengano da noi informino e attirino gli altri. Li abbiamo anche in Italia che creano fenomeni turistici. Si pensi a Formentera il fenomeno \u00e8 nato cos\u00ec con gli influencer che hanno incuriosito i cittadini&#8221;.<\/em><\/p>\n<blockquote><p>NEL CORSO DELLA RASSEGNA STAMPA AL PRESIDENTE DELLA REGIONE VENETO,\u00a0 LUCA ZAIA ABBIAMO POSTO UN INTERROGATIVO CIRCA L&#8217;OPERAIO CHE AL MATTINO ENTRA IN FABBRICA &#8220;SANO&#8221; OVVERO CON LA TEMPERATURA INFERIORE AI 37,5 GRADI MA CHE LA SERA RISCHIA IL &#8220;PENALE&#8221; SE PIZZICATO CON LA FEBBRE. LA RISPOSTA CHIARIFICATRICE: <em>&#8220;\u00c8 gi\u00e0 previsto negli accordi sindacali\u00a0 che la temperatura venga misurata e ovviamente riportata in un apposito registro, se non ricordo male anche questo particolare di non poco conto \u00e8 previsto\u00a0 nell\u2019accordo&#8221;<\/em><\/p><\/blockquote>\n<p>&nbsp;<\/p>\n<hr \/>\n<p>&nbsp;<\/p>\n<p>&nbsp;<\/p>\n<p>&nbsp;<\/p>\n<blockquote class=\"wp-embedded-content\" data-secret=\"lxfxxSLpSg\"><p><a href=\"https:\/\/www.radiopiu.net\/wordpress\/azienda-zero-aggiornamento-delle-17\/\">AZIENDA ZERO, AGGIORNAMENTO DELLE 17:  DA IERI 24 DECESSI, 118 POSITIVI IN PIU&#8217;  E 6 PAZIENTI IN MENO IN TERAPIA INTENSIVA<\/a><\/p><\/blockquote>\n<p><iframe loading=\"lazy\" title=\"&#8220;AZIENDA ZERO, AGGIORNAMENTO DELLE 17:  DA IERI 24 DECESSI, 118 POSITIVI IN PIU&#8217;  E 6 PAZIENTI IN MENO IN TERAPIA INTENSIVA&#8221; &#8212; Radio Pi\u00f9\" class=\"wp-embedded-content\" sandbox=\"allow-scripts\" security=\"restricted\" style=\"position: absolute; clip: rect(1px, 1px, 1px, 1px);\" src=\"https:\/\/www.radiopiu.net\/wordpress\/azienda-zero-aggiornamento-delle-17\/embed\/#?secret=lxfxxSLpSg\" data-secret=\"lxfxxSLpSg\" width=\"600\" height=\"338\" frameborder=\"0\" marginwidth=\"0\" marginheight=\"0\" scrolling=\"no\"><\/iframe><\/p>\n<p>&nbsp;<\/p>\n<hr \/>\n<p>&nbsp;<\/p>\n<blockquote>\n<h3>AGGIORNAMENTO ULSS 1 DOLOMITI: 431 TAMPONI IN PIU&#8217; E 6 PERSONE IN MENO IN ISOLAMENTO<\/h3>\n<\/blockquote>\n<p><strong><a class=\"dt-pswp-item\" href=\"https:\/\/www.radiopiu.net\/wordpress\/wp-content\/uploads\/2020\/03\/covid-ulss.jpg\" data-dt-img-description=\"\" data-large_image_width=\"800\" data-large_image_height=\"600\"><img loading=\"lazy\" decoding=\"async\" class=\"alignleft wp-image-121260\" src=\"https:\/\/www.radiopiu.net\/wordpress\/wp-content\/uploads\/2020\/03\/covid-ulss-300x225.jpg\" alt=\"\" width=\"203\" height=\"152\" srcset=\"https:\/\/www.radiopiu.net\/wordpress\/wp-content\/uploads\/2020\/03\/covid-ulss-300x225.jpg 300w, https:\/\/www.radiopiu.net\/wordpress\/wp-content\/uploads\/2020\/03\/covid-ulss-768x576.jpg 768w, https:\/\/www.radiopiu.net\/wordpress\/wp-content\/uploads\/2020\/03\/covid-ulss.jpg 800w\" sizes=\"auto, (max-width: 203px) 100vw, 203px\" \/><\/a>BELLUNO<\/strong>\u00a0GLI AGGIORNAMENTI DALLA ULSS 1 DOLOMITI<\/p>\n<p><strong>SORVEGLIANZA SANITARIA COVID-19<\/strong> Numero totale tamponi effettuati per ricerca nCoV al 13 aprile 2020: <b>12.177 (<\/b><b>+ 431). <\/b>Persone residenti in Ulss Dolomiti in isolamento domiciliare fiduciario e sorveglianza attiva al 13 aprile 2020: <b>1050 (- 6 rispetto ieri) <\/b>Alcuni tamponi sono stati effettuati pi\u00f9 volte sulle stesse persone<\/p>\n<p><strong>OSPEDALE DI BELLUNO<\/strong>\u00a0Installate altre 3 tende della Protezione Civile al Blocco F per il percorso dedicato ai sospetti COVID,\u00a0Attivato il Punto Medico Avanzato. Le degenze di MEDICINA E ONCOLOGIA sono state collocate al 2\u00b0piano del Blocco chirurgico,\u00a0le degenze della PNEUMOLOGIA e GERIATRIA sono state collocate al 3\u00b0 piano del Blocco Chirurgico (lato EST)<span class=\"Apple-converted-space\">\u00a0,\u00a0<\/span>le degenze di CHIRURGIA, NEFROLOGIA e UROLOGIA sono state compattate al 3\u00b0 piano del Blocco Chirurgico<span class=\"Apple-converted-space\">\u00a0,\u00a0<\/span>le degenze di NEUROLOGIA sono state spostate al 2\u00b0 piano del Blocco Medico. Le aree per sospetti COVID e pazienti COVID a bassa intensit\u00e0 sono collocate al 3\u00b0 e 4\u00b0piano del Blocco Medico,<span class=\"s2\">Sono stati attivati ulteriori 18 posti letto per pazienti COVID a bassa intensit\u00e0 al 3\u00b0 piano del blocco medico per un totale di 34 posti letto. I posti letto di media intensit\u00e0 sono 12 a Malattie infettive e 16 a Pneumologia COVID .\u00a0<\/span>il contenitore della Terapia Intensiva (9 posti letto) \u00e8 stato allargato anche al gruppo operatorio di Belluno dove al momento sono stati attivati ulteriori 4 posti letto di terapia intensiva dedicati a eventuali pazienti covid positivi. I pazienti in arrivo dal 118 che dovessero necessitare di ricoveri urgenti in terapia intensiva COVID negativi saranno centralizzati alla Rianimazione di Feltre. Sono temporaneamente SOSPESI i ricoveri in Geriatria NON COVID visto l\u2019impegno dei medici della Geriatria nell\u2019area Covid. I ricoveri gi\u00e0 destinati a questa area degenziale, saranno assegnati secondo criterio di patologia prevalente alle degenze di Cardiologia, Pneumologia, Medicina di Belluno o di Pieve .<\/p>\n<p><b>OSPEDALE DI AGORDO<\/b>\u00a0attivata attivit\u00e0 di ricovero per pazienti COVID positivi a bassa intensit\u00e0 di cura \u2013 modello ospedale di comunit\u00e0;<\/p>\n<p><b>OSPEDALE DI PIEVE DI CADORE\u00a0<\/b>\u00e8 attivo un filtro all\u2019ingresso per il controllo degli accessi grazie al personale della Protezione Civile, attivata un\u2019area per sospetti COVID al 2\u00b0 piano<\/p>\n<p><b>OSPEDALE DI FELTRE\u00a0<\/b><span class=\"s2\">Il reparto di PNEUMOLOGIA \u00e8 stato trasferito al 6\u00b0 piano del Padiglione Dalla Palma.\u00a0<\/span><span class=\"s2\">Il reparto di GERIATRIA \u00e8 rientrato al 5\u00b0 piano del Padiglione Dalla Palma,\u00a0<\/span><span class=\"s2\">l\u2019area di degenza dedicata ai casi positivi Covid-19 \u00e8 al 4\u00b0 Piano del Padiglione Dalla Palma.<\/span><\/p>\n<p><a class=\"dt-pswp-item\" href=\"https:\/\/www.radiopiu.net\/wordpress\/wp-content\/uploads\/2020\/04\/Schermata-2020-04-13-alle-18.58.36.png\" data-dt-img-description=\"\" data-large_image_width=\"1350\" data-large_image_height=\"1600\"><img loading=\"lazy\" decoding=\"async\" class=\"alignnone wp-image-129911\" src=\"https:\/\/www.radiopiu.net\/wordpress\/wp-content\/uploads\/2020\/04\/Schermata-2020-04-13-alle-18.58.36-864x1024.png\" alt=\"\" width=\"400\" height=\"474\" srcset=\"https:\/\/www.radiopiu.net\/wordpress\/wp-content\/uploads\/2020\/04\/Schermata-2020-04-13-alle-18.58.36-864x1024.png 864w, https:\/\/www.radiopiu.net\/wordpress\/wp-content\/uploads\/2020\/04\/Schermata-2020-04-13-alle-18.58.36-253x300.png 253w, https:\/\/www.radiopiu.net\/wordpress\/wp-content\/uploads\/2020\/04\/Schermata-2020-04-13-alle-18.58.36-768x910.png 768w, https:\/\/www.radiopiu.net\/wordpress\/wp-content\/uploads\/2020\/04\/Schermata-2020-04-13-alle-18.58.36-1296x1536.png 1296w, https:\/\/www.radiopiu.net\/wordpress\/wp-content\/uploads\/2020\/04\/Schermata-2020-04-13-alle-18.58.36.png 1350w\" sizes=\"auto, (max-width: 400px) 100vw, 400px\" \/><\/a><\/p>\n<p>&nbsp;<\/p>\n<hr \/>\n<p>&nbsp;<\/p>\n<blockquote class=\"wp-embedded-content\" data-secret=\"bn631G71Pm\"><p><a href=\"https:\/\/www.radiopiu.net\/wordpress\/aggiornamento-assessorato-protezione-civile-13-aprile-2020\/\">AGGIORNAMENTO ASSESSORATO PROTEZIONE CIVILE 13 APRILE 2020<\/a><\/p><\/blockquote>\n<p><iframe loading=\"lazy\" title=\"&#8220;AGGIORNAMENTO ASSESSORATO PROTEZIONE CIVILE 13 APRILE 2020&#8221; &#8212; Radio Pi\u00f9\" class=\"wp-embedded-content\" sandbox=\"allow-scripts\" security=\"restricted\" style=\"position: absolute; clip: rect(1px, 1px, 1px, 1px);\" src=\"https:\/\/www.radiopiu.net\/wordpress\/aggiornamento-assessorato-protezione-civile-13-aprile-2020\/embed\/#?secret=bn631G71Pm\" data-secret=\"bn631G71Pm\" width=\"600\" height=\"338\" frameborder=\"0\" marginwidth=\"0\" marginheight=\"0\" scrolling=\"no\"><\/iframe><\/p>\n<p><strong>DAL GR DELLE 14:30 DI IERI L&#8217;INTERVENTO DELLASSESORE REGIONALE GIANPAOLO BOTTACIN<\/strong><\/p>\n<audio class=\"wp-audio-shortcode\" id=\"audio-129738-2\" preload=\"none\" style=\"width: 100%;\" controls=\"controls\"><source type=\"audio\/mpeg\" src=\"https:\/\/www.radiopiu.net\/wordpress\/wp-content\/uploads\/2020\/04\/BOTTACIN-2.mp3?_=2\" \/><a href=\"https:\/\/www.radiopiu.net\/wordpress\/wp-content\/uploads\/2020\/04\/BOTTACIN-2.mp3\">https:\/\/www.radiopiu.net\/wordpress\/wp-content\/uploads\/2020\/04\/BOTTACIN-2.mp3<\/a><\/audio>\n<p>&nbsp;<\/p>\n<hr \/>\n<p>&nbsp;<\/p>\n<blockquote>\n<h3>DATI E GRAFICI DEL GIORNO, PROVINCIA \u2013 REGIONE 13 APRILE 2020<\/h3>\n<\/blockquote>\n<p><strong>Con la collaborazione di Tiziano De Col<\/strong><\/p>\n<p>I dati dei contagi odierni (Rovigo e Treviso zero contagi), riportano l&#8217;incremento giornaliero per la Provincia di Belluno che fa segnare un incremento giornaliero che \u00e8 pi\u00f9 del doppio delle altre Province Venete considerate in data odierna (Venezia,Vicenza, Padova, Verona). La provincia di Belluno resta con il rapporto contagi &#8211; popolazione tra i pi\u00f9 alti tra le Province Venete,\u00a0 dopo Padova e Verona e ben al di sopra di Treviso, Vicenza, Venezia e Rovigo.<\/p>\n<p><a class=\"dt-pswp-item\" href=\"https:\/\/www.radiopiu.net\/wordpress\/wp-content\/uploads\/2020\/04\/Schermata-2020-04-13-alle-18.48.39.png\" data-dt-img-description=\"\" data-large_image_width=\"716\" data-large_image_height=\"454\"><img loading=\"lazy\" decoding=\"async\" class=\"alignnone wp-image-129907\" src=\"https:\/\/www.radiopiu.net\/wordpress\/wp-content\/uploads\/2020\/04\/Schermata-2020-04-13-alle-18.48.39.png\" alt=\"\" width=\"301\" height=\"191\" srcset=\"https:\/\/www.radiopiu.net\/wordpress\/wp-content\/uploads\/2020\/04\/Schermata-2020-04-13-alle-18.48.39.png 716w, https:\/\/www.radiopiu.net\/wordpress\/wp-content\/uploads\/2020\/04\/Schermata-2020-04-13-alle-18.48.39-300x190.png 300w\" sizes=\"auto, (max-width: 301px) 100vw, 301px\" \/><\/a><a class=\"dt-pswp-item\" href=\"https:\/\/www.radiopiu.net\/wordpress\/wp-content\/uploads\/2020\/04\/1f774680-ac3b-43d5-9bd2-9167f165048c.jpg\" data-dt-img-description=\"\" data-large_image_width=\"480\" data-large_image_height=\"289\"><img loading=\"lazy\" decoding=\"async\" class=\"alignnone wp-image-129908\" src=\"https:\/\/www.radiopiu.net\/wordpress\/wp-content\/uploads\/2020\/04\/1f774680-ac3b-43d5-9bd2-9167f165048c.jpg\" alt=\"\" width=\"299\" height=\"180\" srcset=\"https:\/\/www.radiopiu.net\/wordpress\/wp-content\/uploads\/2020\/04\/1f774680-ac3b-43d5-9bd2-9167f165048c.jpg 480w, https:\/\/www.radiopiu.net\/wordpress\/wp-content\/uploads\/2020\/04\/1f774680-ac3b-43d5-9bd2-9167f165048c-300x181.jpg 300w\" sizes=\"auto, (max-width: 299px) 100vw, 299px\" \/><\/a><a class=\"dt-pswp-item\" href=\"https:\/\/www.radiopiu.net\/wordpress\/wp-content\/uploads\/2020\/04\/95885a86-c1a1-4826-869a-1a776938c2aa.jpg\" data-dt-img-description=\"\" data-large_image_width=\"582\" data-large_image_height=\"358\"><img loading=\"lazy\" decoding=\"async\" class=\"alignnone wp-image-129909\" src=\"https:\/\/www.radiopiu.net\/wordpress\/wp-content\/uploads\/2020\/04\/95885a86-c1a1-4826-869a-1a776938c2aa.jpg\" alt=\"\" width=\"299\" height=\"184\" srcset=\"https:\/\/www.radiopiu.net\/wordpress\/wp-content\/uploads\/2020\/04\/95885a86-c1a1-4826-869a-1a776938c2aa.jpg 582w, https:\/\/www.radiopiu.net\/wordpress\/wp-content\/uploads\/2020\/04\/95885a86-c1a1-4826-869a-1a776938c2aa-300x185.jpg 300w\" sizes=\"auto, (max-width: 299px) 100vw, 299px\" \/><\/a><a class=\"dt-pswp-item\" href=\"https:\/\/www.radiopiu.net\/wordpress\/wp-content\/uploads\/2020\/04\/d191e065-b8f3-473c-8061-c95ede56a16b.jpg\" data-dt-img-description=\"\" data-large_image_width=\"727\" data-large_image_height=\"459\"><img loading=\"lazy\" decoding=\"async\" class=\"alignnone size-medium wp-image-129922\" src=\"https:\/\/www.radiopiu.net\/wordpress\/wp-content\/uploads\/2020\/04\/d191e065-b8f3-473c-8061-c95ede56a16b-300x189.jpg\" alt=\"\" width=\"300\" height=\"189\" srcset=\"https:\/\/www.radiopiu.net\/wordpress\/wp-content\/uploads\/2020\/04\/d191e065-b8f3-473c-8061-c95ede56a16b-300x189.jpg 300w, https:\/\/www.radiopiu.net\/wordpress\/wp-content\/uploads\/2020\/04\/d191e065-b8f3-473c-8061-c95ede56a16b.jpg 727w\" sizes=\"auto, (max-width: 300px) 100vw, 300px\" \/><\/a><\/p>\n<p>&nbsp;<\/p>\n<hr \/>\n<p>&nbsp;<\/p>\n<h2>LEGGI LA CONFERENZA STAMPA DI LUCA ZAIA<\/h2>\n<p><span style=\"color: #ff0000;\"><strong>DALLE 24 LA NUOVA ORDINANZA REGIONALE FINO AL 3 MAGGIO, LA MASCHERINA DEVONO PORTARLA TUTTI, RALLENTA IL CONTAGIO MA NON SI PUO&#8217; ABBASSARE LA GUARDIA\u00a0<\/strong><\/span><\/p>\n<p><em>Al lavoro con 37,5 di febbre: si torna a casa in quarantena. Ammesso spostamento per conferimento rifiuti negli ecocentri. Vendita al dettaglio abbigliamento bambini solo 2 giorni la settimana ma non nei festivi. Mascherina e guanti anche in banca. Attivit\u00e0 motoria: \u00e8 individuale e deve svolgersi in prossimit\u00e0 della propria abitazione. Tolti i 200 metri restrittivi, ma rispettando i 2 metri da ogni altra persona. \u00a0ferramenta, elettronici, chiusi domenica e festivi. Pic nic vietatissimi se non nel proprio giardino e solo con il proprio nucleo famigliare. Sbagliatissimo riaprire le scuole, ma non sono decisioni che ci competono. Incremento del 6,85% negli spostamenti dopo il lockdown totale, da domani vedremo come gira. i centri estivi potrebbero saltare.<\/em><\/p>\n<p><strong>ORDINANZA CONFERMA LE RESTRIZIONI MA NON C&#8217;E&#8217; PIU&#8217; L&#8217;OBBLIGO DEI 200 METRI, ORA DI PARLA DI PROSSIMITA&#8217; DELL&#8217;ABITAZIONE SEMPRE SINGOLARMENTE USANDO IL BUONSENSO:<\/strong> Oggi presentiamo la nuova ordinanza, abbiamo &#8220;limato&#8221; come l&#8217;artista Michelangelo toglieva il marmo in pi\u00f9\u00a0 per fare la Piet\u00e0, abbiamo fato una cosa equilibrato con il\u00a0 primo obiettivo la salute dei cittadini.<span style=\"color: #ff0000;\"><strong> Aprire o chiudere le aziende non compete a noi, nemmeno gli edili che lavorano nelle\u00a0 case. Non ci compete aprire o chiudere aziende.\u00a0<\/strong><\/span> Abbiamo un decreto del Consiglio dei Ministri che ci concede solo di fare delle azioni. L&#8217;emergenza non \u00e8 finita, abbiamo 245 persone in terapia intensiva e 1427 in ospedale che sono numeri chiari. Se non scendono o si alzano dobbiamo andare gi\u00f9 pesanti. Questi sono i nostri numeri di lettura. La prima cura al coronavirus sono i cittadini ed \u00e8 una bella sfida. I comportamenti irresponsabili aumentano la diffusione del virus e se non sei categoria a rischio ti becchi febbre e polmonite ma il comportamento irresponsabile porta alla morte gente che non pu\u00f2 permettersi di essere contagiata.\u00a0 Abbiamo i dati delle celle telefoniche e abbiamo ridotto gli spostamenti del 50 per cento. Oggi il lockdown che \u00e8 chiusura totale non esiste pi\u00f9. Domani avremo pi\u00f9 auto in autostrada, pi\u00f9 persone che andranno al lavoro, dobbiamo ragione a un lokdown ridotto &#8220;soft&#8221; o messo lokdown che mette in sicurezza che ha spostamenti importanti. <strong>CONFERMATE<\/strong>: chiusura supermercati la domenica\u00a0 e nei giorni festivi 25 aprile e 1 maggio. Confermata attivit\u00e0 dei mercati alimentari anche abbigliamento bimbi e pesce ma in zone perimetrate, vigilate, con ingressi, uscite e accessi contingentati mascherina e guanti sempre anche quando si esce di casa. Uno deve uscire di casa anche con il gel. Uscite di casa solo individuali salvo accompagnamento determinato da necessit\u00e0 per la salute (disabili o minori) sempre rispettato il distanziamento sociale. Vietata l&#8217;uscita di chi la febbre 37,5 \u00e8 reato uscire con la febbre. 25 aprile e 1 maggio pic nic autorizzato solo in propriet\u00e0 privata e nucleo famigliare. Nessuna grigliata \u00e8 autorizzata, \u00e8 illegale e diffonde il virus. Non si invitino amici o vicini di casa, solo nucleo famigliare. Spostamento ogni mezzo per assistenza al parto dei genitori. Il genitore pu\u00f2 assistere il partner. Attivit\u00e0 motoria solo individuale in prossimit\u00e0 dell&#8217;abitazione, tolti i 200 metri, atto di grande fiducia, quindi non 4-5 chilometri si usi il buon senso e individuale, almeno a 2 metri da ogni altra persona. Distributori automatici bevande\u00a0 solo all&#8217;interno degli uffici. Esercizi commerciali foto, ferramenta, chiusi domenica a giorni festivi. IMPRESE in tutti i punti vendita sia nell&#8217;area esterna che nei locali chiusi,\u00a0 rispettare le misure distanziamento 2 metri, guanti, mascherine, gel, copertura naso e bocca e se mancano mascherine di usi altro. Nei supermercati mascherine e guanti si tengono sempre dentro e fuori (cosi&#8217; come gli operatori). Attivit\u00e0 economica svolta mediante consegna a domicilio confermata. Attivit\u00e0 produttive anche servizi (bancari assicurativi) espletate nel rispetto del protocollo, in tutte le attivit\u00e0 accordo con le parti sociali. Le spisal aumenteranno i controlli per la messa in sicurezza dei lavoratori per tutte le attivit\u00e0 banche e assicurazioni comprese. Attivit\u00e0 bancarie e poste (assicurazione) studi professionali ove possibile previsto accesso programmata mediante appuntamento, no assembramenti in sala di attesa.\u00a0 In tutte le attivit\u00e0 si usa la mascherina. Obbligo nelle aziende di misurare la febbre e chi ce l&#8217;ha va in isolamento fiduciario a casa. Vendita vestiti per bambini, neonati, cartoleria ammessa solo nei negozi dedicati, quindi chi era autorizzato prima del 21 febbraio pu\u00f2 aprire. Consentita due giorni la settimana no domenica, festivi e prefestivi. Ammesso gli spostamenti per gli ecocentri. Autorizzate manutenzione verde e spiagge, anche cantieri per danni vaia. Per il trasporto pubblico confermate le ordinanze precedenti<\/p>\n<blockquote>\n<h3>Un colpo di tosse emette 100mila particelle e molte restano nell&#8217;aria per almeno 20 minuti.<\/h3>\n<\/blockquote>\n<p>Mostrato un video Rai, riguardante il Coronavirus e la sua presenza nell&#8217;aria dopo colpi di tosse o starnuti. Anche una normale conversazione genera una grande quantit\u00e0 di micro particelle, quindi il virus si trasmette con facilit\u00e0.<\/p>\n<p><iframe loading=\"lazy\" title=\"Coronavirus, lo starnuto - Porta a porta 07\/04\/2020\" width=\"1200\" height=\"675\" src=\"https:\/\/www.youtube.com\/embed\/A8GjjmAFWXM?feature=oembed\" frameborder=\"0\" allow=\"accelerometer; autoplay; clipboard-write; encrypted-media; gyroscope; picture-in-picture\" allowfullscreen><\/iframe><\/p>\n<h2>DOMANDE<\/h2>\n<p><strong>SPIAGGE<\/strong> Speriamo di poter ripartire ma servono indicazioni di natura scientifica.<\/p>\n<p><strong>SIETE STATI COSTRETTI A UN RINCORSA DOPO IL MEZZO LOCKDOWN<\/strong> E&#8217; un&#8217;azione di difesa da 0 a 10 abbiamo il timore 8 di un ritorno di fiamma.<\/p>\n<p><strong>VIRUS ANCORA PRESENTE LO VEDIAMO DAI DATI, PERCHE&#8217; SI STA LASCIANDO LA PRESA?<\/strong> I cittadini non sono sprovveduti nonostante l&#8217;irresponsabile che c&#8217;\u00e8 sempre. Se invochiamo il senso di comunit\u00e0 adesso \u00e8 il momento di dimostrare che siamo persone per bene. Se non si rispetta la regola abbiamo sbagliato quanto detto fino ad ora. Togliamo i 200 metri ma mettiamo protezioni in pi\u00f9. Se ci fosse il lockdown non staremo qui a parlare di mascherina. Prepariamoci a quello che sar\u00e0 \u00e8 una fase di limbo \u00e8 una fase due con un mezzo Lockdown con i dispositivi di protezione.<\/p>\n<p><strong>COME E&#8217; ANDATA A PASQUA?<\/strong> Abbiamo fatto un figurone non c&#8217;erano assembramenti come in altre regioni. Abbiamo visto ben poche auto e nessuna colonna.<\/p>\n<p><strong>TURISMO DOPO IL 4 MAGGIO SI APRONO LE SPIAGGE O STAGIONE PERSA? <\/strong>Il turismo prima industria in Veneto da 18 miliardi di fatturato, spero ci siano quanto prima le condizioni sanitarie per ripartire, spero che la stagione non sia persa e continuo a dire che bisogna fare campagne promozione non nelle fiere e manifesti ma andare dagli influencer e informare. Servono opinion leader che vengono in vacanza e attirino gli altri. Li abbiamo anche in Italia che creano fenomeni turistici. Si pensi a Formentera il fenomeno \u00e8 nato cos\u00ec con gli influencer che hanno incuriosito i cittadini.<\/p>\n<p><strong>LA REGIONE PUNTA SULLE MASCHERINE, SI TROVANO MA NON OVUNQUE ALLO STESSO PREZZO<\/strong> Se qualcuno vuole donarle 041 2792863, accettiamo tutte le donazioni anche di dispositivi. 800990009 numero verde sala operativa.<\/p>\n<p><strong>ALTRE REGIONI COMPORTAMENTO DIVERSO<\/strong> Forse non si rendono conto delle conseguenze. Da noi era molto aggressivo auspico che altrove vada in modo diverso.<\/p>\n<p>https:\/\/www.facebook.com\/zaiaufficiale\/videos\/159984641973188<\/p>\n<p>&nbsp;<\/p>\n<hr \/>\n<p>&nbsp;<\/p>\n<blockquote>\n<h3 class=\"entry-title\">33ESIMO DECEDUTO PER COVID_19 NEGLI OSPEDALI BELLUNESI<\/h3>\n<\/blockquote>\n<p><strong><a class=\"dt-pswp-item\" href=\"https:\/\/www.radiopiu.net\/wordpress\/wp-content\/uploads\/2020\/03\/ULSS-1-DOLOMITI-LOGO.jpg\" data-dt-img-description=\"\" data-large_image_width=\"298\" data-large_image_height=\"219\"><img loading=\"lazy\" decoding=\"async\" class=\"size-full wp-image-121256 alignleft\" src=\"https:\/\/www.radiopiu.net\/wordpress\/wp-content\/uploads\/2020\/03\/ULSS-1-DOLOMITI-LOGO.jpg\" alt=\"\" width=\"298\" height=\"219\" \/><\/a>BELLUNO<\/strong> Franco De Zanna, cortinese positivo al Covid_19 di 73 anni ricoverato in\u00a0 Malattie Infettive\u00a0 di\u00a0 Belluno, \u00e8 deceduto. Si tratta del 33esimo decesso per coronavirus dall\u2019inizio dell\u2019epidemia.<\/p>\n<p><strong>DECESSI DAL 21 FEBBRAIO 33\u00a0 Agordo 1, Comunit\u00e0 Belluno 5, San Martino 22, Feltre 5. I decessi in totale (compresi gli extra ospedalieri) salgono a 37<\/strong><\/p>\n<p><strong>BELLUNO\u00a0<\/strong>Unica variazione rispetto a ieri sera: 1 paziente in pi\u00f9 in area non critica (38), invariati tutti gli altri dati: terapia intensiva 9,\u00a0 Feltre 1, ospedale di comunit\u00e0 Belluno 14, ospedale Agordo 14. Dimessi dal 21 febbraio: Belluno 46,\u00a0 Feltre 11, Comunit\u00e0 Belluno 10, Agordo 2<\/p>\n<p>&nbsp;<\/p>\n<p>&nbsp;<\/p>\n<hr \/>\n<p>&nbsp;<\/p>\n<blockquote>\n<h3 class=\"entry-title\">UN ALTRO LUTTO NELLA ULSS FELTRINA, E\u2019 MANCATO IL NEUROLOGO ZAIOTTI<\/h3>\n<\/blockquote>\n<p align=\"JUSTIFY\"><b class=\"photoswipe-wrapper\"><img loading=\"lazy\" decoding=\"async\" class=\"wp-image-129830 alignleft jetpack-lazy-image jetpack-lazy-image--handled\" src=\"https:\/\/i1.wp.com\/www.radiopiu.net\/wordpress\/wp-content\/uploads\/2020\/04\/download-9.jpg?resize=232%2C124&amp;ssl=1\" sizes=\"auto, (max-width: 232px) 100vw, 232px\" srcset=\"https:\/\/i1.wp.com\/www.radiopiu.net\/wordpress\/wp-content\/uploads\/2020\/04\/download-9.jpg?w=307&amp;ssl=1 307w, https:\/\/i1.wp.com\/www.radiopiu.net\/wordpress\/wp-content\/uploads\/2020\/04\/download-9.jpg?resize=300%2C160&amp;ssl=1 300w\" alt=\"\" width=\"232\" height=\"124\" data-recalc-dims=\"1\" data-lazy-loaded=\"1\" \/>Feltre. <\/b>L\u2019Ulss Dolomiti esprime il cordoglio per la scomparsa del dottor Giuseppe Zaiotti, morto ieri a 70 anni dopo aver lottato a lunga con la malattia. Medico neurologo in servizio per diversi anni all\u2019ospedale di Feltre, si \u00e8 distinto per la capacit\u00e0 di coniugare la solida competenza professionale con una grande umanit\u00e0. Sapeva tessere al meglio le relazioni, trovare i punti di incontro, mettere d\u2019accordo le parti. Molto apprezzato sia dai colleghi che dai pazienti, dopo la pensione aveva continuato l\u2019impegno all\u2019ospedale di Feltre come sumaista fino alla diagnosi della malattia. Uomo dai molteplici interessi, era molto impegnato sia nella vita pubblica come consigliere comunale prima e presidente dell\u2019Azienda Feltrina Servizi alla Persona poi sia nel volontariato, in particolare nell\u2019Associazione Mano Amica.<strong> (foto Amico Del Popolo)<\/strong><\/p>\n<blockquote>\n<p align=\"JUSTIFY\"><em>\u201cA nome mio e di tutta l\u2019Azienda esprimo il cordoglio per la scomparsa del dottor Zaiotti, professionista stimato e uomo con doti umane rare\u00bb conclude il Direttore Generale Adriano Rasi Caldogno\u201d.<\/em><\/p>\n<\/blockquote>\n<hr \/>\n<blockquote>\n<h3 align=\"JUSTIFY\"><span style=\"font-size: large;\">CORDOGLIO PER LA SCOMPARSA DEL DOTTOR GIUSEPPE ZAIOTTI, IL RICORDO DEL SINDACO DI FELTRE<\/span><\/h3>\n<\/blockquote>\n<p><strong><a class=\"dt-pswp-item\" href=\"https:\/\/www.radiopiu.net\/wordpress\/wp-content\/uploads\/2018\/09\/PAOLO-PERENZIN.jpg\" data-dt-img-description=\"\" data-large_image_width=\"225\" data-large_image_height=\"225\"><img loading=\"lazy\" decoding=\"async\" class=\" wp-image-60040 alignleft\" src=\"https:\/\/www.radiopiu.net\/wordpress\/wp-content\/uploads\/2018\/09\/PAOLO-PERENZIN.jpg\" alt=\"\" width=\"95\" height=\"95\" srcset=\"https:\/\/www.radiopiu.net\/wordpress\/wp-content\/uploads\/2018\/09\/PAOLO-PERENZIN.jpg 225w, https:\/\/www.radiopiu.net\/wordpress\/wp-content\/uploads\/2018\/09\/PAOLO-PERENZIN-150x150.jpg 150w\" sizes=\"auto, (max-width: 95px) 100vw, 95px\" \/><\/a>FELTRE<\/strong> <span class=\"s1\">Il sindaco di Feltre, Paolo Perenzin, ricorda la figura di Giuseppe Zaiotti, scomparso domenica, giorno di Pasqua, all\u2019et\u00e0 di 70 anni dopo una lunga malattia. Il primo cittadino ne ripercorre brevemente l\u2019attivit\u00e0 amministrativa e la dedizione a servizio della comunit\u00e0.<\/span><\/p>\n<p align=\"JUSTIFY\"><strong>IL SINDACO DI FELTRE PAOLO PERENZIN\u00a0<\/strong><\/p>\n<audio class=\"wp-audio-shortcode\" id=\"audio-129738-3\" preload=\"none\" style=\"width: 100%;\" controls=\"controls\"><source type=\"audio\/mpeg\" src=\"https:\/\/www.radiopiu.net\/wordpress\/wp-content\/uploads\/2020\/04\/PERENZIN-MORTE-ZAIOTTI.mp3?_=3\" \/><a href=\"https:\/\/www.radiopiu.net\/wordpress\/wp-content\/uploads\/2020\/04\/PERENZIN-MORTE-ZAIOTTI.mp3\">https:\/\/www.radiopiu.net\/wordpress\/wp-content\/uploads\/2020\/04\/PERENZIN-MORTE-ZAIOTTI.mp3<\/a><\/audio>\n<p>&nbsp;<\/p>\n<hr \/>\n<p>&nbsp;<\/p>\n<blockquote>\n<h3 class=\"entry-title\">DRAMMA IN CADORE, MUORE CADENDO NEL POZZO<\/h3>\n<\/blockquote>\n<p><strong class=\"photoswipe-wrapper\"><img loading=\"lazy\" decoding=\"async\" class=\"wp-image-129834 alignleft jetpack-lazy-image jetpack-lazy-image--handled\" src=\"https:\/\/i1.wp.com\/www.radiopiu.net\/wordpress\/wp-content\/uploads\/2020\/04\/city-2939859_960_720.jpg?resize=179%2C119&amp;ssl=1\" sizes=\"auto, (max-width: 179px) 100vw, 179px\" srcset=\"https:\/\/i1.wp.com\/www.radiopiu.net\/wordpress\/wp-content\/uploads\/2020\/04\/city-2939859_960_720.jpg?w=960&amp;ssl=1 960w, https:\/\/i1.wp.com\/www.radiopiu.net\/wordpress\/wp-content\/uploads\/2020\/04\/city-2939859_960_720.jpg?resize=300%2C200&amp;ssl=1 300w, https:\/\/i1.wp.com\/www.radiopiu.net\/wordpress\/wp-content\/uploads\/2020\/04\/city-2939859_960_720.jpg?resize=768%2C512&amp;ssl=1 768w\" alt=\"\" width=\"179\" height=\"119\" data-recalc-dims=\"1\" data-lazy-loaded=\"1\" \/>DOMEGGE DI CADORE\u00a0<\/strong>Tragedia nel giorno di pasquetta, Luigino Zamarco di 78 anni, pensionato residente a Domegge in via Venezia, mentre stava lavorando sul ciglio di un pozzo \u00e8 improvvisamente precipitato per alcuni metri, ieri nel primo pomeriggio\u00a0 nei pressi della sua abitazione, comunque su una struttura di sua propriet\u00e0. Non sono note del cause del decesso, sul posto Carabinieri e Vigili del fuoco, oltre ai sanitari, stanno ricostruendo l\u2019accaduto. Si presume che l\u2019uomo sia stato colto da malore e quindi \u00e8 precipitato. .<\/p>\n<p>&nbsp;<\/p>\n<hr \/>\n<p>&nbsp;<\/p>\n<blockquote>\n<h3>&#8220;DE COCCIO&#8221;, ALTRI 25 SANZIONATI<\/h3>\n<\/blockquote>\n<p><strong>BELLUNO<\/strong> Sono 25 gli indisciplinati del giorno di Pasqua che si sono fatti beccare in fallo dalle Forze dell&#8217;Ordine, 25 sanzionati\u00a0 su 745 controllati che portano il totale della settimana di Pasqua a 241 su 5547 controllati. Da segnalare anche 5 denunce per altri reati nella giornata di domenica che si portano ad 8 da inizio settimana. Nel mirino di uomini e donne in divisa anche 1096 esercenti commerciali, nessuno sanzionato. Nella settimana 7928 controlli ad attivit\u00e0 commerciali, una sanzione ad un titolare e una chiusura temporanea.<\/p>\n<p><a class=\"dt-pswp-item\" href=\"https:\/\/www.radiopiu.net\/wordpress\/wp-content\/uploads\/2020\/04\/0d8a1c99-5f2a-497d-aabc-5c1a01fc1244.jpg\" data-dt-img-description=\"\" data-large_image_width=\"1131\" data-large_image_height=\"1600\"><img loading=\"lazy\" decoding=\"async\" class=\"alignnone wp-image-129806\" src=\"https:\/\/www.radiopiu.net\/wordpress\/wp-content\/uploads\/2020\/04\/0d8a1c99-5f2a-497d-aabc-5c1a01fc1244-724x1024.jpg\" alt=\"\" width=\"408\" height=\"577\" srcset=\"https:\/\/www.radiopiu.net\/wordpress\/wp-content\/uploads\/2020\/04\/0d8a1c99-5f2a-497d-aabc-5c1a01fc1244-724x1024.jpg 724w, https:\/\/www.radiopiu.net\/wordpress\/wp-content\/uploads\/2020\/04\/0d8a1c99-5f2a-497d-aabc-5c1a01fc1244-212x300.jpg 212w, https:\/\/www.radiopiu.net\/wordpress\/wp-content\/uploads\/2020\/04\/0d8a1c99-5f2a-497d-aabc-5c1a01fc1244-768x1086.jpg 768w, https:\/\/www.radiopiu.net\/wordpress\/wp-content\/uploads\/2020\/04\/0d8a1c99-5f2a-497d-aabc-5c1a01fc1244-1086x1536.jpg 1086w, https:\/\/www.radiopiu.net\/wordpress\/wp-content\/uploads\/2020\/04\/0d8a1c99-5f2a-497d-aabc-5c1a01fc1244.jpg 1131w\" sizes=\"auto, (max-width: 408px) 100vw, 408px\" \/><\/a><\/p>\n<p>&nbsp;<\/p>\n<hr \/>\n<p>&nbsp;<\/p>\n<blockquote>\n<h3 class=\"entry-title\">FANNO FESTA NEL BOSCO CON BIRRA E DROGHE, DENUNCIATI DAI CARABINIERI. SANZIONE SALATA ANCHE PER AVER ACCESO IL FUOCO<\/h3>\n<\/blockquote>\n<p><strong class=\"photoswipe-wrapper\"><img loading=\"lazy\" decoding=\"async\" class=\"wp-image-129863 alignleft jetpack-lazy-image jetpack-lazy-image--handled\" src=\"https:\/\/i2.wp.com\/www.radiopiu.net\/wordpress\/wp-content\/uploads\/2020\/04\/fa1157f9-e09e-4518-96e8-e48074469b8d.jpg?resize=194%2C146&amp;ssl=1\" sizes=\"auto, (max-width: 194px) 100vw, 194px\" srcset=\"https:\/\/i2.wp.com\/www.radiopiu.net\/wordpress\/wp-content\/uploads\/2020\/04\/fa1157f9-e09e-4518-96e8-e48074469b8d.jpg?w=887&amp;ssl=1 887w, https:\/\/i2.wp.com\/www.radiopiu.net\/wordpress\/wp-content\/uploads\/2020\/04\/fa1157f9-e09e-4518-96e8-e48074469b8d.jpg?resize=300%2C225&amp;ssl=1 300w, https:\/\/i2.wp.com\/www.radiopiu.net\/wordpress\/wp-content\/uploads\/2020\/04\/fa1157f9-e09e-4518-96e8-e48074469b8d.jpg?resize=768%2C576&amp;ssl=1 768w\" alt=\"\" width=\"194\" height=\"146\" data-recalc-dims=\"1\" data-lazy-loaded=\"1\" \/>BELLUNO<\/strong>\u00a0 I Carabinieri di Sedico hanno intuito che in quel bosco stava succedendo qualche cosa di strano e per questo hanno chiesto anche il controllo dall\u2019alto dell\u2019elicottero Ab412 del 14\u00b0 elinucleo Carabinieri di Belluno. Sotto alle fresche frasche il gruppetto di maggiorenni (ma da poco)\u00a0 tutti della provincia di Belluno. Bivaccavano allegramente in barba ai divieti ed erano li anche da alcuni giorni,\u00a0 in localit\u00e0 Noal. Credevano di farla franca nascosti all\u2019interno del boschetto un migliaio di metri oltre le ultime case, mica facili da individuare.\u00a0 Gli uomini dell\u2019Arma hanno scandagliato la zona, perlustrando ogni angolo sotto ai rami degli alberi e infine ecco la sorpresa pasquale:\u00a0 4 ragazzi sono stati bloccati e perquisiti e cos\u00ec sono saltati fuori anche\u00a0 alcuni grammi di presunto stupefacente (anfetamina chiamata \u201cSpeed\u201d e hashish). Per questo (oltre alla sanzione poich\u00e9 fuori dal raggio dell\u2019abitazione e anche in gruppo), sono stati segnalati alla Prefettura di Belluno. Altra sanzione da incoscienti, il quartetto aveva pure acceso il fuoco, atto vietato da precisa ordinanza regionale.\u00a0 che prevede una sanzione di 2064 a testa. Sono stati denunciati : A.R. 20 anni residente nell\u2019 Agordino, L.C. 19 anni residente provincia di Treviso; AG. 19 anni\u00a0 residente nel Feltrino e M.O. 29 anni\u00a0 residente in Valbelluna.<\/p>\n<div style=\"width: 640px;\" class=\"wp-video\"><video class=\"wp-video-shortcode\" id=\"video-129738-1\" width=\"640\" height=\"360\" preload=\"metadata\" controls=\"controls\"><source type=\"video\/mp4\" src=\"https:\/\/www.radiopiu.net\/wordpress\/wp-content\/uploads\/2020\/04\/CARABINIERI-PASQUA.mp4?_=1\" \/><a href=\"https:\/\/www.radiopiu.net\/wordpress\/wp-content\/uploads\/2020\/04\/CARABINIERI-PASQUA.mp4\">https:\/\/www.radiopiu.net\/wordpress\/wp-content\/uploads\/2020\/04\/CARABINIERI-PASQUA.mp4<\/a><\/video><\/div>\n<p>&nbsp;<\/p>\n<hr \/>\n<p>&nbsp;<\/p>\n<blockquote>\n<h3>FELTRE: SANIFICAZIONE STRAORDINARIA E DELLE ISOLE ECOLOGICHE NELLE FRAZIONI E DI ALCUNI PUNTI DEL CENTRO CITT\u00c0<\/h3>\n<\/blockquote>\n<p><strong><a class=\"dt-pswp-item\" href=\"https:\/\/www.radiopiu.net\/wordpress\/wp-content\/uploads\/2020\/04\/6bfae28c-6a6e-4c53-ba4c-887ad5ee6d91.jpg\" data-dt-img-description=\"\" data-large_image_width=\"1200\" data-large_image_height=\"1600\"><img loading=\"lazy\" decoding=\"async\" class=\"alignleft size-medium wp-image-129423\" src=\"https:\/\/www.radiopiu.net\/wordpress\/wp-content\/uploads\/2020\/04\/6bfae28c-6a6e-4c53-ba4c-887ad5ee6d91-225x300.jpg\" alt=\"\" width=\"225\" height=\"300\" srcset=\"https:\/\/www.radiopiu.net\/wordpress\/wp-content\/uploads\/2020\/04\/6bfae28c-6a6e-4c53-ba4c-887ad5ee6d91-225x300.jpg 225w, https:\/\/www.radiopiu.net\/wordpress\/wp-content\/uploads\/2020\/04\/6bfae28c-6a6e-4c53-ba4c-887ad5ee6d91-768x1024.jpg 768w, https:\/\/www.radiopiu.net\/wordpress\/wp-content\/uploads\/2020\/04\/6bfae28c-6a6e-4c53-ba4c-887ad5ee6d91-1152x1536.jpg 1152w, https:\/\/www.radiopiu.net\/wordpress\/wp-content\/uploads\/2020\/04\/6bfae28c-6a6e-4c53-ba4c-887ad5ee6d91.jpg 1200w\" sizes=\"auto, (max-width: 225px) 100vw, 225px\" \/><\/a>FELTRE<\/strong>\u00a0<span style=\"font-size: medium;\">Non si ferma, tra le azioni messe in campo per fronteggiare l\u2019epidemia da Coronavirus, l\u2019attivit\u00e0 di pulizia e sanificazione del territorio, che vede impegnati quotidianamente i tecnici e gli operai comunali, soprattutto per quanto riguarda le aree di contatto dei cassonetti per la raccolta dei rifiuti.<\/span>\u00a0<span style=\"font-size: medium;\">Sabato sono entrati in azione i volontari delle squadre di Antincendio Boschivo della Protezione Civile dell\u2019A.N.A. per un massiccio intervento mirato, in particolar modo, sulle isole ecologiche dislocate in alcune frazioni del territorio comunale di Feltre e su alcune arre del centro citt\u00e0.<\/span>\u00a0<span style=\"font-size: medium;\">Circa una trentina gli uomini che si sono suddivisi in gruppi di lavoro e, muniti di protezioni adeguate, si sono suddivisi le aree di intervento. <\/span>\u00a0<span style=\"font-size: medium;\">Alcuni volontari, dotati di atomizzatori spalleggiati (pi\u00f9 agili e leggeri) hanno proceduto alla sanificazione del centro storico, mentre altri si concentravano con l\u2019ausilio dell\u2019autobotte sui marciapiedi e le aree del centro citt\u00e0 (approfittando anche della chiusura pressoch\u00e9 totale degli esercizi commerciali in questo periodo); nelle frazioni gli operatori sono intervenuti con i nebulizzatori sui cassonetti per la raccolta dei rifiuti e sull\u2019intera area circostante. In tutti gli interventi \u00e8 stata utilizzata l\u2019oramai \u201cconsueta\u201d diluizione di ipoclorito di sodio (la comune varechina) con diluizione alle 0,1%<\/span><\/p>\n<p><strong>ADIS ZATTA ASSESSORE DEL COMUNE DI FELTRE<\/strong><\/p>\n<audio class=\"wp-audio-shortcode\" id=\"audio-129738-4\" preload=\"none\" style=\"width: 100%;\" controls=\"controls\"><source type=\"audio\/mpeg\" src=\"https:\/\/www.radiopiu.net\/wordpress\/wp-content\/uploads\/2020\/04\/adis-zatta-sanificazione.mp3?_=4\" \/><a href=\"https:\/\/www.radiopiu.net\/wordpress\/wp-content\/uploads\/2020\/04\/adis-zatta-sanificazione.mp3\">https:\/\/www.radiopiu.net\/wordpress\/wp-content\/uploads\/2020\/04\/adis-zatta-sanificazione.mp3<\/a><\/audio>\n<p>&nbsp;<\/p>\n<hr \/>\n<p>&nbsp;<\/p>\n<blockquote>\n<h3>A CENCENIGHE SI STUDIANO LE PROGETTAZIONI PER LE STRADE DI CAVARZAN E VALLESINE<\/h3>\n<\/blockquote>\n<p><a class=\"dt-pswp-item\" href=\"https:\/\/www.radiopiu.net\/wordpress\/wp-content\/uploads\/2020\/04\/a4d917d0-e285-4647-915d-44a9a2062e50.jpg\" data-dt-img-description=\"\" data-large_image_width=\"1099\" data-large_image_height=\"804\"><img loading=\"lazy\" decoding=\"async\" class=\"alignleft size-medium wp-image-129938\" src=\"https:\/\/www.radiopiu.net\/wordpress\/wp-content\/uploads\/2020\/04\/a4d917d0-e285-4647-915d-44a9a2062e50-300x219.jpg\" alt=\"\" width=\"300\" height=\"219\" srcset=\"https:\/\/www.radiopiu.net\/wordpress\/wp-content\/uploads\/2020\/04\/a4d917d0-e285-4647-915d-44a9a2062e50-300x219.jpg 300w, https:\/\/www.radiopiu.net\/wordpress\/wp-content\/uploads\/2020\/04\/a4d917d0-e285-4647-915d-44a9a2062e50-1024x749.jpg 1024w, https:\/\/www.radiopiu.net\/wordpress\/wp-content\/uploads\/2020\/04\/a4d917d0-e285-4647-915d-44a9a2062e50-768x562.jpg 768w, https:\/\/www.radiopiu.net\/wordpress\/wp-content\/uploads\/2020\/04\/a4d917d0-e285-4647-915d-44a9a2062e50.jpg 1099w\" sizes=\"auto, (max-width: 300px) 100vw, 300px\" \/><\/a>di Gianni Santomaso<\/p>\n<audio class=\"wp-audio-shortcode\" id=\"audio-129738-5\" preload=\"none\" style=\"width: 100%;\" controls=\"controls\"><source type=\"audio\/mpeg\" src=\"https:\/\/www.radiopiu.net\/wordpress\/wp-content\/uploads\/2020\/04\/GIANNI-SANTOMASO-A-Cencenighe-si-studiano-le-progettazioni-per-le-strade-di-Cavarzan-e-Vallesine.mp3?_=5\" \/><a href=\"https:\/\/www.radiopiu.net\/wordpress\/wp-content\/uploads\/2020\/04\/GIANNI-SANTOMASO-A-Cencenighe-si-studiano-le-progettazioni-per-le-strade-di-Cavarzan-e-Vallesine.mp3\">https:\/\/www.radiopiu.net\/wordpress\/wp-content\/uploads\/2020\/04\/GIANNI-SANTOMASO-A-Cencenighe-si-studiano-le-progettazioni-per-le-strade-di-Cavarzan-e-Vallesine.mp3<\/a><\/audio>\n<p>&nbsp;<\/p>\n<hr \/>\n<p>&nbsp;<\/p>\n<blockquote>\n<h3>SI ATTENDE DI CAPIRE SE E COME SI POTR\u00c0 UTILIZZARE IL NOF FIL\u00d2<\/h3>\n<\/blockquote>\n<p><a class=\"dt-pswp-item\" href=\"https:\/\/www.radiopiu.net\/wordpress\/wp-content\/uploads\/2018\/07\/PARK-NOF-FILO.jpg\" data-dt-img-description=\"\" data-large_image_width=\"970\" data-large_image_height=\"634\"><img loading=\"lazy\" decoding=\"async\" class=\"alignleft size-medium wp-image-52828\" src=\"https:\/\/www.radiopiu.net\/wordpress\/wp-content\/uploads\/2018\/07\/PARK-NOF-FILO-300x196.jpg\" alt=\"\" width=\"300\" height=\"196\" srcset=\"https:\/\/www.radiopiu.net\/wordpress\/wp-content\/uploads\/2018\/07\/PARK-NOF-FILO-300x196.jpg 300w, https:\/\/www.radiopiu.net\/wordpress\/wp-content\/uploads\/2018\/07\/PARK-NOF-FILO-768x502.jpg 768w, https:\/\/www.radiopiu.net\/wordpress\/wp-content\/uploads\/2018\/07\/PARK-NOF-FILO.jpg 970w\" sizes=\"auto, (max-width: 300px) 100vw, 300px\" \/><\/a>di Gianni Santomaso<\/p>\n<audio class=\"wp-audio-shortcode\" id=\"audio-129738-6\" preload=\"none\" style=\"width: 100%;\" controls=\"controls\"><source type=\"audio\/mpeg\" src=\"https:\/\/www.radiopiu.net\/wordpress\/wp-content\/uploads\/2020\/04\/GIANNI-SANTOMASO-si-attende-di-capire-se-e-come-si-potr\u00e0-utilizzare-il-Nof-Fil\u00f2-per-lestate.mp3?_=6\" \/><a href=\"https:\/\/www.radiopiu.net\/wordpress\/wp-content\/uploads\/2020\/04\/GIANNI-SANTOMASO-si-attende-di-capire-se-e-come-si-potr\u00e0-utilizzare-il-Nof-Fil\u00f2-per-lestate.mp3\">https:\/\/www.radiopiu.net\/wordpress\/wp-content\/uploads\/2020\/04\/GIANNI-SANTOMASO-si-attende-di-capire-se-e-come-si-potr\u00e0-utilizzare-il-Nof-Fil\u00f2-per-lestate.mp3<\/a><\/audio>\n<p>&nbsp;<\/p>\n<hr \/>\n<p>&nbsp;<\/p>\n<blockquote>\n<h3>ANDIAMO A FARCI UN GIRO AD AGORDO DI AD AGORDO PRO LOCO<\/h3>\n<\/blockquote>\n<p><a class=\"dt-pswp-item\" href=\"https:\/\/www.radiopiu.net\/wordpress\/wp-content\/uploads\/2020\/04\/AD-AGORDO-PROLOCO-LOGO_colors.jpg\" data-dt-img-description=\"\" data-large_image_width=\"1920\" data-large_image_height=\"1920\"><img loading=\"lazy\" decoding=\"async\" class=\"alignleft size-medium wp-image-129089\" src=\"https:\/\/www.radiopiu.net\/wordpress\/wp-content\/uploads\/2020\/04\/AD-AGORDO-PROLOCO-LOGO_colors-300x300.jpg\" alt=\"\" width=\"300\" height=\"300\" srcset=\"https:\/\/www.radiopiu.net\/wordpress\/wp-content\/uploads\/2020\/04\/AD-AGORDO-PROLOCO-LOGO_colors-300x300.jpg 300w, https:\/\/www.radiopiu.net\/wordpress\/wp-content\/uploads\/2020\/04\/AD-AGORDO-PROLOCO-LOGO_colors-1024x1024.jpg 1024w, https:\/\/www.radiopiu.net\/wordpress\/wp-content\/uploads\/2020\/04\/AD-AGORDO-PROLOCO-LOGO_colors-150x150.jpg 150w, https:\/\/www.radiopiu.net\/wordpress\/wp-content\/uploads\/2020\/04\/AD-AGORDO-PROLOCO-LOGO_colors-768x768.jpg 768w, https:\/\/www.radiopiu.net\/wordpress\/wp-content\/uploads\/2020\/04\/AD-AGORDO-PROLOCO-LOGO_colors-1536x1536.jpg 1536w, https:\/\/www.radiopiu.net\/wordpress\/wp-content\/uploads\/2020\/04\/AD-AGORDO-PROLOCO-LOGO_colors.jpg 1920w\" sizes=\"auto, (max-width: 300px) 100vw, 300px\" \/><\/a>di Gianni Santomaso<\/p>\n<audio class=\"wp-audio-shortcode\" id=\"audio-129738-7\" preload=\"none\" style=\"width: 100%;\" controls=\"controls\"><source type=\"audio\/mpeg\" src=\"https:\/\/www.radiopiu.net\/wordpress\/wp-content\/uploads\/2020\/04\/GIANNI-SANTOMASO-andiamo-a-farci-un-giro-ad-agordo-di-ad-agordo-pro-loco.mp3?_=7\" \/><a href=\"https:\/\/www.radiopiu.net\/wordpress\/wp-content\/uploads\/2020\/04\/GIANNI-SANTOMASO-andiamo-a-farci-un-giro-ad-agordo-di-ad-agordo-pro-loco.mp3\">https:\/\/www.radiopiu.net\/wordpress\/wp-content\/uploads\/2020\/04\/GIANNI-SANTOMASO-andiamo-a-farci-un-giro-ad-agordo-di-ad-agordo-pro-loco.mp3<\/a><\/audio>\n<p>&nbsp;<\/p>\n<hr \/>\n<p>&nbsp;<\/p>\n<p>&nbsp;<\/p>\n<blockquote class=\"wp-embedded-content\" data-secret=\"Y7JGwptg0b\"><p><a href=\"https:\/\/www.radiopiu.net\/wordpress\/da-prompicai-la-messa-del-fanciullo-diretta-radio-piu\/\">DA PROMPICAI LA MESSA DEL FANCIULLO, DIRETTA RADIO PIU<\/a><\/p><\/blockquote>\n<p><iframe loading=\"lazy\" title=\"&#8220;DA PROMPICAI LA MESSA DEL FANCIULLO, DIRETTA RADIO PIU&#8221; &#8212; Radio Pi\u00f9\" class=\"wp-embedded-content\" sandbox=\"allow-scripts\" security=\"restricted\" style=\"position: absolute; clip: rect(1px, 1px, 1px, 1px);\" src=\"https:\/\/www.radiopiu.net\/wordpress\/da-prompicai-la-messa-del-fanciullo-diretta-radio-piu\/embed\/#?secret=Y7JGwptg0b\" data-secret=\"Y7JGwptg0b\" width=\"600\" height=\"338\" frameborder=\"0\" marginwidth=\"0\" marginheight=\"0\" scrolling=\"no\"><\/iframe><\/p>\n<p>&nbsp;<\/p>\n<p>&nbsp;<\/p>\n<hr \/>\n<blockquote>\n<h3>STIAMO 38 ORE ALL\u2019ANNO BLOCCATI NEL TRAFFICO: L\u2019ASSENZA DI INFRASTRUTTURE CI COSTA 40 MILIARDI. URGE AVVIARE LE OPERE PUBBLICHE PER RILANCIARE LA DOMANDA INTERNA<\/h3>\n<\/blockquote>\n<p><a class=\"dt-pswp-item\" href=\"https:\/\/www.radiopiu.net\/wordpress\/wp-content\/uploads\/2020\/04\/Schermata-2020-04-11-alle-11.20.04.png\" data-dt-img-description=\"\" data-large_image_width=\"850\" data-large_image_height=\"1648\"><img loading=\"lazy\" decoding=\"async\" class=\"alignleft wp-image-129378 size-medium\" src=\"https:\/\/www.radiopiu.net\/wordpress\/wp-content\/uploads\/2020\/04\/Schermata-2020-04-11-alle-11.20.04-155x300.png\" alt=\"\" width=\"155\" height=\"300\" srcset=\"https:\/\/www.radiopiu.net\/wordpress\/wp-content\/uploads\/2020\/04\/Schermata-2020-04-11-alle-11.20.04-155x300.png 155w, https:\/\/www.radiopiu.net\/wordpress\/wp-content\/uploads\/2020\/04\/Schermata-2020-04-11-alle-11.20.04-528x1024.png 528w, https:\/\/www.radiopiu.net\/wordpress\/wp-content\/uploads\/2020\/04\/Schermata-2020-04-11-alle-11.20.04-768x1489.png 768w, https:\/\/www.radiopiu.net\/wordpress\/wp-content\/uploads\/2020\/04\/Schermata-2020-04-11-alle-11.20.04-792x1536.png 792w, https:\/\/www.radiopiu.net\/wordpress\/wp-content\/uploads\/2020\/04\/Schermata-2020-04-11-alle-11.20.04.png 850w\" sizes=\"auto, (max-width: 155px) 100vw, 155px\" \/><\/a>A causa delle restrizioni alla mobilit\u00e0 introdotte in queste ultime settimane, il problema \u00e8 svanito del tutto. Con il ritorno alla normalit\u00e0, comunque, le code di auto e di Tir lungo le strade delle nostre citt\u00e0 si riformeranno in un batter d\u2019occhio.<\/p>\n<p>Un problema, stando ai dati della Commissione europea, che obbliga gli italiani a rimanere bloccati nel traffico per quasi 38 ore all\u2019anno, praticamente una settimana di lavoro; nell\u2019Europa a 27 solo Malta e Belgio registrano una situazione peggiore della nostra.<\/p>\n<p>Rispetto ai principali Paesi europei il gap del nostro Paese \u00e8 significativo: se in Olanda si rimane congestionati per 32 ore all\u2019anno, in Francia e Germania si scende attorno a 30 e in Spagna a poco pi\u00f9 di 26. La media UE si attesta a 30,4 ore (vedi Tab. 1).<\/p>\n<p>Le lunghe code che ci angosciano ogni giorno sono riconducibili, in particolar modo, a un paio di cause: la prima dovuta all\u2019insufficienza del numero di mezzi pubblici presenti nelle nostre citt\u00e0 (bus, tram, metro, treni, etc.) che costringe tantissimi pendolari ad usare i mezzi privati; la seconda \u00e8 ascrivibile al grave deficit infrastrutturale che caratterizza il nostro Paese.<\/p>\n<p>\u201cSecondo i dati del Ministero dei Trasporti, il deficit di competitivit\u00e0 del nostro sistema logistico-infrastrutturale costa all\u2019economia del Paese 40 miliardi di euro all\u2019anno . Anche per questa ragione \u00e8 necessario che il Governo, a seguito della grave recessione economica che si \u00e8 abbattuta in queste ultime settimane, investa quanto prima in un piano nazionale per la realizzazione delle opere pubbliche che permetta di ammodernare il Paese, di renderlo pi\u00f9 competitivo e, soprattutto, di imprimere una forte scossa positiva alla domanda interna\u201d.<\/p>\n<p>I risultati che emergono dai confronti tra il nostro Paese e i principali Paesi europei sono impietosi e dimostrano la necessit\u00e0 di intervenire quanto prima.<\/p>\n<p>\u201cSebbene i numeri non siano soddisfacenti \u2013 dichiara il segretario Renato Mason &#8211; anche l\u2019Italia pu\u00f2 comunque contare, nel campo logistico, su molte punte di eccellenza. Tuttavia, il risultato medio nazionale \u00e8 insufficiente e continuiamo ad essere un Paese che ha bisogno come il pane di realizzare sia le grandi opere sia quelle di dimensione inferiore. Grazie alla cantierizzazione di questi lavori potremmo attivare una leva molto importante per aggredire la recessione e per creare nuovi posti di lavoro\u201d.<\/p>\n<p>Senza contare che sono circa una decina le grandi opere che, pur disponendo dei finanziamenti, non hanno ancora visto iniziare i lavori. Alcune di queste infrastrutture strategiche ancora ferme ai blocchi di partenza sono:<\/p>\n<p>\u2022\u00a0\u00a0\u00a0\u00a0\u00a0\u00a0\u00a0 Tav Torino-Lione (8,6 miliardi di euro);<br \/>\n\u2022\u00a0\u00a0\u00a0\u00a0\u00a0\u00a0\u00a0 Tav Messina-Catania-Palermo (costo 8 miliardi di euro);<br \/>\n\u2022\u00a0\u00a0\u00a0\u00a0\u00a0\u00a0\u00a0 Gronda di Genova (5 miliardi di euro);<br \/>\n\u2022\u00a0\u00a0\u00a0\u00a0\u00a0\u00a0\u00a0 Av Verona-Padova IRICAV 2 (4,9 miliardi di euro);<br \/>\n\u2022\u00a0\u00a0\u00a0\u00a0\u00a0\u00a0\u00a0 Terza corsia A11 Firenze-Pistoia (3 miliardi di euro);<br \/>\n\u2022\u00a0\u00a0\u00a0\u00a0\u00a0\u00a0\u00a0 Autostrada Roma-Latina (2,8 miliardi di euro);<br \/>\n\u2022\u00a0\u00a0\u00a0\u00a0\u00a0\u00a0\u00a0 Autostrada Pedemontana Lombarda (2 miliardi di euro);<br \/>\n\u2022\u00a0\u00a0\u00a0\u00a0\u00a0\u00a0\u00a0 Tav Napoli-Bari lotto Irpinia-Orsara\/tratta Orsara Bovino (2 miliardi di euro);<br \/>\n\u2022\u00a0\u00a0\u00a0\u00a0\u00a0\u00a0\u00a0 Autostrada regionale Cispadana (1,3 miliardi di euro).<\/p>\n<p>L\u2019auspicio, segnalano dalla CGIA, \u00e8 che il \u201cmodello Genova\u201d &#8211; adottato per la costruzione del ponte sopra il Polcevera progettato da Renzo Piano \u2013 venga esteso a tutte le principali grandi opere gi\u00e0 finanziate ma non ancora avviate, attraverso la tanto agognata nomina dei commissari.<\/p>\n<p>Anche l\u2019opinione dei grandi manager internazionali conferma lo stato di arretratezza logistico\/infrastrutturale del nostro Paese. Dall\u2019elaborazione dell\u2019Ufficio studi della CGIA su dati del World Economic Forum (WEF) , tra i 10 Paesi europei pi\u00f9 importanti presi in esame, l\u2019Italia si colloca sempre in fondo alla graduatoria per qualit\u00e0\/efficienza del sistema infrastrutturale. In particolare per<\/p>\n<p>qualit\u00e0 delle strade;<br \/>\nefficienza dei servizi ferroviari;<br \/>\nefficienza dei servizi portuali;<br \/>\ncopertura della linea internet veloce (fonte: Commissione Europea).<\/p>\n<p>Rispetto alla Germania, che \u00e8 il nostro principale competitor in campo economico, l\u2019Italia sconta un gap<\/p>\n<p>del 22 per cento per la qualit\u00e0 delle strade (vedi Tab. 2);<br \/>\ndel 19 per cento per l\u2019efficienza dei servizi ferroviari (vedi Tab. 3);<br \/>\ndel 12 per cento per l\u2019efficienza dei servizi portuali (vedi Tab. 4);<br \/>\ndel 178 per cento per la copertura della linea internet ultraveloce (vedi Tab. 5).<\/p>\n<p>La CGIA, infine, tiene a precisare che oltre alla realizzazione delle grandi infrastrutture materiali e immateriali abbiamo altrettanto bisogno di portare a termine moltissimi interventi \u201cminori\u201d che sono per\u00f2 indispensabili per la messa in sicurezza di tanti cittadini, di moltissime citt\u00e0 e piccoli paesi. Interventi che potrebbero dare una grossa mano alla ripresa della domanda interna. Si ricorda, infatti, che:<\/p>\n<p>l\u201988 per cento dei circa 8 mila Comuni italiani ha almeno un\u2019area classificata a elevato rischio idrogeologico ;<\/p>\n<p>il 40 per cento circa delle abitazioni di edilizia residenziale pubblica \u00e8 ubicato in zone ad alto rischio sismico ;<\/p>\n<p>su circa 6.000 opere censite (gallerie, ponti, viadotti, etc.) quasi 2.000 necessitano di interventi urgenti ;<\/p>\n<p>il 38 per cento dell\u2019acqua trasportata dal sistema idrico pubblico si perde per strada a causa dell\u2019elevato livello di deterioramento della rete .<\/p>\n<p>&nbsp;<\/p>\n<hr \/>\n<p>&nbsp;<\/p>\n<blockquote>\n<h3>AVVISO PER LA RICERCA DI INFERMIERI E OSS PER I CENTRI DI SERVIZIO<\/h3>\n<\/blockquote>\n<p><strong class=\"photoswipe-wrapper\"><img loading=\"lazy\" decoding=\"async\" class=\"alignleft wp-image-121256 jetpack-lazy-image jetpack-lazy-image--handled\" src=\"https:\/\/i1.wp.com\/www.radiopiu.net\/wordpress\/wp-content\/uploads\/2020\/03\/ULSS-1-DOLOMITI-LOGO.jpg?resize=216%2C159&amp;ssl=1\" alt=\"\" width=\"216\" height=\"159\" data-recalc-dims=\"1\" data-lazy-loaded=\"1\" \/>BELLUNO<\/strong>. E\u2019 stato indetto un avviso diretto alla formulazione di elenchi di infermieri ed operatori socio sanitari disponibili a prestare attivit\u00e0 assistenziale presso i Centri di Servizio Anziani presenti nell\u2019ambito territoriale dell\u2019Azienda ULSS n. 1 Dolomiti. L\u2019Azienda ULSS n. 1 Dolomiti, ricevute le comunicazioni di disponibilit\u00e0, inoltrer\u00e0 gli elenchi ai Centri di Servizio Anziani, che potranno contattare direttamente gli interessati ed eventualmente procedere a stipulare contratti individuali, di lavoro subordinato o di lavoro autonomo, secondo la vigente normativa. L\u2019avviso \u00e8 consultabile sul sito dell\u2019Ulss 1 Dolomiti: www.aulss1.veneto.it \u2013 concorsi e avvisi \u2013 servizio personale \u2013 concorsi e avvisi in scadenza.<\/p>\n<p>Nell\u2019ambito delle attivit\u00e0 a sostegno dei Centri di Servizio, \u00e8 stato indetto un avviso INTERNO per personale dipendente dell\u2019Ulss Dolomiti per la ricerca di disponibilit\u00e0 <b>di infermieri e OSS<\/b> che vogliano essere <b>assegnati temporaneamente ai Centri di Servizio<\/b> in relazione all\u2019emergenza COVID per i mesi di aprile e maggio 2020.\u00a0L\u2019avviso \u00e8 consultabile in intranet aziendale e sul sito dell\u2019Ulss 1 Dolomiti: www.aulss1.veneto.it \u2013 concorsi e avvisi \u2013 servizio personale \u2013 avvisi al personale dipendente\u00a0Per manifestare la propria disponibilit\u00e0 \u00e8 necessario compilare il modulo presente nel sito e inviarlo via mail, allegando carta di identit\u00e0 , a protocollo.aulss1@pecveneto.it .L\u2019effettiva assegnazione temporanea<span class=\"Apple-converted-space\">\u00a0 <\/span>sar\u00e0 disposta avendo cura di contemperare le esigenze dell\u2019azienda Ulss con quelle dei centri servizi.<\/p>\n<p>&nbsp;<\/p>\n<hr \/>\n<p>&nbsp;<\/p>\n<blockquote>\n<h3>ASCA RICERCA PERSONALE INFERMIERISTICO<\/h3>\n<\/blockquote>\n<p><strong class=\"photoswipe-wrapper\"><img loading=\"lazy\" decoding=\"async\" class=\"alignleft size-full wp-image-53885 jetpack-lazy-image jetpack-lazy-image--handled\" src=\"https:\/\/i0.wp.com\/www.radiopiu.net\/wordpress\/wp-content\/uploads\/2018\/07\/logo-asca.png?resize=182%2C100&amp;ssl=1\" alt=\"\" width=\"182\" height=\"100\" data-lazy-loaded=\"1\" \/>AGORDO\u00a0<\/strong>ASCA ha indetto una nuova selezione pubblica finalizzata alla formulazione di una graduatoria di idoneit\u00e0 utile all\u2019inserimento a tempo indeterminato e determinato a tempo pieno presso la RSA di Agordo di INFERMIERE<strong>.\u00a0<\/strong>Le modalit\u00e0 di presentazione della domanda si trovano sulla home page del sito aziendale\u00a0www.servizisocialiasca.it\u00a0Il termine ultimo per la presentazione delle candidature \u00e8 fissato entro e non oltre le ore 12.00\u00a0del giorno 15 maggio 2020.<\/p>\n<p>&nbsp;<\/p>\n<hr \/>\n<p>&nbsp;<\/p>\n<blockquote>\n<h3>A CANALE D\u2019AGORDO LA CONSEGNA A DOMICILIO DI MASCHERINE SU RICHIESTA<\/h3>\n<\/blockquote>\n<p><strong class=\"photoswipe-wrapper\"><img loading=\"lazy\" decoding=\"async\" class=\"wp-image-126460 alignleft jetpack-lazy-image jetpack-lazy-image--handled\" src=\"https:\/\/i2.wp.com\/www.radiopiu.net\/wordpress\/wp-content\/uploads\/2020\/03\/MASCHERINA-CHIRURGICA.png?resize=122%2C97&amp;ssl=1\" sizes=\"auto, (max-width: 122px) 100vw, 122px\" srcset=\"https:\/\/i2.wp.com\/www.radiopiu.net\/wordpress\/wp-content\/uploads\/2020\/03\/MASCHERINA-CHIRURGICA.png?resize=300%2C239&amp;ssl=1 300w, https:\/\/i2.wp.com\/www.radiopiu.net\/wordpress\/wp-content\/uploads\/2020\/03\/MASCHERINA-CHIRURGICA.png?resize=1024%2C817&amp;ssl=1 1024w, https:\/\/i2.wp.com\/www.radiopiu.net\/wordpress\/wp-content\/uploads\/2020\/03\/MASCHERINA-CHIRURGICA.png?resize=768%2C613&amp;ssl=1 768w, https:\/\/i2.wp.com\/www.radiopiu.net\/wordpress\/wp-content\/uploads\/2020\/03\/MASCHERINA-CHIRURGICA.png?w=1280&amp;ssl=1 1280w\" alt=\"\" width=\"122\" height=\"97\" data-lazy-loaded=\"1\" \/>CANALE D\u2019AGORDO<\/strong>\u00a0Il comune di Canale D\u2019Agordo ha cominciato la consegna a domicilio delle mascherine a richiesta. Al fine di limitare gli spostamenti, coloro che avessero bisogno di mascherine sono pregati di contattare il numero 320 3298245 dalle 9 alle 12 il luned\u00ec, mercoled\u00ec e venerd\u00ec. La consegna del materiale verr\u00e0 effettuato dalle associazioni di volontariato del territorio direttamente a casa. In caso di urgenze il numero \u00e8 0437 590323.<\/p>\n<p>&nbsp;<\/p>\n<hr \/>\n<p>&nbsp;<\/p>\n<blockquote>\n<h3>LA CROCE BIANCA VAL FIORENTINA CONSEGNA LA SPESA A DOMICILIO<\/h3>\n<\/blockquote>\n<p><strong>SELVA DI CADORE<\/strong>\u00a0I volontari della Croce Bianca Val Fiorentina vengono in aiuto agli anziani e alle persone bisognose che non possono muoversi di casa attivando un servizio di consegna a domicilio della spesa. Il servizio sar\u00e0 erogato il luned\u00ec, mercoled\u00ec e sabato. Per accedere al servizio basta contattare il negozio Conad di Selva di Cadore allo 0437 720613 o l\u2019alimentari di Pescul allo 0437 521071 entro le ore 10 poi i volontari della Croce Bianca Val Fiorentina consegneranno la spesa a casa.<\/p>\n<p>&nbsp;<\/p>\n<hr \/>\n<p>&nbsp;<\/p>\n<blockquote>\n<h3>A LA VALLE PARTE LA CONSEGNA A DOMICILIO DI FARMACI E SPESA<\/h3>\n<\/blockquote>\n<p><strong>LA VALLE AGORDINA<\/strong>\u00a0Il Sindaco informa che sono stati attivati i servizi di consegna a domicilio per farmaci e per la spesa. Per la consegna dei farmaci i numeri da chiamare sono 0437 62298 oppure 0437 63896, servizio attivo dal luned\u00ec al venerd\u00ec dalle 9 alle 12:30 e dalle 15:30 alle 18:30. Per la consegna della spesa a domicilio basta telefonare al Panificio \u201cEl Forner\u201d 0437 63040, servizio garantito dal lunedi al sabato dalle 7 alle 12:30 e dalle 16:30 alle 19, anche la domenica dalle 7 alle 12:30<\/p>\n<p>&nbsp;<\/p>\n<hr \/>\n<h3><\/h3>\n<blockquote>\n<h3>SERVIZIO A DOMICILIO ANCHE A CANALE D\u2019AGORDO<\/h3>\n<\/blockquote>\n<p><strong>CANALE D\u2019AGORDO<\/strong>\u00a0Il comune, in collaborazione con le associazioni di volontariato del territorio, ha attivato il servizio di consegna a domicilio di farmaci e beni di prima necessit\u00e0 alle persone che sono impossibiltate a muoversi (anziani, persone non autosufficienti, persone sole e\/o che non possono uscire dalla propria abitazione. Servizio attivo il luned\u00ec, mercoled\u00ec e venerd\u00ec. Per avvalersi del servizio il numero da chiamare \u00e8 320 3298245<\/p>\n<p>&nbsp;<\/p>\n<hr \/>\n<p>&nbsp;<\/p>\n<blockquote>\n<h3>SERVIZIO SPESA GRATIS PER FODOM<\/h3>\n<\/blockquote>\n<p class=\"photoswipe-wrapper\"><strong>LIVINALLONGO<\/strong>\u00a0Questo servizio \u00e8 rivolto a persone anziane e malate, ma anche alle famiglie e alle persone sole che non hanno la possibilit\u00e0 di fare acquisti. Il servizio pu\u00f2 essere richiesto ogni giorno ed \u00e8 gratuito.\u00a0Potr\u00e0 essere richiesto al 0471 444 444 dalle ore 8-18. La consegna avviene lo stesso giorno o al pi\u00f9 tardi il giorno successivo. Il servizio viene eseguito esclusivamente da volontari della Croce Bianca che possono identificarsi come collaboratori dell\u2019associazione e indossano la divisa e tesserino.<\/p>\n<p>&nbsp;<\/p>\n<hr \/>\n<p>&nbsp;<\/p>\n<blockquote class=\"wp-embedded-content\" data-secret=\"A5nyxwiTH0\"><p><a href=\"https:\/\/www.radiopiu.net\/wordpress\/alberto-vimina-agente-segreto-opero-in-polonia-svezia-e-russia-di-renato-bona\/\">ALBERTO VIMINA: AGENTE SEGRETO! OPERO\u2019 IN POLONIA, SVEZIA E RUSSIA di Renato Bona<\/a><\/p><\/blockquote>\n<p><iframe loading=\"lazy\" title=\"&#8220;ALBERTO VIMINA: AGENTE SEGRETO! OPERO\u2019 IN POLONIA, SVEZIA E RUSSIA di Renato Bona&#8221; &#8212; Radio Pi\u00f9\" class=\"wp-embedded-content\" sandbox=\"allow-scripts\" security=\"restricted\" style=\"position: absolute; clip: rect(1px, 1px, 1px, 1px);\" src=\"https:\/\/www.radiopiu.net\/wordpress\/alberto-vimina-agente-segreto-opero-in-polonia-svezia-e-russia-di-renato-bona\/embed\/#?secret=A5nyxwiTH0\" data-secret=\"A5nyxwiTH0\" width=\"600\" height=\"338\" frameborder=\"0\" marginwidth=\"0\" marginheight=\"0\" scrolling=\"no\"><\/iframe><\/p>\n<p>&nbsp;<\/p>\n<hr \/>\n<p>&nbsp;<\/p>\n<h2>IERI ALLA RADIO<\/h2>\n<h2><span style=\"color: #ff6600;\">007 IN CONDOTTA\u00a0<\/span><\/h2>\n<blockquote class=\"wp-embedded-content\" data-secret=\"UWsUyXJa6G\"><p><a href=\"https:\/\/www.radiopiu.net\/wordpress\/lunedi-di-pasquetta\/\">luned\u00ec di Pasquetta<\/a><\/p><\/blockquote>\n<p><iframe loading=\"lazy\" title=\"&#8220;luned\u00ec di Pasquetta&#8221; &#8212; Radio Pi\u00f9\" class=\"wp-embedded-content\" sandbox=\"allow-scripts\" security=\"restricted\" style=\"position: absolute; clip: rect(1px, 1px, 1px, 1px);\" src=\"https:\/\/www.radiopiu.net\/wordpress\/lunedi-di-pasquetta\/embed\/#?secret=UWsUyXJa6G\" data-secret=\"UWsUyXJa6G\" width=\"600\" height=\"338\" frameborder=\"0\" marginwidth=\"0\" marginheight=\"0\" scrolling=\"no\"><\/iframe><\/p>\n<p>&nbsp;<\/p>\n<h2>RACCOLTA COMPLETA<\/h2>\n<blockquote class=\"wp-embedded-content\" data-secret=\"I9ASSo5siS\"><p><a href=\"https:\/\/www.radiopiu.net\/wordpress\/007incondotta-2-2\/\">007 in condotta<\/a><\/p><\/blockquote>\n<p><iframe loading=\"lazy\" title=\"&#8220;007 in condotta&#8221; &#8212; Radio Pi\u00f9\" class=\"wp-embedded-content\" sandbox=\"allow-scripts\" security=\"restricted\" style=\"position: absolute; clip: rect(1px, 1px, 1px, 1px);\" src=\"https:\/\/www.radiopiu.net\/wordpress\/007incondotta-2-2\/embed\/#?secret=I9ASSo5siS\" data-secret=\"I9ASSo5siS\" width=\"600\" height=\"338\" frameborder=\"0\" marginwidth=\"0\" marginheight=\"0\" scrolling=\"no\"><\/iframe><\/p>\n<p>&nbsp;<\/p>\n<p>&nbsp;<\/p>\n<p>&nbsp;<\/p>\n<h2><span style=\"color: #33cccc;\"><strong>I RACCONTI DI PAOLO SOPPELSA\u00a0<\/strong><\/span><\/h2>\n<p><strong>STORIE DI MONTAGNA<\/strong><br \/>\n<strong>IL FULMINE<\/strong><\/p>\n<p>AUDIO<\/p>\n<audio class=\"wp-audio-shortcode\" id=\"audio-129738-8\" preload=\"none\" style=\"width: 100%;\" controls=\"controls\"><source type=\"audio\/mpeg\" src=\"https:\/\/www.radiopiu.net\/wordpress\/wp-content\/uploads\/2020\/04\/soppelsa-il-fulmine.mp3?_=8\" \/><a href=\"https:\/\/www.radiopiu.net\/wordpress\/wp-content\/uploads\/2020\/04\/soppelsa-il-fulmine.mp3\">https:\/\/www.radiopiu.net\/wordpress\/wp-content\/uploads\/2020\/04\/soppelsa-il-fulmine.mp3<\/a><\/audio>\n<p><a class=\"dt-pswp-item\" href=\"https:\/\/www.radiopiu.net\/wordpress\/wp-content\/uploads\/2020\/04\/17a9d929-d4df-4efd-97f7-9d843c268a84.jpg\" data-dt-img-description=\"\" data-large_image_width=\"1080\" data-large_image_height=\"810\"><img loading=\"lazy\" decoding=\"async\" class=\"alignleft size-medium wp-image-129617\" src=\"https:\/\/www.radiopiu.net\/wordpress\/wp-content\/uploads\/2020\/04\/17a9d929-d4df-4efd-97f7-9d843c268a84-300x225.jpg\" alt=\"\" width=\"300\" height=\"225\" srcset=\"https:\/\/www.radiopiu.net\/wordpress\/wp-content\/uploads\/2020\/04\/17a9d929-d4df-4efd-97f7-9d843c268a84-300x225.jpg 300w, https:\/\/www.radiopiu.net\/wordpress\/wp-content\/uploads\/2020\/04\/17a9d929-d4df-4efd-97f7-9d843c268a84-1024x768.jpg 1024w, https:\/\/www.radiopiu.net\/wordpress\/wp-content\/uploads\/2020\/04\/17a9d929-d4df-4efd-97f7-9d843c268a84-768x576.jpg 768w, https:\/\/www.radiopiu.net\/wordpress\/wp-content\/uploads\/2020\/04\/17a9d929-d4df-4efd-97f7-9d843c268a84.jpg 1080w\" sizes=\"auto, (max-width: 300px) 100vw, 300px\" \/><\/a>Scegliemmo il lago del Coldai come m\u00e8ta di quella camminata domenicale di fine luglio di qualche anno fa. Un cielo coperto ed un\u2019atmosfera piuttosto umida ci accolsero a Palafavera. Salimmo abbastanza veloci lungo la strada che conduce a Malga Pioda. Breve sosta e poi su fino al rifugio Coldai dove bevemmo un caff\u00e8. Ancora una breve salita fino alla forcella e poi la discesa fino a giungere al lago sovrastato dall\u2019enorme parete nord del Civetta. L\u2019acqua era calma e poche persone passeggiavano lungo le rive. Le nuvole iniziavano ad addensarsi nonostante concedessero ancora qualche sprazzo di sole. Arriv\u00f2 un vento fresco che increspava leggermente l\u2019acqua del lago mentre la grande parete era ormai avvolta da pesanti nuvole che avvisavano che il tempo volgeva al brutto. Salutammo il lago e ci avviammo verso il rifugio. Le previsioni davano possibili temporali nel primo pomeriggio e l\u2019idea era di arrivare alla macchina prima dell\u2019arrivo del maltempo. Giunti a Malga Pioda il cielo prese il colore inequivocabile della pioggia. Decidemmo di scendere veloci verso Palafavera, erano soltanto tre quarti d\u2019ora di cammino su strada sterrata. Se avessimo preso pioggia non sarebbe stato un gran problema. Era estate ed in macchina avevamo di che cambiarci una volta arrivati. Camminavamo veloci quando, improvvisa, arriv\u00f2 la grandine. Nulla che potesse far male, i chicchi erano grandi come noccioline e non c\u2019era di che preoccuparsi. Ci infilammo il poncho e continuammo a scendere. Nel frattempo il Civetta ed il Pelmo si erano vestiti con l\u2019abito invernale. Lass\u00f9 la grandine pareva neve e pure la temperatura si avvicinava a quella della stagione dei silenzi. Poi, dopo una decina di minuti, la grandine si trasform\u00f2 in pioggia battente. Superammo una larga curva a sinistra e, quando ci apparve l\u2019imponente parete ovest del Pelmo ammantata di bianco, accadde. Un bagliore azzurro ed accecante e contemporaneamente un tuono secco dal volume terrificante. Come fosse esplosa una mina a pochi metri da noi. Un urlo. Gli sguardi che si incrociarono sgomenti. Paura in quegli sguardi. L\u2019aria carica di elettricit\u00e0 che sembrava entrare nel corpo bagnato. Terrore che si ripetesse mentre altri tuoni rimbalzavano sopra passo Staulanza e la pioggia continuava a scendere torrenziale. Sotto alla strada scorgemmo una casetta di legno, di quelle a servizio degli impianti da sci. La raggiungemmo, ma era chiusa. Ci rifugiammo sotto lo sporto del tetto. Presi i bastoncini e li lanciai nel prato il pi\u00f9 distante possibile. Forse un eccesso di prudenza ma non volevo che attirassero altri fulmini. Dopo qualche minuto il temporale si plac\u00f2 e la pioggia divent\u00f2 pi\u00f9 sottile. Ripartimmo di buon passo, camminando sulla strada sterrata che si era scavata di profondi solchi che scaricavano rivoli d\u2019acqua lungo quei prati che d\u2019inverno sono piste da sci. Giungemmo al parcheggio che non pioveva pi\u00f9. Ma faceva freddo come d\u2019autunno inoltrato. Ci cambiammo in fretta e ci infilammo in auto. Le montagne erano ancora avvolte da nuvole che non intendevano diradarsi. La strada inizi\u00f2 ad asciugarsi appena superato Forno di Zoldo. A Longarone ritrovammo l\u2019estate. Doveva essere un giro tranquillo da stare fuori poco pi\u00f9 di mezza giornata. La montagna, invece, in quella uggiosa domenica di fine luglio insegn\u00f2 che lass\u00f9 nulla \u00e8 banale. Che tutto ci\u00f2 che fino ad un minuto prima \u00e8 meraviglioso pu\u00f2 improvvisamente diventare cupo e severo. Come nella vita che viviamo di questi tempi. E\u2019 cos\u00ec la montagna, splendida e qualche volta severa. Come la vita. E sempre sar\u00e0 cos\u00ec. Sta a noi adeguarci.<\/p>\n<p><strong>COLLEZIONE COMPLETA <\/strong><\/p>\n<p><iframe loading=\"lazy\" class=\"wp-embedded-content\" title=\"\u201cI racconti di Paolo Soppelsa\u201d \u2014 Radio Pi\u00f9\" src=\"https:\/\/www.radiopiu.net\/wordpress\/i-racconti-di-paolo-soppelsa\/embed\/#?secret=XDmAxj761m\" width=\"600\" height=\"200\" frameborder=\"0\" marginwidth=\"0\" marginheight=\"0\" scrolling=\"no\" sandbox=\"allow-scripts\" data-secret=\"XDmAxj761m\" data-mce-fragment=\"1\"><\/iframe><\/p>\n<p>&nbsp;<\/p>\n<h2><span style=\"color: #ff0000;\"><strong>I DIARI DEL PESCE ROSSO<\/strong><\/span><\/h2>\n<p><strong>QUINTA PUNTATA<\/strong><\/p>\n<audio class=\"wp-audio-shortcode\" id=\"audio-129738-9\" preload=\"none\" style=\"width: 100%;\" controls=\"controls\"><source type=\"audio\/mpeg\" src=\"https:\/\/www.radiopiu.net\/wordpress\/wp-content\/uploads\/2020\/04\/005-diariquarantena_4.mp3?_=9\" \/><a href=\"https:\/\/www.radiopiu.net\/wordpress\/wp-content\/uploads\/2020\/04\/005-diariquarantena_4.mp3\">https:\/\/www.radiopiu.net\/wordpress\/wp-content\/uploads\/2020\/04\/005-diariquarantena_4.mp3<\/a><\/audio>\n<p>COLLEZIONE COMPLETA<\/p>\n<blockquote class=\"wp-embedded-content\" data-secret=\"hJoIW80mg6\"><p><a href=\"https:\/\/www.radiopiu.net\/wordpress\/diari-del-pesce-rosso\/\">Diari del pesce rosso<\/a><\/p><\/blockquote>\n<p><iframe loading=\"lazy\" title=\"&#8220;Diari del pesce rosso&#8221; &#8212; Radio Pi\u00f9\" class=\"wp-embedded-content\" sandbox=\"allow-scripts\" security=\"restricted\" style=\"position: absolute; clip: rect(1px, 1px, 1px, 1px);\" src=\"https:\/\/www.radiopiu.net\/wordpress\/diari-del-pesce-rosso\/embed\/#?secret=hJoIW80mg6\" data-secret=\"hJoIW80mg6\" width=\"600\" height=\"338\" frameborder=\"0\" marginwidth=\"0\" marginheight=\"0\" scrolling=\"no\"><\/iframe><\/p>\n<h2><\/h2>\n<h2><span style=\"color: #ff00ff;\"><strong>IN VIVO VERSO<\/strong><\/span><\/h2>\n<blockquote class=\"wp-embedded-content\" data-secret=\"xTvyApazaj\"><p><a href=\"https:\/\/www.radiopiu.net\/wordpress\/pensa-di-francesco-zanarini\/\">PENSA di FRANCESCO ZANARINI<\/a><\/p><\/blockquote>\n<p><iframe loading=\"lazy\" title=\"&#8220;PENSA di FRANCESCO ZANARINI&#8221; &#8212; Radio Pi\u00f9\" class=\"wp-embedded-content\" sandbox=\"allow-scripts\" security=\"restricted\" style=\"position: absolute; clip: rect(1px, 1px, 1px, 1px);\" src=\"https:\/\/www.radiopiu.net\/wordpress\/pensa-di-francesco-zanarini\/embed\/#?secret=xTvyApazaj\" data-secret=\"xTvyApazaj\" width=\"600\" height=\"338\" frameborder=\"0\" marginwidth=\"0\" marginheight=\"0\" scrolling=\"no\"><\/iframe><\/p>\n<blockquote class=\"wp-embedded-content\" data-secret=\"743L129kKw\"><p><a href=\"https:\/\/www.radiopiu.net\/wordpress\/un-giorno-di-marzo-2020-di-bruno-dellagnola\/\">UN GIORNO DI MARZO 2020 di BRUNO DELL&#8217;AGNOLA<\/a><\/p><\/blockquote>\n<p><iframe loading=\"lazy\" title=\"&#8220;UN GIORNO DI MARZO 2020 di BRUNO DELL&#8217;AGNOLA&#8221; &#8212; Radio Pi\u00f9\" class=\"wp-embedded-content\" sandbox=\"allow-scripts\" security=\"restricted\" style=\"position: absolute; clip: rect(1px, 1px, 1px, 1px);\" src=\"https:\/\/www.radiopiu.net\/wordpress\/un-giorno-di-marzo-2020-di-bruno-dellagnola\/embed\/#?secret=743L129kKw\" data-secret=\"743L129kKw\" width=\"600\" height=\"338\" frameborder=\"0\" marginwidth=\"0\" marginheight=\"0\" scrolling=\"no\"><\/iframe><\/p>\n<p><strong>COLLEZIONE COMPLETA<\/strong><\/p>\n<p><iframe loading=\"lazy\" class=\"wp-embedded-content\" title=\"\u201cIn Vivo Verso\u201d \u2014 Radio Pi\u00f9\" src=\"https:\/\/www.radiopiu.net\/wordpress\/in-vivo-verso\/embed\/#?secret=C6BZ7UQzka\" width=\"600\" height=\"200\" frameborder=\"0\" marginwidth=\"0\" marginheight=\"0\" scrolling=\"no\" sandbox=\"allow-scripts\" data-secret=\"C6BZ7UQzka\" data-mce-fragment=\"1\"><\/iframe><\/p>\n<p>&nbsp;<\/p>\n<p>&nbsp;<\/p>\n<h2><span style=\"color: #ff0000;\"><strong>DUE MINUTI UN LIBRO<\/strong><\/span><\/h2>\n<blockquote class=\"wp-embedded-content\" data-secret=\"vk4gLbU6hT\"><p><a href=\"https:\/\/www.radiopiu.net\/wordpress\/il-fuoco-della-vendetta\/\">IL FUOCO DELLA VENDETTA<\/a><\/p><\/blockquote>\n<p><iframe loading=\"lazy\" title=\"&#8220;IL FUOCO DELLA VENDETTA&#8221; &#8212; Radio Pi\u00f9\" class=\"wp-embedded-content\" sandbox=\"allow-scripts\" security=\"restricted\" style=\"position: absolute; clip: rect(1px, 1px, 1px, 1px);\" src=\"https:\/\/www.radiopiu.net\/wordpress\/il-fuoco-della-vendetta\/embed\/#?secret=vk4gLbU6hT\" data-secret=\"vk4gLbU6hT\" width=\"600\" height=\"338\" frameborder=\"0\" marginwidth=\"0\" marginheight=\"0\" scrolling=\"no\"><\/iframe><\/p>\n<p><strong>COLLEZIONE COMPLETA<\/strong><\/p>\n<p><iframe loading=\"lazy\" class=\"wp-embedded-content\" title=\"\u201cDue minuti un libro\u201d \u2014 Radio Pi\u00f9\" src=\"https:\/\/www.radiopiu.net\/wordpress\/due-minuti-un-libro\/embed\/#?secret=j7BPAdVORQ\" width=\"600\" height=\"251\" frameborder=\"0\" marginwidth=\"0\" marginheight=\"0\" scrolling=\"no\" sandbox=\"allow-scripts\" data-secret=\"j7BPAdVORQ\" data-mce-fragment=\"1\"><\/iframe><\/p>\n<p>&nbsp;<\/p>\n<h2><span style=\"color: #339966;\"><strong>SALUTE E SOCIETA\u2019<\/strong><\/span><\/h2>\n<blockquote class=\"wp-embedded-content\" data-secret=\"bQvGN9X9Am\"><p><a href=\"https:\/\/www.radiopiu.net\/wordpress\/sindrome-coronarica-acuta-prevenzione-dellictus-cerebrale-donazione-di-sangue\/\">Sindrome coronarica acuta &#8211; prevenzione dell\u2019ictus cerebrale &#8211; Donazione di sangue<\/a><\/p><\/blockquote>\n<p><iframe loading=\"lazy\" title=\"&#8220;Sindrome coronarica acuta &#8211; prevenzione dell\u2019ictus cerebrale &#8211; Donazione di sangue&#8221; &#8212; Radio Pi\u00f9\" class=\"wp-embedded-content\" sandbox=\"allow-scripts\" security=\"restricted\" style=\"position: absolute; clip: rect(1px, 1px, 1px, 1px);\" src=\"https:\/\/www.radiopiu.net\/wordpress\/sindrome-coronarica-acuta-prevenzione-dellictus-cerebrale-donazione-di-sangue\/embed\/#?secret=bQvGN9X9Am\" data-secret=\"bQvGN9X9Am\" width=\"600\" height=\"338\" frameborder=\"0\" marginwidth=\"0\" marginheight=\"0\" scrolling=\"no\"><\/iframe><\/p>\n<p><strong>LE ALTRE PUNTATE<\/strong><\/p>\n<p><iframe loading=\"lazy\" class=\"wp-embedded-content\" title=\"\u201cSalute e Societ\u00e0\u201d \u2014 Radio Pi\u00f9\" src=\"https:\/\/www.radiopiu.net\/wordpress\/saluteesocieta\/embed\/#?secret=KkrARKzoF9\" width=\"600\" height=\"200\" frameborder=\"0\" marginwidth=\"0\" marginheight=\"0\" scrolling=\"no\" sandbox=\"allow-scripts\" data-secret=\"KkrARKzoF9\" data-mce-fragment=\"1\"><\/iframe><\/p>\n<p>&nbsp;<\/p>\n<h2><strong><span style=\"color: #800080;\">AGORDINOMERON<\/span><\/strong><\/h2>\n<blockquote class=\"wp-embedded-content\" data-secret=\"N4nQeCaah7\"><p><a href=\"https:\/\/www.radiopiu.net\/wordpress\/agordinomeron\/\">AGORDINOMERON, IL TERRITORIO SI RACCONTA Da un&#8217;idea di Gianni Santomaso<\/a><\/p><\/blockquote>\n<p><iframe loading=\"lazy\" title=\"&#8220;AGORDINOMERON, IL TERRITORIO SI RACCONTA Da un&#8217;idea di Gianni Santomaso&#8221; &#8212; Radio Pi\u00f9\" class=\"wp-embedded-content\" sandbox=\"allow-scripts\" security=\"restricted\" style=\"position: absolute; clip: rect(1px, 1px, 1px, 1px);\" src=\"https:\/\/www.radiopiu.net\/wordpress\/agordinomeron\/embed\/#?secret=N4nQeCaah7\" data-secret=\"N4nQeCaah7\" width=\"600\" height=\"338\" frameborder=\"0\" marginwidth=\"0\" marginheight=\"0\" scrolling=\"no\"><\/iframe><\/p>\n<p>&nbsp;<\/p>\n<h2><span style=\"color: #808080;\"><strong>IL MESSAGGIO DEI SACERDOTI A RADIO PIU&#8217;<\/strong><\/span><\/h2>\n<blockquote class=\"wp-embedded-content\" data-secret=\"tUDEa4XAuL\"><p><a href=\"https:\/\/www.radiopiu.net\/wordpress\/il-messaggio-dai-sacerdoti-della-conca-su-radio-piu-alle-7-30-e-19-30\/\">IL MESSAGGIO DAI SACERDOTI SU RADIO PIU&#8217; ALLE 7.30 E 19.30<\/a><\/p><\/blockquote>\n<p><iframe loading=\"lazy\" title=\"&#8220;IL MESSAGGIO DAI SACERDOTI SU RADIO PIU&#8217; ALLE 7.30 E 19.30&#8221; &#8212; Radio Pi\u00f9\" class=\"wp-embedded-content\" sandbox=\"allow-scripts\" security=\"restricted\" style=\"position: absolute; clip: rect(1px, 1px, 1px, 1px);\" src=\"https:\/\/www.radiopiu.net\/wordpress\/il-messaggio-dai-sacerdoti-della-conca-su-radio-piu-alle-7-30-e-19-30\/embed\/#?secret=tUDEa4XAuL\" data-secret=\"tUDEa4XAuL\" width=\"600\" height=\"338\" frameborder=\"0\" marginwidth=\"0\" marginheight=\"0\" scrolling=\"no\"><\/iframe><\/p>\n<p>&nbsp;<\/p>\n<hr \/>\n<p>&nbsp;<\/p>\n<div class=\"google-auto-placed ap_container\" style=\"text-align: left;\">\n<p>A TAIBON LA FARMACIA FA SERVIZIO A DOMICILIO<\/p>\n<p>ORTOFRUTTA MARTINI AGORDO RUTTA E VERDURA A CASA 0437 640307<\/p>\n<p>LA PIZZERIA BOCCON DIVINO A TAIBON AGORDINO EFFETTUA SERVIZIO CONSEGNE PIZZE A DOMICILIO, TUTTI I GIORNI A PARTIRE DALLE ORE 18,\u00a0NEI COMUNI DI TAIBON AGORDINO E AGORDO340 2986275<\/p>\n<p>DA SAPPADE DI FALCADE PICCOLA BAITA PORTA SULLE VOSTRE TAVOLE I SAPORI DEL TERRITORIO WWW.PICCOLABAITA.NET 0437 590491<\/p>\n<p>L\u2019AZIENDA AGRICOLA MILCHHOF AGOSTINI DI SELVA DI CADORE. INFORMA CHE E\u2019 A DISPOSIZONE PER CONSEGNE GRATUITE A DOMICILIO IN TUTTA LA VALLATA 380 3957409<\/p>\n<p>DOLOMITI VIAGGI DI FALCADE,\u00a0 COME UN TAXI:\u00a0 AUTOVETTURE E PULMINO NOLEGGIO CON CONDUCENTE. CHIAMA IL NUMERO 329 35,26,156<\/p>\n<p>ZUMBRILLENBER AGORDO CONSEGNA A DOMICILIO. PIATTI DI CARNE, PESCE, E PIZZE. A DOMICILIO, NEL RAGGIO DI 15 CHILOMETRI DA AGORDO 345 9135042<\/p>\n<p>LA PASTICCERIA LES BON BON DI AGORDO TI INFORMA CHE E\u2019 ATTIVO IL SERVIZIO DI CONSEGNA A DOMICILIO 342 59,80,559.<\/p>\n<p>A RIVAMONTE DAISY! PANINI, BRUSCHETTE, TOAST. PER LA TUA CENA ALTERNATIVA E GUSTOSA. LE PRENOTAZIONI SI RICEVONO ENTRO LE ORE 17 AL 348 56,42,568.<\/p>\n<p>La Profumeria Wanda di Agordo consegna i prodotti a domicilio. 331 4662006. Negozio aperto dalle 10.30 alle 11.30 e dalle 16 alle 17<\/p>\n<p>L\u2019AZIENDA AGRICOLA ZANCHETTA, SPACCIO DI AGORDO INFORMA CHE EFFETTUA LA CONSEGNA A DOMICILIO DEL VINO DELLA PROPRIA PRODUZIONE. 335 6285096<\/p>\n<p>LA MACELLERIA COSTA INFORMA CHE EFFETTUA CONSEGNE A DOMICILIO GRATUITE IN TUTTO L\u2019AGORDINO. 340 9714699<\/p>\n<p>LA PASTICCERIA SAINT HONORE DI AGORDO EFFETTUA CONSEGNE A DOMICILIO AD AGORDO E PAESI LIMITROFI 0437 62585<\/p>\n<p>PREPARIAMO UNA SELEZIONE DELLE NOSTRE FAMOSE SPECIALITA\u2019, DA CONSEGNARVI A DOMICILIO. SAN MARTIN \u2013 RISTORO E BAR. LOCALITA\u2019 LA MUDA STRADA AGORDO BELLUNO AL 333 1432468<\/p>\n<p>&nbsp;<\/p>\n<hr \/>\n<p>&nbsp;<\/p>\n<p><a class=\"dt-pswp-item\" href=\"https:\/\/www.radiopiu.net\/wordpress\/wp-content\/uploads\/2018\/09\/WhatsApp-Image-2018-09-20-at-16.04.06.jpeg\" data-dt-img-description=\"\" data-large_image_width=\"800\" data-large_image_height=\"100\"><img loading=\"lazy\" decoding=\"async\" class=\"alignnone size-full wp-image-61378\" src=\"https:\/\/www.radiopiu.net\/wordpress\/wp-content\/uploads\/2018\/09\/WhatsApp-Image-2018-09-20-at-16.04.06.jpeg\" alt=\"\" width=\"800\" height=\"100\" srcset=\"https:\/\/www.radiopiu.net\/wordpress\/wp-content\/uploads\/2018\/09\/WhatsApp-Image-2018-09-20-at-16.04.06.jpeg 800w, https:\/\/www.radiopiu.net\/wordpress\/wp-content\/uploads\/2018\/09\/WhatsApp-Image-2018-09-20-at-16.04.06-300x38.jpeg 300w, https:\/\/www.radiopiu.net\/wordpress\/wp-content\/uploads\/2018\/09\/WhatsApp-Image-2018-09-20-at-16.04.06-768x96.jpeg 768w\" sizes=\"auto, (max-width: 800px) 100vw, 800px\" \/><\/a><\/p>\n<p><center><b>Martedi 14<\/b><\/center><b>Tempo atteso:\u00a0<\/b>Nella notte cielo coperto con deboli e brevi fenomeni. Tempo stabile, ben soleggiato al mattino, con aria tersa ed ottima visibilit\u00e0. Durante le ore pi\u00f9 calde sviluppo di qualche cumulo sulle Dolomiti e di addensamenti con isolati fenomeni sulle Prealpi, a ridosso della pedemontana. Clima assai pi\u00f9 fresco, ma il sole mitigher\u00e0 un po&#8217; l&#8217;atmosfera diurna nei fondovalle.<br \/>\n<b>Precipitazioni:\u00a0<\/b>Nel corso della notte brevi e deboli sporadici fenomeni sul Bellunese, con tracce di neve oltre 1800\/1900 m. In giornata assenti (0%), eccetto qualche isolato piovasco pomeridiano sulle Prealpi occidentali, specie a ridosso della pedemontana (30\/40%), con qualche fiocco di neve sopra i 1500\/1600 m.<br \/>\n<b>Temperature:\u00a0<\/b>In generale diminuzione a tutte le quote per avvezione d&#8217;aria decisamente pi\u00f9 fresca. Le minime saranno osservate ovunque alla sera. In giornata sono previste punte di 15\/16\u00b0C nei fondovalle prealpini e di 9\/10\u00b0C a 1000\/1200 m. Su Prealpi a 1500 m min -1\u00b0C max 5\u00b0C, a 2000 m min -2\u00b0C max 3\u00b0C, sulle Dolomiti a 2000 m min -4\u00b0C max 1\u00b0C, a 3000 m min -11\u00b0C max -6\u00b0C.<br \/>\n<b>Venti:\u00a0<\/b>Nelle valli deboli, a tratti moderati con improvvisi rinforzi per episodi di Foehn, specie al mattino; in quota moderati\/tesi dai quadranti settentrionali, a 10-20 km\/h a 2000 m e 25\/35 km\/h a 3000 m.<\/p>\n<hr \/>\n<p><center><b>Mercoledi 15<\/b><\/center><b>Tempo atteso:\u00a0<\/b>Tempo stabile e ben soleggiato con cielo sereno, aria tersa ed ottima visibilit\u00e0. Clima particolarmente fresco all&#8217;alba, in giornata l&#8217;aria fresca resister\u00e0 nelle valli, mentre l&#8217;avvezione d&#8217;aria mite in quota favorir\u00e0 un certo mitigarsi del clima.<br \/>\n<b>Precipitazioni:\u00a0<\/b>Assenti (0%).<br \/>\n<b>Temperature:\u00a0<\/b>In altaquota (oltre i 2500 m) in generale rialzo, specie le massime per avvezione d&#8217;aria decisamente pi\u00f9 mite al pomeriggio; nelle valli e alle quote medio-alte minime in diminuzione, con rischio di gelate notturne oltre i 600\/800 m e di brinate nei fondovalle prealpini, e massime stazionarie o in leggera ripresa. Sono previste punte di 15\/17\u00b0C nei fondovalle prealpini e di 11\/12\u00b0C a 1000\/1200 m. Su Prealpi a 1500 m min -3\u00b0C max 3\u00b0C, a 2000 m min -4\u00b0C max 5\u00b0C, sulle Dolomiti a 2000 m min -4\u00b0C max 6\u00b0C, a 3000 m min -9\u00b0C max 0\u00b0C.<br \/>\n<b>Venti:\u00a0<\/b>Deboli a regime di brezza nelle valli, salvo consueti rinforzi notturni su alcuni settori prealpini; in quota deboli\/moderati da nord-ovest, a 5\/15 km\/h a 2000 m e 15\/25 km\/h a 3000 m.<\/p>\n<hr \/>\n<p><center><b>Giovedi 16<\/b><\/center>Tempo stabile e in prevalenza soleggiato, nonostante il transito di sottili nubi alte, a tratti estese. Temperature in generale ripresa, specie le massime, con clima diurno di nuovo primaverile. Venti in quota deboli\/moderati da sud-ovest al mattino e da nord-ovest al pomeriggio, di direzione variabile a regime di brezze nelle valli.<\/p>\n<hr \/>\n<p><center><b>Venerdi 17<\/b><\/center>Tempo stabile e ben soleggiato per transito di sottili nubi alte, un po&#8217; meno presenti rispetto a gioved\u00ec. Temperature stazionarie in quota e in ulteriore lieve aumento nelle valli, con clima diurno primaverile. Venti deboli da nord-ovest in quota e brezze nelle valli. Previsore: R.L.Th<\/p>\n<\/div>\n","protected":false},"excerpt":{"rendered":"<p>PER RICEVERE QUESTO NOTIZIARIO DIRETTAMENTE SUL TUO CELLULARE ISCRIVITI AL CANALE TELEGRAM\u00a0\u201cRADIO PIU\u00a0 INFORMAZIONE\u201d AURONZO Movimento franoso sulla statale Carnia in prossimit\u00e0 dell&#8217;abitato di Santo Stefano di Cadore, con massi di discreta portata sulla carreggiata, da VIABILIT\u00c0 PROVINCIA BELLUNO. TELEGRAM ULTIM&#8217;ORA, 7.00 CORTINA Sta bruciando un maso a Cortina, ne da notizia l&#8217;assessore alla protezione&hellip;<\/p>\n","protected":false},"author":4,"featured_media":129958,"comment_status":"closed","ping_status":"closed","sticky":false,"template":"","format":"standard","meta":{"_monsterinsights_skip_tracking":false,"_monsterinsights_sitenote_active":false,"_monsterinsights_sitenote_note":"","_monsterinsights_sitenote_category":0,"footnotes":""},"categories":[1,51,86,49],"tags":[],"class_list":["post-129738","post","type-post","status-publish","format-standard","has-post-thumbnail","hentry","category-senza-categoria","category-evidenza-top","category-gr","category-news-18","category-1","category-51","category-86","category-49","description-off"],"img_url":"https:\/\/www.radiopiu.net\/wordpress\/wp-content\/uploads\/2020\/04\/c01b5c8c-6206-4f0f-8058-618008d729a6.jpg","_links":{"self":[{"href":"https:\/\/www.radiopiu.net\/wordpress\/wp-json\/wp\/v2\/posts\/129738","targetHints":{"allow":["GET"]}}],"collection":[{"href":"https:\/\/www.radiopiu.net\/wordpress\/wp-json\/wp\/v2\/posts"}],"about":[{"href":"https:\/\/www.radiopiu.net\/wordpress\/wp-json\/wp\/v2\/types\/post"}],"author":[{"embeddable":true,"href":"https:\/\/www.radiopiu.net\/wordpress\/wp-json\/wp\/v2\/users\/4"}],"replies":[{"embeddable":true,"href":"https:\/\/www.radiopiu.net\/wordpress\/wp-json\/wp\/v2\/comments?post=129738"}],"version-history":[{"count":0,"href":"https:\/\/www.radiopiu.net\/wordpress\/wp-json\/wp\/v2\/posts\/129738\/revisions"}],"wp:featuredmedia":[{"embeddable":true,"href":"https:\/\/www.radiopiu.net\/wordpress\/wp-json\/wp\/v2\/media\/129958"}],"wp:attachment":[{"href":"https:\/\/www.radiopiu.net\/wordpress\/wp-json\/wp\/v2\/media?parent=129738"}],"wp:term":[{"taxonomy":"category","embeddable":true,"href":"https:\/\/www.radiopiu.net\/wordpress\/wp-json\/wp\/v2\/categories?post=129738"},{"taxonomy":"post_tag","embeddable":true,"href":"https:\/\/www.radiopiu.net\/wordpress\/wp-json\/wp\/v2\/tags?post=129738"}],"curies":[{"name":"wp","href":"https:\/\/api.w.org\/{rel}","templated":true}]}}