{"id":129829,"date":"2020-04-13T16:14:25","date_gmt":"2020-04-13T14:14:25","guid":{"rendered":"https:\/\/www.radiopiu.net\/wordpress\/?p=129829"},"modified":"2020-04-13T16:15:49","modified_gmt":"2020-04-13T14:15:49","slug":"129829-2","status":"publish","type":"post","link":"https:\/\/www.radiopiu.net\/wordpress\/129829-2\/","title":{"rendered":"UN ALTRO LUTTO NELLA ULSS FELTRINA, E&#8217; MANCATO IL NEUROLOGO ZAIOTTI"},"content":{"rendered":"<p align=\"JUSTIFY\"><span style=\"font-size: medium;\"><span style=\"font-family: Calibri, serif;\"><span style=\"font-size: large;\"><b><a class=\"dt-pswp-item\" href=\"https:\/\/www.radiopiu.net\/wordpress\/wp-content\/uploads\/2020\/04\/download-9.jpg\" data-dt-img-description=\"\" data-large_image_width=\"307\" data-large_image_height=\"164\"><img loading=\"lazy\" decoding=\"async\" class=\" wp-image-129830 alignleft\" src=\"https:\/\/www.radiopiu.net\/wordpress\/wp-content\/uploads\/2020\/04\/download-9.jpg\" alt=\"\" width=\"232\" height=\"124\" srcset=\"https:\/\/www.radiopiu.net\/wordpress\/wp-content\/uploads\/2020\/04\/download-9.jpg 307w, https:\/\/www.radiopiu.net\/wordpress\/wp-content\/uploads\/2020\/04\/download-9-300x160.jpg 300w\" sizes=\"auto, (max-width: 232px) 100vw, 232px\" \/><\/a>Feltre. <\/b><\/span><\/span><span style=\"font-family: Calibri, serif;\">L\u2019Ulss Dolomiti esprime il cordoglio per la scomparsa del dottor Giuseppe Zaiotti, morto ieri a 70 anni dopo aver lottato a lunga con la malattia. <\/span><\/span><span style=\"font-size: medium;\"><span style=\"font-family: Calibri, serif;\">Medico neurologo in servizio per diversi anni all\u2019ospedale di Feltre, si \u00e8 distinto per la capacit\u00e0 di coniugare la solida competenza professionale con una grande umanit\u00e0. Sapeva tessere al meglio le relazioni, trovare i punti di incontro, mettere d\u2019accordo le parti. Molto apprezzato sia dai colleghi che dai pazienti, dopo la pensione aveva continuato l\u2019impegno all\u2019ospedale di Feltre come sumaista fino alla diagnosi della malattia. <\/span><\/span><span style=\"font-size: medium;\"><span style=\"font-family: Calibri, serif;\">Uomo dai molteplici interessi, era molto impegnato sia nella vita pubblica come consigliere comunale prima e presidente dell\u2019Azienda Feltrina Servizi alla Persona poi sia nel volontariato, in particolare nell\u2019Associazione Mano Amica.<strong> (foto Amico Del Popolo)<\/strong><\/span><\/span><\/p>\n<blockquote>\n<p align=\"JUSTIFY\"><em><span style=\"font-size: medium;\"><span style=\"font-family: Calibri, serif;\">&#8220;A nome mio e di tutta l\u2019Azienda esprimo il cordoglio per la scomparsa del dottor Zaiotti, professionista stimato e uomo con doti umane rare\u00bb conclude il Direttore Generale Adriano Rasi Caldogno&#8221;.<\/span><\/span><\/em><\/p>\n<\/blockquote>\n","protected":false},"excerpt":{"rendered":"<p>Feltre. L\u2019Ulss Dolomiti esprime il cordoglio per la scomparsa del dottor Giuseppe Zaiotti, morto ieri a 70 anni dopo aver lottato a lunga con la malattia. Medico neurologo in servizio per diversi anni all\u2019ospedale di Feltre, si \u00e8 distinto per la capacit\u00e0 di coniugare la solida competenza professionale con una grande umanit\u00e0. Sapeva tessere al&hellip;<\/p>\n","protected":false},"author":1,"featured_media":129830,"comment_status":"closed","ping_status":"closed","sticky":false,"template":"","format":"standard","meta":{"_monsterinsights_skip_tracking":false,"_monsterinsights_sitenote_active":false,"_monsterinsights_sitenote_note":"","_monsterinsights_sitenote_category":0,"footnotes":""},"categories":[49],"tags":[],"class_list":["post-129829","post","type-post","status-publish","format-standard","has-post-thumbnail","hentry","category-news-18","category-49","description-off"],"img_url":"https:\/\/www.radiopiu.net\/wordpress\/wp-content\/uploads\/2020\/04\/download-9.jpg","_links":{"self":[{"href":"https:\/\/www.radiopiu.net\/wordpress\/wp-json\/wp\/v2\/posts\/129829","targetHints":{"allow":["GET"]}}],"collection":[{"href":"https:\/\/www.radiopiu.net\/wordpress\/wp-json\/wp\/v2\/posts"}],"about":[{"href":"https:\/\/www.radiopiu.net\/wordpress\/wp-json\/wp\/v2\/types\/post"}],"author":[{"embeddable":true,"href":"https:\/\/www.radiopiu.net\/wordpress\/wp-json\/wp\/v2\/users\/1"}],"replies":[{"embeddable":true,"href":"https:\/\/www.radiopiu.net\/wordpress\/wp-json\/wp\/v2\/comments?post=129829"}],"version-history":[{"count":0,"href":"https:\/\/www.radiopiu.net\/wordpress\/wp-json\/wp\/v2\/posts\/129829\/revisions"}],"wp:featuredmedia":[{"embeddable":true,"href":"https:\/\/www.radiopiu.net\/wordpress\/wp-json\/wp\/v2\/media\/129830"}],"wp:attachment":[{"href":"https:\/\/www.radiopiu.net\/wordpress\/wp-json\/wp\/v2\/media?parent=129829"}],"wp:term":[{"taxonomy":"category","embeddable":true,"href":"https:\/\/www.radiopiu.net\/wordpress\/wp-json\/wp\/v2\/categories?post=129829"},{"taxonomy":"post_tag","embeddable":true,"href":"https:\/\/www.radiopiu.net\/wordpress\/wp-json\/wp\/v2\/tags?post=129829"}],"curies":[{"name":"wp","href":"https:\/\/api.w.org\/{rel}","templated":true}]}}