{"id":129966,"date":"2020-04-14T09:46:27","date_gmt":"2020-04-14T07:46:27","guid":{"rendered":"https:\/\/www.radiopiu.net\/wordpress\/?p=129966"},"modified":"2020-04-14T10:43:45","modified_gmt":"2020-04-14T08:43:45","slug":"oggi-la-rassegna-stampa-labbiamo-aperta-cosi-8","status":"publish","type":"post","link":"https:\/\/www.radiopiu.net\/wordpress\/oggi-la-rassegna-stampa-labbiamo-aperta-cosi-8\/","title":{"rendered":"OGGI LA RASSEGNA STAMPA L&#8217;ABBIAMO APERTA COSI&#8217;&#8230;"},"content":{"rendered":"<p>&nbsp;<\/p>\n<p><iframe loading=\"lazy\" title=\"Coronavirus, lo starnuto - Porta a porta 07\/04\/2020\" width=\"1200\" height=\"675\" src=\"https:\/\/www.youtube.com\/embed\/A8GjjmAFWXM?feature=oembed\" frameborder=\"0\" allow=\"accelerometer; autoplay; clipboard-write; encrypted-media; gyroscope; picture-in-picture\" allowfullscreen><\/iframe><\/p>\n<h2><\/h2>\n<h2><span style=\"color: #339966;\">RIAPERTURE DI ALCUNI NEGOZI: CONTE APRE LE MAGLIE, ZAIA LE CHIUDE. AL CONTRARIO NEI GARDEN SI PUO&#8217;<\/span> ENTRARE DICE LA REGIONE, MA PER IL GOVERNO L&#8217;ACQUISTO DELLE ROSE NON E&#8217; MOTIVO INDIFFERIBILE<span style=\"color: #ff0000;\"><span style=\"color: #000000;\"> PER LASCIARE CASA. LE DISTANZE SOCIALI RADDOPPIANO<\/span> DA OGGI IL DROPLET A DUE METRI UNO DALL&#8217;ALTRA. IN PROVINCIA FINE SETTIMANA DRAMMATICO: 5 DECESSI, 3 IN CASA DI RIPOSO A MEL<\/span><\/h2>\n<p><a class=\"dt-pswp-item\" href=\"https:\/\/www.radiopiu.net\/wordpress\/wp-content\/uploads\/2020\/04\/cc7d1022-81ab-4829-9616-4c59e5250849.jpg\" data-dt-img-description=\"\" data-large_image_width=\"1280\" data-large_image_height=\"640\"><img loading=\"lazy\" decoding=\"async\" class=\"wp-image-129957 alignleft\" src=\"https:\/\/www.radiopiu.net\/wordpress\/wp-content\/uploads\/2020\/04\/cc7d1022-81ab-4829-9616-4c59e5250849-1024x512.jpg\" alt=\"\" width=\"250\" height=\"125\" srcset=\"https:\/\/www.radiopiu.net\/wordpress\/wp-content\/uploads\/2020\/04\/cc7d1022-81ab-4829-9616-4c59e5250849-1024x512.jpg 1024w, https:\/\/www.radiopiu.net\/wordpress\/wp-content\/uploads\/2020\/04\/cc7d1022-81ab-4829-9616-4c59e5250849-300x150.jpg 300w, https:\/\/www.radiopiu.net\/wordpress\/wp-content\/uploads\/2020\/04\/cc7d1022-81ab-4829-9616-4c59e5250849-768x384.jpg 768w, https:\/\/www.radiopiu.net\/wordpress\/wp-content\/uploads\/2020\/04\/cc7d1022-81ab-4829-9616-4c59e5250849.jpg 1280w\" sizes=\"auto, (max-width: 250px) 100vw, 250px\" \/><\/a><em>Oggi la prima prova delle riaperture, allentamento dei blocchi con obbligo dei dispositivi di protezione e fabbriche aperte con i sindacati che promettono di vigilare e lo Spisal che non mancher\u00e0 di controllare. Fine settimana pasquale in montagna nel regno del silenzio tra canti di uccelli e animali che si sono ripresi il loro spazio fino a bordo strada (foto Mauro Groppa). La stagione estiva \u00e8 alle porte, saranno sufficienti le iniziative promozionali per salvare i bilanci? Per Zaia chi potr\u00e0 fare la differenza saranno gli influencer con i canali social.<\/em><\/p>\n<h3><span style=\"color: #008000;\">di Mirk<\/span>o Mezz<span style=\"color: #ff0000;\">acasa<\/span><\/h3>\n<p>La Regione Veneto ha imposto le nuove regole, a proposito dei 200 metri il passo indietro: non esiste pi\u00f9 la regola metrica, anche il Veneto s&#8217;arrende al DPCM e alla parola in &#8220;prossimit\u00e0&#8221;. Era stata imposta con l&#8217;inizio delle restrizioni perch\u00e9 la misura faceva chiarezza e non dava adito a contestazioni. Ma le contestazioni per quei 200 metri non sono mancate e quindi da oggi si cambia<em>. &#8220;E&#8217; un atto di grande fiducia &#8211; ha detto il presidente Luca Zaia &#8211; ma non s&#8217;intenda che ci si possa spostare di\u00a0 4-5 chilometri,\u00a0 si usi il buon senso. Permessa la corsetta individuale, ma l&#8217;atleta dovr\u00e0 stare almeno a 2 metri da ogni altra<\/em> persona&#8221;. Chi scender\u00e0 in strada, oppure si sposter\u00e0 verso il supermercato (sempre chiuso alla domenica e nei giorni di festa) dovr\u00e0 indossare mascherina e guanti, sempre non solo per entrare nel supermercato, sempre anche durante l&#8217;attivit\u00e0 motoria. Mascherina e guanti anche nelle banche, negli uffici postali, nelle agenzie assicurative. La nuova ordinanza che rimarr\u00e0 in vigore fino al 3 maggio impone anche la misurazione della temperatura, uscire di casa con la febbre potrebbe portare direttamente in tribunale perch\u00e9 Zaia ha parlato di &#8220;reato&#8221;. Primo problema poniamo il caso che il lavoratore al mattino esca fresco come un rosa, ma al rientro dopo una giornata di lavoro bruci come un termosifone, chi lo spiegher\u00e0 alle forze di Polizia che al mattino il termometro non superava i 37,5 gradi? Baster\u00e0 la parola e la buona fede o sar\u00e0 necessario che qualcuno rilasci un certificato che l&#8217;operaio \u00e8 comunque arrivato al posto di lavoro sano come un pesce? Se qualcuno aveva in mente di radunare parenti ed amici per la grigliata del 25 aprile o del primo maggio annulli gli impegni, l&#8217;ordinanza lo vieta in modo categorico, al pic nic potranno partecipare solo i componenti del nucleo famigliare o scatta la sanzione come successo ieri nel boschetto di Sedico dove 4 ragazzini poco pi\u00f9 che maggiorenni sono stati sanzionati, bivaccavano da alcuni giorni con birra, droghe e fuoco acceso nonostante i divieti della Regione per grave pericolo di incendi. Da oggi potranno riaprire i negozi per bambini, cartolerie ed esercizi che vendono libri, ma solo per due giorni la settimana, domenica esclusa. I distributori automatici di bevande sono ammessi\u00a0 solo all&#8217;interno degli uffici, oltre potrebbero creare assembramenti. A chi chiedeva un intervento della Regione per far ripartire l&#8217;attivit\u00e0 artigianale, anche del muratore impegnato da solo in casa \u00e8 arrivata la fredda risposta <span style=\"color: #000000;\">\u00a0<em>&#8220;Aprire o chiudere le aziende\u00a0 -ha detto Zaia &#8211; non compete a noi, nemmeno per gli edili che lavorano nelle\u00a0 case. Non ci compete aprire o chiudere aziende.\u00a0 <\/em><\/span><em>Abbiamo un decreto del Consiglio dei Ministri che ci concede solo di fare delle azioni. L&#8217;emergenza non \u00e8 finita, abbiamo 240 persone in terapia intensiva e 1420 in ospedale che sono numeri chiari&#8221;.<\/em> In Veneto i numeri sono rassicuranti, il numero dei guariti (1739 dimessi) supera quello dei ricoverati in ospedale (1660), 14.288 positivi (203 mila tamponi effettuati), i ricoverati scendono a 1420, in terapia intensiva 240 pazienti (6 in meno di sabato), salgono purtroppo le vittime a quota 824 tenendo conto anche delle case di riposo, ieri si sono contate 40 vittime in una giornata, 24 in ospedale. Da segnalare inoltre che ieri sia a Rovigo che a Treviso non ci sono stati contagi. In provincia bilancio drammatico nel fine settimana, cinque morti che portano il totale dei decessi a 44 (33 negli ospedali). Negli ultimi due giorni ci sono stati 5 decessi, due in ospedale, 3 nelle case di soggiorno. Ci hanno lasciato Franco De Zanna 73 anni di Cortina, una nonna di 92 anni di Quero e\u00a0 tre ospiti della casa di riposo di Mel, Maria Lorenzet di 84 anni, Teresina Battiston 92 e Luigia Feltrino 91.\u00a0 In aumento i positivi, 25 in pi\u00f9 in due giorni e gli attualmente positivi sono oggi 574. A Pasqua tanti agenti in strada con i bellunesi che hanno dimostrato di sapere rispettare le regole a parte qualche caso che entra di diritto nel capitolo dei &#8220;de coccio&#8221; per il Presidente Zaia i veneti hanno invece fatto un figurone.<em> &#8220;Non c&#8217;erano assembramenti come in altre regioni &#8211; ha detto &#8211;\u00a0 Abbiamo visto ben poche auto e nessuna colonna&#8221;.\u00a0<\/em>Non avanza solo il virus ma anche la stagione estiva ormai alle porte, quella primaverile \u00e8 definitivamente bruciata e quella pi\u00f9 attesa che fa del turismo la prima industria in Veneto da 18 miliardi di fatturato? <em>&#8220;Spero\u00a0 &#8211; \u00e8 stato detto ieri da Marghera &#8211; che ci siano quanto prima le condizioni sanitarie per ripartire, sperando che la stagione non sia persa. Servono campagne di\u00a0 promozione non nelle fiere o con manifesti sui muri, ma\u00a0 influencer che vengano da noi informino e attirino gli altri. Li abbiamo anche in Italia che creano fenomeni turistici. Si pensi a Formentera il fenomeno \u00e8 nato cos\u00ec con gli influencer che hanno incuriosito i cittadini&#8221;.<\/em><\/p>\n<blockquote><p>NEL CORSO DELLA RASSEGNA STAMPA AL PRESIDENTE DELLA REGIONE VENETO,\u00a0 LUCA ZAIA ABBIAMO POSTO UN INTERROGATIVO CIRCA L&#8217;OPERAIO CHE AL MATTINO ENTRA IN FABBRICA &#8220;SANO&#8221; OVVERO CON LA TEMPERATURA INFERIORE AI 37,5 GRADI MA CHE LA SERA RISCHIA IL &#8220;PENALE&#8221; SE PIZZICATO CON LA FEBBRE. LA RISPOSTA CHIARIFICATRICE: <em>&#8220;\u00c8 gi\u00e0 previsto negli accordi sindacali\u00a0 che la temperatura venga misurata e ovviamente riportata in un apposito registro, se non ricordo male anche questo particolare di non poco conto \u00e8 previsto\u00a0 nell\u2019accordo&#8221;<\/em><\/p><\/blockquote>\n<p>&nbsp;<\/p>\n","protected":false},"excerpt":{"rendered":"<p>&nbsp; RIAPERTURE DI ALCUNI NEGOZI: CONTE APRE LE MAGLIE, ZAIA LE CHIUDE. AL CONTRARIO NEI GARDEN SI PUO&#8217; ENTRARE DICE LA REGIONE, MA PER IL GOVERNO L&#8217;ACQUISTO DELLE ROSE NON E&#8217; MOTIVO INDIFFERIBILE PER LASCIARE CASA. LE DISTANZE SOCIALI RADDOPPIANO DA OGGI IL DROPLET A DUE METRI UNO DALL&#8217;ALTRA. IN PROVINCIA FINE SETTIMANA DRAMMATICO: 5&hellip;<\/p>\n","protected":false},"author":1,"featured_media":129325,"comment_status":"closed","ping_status":"closed","sticky":false,"template":"","format":"standard","meta":{"_monsterinsights_skip_tracking":false,"_monsterinsights_sitenote_active":false,"_monsterinsights_sitenote_note":"","_monsterinsights_sitenote_category":0,"footnotes":""},"categories":[51,49],"tags":[],"class_list":["post-129966","post","type-post","status-publish","format-standard","has-post-thumbnail","hentry","category-evidenza-top","category-news-18","category-51","category-49","description-off"],"img_url":"https:\/\/www.radiopiu.net\/wordpress\/wp-content\/uploads\/2020\/04\/COVID-1.jpg","_links":{"self":[{"href":"https:\/\/www.radiopiu.net\/wordpress\/wp-json\/wp\/v2\/posts\/129966","targetHints":{"allow":["GET"]}}],"collection":[{"href":"https:\/\/www.radiopiu.net\/wordpress\/wp-json\/wp\/v2\/posts"}],"about":[{"href":"https:\/\/www.radiopiu.net\/wordpress\/wp-json\/wp\/v2\/types\/post"}],"author":[{"embeddable":true,"href":"https:\/\/www.radiopiu.net\/wordpress\/wp-json\/wp\/v2\/users\/1"}],"replies":[{"embeddable":true,"href":"https:\/\/www.radiopiu.net\/wordpress\/wp-json\/wp\/v2\/comments?post=129966"}],"version-history":[{"count":0,"href":"https:\/\/www.radiopiu.net\/wordpress\/wp-json\/wp\/v2\/posts\/129966\/revisions"}],"wp:featuredmedia":[{"embeddable":true,"href":"https:\/\/www.radiopiu.net\/wordpress\/wp-json\/wp\/v2\/media\/129325"}],"wp:attachment":[{"href":"https:\/\/www.radiopiu.net\/wordpress\/wp-json\/wp\/v2\/media?parent=129966"}],"wp:term":[{"taxonomy":"category","embeddable":true,"href":"https:\/\/www.radiopiu.net\/wordpress\/wp-json\/wp\/v2\/categories?post=129966"},{"taxonomy":"post_tag","embeddable":true,"href":"https:\/\/www.radiopiu.net\/wordpress\/wp-json\/wp\/v2\/tags?post=129966"}],"curies":[{"name":"wp","href":"https:\/\/api.w.org\/{rel}","templated":true}]}}