{"id":130164,"date":"2020-04-14T16:55:18","date_gmt":"2020-04-14T14:55:18","guid":{"rendered":"https:\/\/www.radiopiu.net\/wordpress\/?p=130164"},"modified":"2020-04-14T17:42:02","modified_gmt":"2020-04-14T15:42:02","slug":"black-out-per-un-albero-sulla-linea-elettrica","status":"publish","type":"post","link":"https:\/\/www.radiopiu.net\/wordpress\/black-out-per-un-albero-sulla-linea-elettrica\/","title":{"rendered":"BLACK OUT PER UN ALBERO SULLA LINEA ELETTRICA"},"content":{"rendered":"<p><strong>CANALE D&#8217;AGORDO<\/strong>\u00a0 Mezzo Comune \u00e8 rimasto senza corrente elettrica dalle 15.30 alle 17.30, la causa \u00e8 da ricercarsi sul solito albero che al primo colpo di vento un po&#8217; pi\u00f9 forte \u00e8 caduto direttamente sui fili della corrente. Per fortuna che dopo Vaia dovevano cambiare le cose, ma a quanto pare non \u00e8 questo il caso. In valle di Gares al black out elettrico si aggiunge anche quello telefonico e internet. L&#8217;inconveniente in in localit\u00e0 Salesada sul posto squadre dell&#8217;Enel.<\/p>\n<p>&nbsp;<\/p>\n","protected":false},"excerpt":{"rendered":"<p>CANALE D&#8217;AGORDO\u00a0 Mezzo Comune \u00e8 rimasto senza corrente elettrica dalle 15.30 alle 17.30, la causa \u00e8 da ricercarsi sul solito albero che al primo colpo di vento un po&#8217; pi\u00f9 forte \u00e8 caduto direttamente sui fili della corrente. Per fortuna che dopo Vaia dovevano cambiare le cose, ma a quanto pare non \u00e8 questo il&hellip;<\/p>\n","protected":false},"author":1,"featured_media":130165,"comment_status":"closed","ping_status":"closed","sticky":false,"template":"","format":"standard","meta":{"_monsterinsights_skip_tracking":false,"_monsterinsights_sitenote_active":false,"_monsterinsights_sitenote_note":"","_monsterinsights_sitenote_category":0,"footnotes":""},"categories":[104,49],"tags":[],"class_list":["post-130164","post","type-post","status-publish","format-standard","has-post-thumbnail","hentry","category-evidenza_3","category-news-18","category-104","category-49","description-off"],"img_url":"https:\/\/www.radiopiu.net\/wordpress\/wp-content\/uploads\/2020\/04\/fccac339-aa4a-4a1e-afa2-ec40e3811895.jpg","_links":{"self":[{"href":"https:\/\/www.radiopiu.net\/wordpress\/wp-json\/wp\/v2\/posts\/130164","targetHints":{"allow":["GET"]}}],"collection":[{"href":"https:\/\/www.radiopiu.net\/wordpress\/wp-json\/wp\/v2\/posts"}],"about":[{"href":"https:\/\/www.radiopiu.net\/wordpress\/wp-json\/wp\/v2\/types\/post"}],"author":[{"embeddable":true,"href":"https:\/\/www.radiopiu.net\/wordpress\/wp-json\/wp\/v2\/users\/1"}],"replies":[{"embeddable":true,"href":"https:\/\/www.radiopiu.net\/wordpress\/wp-json\/wp\/v2\/comments?post=130164"}],"version-history":[{"count":0,"href":"https:\/\/www.radiopiu.net\/wordpress\/wp-json\/wp\/v2\/posts\/130164\/revisions"}],"wp:featuredmedia":[{"embeddable":true,"href":"https:\/\/www.radiopiu.net\/wordpress\/wp-json\/wp\/v2\/media\/130165"}],"wp:attachment":[{"href":"https:\/\/www.radiopiu.net\/wordpress\/wp-json\/wp\/v2\/media?parent=130164"}],"wp:term":[{"taxonomy":"category","embeddable":true,"href":"https:\/\/www.radiopiu.net\/wordpress\/wp-json\/wp\/v2\/categories?post=130164"},{"taxonomy":"post_tag","embeddable":true,"href":"https:\/\/www.radiopiu.net\/wordpress\/wp-json\/wp\/v2\/tags?post=130164"}],"curies":[{"name":"wp","href":"https:\/\/api.w.org\/{rel}","templated":true}]}}