{"id":130246,"date":"2020-04-14T21:05:20","date_gmt":"2020-04-14T19:05:20","guid":{"rendered":"https:\/\/www.radiopiu.net\/wordpress\/?p=130246"},"modified":"2020-04-15T05:49:25","modified_gmt":"2020-04-15T03:49:25","slug":"i-contagi-nel-bellunese-comune-per-comune-aggiornamento-14-aprile","status":"publish","type":"post","link":"https:\/\/www.radiopiu.net\/wordpress\/i-contagi-nel-bellunese-comune-per-comune-aggiornamento-14-aprile\/","title":{"rendered":"I CONTAGI NEL BELLUNESE COMUNE PER COMUNE, AGGIORNAMENTO 14 APRILE"},"content":{"rendered":"<blockquote><p><a class=\"dt-pswp-item\" href=\"https:\/\/www.radiopiu.net\/wordpress\/wp-content\/uploads\/2020\/04\/38ce36bf-0f4e-4da1-ba5e-51b555411654.jpg\" data-dt-img-description=\"\" data-large_image_width=\"1024\" data-large_image_height=\"2048\"><img loading=\"lazy\" decoding=\"async\" class=\"wp-image-130247 alignleft\" src=\"https:\/\/www.radiopiu.net\/wordpress\/wp-content\/uploads\/2020\/04\/38ce36bf-0f4e-4da1-ba5e-51b555411654-512x1024.jpg\" alt=\"\" width=\"170\" height=\"340\" srcset=\"https:\/\/www.radiopiu.net\/wordpress\/wp-content\/uploads\/2020\/04\/38ce36bf-0f4e-4da1-ba5e-51b555411654-512x1024.jpg 512w, https:\/\/www.radiopiu.net\/wordpress\/wp-content\/uploads\/2020\/04\/38ce36bf-0f4e-4da1-ba5e-51b555411654-150x300.jpg 150w, https:\/\/www.radiopiu.net\/wordpress\/wp-content\/uploads\/2020\/04\/38ce36bf-0f4e-4da1-ba5e-51b555411654-768x1536.jpg 768w, https:\/\/www.radiopiu.net\/wordpress\/wp-content\/uploads\/2020\/04\/38ce36bf-0f4e-4da1-ba5e-51b555411654.jpg 1024w\" sizes=\"auto, (max-width: 170px) 100vw, 170px\" \/><\/a><em>Cortina ha sempre il triste primato del numero pi\u00f9 alto di contagi in provincia, dieci in pi\u00f9 di Belluno citt\u00e0. Numeri alti anche per Pedavena e Borgo Valbelluna.\u00a0<\/em><\/p><\/blockquote>\n<p>&nbsp;<\/p>\n<p><strong>BELLUNO 73<\/strong>, AGORDO 12, ALANO DI PIAVE 35, ALLEGHE 1, ALPAGO 83, ARSIE&#8217; 3, AURONZO 2, BORCA DI CADORE 4, <strong>BORGO VALBELLUNA 45<\/strong>, CALALZO DI CADORE 9, CANALE D&#8217;AGORDO 1, CENCENIGHE 1, CESIOMAGGIORE 10, CHIES D&#8217;ALPAGO 8, CIBIANA DI CADORE 2, COLLE SANTA LUCIA 2, COMELICO SUPERIORE 3, <strong>CORTINA D&#8217;AMPEZZO 91 <\/strong>DANTA DI CADORE 1 DOMEGGE DI CADORE 6 FALCADE 1 FARRA D&#8217;ALPAGO 1 FELTRE 49 FONZASO 12 GOSALDO 3 LA VALLE AGORDINA 7 LAMON 27 LIMANA 4 LIVINALLONGO DEL COL DI LANA 7 LONGARONE 1 LOZZO DI CADORE 2 <strong>PEDAVENA 53<\/strong> PIEVE DI CADORE 8 PONTE NELLE ALPI 15 QUERO VAS 14 RIVAMONTE AGORDINO 1 ROCCA PIETORE 9 SAN GREGORIO NELLE ALPI 1 SAN PIETRO DI CADORE 3 SAN TOMASO AGORDINO 1 SAN VITO DI CADORE 8 SANTA GIUSTINA 25 SANTO STEFANO DI CADORE 6 SEDICO 14 SELVA DI CADORE 1 (esterno al paese) SEREN DEL GRAPPA 6 SOSPIROLO 2 SOVERZENE 1 SOVRAMONTE 2 TAIBON AGORDINO 5 TAMBRE 8 VAL DI ZOLDO 2 VALLADA AGORDINA 1 VALLE DI CADORE 4 VIGO DI CADORE 2 VOLTAGO AGORDINO 5 ZOPPE&#8217; DI CADORE 1<\/p>\n","protected":false},"excerpt":{"rendered":"<p>Cortina ha sempre il triste primato del numero pi\u00f9 alto di contagi in provincia, dieci in pi\u00f9 di Belluno citt\u00e0. Numeri alti anche per Pedavena e Borgo Valbelluna.\u00a0 &nbsp; BELLUNO 73, AGORDO 12, ALANO DI PIAVE 35, ALLEGHE 1, ALPAGO 83, ARSIE&#8217; 3, AURONZO 2, BORCA DI CADORE 4, BORGO VALBELLUNA 45, CALALZO DI CADORE&hellip;<\/p>\n","protected":false},"author":1,"featured_media":130247,"comment_status":"closed","ping_status":"closed","sticky":false,"template":"","format":"standard","meta":{"_monsterinsights_skip_tracking":false,"_monsterinsights_sitenote_active":false,"_monsterinsights_sitenote_note":"","_monsterinsights_sitenote_category":0,"footnotes":""},"categories":[51,49],"tags":[],"class_list":["post-130246","post","type-post","status-publish","format-standard","has-post-thumbnail","hentry","category-evidenza-top","category-news-18","category-51","category-49","description-off"],"img_url":"https:\/\/www.radiopiu.net\/wordpress\/wp-content\/uploads\/2020\/04\/38ce36bf-0f4e-4da1-ba5e-51b555411654.jpg","_links":{"self":[{"href":"https:\/\/www.radiopiu.net\/wordpress\/wp-json\/wp\/v2\/posts\/130246","targetHints":{"allow":["GET"]}}],"collection":[{"href":"https:\/\/www.radiopiu.net\/wordpress\/wp-json\/wp\/v2\/posts"}],"about":[{"href":"https:\/\/www.radiopiu.net\/wordpress\/wp-json\/wp\/v2\/types\/post"}],"author":[{"embeddable":true,"href":"https:\/\/www.radiopiu.net\/wordpress\/wp-json\/wp\/v2\/users\/1"}],"replies":[{"embeddable":true,"href":"https:\/\/www.radiopiu.net\/wordpress\/wp-json\/wp\/v2\/comments?post=130246"}],"version-history":[{"count":0,"href":"https:\/\/www.radiopiu.net\/wordpress\/wp-json\/wp\/v2\/posts\/130246\/revisions"}],"wp:featuredmedia":[{"embeddable":true,"href":"https:\/\/www.radiopiu.net\/wordpress\/wp-json\/wp\/v2\/media\/130247"}],"wp:attachment":[{"href":"https:\/\/www.radiopiu.net\/wordpress\/wp-json\/wp\/v2\/media?parent=130246"}],"wp:term":[{"taxonomy":"category","embeddable":true,"href":"https:\/\/www.radiopiu.net\/wordpress\/wp-json\/wp\/v2\/categories?post=130246"},{"taxonomy":"post_tag","embeddable":true,"href":"https:\/\/www.radiopiu.net\/wordpress\/wp-json\/wp\/v2\/tags?post=130246"}],"curies":[{"name":"wp","href":"https:\/\/api.w.org\/{rel}","templated":true}]}}