{"id":130292,"date":"2020-04-16T06:16:31","date_gmt":"2020-04-16T04:16:31","guid":{"rendered":"https:\/\/www.radiopiu.net\/wordpress\/?p=130292"},"modified":"2020-04-16T11:56:00","modified_gmt":"2020-04-16T09:56:00","slug":"giornale-radiopiu-16-aprile-2020-direttore-mirko-mezzacasa","status":"publish","type":"post","link":"https:\/\/www.radiopiu.net\/wordpress\/giornale-radiopiu-16-aprile-2020-direttore-mirko-mezzacasa\/","title":{"rendered":"GIORNALE RADIOPIU 16 APRILE 2020 DIRETTORE MIRKO MEZZACASA"},"content":{"rendered":"<h3><strong>PER RICEVERE QUESTO NOTIZIARIO DIRETTAMENTE SUL TUO CELLULARE ISCRIVITI AL CANALE\u00a0TELEGRAM\u00a0<\/strong><strong>\u201cRADIO PIU\u00a0 INFORMAZIONE\u201d<\/strong><\/h3>\n<hr \/>\n<p>&nbsp;<\/p>\n<h3><span id=\"fbPhotoSnowliftCaption\" class=\"fbPhotosPhotoCaption\" tabindex=\"0\" aria-live=\"polite\" data-ft=\"{&quot;tn&quot;:&quot;K&quot;}\"><span class=\"hasCaption\"><a class=\"_58cn\" href=\"https:\/\/www.facebook.com\/hashtag\/celafaremoinsieme?epa=HASHTAG\" data-ft=\"{&quot;type&quot;:104,&quot;tn&quot;:&quot;*N&quot;}\">#celafaremoinsieme<\/a>\u00a0 il Buongiorno dalla Pneumologia COVID<\/span><\/span><\/h3>\n<p><a class=\"dt-pswp-item\" href=\"https:\/\/www.radiopiu.net\/wordpress\/wp-content\/uploads\/2020\/04\/93419771_914947222298533_4649157310277484544_o.jpg\" data-dt-img-description=\"\" data-large_image_width=\"960\" data-large_image_height=\"720\"><img loading=\"lazy\" decoding=\"async\" class=\"alignnone wp-image-130390\" src=\"https:\/\/www.radiopiu.net\/wordpress\/wp-content\/uploads\/2020\/04\/93419771_914947222298533_4649157310277484544_o.jpg\" alt=\"\" width=\"473\" height=\"354\" srcset=\"https:\/\/www.radiopiu.net\/wordpress\/wp-content\/uploads\/2020\/04\/93419771_914947222298533_4649157310277484544_o.jpg 960w, https:\/\/www.radiopiu.net\/wordpress\/wp-content\/uploads\/2020\/04\/93419771_914947222298533_4649157310277484544_o-300x225.jpg 300w, https:\/\/www.radiopiu.net\/wordpress\/wp-content\/uploads\/2020\/04\/93419771_914947222298533_4649157310277484544_o-768x576.jpg 768w\" sizes=\"auto, (max-width: 473px) 100vw, 473px\" \/><\/a><\/p>\n<hr \/>\n<p>&nbsp;<\/p>\n<p>&nbsp;<\/p>\n<p>&nbsp;<\/p>\n<p>\u2022 Il bollettino della Protezione Civile: gli attualmente positivi sono in totale 105.418, 1.127 in pi\u00f9 rispetto a ieri. I morti totali sono 21.645, 578 nelle ultime 24 ore. Aumentano i guariti, sono 38.092 (ieri erano 37.130, quindi 962 in pi\u00f9); \u2022 Donald Trump sospende i finanziamenti all&#8217;Organizzazione Mondiale della Sanit\u00e0: &#8220;Ha fallito nell&#8217;ottenere tempestive informazioni sul coronavirus\u00a0e i suoi ritardi sono costati vite umane. La pandemia poteva essere contenuta&#8221;; \u2022 Superati i due milioni di contagiati nel mondo, la met\u00e0 si trova in Europa; \u2022 Si aggrava il bilancio dei medici deceduti: sono in totale 120.<\/p>\n<p>&nbsp;<\/p>\n<hr \/>\n<p>&nbsp;<\/p>\n<p>&nbsp;<\/p>\n<p>&nbsp;<\/p>\n<blockquote>\n<h1><span style=\"color: #339966;\">LA MOSSA LOMBA<\/span>RDA, UN RIS<span style=\"color: #ff0000;\">CHIO PER TUTTI<\/span><\/h1>\n<\/blockquote>\n<h3><span style=\"color: #339966;\">IL BALLETTO DELLE IDEE, IL PRESIDENTE FONTANA FINO A IERI PER LA LINEA DURA VUOLE RIAPRIRE LE INDUSTRIE IL 4 MAGGIO MENTRE SI INDAGA SULLA TRAGEDIA DELLE CASE DI RIPOSO TRA I FLOP,\u00a0 COME QUELLO DELL&#8217;OSPEDALE<\/span> DELLA FIERA MAI PARTITO (LEONARDO DEL VECCHIO PER QUESTO HA DESTINATO 10 MILIONI DI EURO). IL GOVERNO E&#8217; IRRITATO E RICORDA <span style=\"color: #ff0000;\">AL PRESIDENTE &#8211; AVVERSARIO IN POLITICA- CHE SENZA IL DPCM NON VA DA NESSUNA PARTE.<\/span><\/h3>\n<p><em>Nel Veneto meno pazienti in terapia intensiva e in ospedale ma il numero delle vittime \u00e8 sempre alto, 29 anche ieri. Da ieri in arrivo il bonus dei 600 euro per 12mila\u00a0 bellunesi con partita iva, sono ancora oltre 2000 le pratiche in giacenza. Il modello Veneto prevede la fine dell&#8217;emergenza per met\u00e0 maggio ma al contempo allerta sulla possibilit\u00e0 di un ritorno del virus con la stagione fredda.Un altro decesso al San Martino il 36esimo in provincia, tamponi effettuati oltre 6000. Ieri primi sanzionati perch\u00e8 facevano la legna nel bosco, nel collegamento serale l&#8217;assessore Gianpaolo Bottacin conferma che non si pu\u00f2, ma apre anche a una possibilit\u00e0: il DPCM permette\u00a0 di lavorare in caso di emergenza soprattutto in un territorio dove il pericolo idrogeologico \u00e8 marcato e le piogge prima o poi arriveranno, forse anche copiose. Nuova iniziativa in Luxottica<span class=\"s1\">\u00a0 a partire dalle prossime settimane, fornir\u00e0 mascherine sanitarie monouso a tutti i lavoratori, per s\u00e9 o per i propri cari.<\/span><\/em><\/p>\n<p>&nbsp;<\/p>\n<p><span style=\"color: #339966;\">di Mirk<\/span>o Mezz<span style=\"color: #ff0000;\">acasa\u00a0<\/span><\/p>\n<p>Accennavano ieri alla scarsa collaborazione Governo-Regioni, al mancato dialogo tra il Premier televisivo Conte e i Presidenti da gennaio sul campo. Ribadiamo oggi la rottura tra il Governo centrale e le strutture periferiche, lo strappo pi\u00f9 evidente arriva dalla Lombardia dove il presidente Fontana ha deciso di riaprire le aziende con il 4 maggio obbligando all&#8217;uso della mascherina, al rispetto delle distanze, ai test sierologici e al lavoro a casa dove possibile. Dopo l&#8217;annuncio apriti cielo, Giuseppe Conte circondato dai sui esperti si dichiara sorpreso, amareggiato e vorrebbe dire di no. La decisione \u00e8 criticata dal Pd e dai 5Stelle mentre Salvini appoggia in toto Fontana, anche l&#8217;Oms &#8211; abbandonato anche da Donald Trump, che taglia i finanziamenti<em> &#8220;perch\u00e9 ha fallito&#8221;<\/em> invita alla cautela la regione Lombardia. In Veneto si dice che ormai il 60% delle aziende sia aperto grazie al tacito assenso delle Prefetture, ma su questo non abbiamo mai sentito una mezza critica dal Premier Conte nonostante il concetto sia stato ribadito a pi\u00f9 riprese dal Governatore Luca Zaia. In Veneto se non ci saranno recrudescenze tra un mese ci potrebbe essere la svolta, almeno stando al famoso modello che detta la linea d&#8217;azione e che si basa sui ricoveri in ospedale, prevede il miglioramento per met\u00e0 maggio. Sulla scuola gli amministratori regionali hanno idee diverse, l&#8217;assessore Elena Donazzan vorrebbe che gli studenti tornassero sui banchi a giugno, oppure durante l&#8217;estate mettendo a rischio anche le ferie dei loro genitori con un&#8217;altra mazzata per il settore turistico che dovr\u00e0 contare sul cliente &#8220;locale&#8221; anche se i tedeschi non hanno ancora disdettato, non tutti, solo il 7% con riferimento alle spiagge di Jesolo. Il Presidente Luca Zaia della riapertura delle scuole prima di settembre non ne vuole nemmeno sentire parlare, anzi \u00e8 contrario anche alle elezioni autunnali che metterebbero e serio rischio la popolazione in caso di ritorno del virus con i primi freddi. Dal mondo scolastico ancora ipotesi: gli studenti potrebbero sostenere l&#8217;esame di stato on line con un colloquio, ma al Ministero si valuta anche la possibilit\u00e0 di una prova in aula. A proposito di turismo, \u00e8 partito il piano per le spiagge, allo studio la possibilit\u00e0 di accesso solo su prenotazione e di App che garantiscano le distanze tra gli ombrelloni, per questo saranno attrezzate tutte le spiagge anche quelle libere. Un altro problema \u00e8 quello dei trasporti, non solo perch\u00e9 affollati dove la gente si inscatola come sardine, ma anche perch\u00e9 sono drasticamente calate le entrate nelle casse regionali, si accenna ad un buco da 100 milioni di euro nel trasporto pubblico. Le opposizioni della regione ieri hanno chiesto alla Giunta di mettere mano al bilancio e di erogare 1000 euro a ciascun dipendente per il servizio sanitario, a medici, infermieri, Oss, personale delle case di riposo,\u00a0 la stessa proposta \u00e8 gi\u00e0 stata fatta nei giorni scorsi in Emilia Romagna e Toscana e la manovra in Veneto costerebbe 60 milioni di euro. A chi invece ha chiesto all&#8217;assessore Elena Donazzan un benefit una tantum per gli insegnati scolastici e soprattutto ferie estive la stessa ha risposto <em>&#8220;Non \u00e8 questo il tempo delle rivendicazioni, ma \u00e8 il tempo di un sacrificio. Ci sono lavoratori non statali in cassa integrazione, a zero reddito, con il posto a rischio. Gli insegnanti che rivendicano un aumento dello stipendio si escluderebbero dalla \u201csolidariet\u00e0 nazionale\u201d.\u00a0 Da contratto di lavoro, i professori sono in servizio per un certo numero di giornate. Non sono in ferie per tre mesi, altrimenti farei anch\u2019io l\u2019insegnante&#8221;.<\/em> I numeri: oltre 216 mila tamponi effettuati in Veneto, l&#8217;obiettivo \u00e8 sempre quello di arrivare a 20 mila tamponi al giorno ed \u00e8 attuabile con la nuova macchina olandese ormai quasi a regime, ieri \u00e8 stato ipotizzato di acquistarne una seconda. Anche per questo i positivi sono sempre pi\u00f9 in aumento, da lunedi 370 in pi\u00f9, numero ovviamente direttamente proporzionale ai tamponi effettuati. Da ieri i conti correnti degli imprenditori con <a class=\"dt-pswp-item\" href=\"https:\/\/www.radiopiu.net\/wordpress\/wp-content\/uploads\/2020\/04\/6c684c98-2515-4e47-b1c3-c506035b79ae.jpg\" data-dt-img-description=\"\" data-large_image_width=\"514\" data-large_image_height=\"677\"><img loading=\"lazy\" decoding=\"async\" class=\" wp-image-130506 alignright\" src=\"https:\/\/www.radiopiu.net\/wordpress\/wp-content\/uploads\/2020\/04\/6c684c98-2515-4e47-b1c3-c506035b79ae.jpg\" alt=\"\" width=\"401\" height=\"529\" srcset=\"https:\/\/www.radiopiu.net\/wordpress\/wp-content\/uploads\/2020\/04\/6c684c98-2515-4e47-b1c3-c506035b79ae.jpg 514w, https:\/\/www.radiopiu.net\/wordpress\/wp-content\/uploads\/2020\/04\/6c684c98-2515-4e47-b1c3-c506035b79ae-228x300.jpg 228w\" sizes=\"auto, (max-width: 401px) 100vw, 401px\" \/><\/a>partita iva si sono arricchiti di 600 euro per effetto del Decreto Cura Italia, in provincia di Belluno sono 12.558 gli autonomi che ne hanno fatto richiesta allo Stato e l&#8217;Inps ha gi\u00e0 chiuso l&#8217;80% delle pratiche accreditando l&#8217;atteso bonus, per la provincia sono previsti 7,5 milioni di euro. Sono 2413 le pratiche per ora bloccate e in fase di studio. Anche in Prefettura si continua a lavorare per far ripartire le aziende in deroga, 47 ditte sono state bocciate senza possibilit\u00e0 di appello perch\u00e9 prive dei requisiti richiesti. No alla riapertura delle attivit\u00e0 commerciali al dettaglio eccetto: alimentari, tabacchi, edicole, farmacie, parafarmacie, lavanderie, pulitura tessili, tintorie e ovviamente pompe funebri. In REGIONE Il numero complessivo di positivi sfiora ormai i 15 mila (14.884), gli attualmente positivi sono poco pi\u00f9 di 10 mila (10879). In calo le persone in isolamento domiciliare (16.958) oltre 1000 in meno dallo scorso fine settimana. In calo anche i pazienti in corsia, 1403 (-11) e in terapia intensiva che sono 214 (-4), ma il numero dei decessi \u00e8 sempre alto, si saranno anche liberati 4 letti di terapia intensiva ma in una sola giornata si sono contate 24 vittime alle quali vanno aggiunte altri 5 decessi in casa di riposo. Il numero totale dei decessi \u00e8 pari a 952, negli ospedali 842. Il cluster di Vo&#8217; rimane la bandiera anche ieri nessun positivo mentre Treviso che da due giorni non registrava contagi ieri anche grazie all&#8217;alto numero di tamponi ha visto il dato schizzare a +100. IN PROVINCIA Anche ieri un decesso, ieri \u00e8 mancato Giuseppe Rossa di Belluno, un 75enne ricoverato in terapia intensiva, 36 il totale dei decessi negli ospedali bellunesi, 15 nelle case di riposo. A Feltre non ci sono pi\u00f9 pazienti ricoverati ed \u00e8 stata chiusa l&#8217;area Covid. \u00a0Aumentano i ricoverati in area non critica a Belluno, +4 al San Martino, -1 nell\u2019ospedale di Comunit\u00e0, +1 ad Agordo. Un paziente in meno in terapia intensiva. Quindi in totale sono 80 i pazienti in ospedale: San Martino 58 e 8 pazienti in terapia intensiva, Feltre 0, Agordo 14. I bellunesi positivi sono 623 (+ 32 rispetto a martedi, da inizio epidemia 751) sono invece 62 i bellunesi dimessi dagli ospedali dal 21 febbraio inizio della pandemia. Ieri il direttore Caldogno \u00e8 intervenuto in diretta facebook e in diretta su RADIO PIU, dettando numeri: tamponi effettuati\u00a0 12.688 Totale tamponi effettuati ai dipendenti ulss 6.032 (i tamponi sono stati effettuati a 2.249 teste comprensive di dipendenti,e medici di continuit\u00e0 assistenziale) su circa 2.490 personale sanitario.test sierologici totali 4.349. Nelle case di riposo ospiti con test sierologico effettuato 2037 tampone effettuato 723 tampone positivo 126. Personale (dipendenti e non)\u00a0\u00a0test sierologici effettuati 1842 tampone effettuato 1086\u00a0\u00a0tampone positivo 79.\u00a0 Le nuove assunzioni: personale aggiuntivo assunto e operativo 34 di cui 15 medici 10 operatori sanitari, 8 infermieri, 1 tecnico di laboratorio. Dei 34 professionisti 14 sono a tempo indeterminato,\u00a0 12 in libera professione,\u00a0 5 rientri di personale in quiescenza,\u00a0 2 trattenuti in servizio,\u00a0 1 tempo determinato.<\/p>\n<p>&nbsp;<\/p>\n<p>&nbsp;<\/p>\n<p>&nbsp;<\/p>\n<hr \/>\n<p>&nbsp;<\/p>\n<p>&nbsp;<\/p>\n<div class=\"page-title-head hgroup\">\n<blockquote>\n<h3 class=\"entry-title\">SCOPPIA LA LITE TRA I VICINI E I CARABINIERI SEQUESTRANO LE ARMI<\/h3>\n<\/blockquote>\n<\/div>\n<div class=\"page-title-breadcrumbs\">\n<p><strong class=\"photoswipe-wrapper\"><a class=\"dt-pswp-item pspw-wrap-ready\" href=\"https:\/\/i0.wp.com\/www.radiopiu.net\/wordpress\/wp-content\/uploads\/2020\/04\/08ad977c-04cd-4221-8b36-d5fe8314d0af.jpg?ssl=1\" data-dt-img-description=\"\" data-large_image_width=\"685\" data-large_image_height=\"800\"><img loading=\"lazy\" decoding=\"async\" class=\"wp-image-130358 alignleft jetpack-lazy-image jetpack-lazy-image--handled\" src=\"https:\/\/i0.wp.com\/www.radiopiu.net\/wordpress\/wp-content\/uploads\/2020\/04\/08ad977c-04cd-4221-8b36-d5fe8314d0af.jpg?resize=207%2C242&amp;ssl=1\" sizes=\"auto, (max-width: 207px) 100vw, 207px\" srcset=\"https:\/\/i0.wp.com\/www.radiopiu.net\/wordpress\/wp-content\/uploads\/2020\/04\/08ad977c-04cd-4221-8b36-d5fe8314d0af.jpg?w=685&amp;ssl=1 685w, https:\/\/i0.wp.com\/www.radiopiu.net\/wordpress\/wp-content\/uploads\/2020\/04\/08ad977c-04cd-4221-8b36-d5fe8314d0af.jpg?resize=257%2C300&amp;ssl=1 257w\" alt=\"\" width=\"172\" height=\"201\" data-recalc-dims=\"1\" data-lazy-loaded=\"1\" \/><\/a><\/strong><\/p>\n<p><strong>ARSIE\u2019<\/strong>\u00a0Intervento dei Carabinieri per calmare gli animi durante un\u00a0 dissidio tra vicini di casa, peraltro causati da banali motivi, per vecchie storie. Allo scopo di accertare che i due contendenti non avessero armi che potessero essere usate impropriamente in un momento d\u2019ira, i militari dell\u2019Arma hanno dato il via ad una perquisizione rinvenendo nell\u2019abitazione dell\u2019uno (un 35enne del luogo): due carabine ad aria compressa e una balestra pronta a schioccare 8 dardi.<\/p>\n<blockquote><p>Le armi, di libera vendita e detenzione, sono state sequestrate per accertarne la reale provenienza e per capire se sono state usate durante lo \u201cscontro\u201d.\u00a0 Le indagini per eventuali provvedimenti sono gi\u00e0 in corso.<\/p><\/blockquote>\n<p>&nbsp;<\/p>\n<p>&nbsp;<\/p>\n<\/div>\n<hr \/>\n<h2><\/h2>\n<blockquote>\n<h2>NON RISPONDE ALL&#8217;ASSISTENTE SOCIALE CHE LO RITROVA PRIVO DI VITA<\/h2>\n<\/blockquote>\n<p><strong><img loading=\"lazy\" decoding=\"async\" class=\"alignleft\" src=\"https:\/\/www.radiopiu.net\/wordpress\/wp-content\/uploads\/2015\/11\/carabinieri-gruppo.jpg\" width=\"236\" height=\"132\" \/>LONGARONE <\/strong>Ieri alle 13 i Carabinieri di Longarone, allertati dall&#8217;assistente sociale hanno rinvenuto il corpo senza vita di Renato Gusatto, 65 anni, all&#8217;interno della sua abitazione in localit\u00e0 Podenzoi. L&#8217;uomo era quotidianamente seguito dai servizi sociali, abitava nella sua casa da solo. E&#8217; stata l&#8217;assistente sociale, come ogni giorno, a contattarlo senza ricevere alcuna risposta. Per questo ha temuto il peggio ed ha chiamato in aiuto gli uomini dell&#8217;Arma del longaronese. Purtroppo la sensazione era giustificata, l&#8217;uomo \u00e8 stato ritrovato in casa privo di vita e le cause del decesso &#8211; che saranno stabilite dai servizi sanitari &#8211; sono probabilmente riconducibili ad un malore con conseguente arresto cardiaco.<\/p>\n<p>&nbsp;<\/p>\n<hr \/>\n<blockquote>\n<h2><\/h2>\n<h2>UN&#8217;ALTRA VITTIMA DEL CORONAVIRUS<\/h2>\n<\/blockquote>\n<p><strong>BELLUNO<\/strong> Sono ormai tre i decessi da inizio settimana, ieri mattina\u00a0 nel reparto di terapia intensiva \u00e8 morto Giuseppe Rossa di Belluno, un paziente covid positivo di 75 anni. Sono in corso gli accertamenti per stabilire le cause del decesso da parte dell\u2019Istituto Superiore di Sanit\u00e0. La Direzione Generale porge le condoglianze alla famiglia<\/p>\n<p><strong>36 DECESSI NEGLI OSPEDALI BELLUNESI DAL 21 FEBBRAIO<\/strong> Ospedale San Martino di Belluno 24, Feltre 6, Belluno Ospedale di Comunit\u00e0 5, Agordo 1.<\/p>\n<p>&nbsp;<\/p>\n<hr \/>\n<p>&nbsp;<\/p>\n<p>&nbsp;<\/p>\n<h2>PROTECT OUR PEOPLE, LA NUOVA INIZIATIVA LUXOTTICA<\/h2>\n<p><span class=\"s1\"><b><a class=\"dt-pswp-item\" href=\"https:\/\/www.radiopiu.net\/wordpress\/wp-content\/uploads\/2020\/04\/LUXOTTICA-ITALIA-scaled.jpg\" data-dt-img-description=\"\" data-large_image_width=\"2560\" data-large_image_height=\"1920\"><img loading=\"lazy\" decoding=\"async\" class=\"alignleft wp-image-130528\" src=\"https:\/\/www.radiopiu.net\/wordpress\/wp-content\/uploads\/2020\/04\/LUXOTTICA-ITALIA-300x225.jpg\" alt=\"\" width=\"213\" height=\"160\" srcset=\"https:\/\/www.radiopiu.net\/wordpress\/wp-content\/uploads\/2020\/04\/LUXOTTICA-ITALIA-300x225.jpg 300w, https:\/\/www.radiopiu.net\/wordpress\/wp-content\/uploads\/2020\/04\/LUXOTTICA-ITALIA-1024x768.jpg 1024w, https:\/\/www.radiopiu.net\/wordpress\/wp-content\/uploads\/2020\/04\/LUXOTTICA-ITALIA-768x576.jpg 768w, https:\/\/www.radiopiu.net\/wordpress\/wp-content\/uploads\/2020\/04\/LUXOTTICA-ITALIA-1536x1152.jpg 1536w, https:\/\/www.radiopiu.net\/wordpress\/wp-content\/uploads\/2020\/04\/LUXOTTICA-ITALIA-2048x1536.jpg 2048w\" sizes=\"auto, (max-width: 213px) 100vw, 213px\" \/><\/a>AGORDO <\/b>\u201cProtect Our People\u201d, in italiano proteggere la nostra gente. \u00c9 questo il nome del nuovo progetto di Luxottica dedicato ai dipendenti dell\u2019azienda del cavalier Leonardo Del Vecchio. A partire da ieri sera tutte le maestranze degli stabilimenti italiani hanno ricevuto un SMS dove si presenta questa iniziativa. Come gi\u00e0 preannunciato, Luxottica in questo momento di emergenza COVID-19 ha donato un milione di dispositivi medici e occhiali protettivi per supportare chi \u00e8 in prima linea nella lotta contro questa epidemia. Per questo ha pensato di essere al fianco del lavoratore in questo momento difficile perch\u00e9, come si legge nella informativa, \u201cil dipendente \u00e8 il bene pi\u00f9 prezioso\u201d. Per questo Luxottica, a partire dalle prossime settimane, fornir\u00e0 mascherine sanitarie monouso a tutti i lavoratori, per s\u00e9 o per i propri cari. Per aderire all\u2019iniziativa il dipendente dovr\u00e0 entrare nella propria area personale del sito One Luxottica, accedere al My Personal Desk e cliccare la casella \u201cMask Kit\u201d. Qui dovr\u00e0 compilare il modulo in ogni sua parte entro il 30 aprile e ricever\u00e0 a casa il kit di mascherine. Ancora una volta Luxottica vuole stare vicina ai propri operai e impiegati.<\/span><\/p>\n<p>&nbsp;<\/p>\n<p>&nbsp;<\/p>\n<hr \/>\n<blockquote>\n<h2><\/h2>\n<h2>LEGGI LA CONFERENZA DEL PRESIDENTE LUCA ZAIA<\/h2>\n<\/blockquote>\n<p><em>Mi fa arrabbiare che qualcuno ignori l\u2019uso della mascherina. Passeggiata singolarmente e non lontano da casa. No ai pic nic. Le mascherine \u00a0se non le trovate compratele online. Le scuole devono restare chiuse per non riportare il virus in famiglia. Da luned\u00ec Schiavonia riaprir\u00e0 il punto nascita. In spiaggia la storia del box in plexiglass \u00e8 inquietante, avete presente? Facciamo le saune sotto il sole.<\/em><\/p>\n<p><strong>NUMERI<\/strong>\u00a016858 IN ISOLAMENTO, 14624 POSITIVI 1621 RICOVERATI 219 TERAPI INTENSIVA Salvo sorprese per i primi di maggio si dovrebbe andare verso la fase finale 1824 DIMESSI, 825 MORTI IN OSPEDALE, 940 CON LE CASE DI RIPOSO, 96 I NUOVI NATI<\/p>\n<p><strong>LA DIREZIONE<\/strong>\u00a0Non abbassare la guardia, noi con l\u2019ordinanza abbiamo applicato il DPCM con ulteriori restrizioni dando la possibilit\u00e0 di aprire i negozi per bimbi 2 giorni la settimana cosi\u2019 come le librerie con chiusura alla domenica anche dei supermercati. La ripartenza di fatto sta avvenendo. Abbiamo un piano con la parti sociali e il mondo del lavoro (avremo un confronto) che diventa per noi la base per dialogare e ripartire definitivamente. Il Governo lavora ad un suo piano. La vicinanza da casa non significa far chilometri e sempre uscite individuali e la mascherina va usata sempre perch\u00e9 non \u00e8 corretto nei confronti degli altri, l\u2019abbiamo prodotto, distribuita e incentivata nella produzione a livello locale. Stiamo lavorando perch\u00e9 si eliminino le confische, abbiamo un magazzino per 6 mesi (24 milioni e mezzo di mascherine) ma bisogna usarle con impegno, sar\u00e0 la condizione per il percorso di vita in presenza del virus, per mesi. Torneremo pi\u00f9 liberi di prima al termine del percorso. La mascherina diventa accessorio della nostra vita per molto tempo.\u00a0<strong>PROIEZIONE DEL VIDEO PER DARE LA DIMENSIONE DI COSA SIGNIFICA LA MASCHERINA<\/strong>\u00a0Su Amazon consegna il 6 maggio, 12 euro per 50 mascherine.<\/p>\n<p><strong>DONAZIONI<\/strong>\u00a0La donazione di Davide di Vazzola, 41 euro dal salvadanaio, ha tenuto 1 euro per il lecca lecca e il resto lo ha devoluto alla sanit\u00e0 della Regione. L\u2019uovo gigante all\u2019asta se l\u2019\u00e8 aggiudicato Sensi Bunir della Star System Srl di Mestre: 30 mila euro, venduto a 3000 euro al chilogrammo<\/p>\n<p><strong>DATO SUPERPOSITIVO<\/strong>\u00a0Rispettato la tradizione, i trapianti sono stati quest\u2019anno fino ad oggi 162, addirittura in pieno periodo di cover_19 superati i 145 dello scorso anno.<\/p>\n<h2>DOMANDE<\/h2>\n<p><strong>FASE 2 INIZIATA, COSA VI PREPARATE A FARE SE LE COSE VANNO MALE?<\/strong>\u00a0Abbiamo un progetto molto chiaro di sanit\u00e0 pubblica, la macchina dei tamponi \u00e8 sempre attiva.Vogliamo comperarne un\u2019altra se ci riusciamo, sono 9000 tampone in pi\u00f9 per arrivare ad un bel numero. In caso di focolaio in un\u2019azienda si testa l\u2019azienda intera e i contatti personai. Se chiuder\u00e0? DIpende cosa accade se c\u2019\u00e8 la necessit\u00e0 di isolamento l\u2019azienda va ovviamente in crisi<\/p>\n<p><strong>UN IMPRESA CHE VUOLE EFFETTUARE TEST?<\/strong>\u00a0Non abbiamo la capacit\u00e0 per fare tamponi a tappeto, ci sono i sintomatici e i loro contatti nonch\u00e9 il personale della sanit\u00e0 e case di riposo.\u00a0 Serve prelievo, operatore, laboratorio, il test rapido \u00e8 un\u2019altra cosa che si compera sul mercato internazionale con un costo sotto i 10 euro. Ne abbiamo 700 mia in arrivo, 230 mila gi\u00e0 arrivati e distribuiti e\u2019 abbinato pero\u2019 al tampone. Noi applichiamo il nostro piano alle imprese gi\u00e0 aperte e continueremo a controllare. La redazione del piano della ripartenza per le aziende \u00e8 in mano alla dottoressa Russo, l\u2019impresa deve essere condivisa da tutti.<\/p>\n<p><strong>CATEGORIE PIU\u2019 PREOCCUPANTI?<\/strong>\u00a0Tutti siamo a rischio, ogni forma di distanziamento sociale non rispettato mette a rischio gli altri, serve la mascherina lo ribadisco.<\/p>\n<p><strong>SE I DATI CONTINUANO A ESSERE DI CONFORTO SI RIAPRONO LE SCUOLE?<\/strong>\u00a0Sto dicendo da due giorni di non riparire pi\u00f9 le scuole \u00e8 troppo rischioso ce lo dicono anche gli esperti, non per contraddire l\u2019assessore Elena Donazzan, l\u2019ho sempre detto fin dall\u2019inizio. Il virus alla volta di giugno ci sar\u00e0 ancora \u00e8 inevitabile che se confino dei ragazzi a maggio prendono il virus e lo portano in famiglia. A settembre affronteremo il problema sperando non ci sia il ritorno del virus, saranno adottate nuove modalit\u00e0 e i dispositivi potranno essere fondamentali, abbiamo scoperto che l\u2019attivit\u00e0 on line funziona bene.Ci sono ragazzi che preferirebbero tornare a scuola il sistema funziona cosi\u2019 bene che \u00e8 un controllo a vista.<\/p>\n<p><strong>ORDINANZA SVUOTA MAGAZZIN<\/strong>I La stiamo preparando \u00e8 una grande opportunit\u00e0 per le imprese.<\/p>\n<p><strong>HO DETTO AL PRESIDENTE DEL CONSIGLIO<\/strong>\u00a0Che abbiamo i nostro piano che lo manderemo, forse vedere il piano degli altri aiuta a far sintesi e scoprire nuove idee.<\/p>\n<p><strong>DA LUNEDI SCHIAVONIA APRE IL PUNTO NASCITE<\/strong>\u00a0E\u2019 un buon segnale, a chi fa fatto catastrofismo il 21 febbraio, sessanta giorni dopo siamo gi\u00e0 alla ripartenze degli ospedali, avevamo detto che era una questione di qualche mese, sapevamo quale era il decorso<\/p>\n<p><strong>24 ORE DI TEMPO E POI RIMETTO I 200 METRI?<\/strong>\u00a0Non \u00e8 una questione da scolaretti. La maggior parte dei veneti rispettano le regole. Molti invocano il rispetto delle regole, soprattutto i giovani. Al momento l\u2019ordinanza resta com\u2019\u00e8.<\/p>\n<p><strong>SPIAGGE<\/strong>\u00a0Non credo sar\u00e0 un disastro, il turismo sta soffrendo gli operatori non hanno gettato la spugna. Faremo qualche giorno di vacanza in montagna, lago, mare per dare una mano agli operatori turistici. I turisti tedeschi che hanno gi\u00e0 prenotato nei campeggi e alberghi \u2013 mi dice Calzavara da Jesolo \u2013 hanno disdettato per il 7% se ci crede chi viene da fuori chiediamoci ancora di pi\u00f9 noi. Il box di plastica \u00e8 idea assurda.<\/p>\n<p><strong>PASSEGGERI DI AUTOBUS E VAPORETTI STRETTI PER IL TAGLIO DELLE CORSE PREVISTE SANZIONI?<\/strong>\u00a0Dobbiamo garantire le corse, la mascherina fondamentale \u00e8 la mascherina dove non\u00e8 posssibile rispettare\u00a0 la distanza<\/p>\n<p><strong>OSPEDALI CHE ERANO CHIUSI APERTI PER L\u2019EMERGENZA?<\/strong>\u00a0Non sono a norma, rimarranno dei polmoni in caso di necessit\u00e0. Sapevamo che pur chiusi da anni sarebbero tornati utili. Sapevamo che c\u2019erano. Abbiamo un piano che li definisce \u201cpolmoni\u201d ma sono transitori, la loro destinazione \u00e8 quella dell\u2019emergenza estrema li\u2019 abbiamo messo 740 posti letto. Sono ospedali da 100-150 posti letto che porterebbero solo dispersioni. La deroga vale solo per la fase emergenziale.<\/p>\n<p><strong>BAR, SALE DA GIOCHI?<\/strong>\u00a0Sono quesiti per il Governo.<\/p>\n<p><strong>SE POTESSI RIAVVOLGERE IL NASTRO RIPARTIREI DAGLI ANZIANI, E\u2019 ORA DI DARE REGOLE AGLI OVER 75?<\/strong>\u00a0Prevediamo anche questo<\/p>\n<p><strong>CASSE REGIONALI IN SALUTE?<\/strong>\u00a047 milioni di euro raccolti ma siamo in forte tensione per le 825 terapia intensive Lo stress \u00e8 forte. Abbiamo il problema di tutto il personale assunto in via straordinaria da stabilizzare e il buco nel trasporto pubblico locale. Abbiamo una voragine, non intendiamo applicare tasse ma non sar\u00e0 facile. Le spese ci sono. Dal Governo abbiamo avuto donazioni in respiratori meccanici e mascherine.<\/p>\n<p>https:\/\/www.facebook.com\/zaiaufficiale\/videos\/234656547738678<\/p>\n<p>&nbsp;<\/p>\n<hr \/>\n<p>&nbsp;<\/p>\n<blockquote class=\"wp-embedded-content\" data-secret=\"KVcZFQ2eLq\"><p><a href=\"https:\/\/www.radiopiu.net\/wordpress\/dati-e-grafici-del-giorno-provincia-regione-15-aprile-2020\/\">DATI E GRAFICI DEL GIORNO, PROVINCIA \u2013 REGIONE 15 APRILE 2020<\/a><\/p><\/blockquote>\n<p><iframe loading=\"lazy\" title=\"&#8220;DATI E GRAFICI DEL GIORNO, PROVINCIA \u2013 REGIONE 15 APRILE 2020&#8221; &#8212; Radio Pi\u00f9\" class=\"wp-embedded-content\" sandbox=\"allow-scripts\" security=\"restricted\" style=\"position: absolute; clip: rect(1px, 1px, 1px, 1px);\" src=\"https:\/\/www.radiopiu.net\/wordpress\/dati-e-grafici-del-giorno-provincia-regione-15-aprile-2020\/embed\/#?secret=KVcZFQ2eLq\" data-secret=\"KVcZFQ2eLq\" width=\"600\" height=\"338\" frameborder=\"0\" marginwidth=\"0\" marginheight=\"0\" scrolling=\"no\"><\/iframe><\/p>\n<p>&nbsp;<\/p>\n<p>&nbsp;<\/p>\n<hr \/>\n<p>&nbsp;<\/p>\n<p>&nbsp;<\/p>\n<blockquote class=\"wp-embedded-content\" data-secret=\"b0I3PBLWB7\"><p><a href=\"https:\/\/www.radiopiu.net\/wordpress\/aggiornamento-assessorato-protezione-civile-15-aprile-2020\/\">AGGIORNAMENTO ASSESSORATO PROTEZIONE CIVILE 15 APRILE 2020<\/a><\/p><\/blockquote>\n<p><iframe loading=\"lazy\" title=\"&#8220;AGGIORNAMENTO ASSESSORATO PROTEZIONE CIVILE 15 APRILE 2020&#8221; &#8212; Radio Pi\u00f9\" class=\"wp-embedded-content\" sandbox=\"allow-scripts\" security=\"restricted\" style=\"position: absolute; clip: rect(1px, 1px, 1px, 1px);\" src=\"https:\/\/www.radiopiu.net\/wordpress\/aggiornamento-assessorato-protezione-civile-15-aprile-2020\/embed\/#?secret=b0I3PBLWB7\" data-secret=\"b0I3PBLWB7\" width=\"600\" height=\"338\" frameborder=\"0\" marginwidth=\"0\" marginheight=\"0\" scrolling=\"no\"><\/iframe><\/p>\n<p>&nbsp;<\/p>\n<h3>L&#8217;INTERVISTA ALL&#8217;ASSESSORE ALLA PROTEZIONE CIVILE GIANPAOLO BOTTACIN<\/h3>\n<audio class=\"wp-audio-shortcode\" id=\"audio-130292-1\" preload=\"none\" style=\"width: 100%;\" controls=\"controls\"><source type=\"audio\/mpeg\" src=\"https:\/\/www.radiopiu.net\/wordpress\/wp-content\/uploads\/2020\/04\/BOTTACIN-3.mp3?_=1\" \/><a href=\"https:\/\/www.radiopiu.net\/wordpress\/wp-content\/uploads\/2020\/04\/BOTTACIN-3.mp3\">https:\/\/www.radiopiu.net\/wordpress\/wp-content\/uploads\/2020\/04\/BOTTACIN-3.mp3<\/a><\/audio>\n<p>&nbsp;<\/p>\n<hr \/>\n<p>&nbsp;<\/p>\n<p>&nbsp;<\/p>\n<p>&nbsp;<\/p>\n<blockquote>\n<h2>ULSS1 NUOVE ASSUNZIONI DELLA GUERRA AL CORONAVIRUS, LA CONFERENZA STAMPA DEL DG ADRIANO RASI CALDOGNO<\/h2>\n<\/blockquote>\n<h2>LEGGI LA CONFERENZA STAMPA<\/h2>\n<p>Situazione complicata che sta pesando su noi tutti, sulla vita sociale, sulle attivit\u00e0 economiche, potremo venirne fuori continuando ad avere una grande responsablit\u00e0 nei comportamenti.<br \/>\n<strong>DATI:<\/strong> 12,688 TAMPONI EFFETTUATI di questi hanno dato 723 positivi totali nell&#8217;azienda Uls1, rimangono positivi 604 persone 1059 persone in isolamento fiduciario in decrescita, devono stare almeno 14 persone a casa. RICOVERI da giorni sostanzialmente stazionaria, 9 in terapia intensiva a Belluno, 40 pneumologia-infettiva-area medica, 29 ospedali comunit\u00e0 Belluno e Agordo. 6032 tamponi sui dipendenti Ulss1 2249 persone sottoposte a tampone su circa 2500 personale dell&#8217;area sanitaria territoriale, percentuale elevata. Dall&#8217;8 aprile a ieri sono stati effettuati 4449 test rapidi per valutare la presenza reattivit\u00e0 alle immunoglobuline. Non ha la valenza del tampone ma \u00e8 uno screening a tappeto per la sua velocit\u00e0 per individuare chi ha avuto un contatto con il virus.<strong>SITUAZIONE CASE DI RIPOSO QUASI TUTTE PER NON AUTOSUFFICIENTI<\/strong> Sulle case di riposo attivato dal 23 marzo una task force con diverse competenze mediche di diversa natura per una gestione attivit\u00e0 di controllo e supporto. Alcune situazioni problematiche con un numero superiore alla media ordinaria di casi in alcune case di riposo, siamo intervenuti tempestivamente. Ultimamente si sono verificati anche altri casi e siamo intervenuti tempestivamente a supporto delle case di riposo. Possiamo testimoniare con i numeri dei test fino a ieri, test rapidi su 2037 ospiti nelle case di riposo su 2300, ben 723 tamponi effettuati sugli ospiti con positivit\u00e0 di 126 positivi. Sul personale dipendente e affini 1842 test rapidi, 1086 tamponi con positivit\u00e0 di 79 dipendenti. Non e&#8217; una distribuzione omogenea. Sulle situazioni piu&#8217; critiche e delicate sono stati dati tutti i supporti di tipo sanitario per la gestione piu&#8217; corretta di questa fase epidemica. Adottato la scorsa settimana un piano di sanit\u00e0 pubblica per tutte le case di riposo dell&#8217;azienda, abbiamo completato un&#8217;analisi di rischio struttura per struttura per consentire una caratterizzazione puntuale di profilassi per ogni residenza. Il nostro personale si impegna con dedizione fin dall&#8217;inizio dell&#8217;emergenza verso i degenti nelle aree covid. Belluno \u00e8 ospedale di riferimento provinciale con l&#8217;ospedale di comunit\u00e0 di Agordo a supporto e fino a qualche giorno fa una presenza di un reparto dedicato anche a Feltre. Oggi peraltro oltre alle strutture di ricovero sono presenti due Pronto Soccorso con accesso dedicato ai pazienti covid per separare gli accessi dall&#8217;utenza ordinaria.<strong> Nel frattempo assunto con provvedimenti addizionali specifici 34 ulteriori collaboratori,<\/strong> 15 medici, 10 OSS, 8 infermieri e 1 tecnico di laboratorio, di questi 14 sono stati assunti a tempo indeterminato 12 in\u00a0 libera professione 5 professionisti sono\u00a0 rientrati dalla pensione e 2 trattenuti in servizio dilazionando il momento del pensionamento,\u00a0 1 assuzione a tempo determinato. Concludo dicendovi che l&#8217;utenza ordinaria (visite, diagnostica, controllo) ancora per qualche tempo a ritmo ridotto per evidenti motivi. Garantita l&#8217;urgenza per le risposte immediate e altre prestazioni classificati urgenti a 10 giorni. Gradualmente verranno riattivati percorsi per gestire al meglio l&#8217;accesso alle strutture. E&#8217; il momento di cominciare a pensare ad un nuovo rapporto tra la generalit\u00e0 dei pazienti e le modalit\u00e0 di erogazione dei servizi e prestazioni. Dovremo pensare a modalit\u00e0 innovative per garantire la necessit\u00e0 di protezione di se stessi e del prossimo con distanze sociali che comporter\u00e0 un <strong>ripensamento di erogazione del servizio<\/strong> ma anche forte accelerazione dei servizi da telerefertazione e controlli a distanza grazie alla tecnologia<\/p>\n<p>&nbsp;<\/p>\n<p>https:\/\/www.facebook.com\/RasiCaldognoUlssDolomiti\/videos\/3237702872927796<\/p>\n<p>&nbsp;<\/p>\n<h2>RIEPILOGO<\/h2>\n<p><strong><a class=\"dt-pswp-item\" href=\"https:\/\/www.radiopiu.net\/wordpress\/wp-content\/uploads\/2018\/08\/ULSS1-DOLOMITI.jpeg\" data-dt-img-description=\"\" data-large_image_width=\"1280\" data-large_image_height=\"768\"><img loading=\"lazy\" decoding=\"async\" class=\"wp-image-57211 alignleft\" src=\"https:\/\/www.radiopiu.net\/wordpress\/wp-content\/uploads\/2018\/08\/ULSS1-DOLOMITI-1024x614.jpeg\" alt=\"\" width=\"217\" height=\"130\" srcset=\"https:\/\/www.radiopiu.net\/wordpress\/wp-content\/uploads\/2018\/08\/ULSS1-DOLOMITI-1024x614.jpeg 1024w, https:\/\/www.radiopiu.net\/wordpress\/wp-content\/uploads\/2018\/08\/ULSS1-DOLOMITI-300x180.jpeg 300w, https:\/\/www.radiopiu.net\/wordpress\/wp-content\/uploads\/2018\/08\/ULSS1-DOLOMITI-768x461.jpeg 768w, https:\/\/www.radiopiu.net\/wordpress\/wp-content\/uploads\/2018\/08\/ULSS1-DOLOMITI.jpeg 1280w\" sizes=\"auto, (max-width: 217px) 100vw, 217px\" \/><\/a>BELLUNO<\/strong> Aggiorniamo la situazione ad oggi 15 aprile alle otto del mattino: <strong>positivi totali<\/strong>: 723 <strong>attualmente positivi.<\/strong> 604 <strong>persone in isolamento:<\/strong> 1059 (andamento decrescente) <strong>ricoveri: <\/strong>Ospedale di Comnit\u00e0 di Belluno e Agordo\u00a0 29 (13 ad Agordo)<br \/>\nBelluno San Martino area non critica\u00a0 40 Belluno terapia intensiva TI Belluno\u00a0 9.\u00a0<strong>Tamponi effettuati<\/strong>\u00a0 12.688 <strong>Totale tamponi effettuati ai dipendenti ulss<\/strong> 6.032 (i tamponi sono stati effettuati a 2.249 teste comprensive di dipendenti,e medici di continuit\u00e0 assistenziale) su circa 2.490 personale sanitario.<strong>test sierologici totali<\/strong> 4.349\u00a0 <span style=\"color: #ff0000;\">CENTRI DI SERVIZIO<\/span> (attivazione task force gi\u00e0 dal 23 marzo) <strong>ospiti con test sierologico effettuato<\/strong> 2037 <strong>tampone effettuato<\/strong> 723 <strong>tampone positivo<\/strong> 126. <strong>Personale (dipendenti e non)<\/strong>\u00a0 <strong>test sierologici effettuati<\/strong> 1842 <strong>tampone effettuato<\/strong> 1086 <strong>\u00a0tampone positivo<\/strong> 79.\u00a0<strong>Personale aggiuntivo<\/strong> assunto e operativo 34 di cui 15 medici 10 operatori sanitari, 8 infermieri, 1 tecnico di laboratorio. Dei 34 professionisti 14 sono a tempo indeterminato,\u00a0 12 in libera professione,\u00a0 5 rientri di personale in quiescenza,\u00a0 2 trattenuti in servizio,\u00a0 1 tempo determinato <strong>Continua la rimodulazione dell\u2019attivit\u00e0 sanitaria<\/strong><\/p>\n<p>&nbsp;<\/p>\n<hr \/>\n<p>&nbsp;<\/p>\n<p>&nbsp;<\/p>\n<blockquote>\n<h3>&#8220;DE COCCIO&#8221;: NELLA GIORNATA DI MARTEDI&#8217; 29 PERSONE SANZIONATE, ANCHE UN TITOLARE DI ATTIVITA&#8217; COMMERCIALE<\/h3>\n<\/blockquote>\n<p><strong>BELLUNO<\/strong> La Prefettura di Belluno comunica i dati riguardo i controlli delle Forze dell&#8217;Ordine in seguito al contenimento della diffusione del virus COVID-19. 845 le persone controllate nella giornata di marted\u00ec e 29 le sanzioni inflitte. Sono 67 le multe alla popolazione da inizio settimana, 790 dal 16 marzo. Controllati anche 1063 esercizi commerciali e un titolare\u00a0 \u00e8 stato sanzionato, prima sanzione della settimana. Da inizio emergenza 40281 i controlli alle attivit\u00e0 o esercizi commerciali, 17 titolari sanzionati e 17 attivit\u00e0 chiuse provvisoriamente di cui 12 con sanzione amministrativa accessoria.<\/p>\n<p><a class=\"dt-pswp-item\" href=\"https:\/\/www.radiopiu.net\/wordpress\/wp-content\/uploads\/2020\/04\/15.04_-_MONITORAGGIO_SETTIMANALE_DEI_SERVIZI_DI_CONTROLLO.jpg\" data-dt-img-description=\"\" data-large_image_width=\"1240\" data-large_image_height=\"1754\"><img loading=\"lazy\" decoding=\"async\" class=\"alignnone wp-image-130301\" src=\"https:\/\/www.radiopiu.net\/wordpress\/wp-content\/uploads\/2020\/04\/15.04_-_MONITORAGGIO_SETTIMANALE_DEI_SERVIZI_DI_CONTROLLO-212x300.jpg\" alt=\"\" width=\"300\" height=\"425\" srcset=\"https:\/\/www.radiopiu.net\/wordpress\/wp-content\/uploads\/2020\/04\/15.04_-_MONITORAGGIO_SETTIMANALE_DEI_SERVIZI_DI_CONTROLLO-212x300.jpg 212w, https:\/\/www.radiopiu.net\/wordpress\/wp-content\/uploads\/2020\/04\/15.04_-_MONITORAGGIO_SETTIMANALE_DEI_SERVIZI_DI_CONTROLLO-724x1024.jpg 724w, https:\/\/www.radiopiu.net\/wordpress\/wp-content\/uploads\/2020\/04\/15.04_-_MONITORAGGIO_SETTIMANALE_DEI_SERVIZI_DI_CONTROLLO-768x1086.jpg 768w, https:\/\/www.radiopiu.net\/wordpress\/wp-content\/uploads\/2020\/04\/15.04_-_MONITORAGGIO_SETTIMANALE_DEI_SERVIZI_DI_CONTROLLO-1086x1536.jpg 1086w, https:\/\/www.radiopiu.net\/wordpress\/wp-content\/uploads\/2020\/04\/15.04_-_MONITORAGGIO_SETTIMANALE_DEI_SERVIZI_DI_CONTROLLO.jpg 1240w\" sizes=\"auto, (max-width: 300px) 100vw, 300px\" \/><\/a><\/p>\n<p>&nbsp;<\/p>\n<hr \/>\n<p>&nbsp;<\/p>\n<p>&nbsp;<\/p>\n<h2>Cura Italia, Ministero Lavoro-Inps: da ieri pagamento indennit\u00e0 600 euro.<\/h2>\n<p><span style=\"color: #000000;\"><span style=\"font-family: Verdana, serif;\"><span style=\"font-size: medium;\"><br \/>\n<\/span><\/span><\/span><span style=\"color: #000000;\"><span style=\"font-family: Verdana, serif;\"><span style=\"font-size: large;\">L\u2019Inps ha avviato il pagamento delle indennit\u00e0 600 euro previste dal decreto Cura Italia.<\/span><\/span><\/span><span style=\"color: #000000;\"><span style=\"font-family: Verdana, serif;\"><span style=\"font-size: medium;\"><br \/>\n<\/span><\/span><\/span><span style=\"color: #000000;\"><span style=\"font-family: Verdana, serif;\"><span style=\"font-size: large;\">Oltre l\u201980 % di coloro che hanno presentato la domanda riceveranno l\u2019indennizzo sul proprio conto corrente, entro\u00a0 la fine della settimana si chiuderanno tutte le pratiche. <\/span><\/span><\/span><span style=\"color: #000000;\"><span style=\"font-family: Verdana, serif;\"><span style=\"font-size: large;\">Di seguito i dati dei bonus definiti da INPS di Belluno e INPS di Treviso.\u00a0<\/span><\/span><\/span><\/p>\n<table border=\"1\" width=\"700\" cellspacing=\"0\" cellpadding=\"5\">\n<colgroup>\n<col width=\"61\" \/>\n<col width=\"81\" \/>\n<col width=\"71\" \/>\n<col width=\"85\" \/>\n<col width=\"85\" \/>\n<col width=\"110\" \/>\n<col width=\"137\" \/> <\/colgroup>\n<tbody>\n<tr valign=\"BOTTOM\">\n<td bgcolor=\"#ffffff\" width=\"61\" height=\"9\"><span style=\"color: #000000;\"><b>Domande<\/b><\/span><\/td>\n<td bgcolor=\"#ffffff\" width=\"81\"><span style=\"color: #000000;\">In pagamento<\/span><\/td>\n<td bgcolor=\"#ffffff\" width=\"71\"><span style=\"color: #000000;\">VerificaIban<\/span><\/td>\n<td bgcolor=\"#ffffff\" width=\"85\"><span style=\"color: #000000;\"><b>Totale definito<\/b><\/span><\/td>\n<td bgcolor=\"#ffffff\" width=\"85\"><span style=\"color: #000000;\">Totale giacenti<\/span><\/td>\n<td bgcolor=\"#ffffff\" width=\"110\"><span style=\"color: #000000;\">Sede<\/span><\/td>\n<td bgcolor=\"#ffffff\" width=\"137\"><span style=\"color: #000000;\">\u00a0<\/span><\/td>\n<\/tr>\n<tr valign=\"BOTTOM\">\n<td bgcolor=\"#ffffff\" width=\"61\" height=\"10\">\n<p align=\"RIGHT\"><span style=\"color: #000000;\"><b>12558<\/b><\/span><\/p>\n<\/td>\n<td bgcolor=\"#ffffff\" width=\"81\">\n<p align=\"RIGHT\"><span style=\"color: #000000;\">7551<\/span><\/p>\n<\/td>\n<td bgcolor=\"#ffffff\" width=\"71\">\n<p align=\"RIGHT\"><span style=\"color: #000000;\">2594<\/span><\/p>\n<\/td>\n<td bgcolor=\"#ffffff\" width=\"85\">\n<p align=\"RIGHT\"><span style=\"color: #000000;\"><b>10145<\/b><\/span><\/p>\n<\/td>\n<td bgcolor=\"#ffffff\" width=\"85\">\n<p align=\"RIGHT\"><span style=\"color: #000000;\">2413<\/span><\/p>\n<\/td>\n<td bgcolor=\"#ffffff\" width=\"110\"><span style=\"color: #000000;\">Belluno<\/span><\/td>\n<td bgcolor=\"#ffffff\" width=\"137\"><span style=\"color: #000000;\"> Totale Belluno<\/span><\/td>\n<\/tr>\n<tr valign=\"BOTTOM\">\n<td bgcolor=\"#ffffff\" width=\"61\" height=\"9\">\n<p align=\"RIGHT\"><span style=\"color: #000000;\"><b>53464<\/b><\/span><\/p>\n<\/td>\n<td bgcolor=\"#ffffff\" width=\"81\">\n<p align=\"RIGHT\"><span style=\"color: #000000;\">33622<\/span><\/p>\n<\/td>\n<td bgcolor=\"#ffffff\" width=\"71\">\n<p align=\"RIGHT\"><span style=\"color: #000000;\">7819<\/span><\/p>\n<\/td>\n<td bgcolor=\"#ffffff\" width=\"85\">\n<p align=\"RIGHT\"><span style=\"color: #000000;\"><b>41441<\/b><\/span><\/p>\n<\/td>\n<td bgcolor=\"#ffffff\" width=\"85\">\n<p align=\"RIGHT\"><span style=\"color: #000000;\">12023<\/span><\/p>\n<\/td>\n<td bgcolor=\"#ffffff\" width=\"110\"><span style=\"color: #000000;\">Treviso<\/span><\/td>\n<td bgcolor=\"#ffffff\" width=\"137\"><span style=\"color: #000000;\">Totale Treviso<\/span><\/p>\n<p>&nbsp;<\/td>\n<\/tr>\n<\/tbody>\n<\/table>\n<p>&nbsp;<\/p>\n<div><\/div>\n<div><\/div>\n<hr \/>\n<div class=\"page-title-breadcrumbs\">\n<p>&nbsp;<\/p>\n<\/div>\n<blockquote>\n<h3>CGIL BELLUNO: I DATI SONO ESSENZIALI &#8211; CASE DI RIPOSO<\/h3>\n<\/blockquote>\n<p><strong><a class=\"dt-pswp-item\" href=\"https:\/\/www.radiopiu.net\/wordpress\/wp-content\/uploads\/2020\/04\/download-10.jpg\" data-dt-img-description=\"\" data-large_image_width=\"275\" data-large_image_height=\"183\"><img loading=\"lazy\" decoding=\"async\" class=\"alignleft size-full wp-image-130307\" src=\"https:\/\/www.radiopiu.net\/wordpress\/wp-content\/uploads\/2020\/04\/download-10.jpg\" alt=\"\" width=\"275\" height=\"183\" \/><\/a>BELLUNO<\/strong> La CGIL Belluno fa il punto sulla distribuzione dei dati e sulle case di riposo con un documento firmato da Mauro De Carli (<em>foto News In Quota<\/em>)<\/p>\n<blockquote>\n<p class=\"p1\"><em><span class=\"s1\">La questione dei dati \u00e8 essenziale! Da quando\u00e8 partita l\u2019emergenza da Corona Virus assistiamo, quasi ad una sorta di rito quotidiano irrinunciabile, alle teleconferenze del presidente del Veneto Zaiacon la speranza di sentirci dire che il peggio \u00e8 passato e lo possiamo sapere, anzi certificare, dalle notizie che lui cifa sapere, dai fogli che ci fa vedere con scritti il numero dei morti, dei ricoverati.Conquei dati il popolo veneto viene di volta in voltarassicurato, e quindi trova logica la riapertura produttiva anticipatacaldeggiata dal governatore, oppure rattristato per dover ancora rispettare ad oltranza le restrizioni perch\u00e9 l\u2019epidemia sar\u00e0 ancora lunga. <\/span><\/em><em><span class=\"s1\">I dati sono quindi patrimonio politico di chi li ha, e li gestisce come vuole; nel nostro piccolo a Belluno siamo nella stessa identica situazione perch\u00e9 da sempre chiediamo di conoscere cosa sta realmente succedendo dentro le case di riposo. Da sempre ci \u00e8 stato risposto che non si vuole far sapere queste cose, che messe in pasto alla stampa possono generare strumentalizzazionie creare sconcerto ed eccessiva preoccupazione nell\u2019opinione pubblica. <\/span><\/em><em><span class=\"s1\">Tenere tutto nascosto invece cosa sta producendo?Qualcosa comunque traspare, di volta in volta si vengono a conoscere le situazioni di crisi, e la gente comune trasale di spavento quando scopre che un proprio famigliare\u00e8 ospite di una RSA colpita in modo forte dai contagi, qualche altro,con i parenti in altre strutture, si domanda quanto tempo manca prima che il contagio arrivi anche li e soprattutto se sono state messe in atto tutte le mosse per evitare il propagare del Corona Virus.<\/span><\/em><em><span class=\"s1\">Allora ci servirebbe sapere se le morti di questi giorni, nelle strutture per anziani di Mel e Pedavena (probabili?), sono causate dadinamiche organizzative non ottimali di 10\/12 giorni addietro, quando ogni RSA in provinciasi rinchiudeva attorno ai soli propri direttori per cercare di gestire \u201cin casa\u201d i protocolli di emergenza. Siamo ora quindial picco dell\u2019emergenza dentro le case di riposo? <\/span><\/em><em><span class=\"s1\">Oppure ci sono stati dei particolari indirizzi che, anche volendo, non si potevanorispettare? Nella nostra lettera ai giornali e direttamente alla direzione ULSS Dolomiti il 10 aprile (un giorno prima alle stesse RSA)abbiamo chiesto un coordinamento, quasi una supervisione della stessa ULSS, proprio per verificare l\u2019appropriatezza dei singoli piani d\u2019emergenza da COVID 19, la loro concreta fattibilit\u00e0, oltre a supporto per i DPI, per l\u2019eventuale carenza di personale di fronte all\u2019aumento del contagio tra i dipendenti. <\/span><\/em><em><span class=\"s1\">Ci hanno rassicurato, rispondendoci inoltre che entro Pasquetta (ieri) si concludeva la mappatura sierologica diospiti e lavoratrici\/ori entro le Case di riposo, a cui seguiva l\u2019individuazione precisa dei casi positivi con un successivo tampone; a quel punto le garanzie per gestire i casi di isolamento o di quarantena erano le migliori possibili e le rassicurazioni per tutti le massime prevedibili. <\/span><\/em><em><span class=\"s1\">Ora siamo a porre due domande e chiedere due dati: su circa 2300 prelievi fatti quanti sono casi che presentano anticorpiCOVID 19? Tutte le strutture, anche quelle non infette,avranno casi di isolamento e soprattutto tutteavranno copertura neiturni con il solopersonale non in quarantena? <\/span><\/em><em><span class=\"s1\">Se avessimo i dati, passo dopo passo, potremmo quindi conoscere e effettivamente tranquillizzare anche noi tutti quanti; non solo, ma avendo a parallelo la metodologiache si utilizza per dare soluzione ai problemi sull\u2019antinfortunistica, in cui si analizzano congiuntamente i casi di infortunio o di pericolosit\u00e0 per trovare poi la soluzione e eliminare il rischio per un futuro, anche qui sembrerebbe importante utilizzare lo stesso metodo. <\/span><\/em><em><span class=\"s1\">Se non si permette di sapere, anzi in alcuni casi si oscura,i numeri e le dinamiche che hanno generato il contagio, se vi sono stati errori o superficialit\u00e0, allora nascono due pensieri; il primo, si fa trasparire la titubanza delle direzioni RSAnel voler discutere sul proprio operato e il <\/span><span class=\"s2\">secondo non si permette quell\u2019analisi tecnica che potrebbe risolvere analoghe situazioni che si dovessero presentare in altre case di riposo del territorio. E il sindacato rivendica il diritto di discutere su questioni che tutelano le\/i lavoratrici\/ori e alla pari gli ospiti delle strutture degli anziani<\/span><span class=\"s1\">. <\/span><\/em><em><span class=\"s1\">E i casi che le FP CGIL ha posto all\u2019evidenza della stampa in questi giorni hanno sempre avuto questo prioritario scopo: costruire una maggiore sicurezza da contagio, dalla conoscenzae dalle dinamiche dei casi stessi.<\/span><\/em><\/p>\n<p class=\"p1\">\n<\/blockquote>\n<p>&nbsp;<\/p>\n<hr \/>\n<p>&nbsp;<\/p>\n<h3>Emergenza coronavirus &#8211; Ordine del giorno di Pd, M5S, CpV, LeU e IiC:<\/h3>\n<p><strong>VENEZIA\u00a0<\/strong><em>\u201cLa Regione riconosca un\u2019indennit\u00e0 aggiuntiva in favore del personale sanitario in prima linea contro l\u2019emergenza coronavirus, a partire dalla prossima variazione di bilancio che approder\u00e0 in Consiglio la prossima settimana\u201d.<\/em>\u00a0 A chiederlo, con un ordine del giorno illustrato oggi in conferenza stampa, tutte le forze di minoranza a Palazzo Ferro Fini (Partito Democratico, Movimento Cinque Stelle, Civica per il Veneto, Liberi e Uguali e Italia in Comune). <em>\u201cLa variazione \u00e8 nata prima dell\u2019emergenza, ma adesso il quadro \u00e8 cambiato ed \u00e8 quindi prioritario un intervento economico-finanziario sul fronte della sanit\u00e0. Con l\u2019ordine del giorno impegniamo la Giunta ad attribuire un\u2019indennit\u00e0 aggiuntiva alle numerose persone, medici, infermieri, operatori sociosanitari, che in queste settimane stanno pagando un prezzo anche in termini di vite umane&#8221; <\/em>\u00a0afferma il capogruppo dem Stefano Fracasso<\/p>\n<p>&nbsp;<\/p>\n<hr \/>\n<p>&nbsp;<\/p>\n<p>&nbsp;<\/p>\n<blockquote>\n<h2>DL OLIMPIADI, APPROVATA LA LEGGE A LARGA MAGGIORANZA<\/h2>\n<\/blockquote>\n<p>&nbsp;<\/p>\n<p>De Menech, &#8220;manteniamo impegni .Ora puntiamo su ripartenza\u00bb<\/p>\n<p><strong>ROMA<\/strong> Via libera dall&#8217;aula della Camera al decreto legge sulle Olimpiadi invernali Milano Cortina 2026 e sulle finali di tennis Atp Torino 2021-2025. I favorevoli sono stati 408, i voti contrari soltanto due. Un&#8217;approvazione, dunque, quasi all&#8217;unanimit\u00e0. La votazione, come \u00e8 prassi nelle ultime settimane, si \u00e8 svolta per chiamata nominale, per garantire le prerogative dei deputati evitando per\u00f2 assembramenti e assicurando il distanziamento di sicurezza contro il contagio del coronavirus. Il provvedimento, che scade il 12 maggio, passa ora all&#8217;esame del Senato.<\/p>\n<p><iframe loading=\"lazy\" title=\"Giochi olimpici e paralimpici invernali Milano-Cortina 2026 e Finali di Tennis ATP Torino 2021-2025\" width=\"1200\" height=\"900\" src=\"https:\/\/www.youtube.com\/embed\/zRIjsUFr2qU?feature=oembed\" frameborder=\"0\" allow=\"accelerometer; autoplay; clipboard-write; encrypted-media; gyroscope; picture-in-picture\" allowfullscreen><\/iframe><\/p>\n<p>&nbsp;<\/p>\n<hr \/>\n<p>&nbsp;<\/p>\n<p>&nbsp;<\/p>\n<h2>D&#8217;Inc\u00e0: &#8220;Approvazione del DL \u00e8 un segnale forte per futuro e territorio&#8221;<\/h2>\n<p><strong>ROMA<\/strong>\u00a0 <em>&#8220;L&#8217;approvazione alla Camera del Dl Olimpiadi \u00e8 un segnale importante per il futuro del territorio bellunese e dello sport italiano. Il provvedimento votato oggi alla Camera dimostra ancora una volta l&#8217;attenzione verso il percorso dei Giochi invernali Milano Cortina 2026&#8221;.<\/em> Lo afferma Federico D&#8217;Inc\u00e0, Ministro per i Rapporti con il Parlamento, in merito all&#8217;approvazione alla Camera dei Deputati del Dl Olimpiadi invernali 2026.\u00a0 <em>&#8220;Il Governo crede negli eventi sportivi realizzati secondo una corretta gestione dei fondi pubblici: il percorso di sostenibilit\u00e0 a vantaggio del territorio diventer\u00e0 la regola per i grandi avvenimenti del nostro Paese &#8211; conclude il Ministro per i Rapporti con il Parlamento&#8221;.<\/em><\/p>\n<p>&nbsp;<\/p>\n<p>&nbsp;<\/p>\n<hr \/>\n<p>&nbsp;<\/p>\n<blockquote>\n<h3><\/h3>\n<h3><a class=\"dt-pswp-item\" href=\"https:\/\/www.radiopiu.net\/wordpress\/wp-content\/uploads\/2016\/12\/POLOTAMONICH.jpg\" data-dt-img-description=\"\" data-large_image_width=\"284\" data-large_image_height=\"158\"><img loading=\"lazy\" decoding=\"async\" class=\" wp-image-26115 alignleft\" src=\"https:\/\/www.radiopiu.net\/wordpress\/wp-content\/uploads\/2016\/12\/POLOTAMONICH.jpg\" alt=\"\" width=\"210\" height=\"117\" \/><\/a>L&#8217;AREA CAMPER IN LOCALITA&#8217; VALCOZZENA TRASLOCA, PIU&#8217; VICINA AL CENTRO, LONTANO DA FABBRICHE E ATTIVITA&#8217; COMMERCIALI CHE NECESSITANO DI PARCHEGGI.<\/h3>\n<p>&nbsp;<\/p>\n<p>&nbsp;<\/p>\n<p>di GIANNI SANTOMASO<\/p><\/blockquote>\n<audio class=\"wp-audio-shortcode\" id=\"audio-130292-2\" preload=\"none\" style=\"width: 100%;\" controls=\"controls\"><source type=\"audio\/mpeg\" src=\"https:\/\/www.radiopiu.net\/wordpress\/wp-content\/uploads\/2020\/04\/gianni-parcheggi.mp3?_=2\" \/><a href=\"https:\/\/www.radiopiu.net\/wordpress\/wp-content\/uploads\/2020\/04\/gianni-parcheggi.mp3\">https:\/\/www.radiopiu.net\/wordpress\/wp-content\/uploads\/2020\/04\/gianni-parcheggi.mp3<\/a><\/audio>\n<blockquote><p>La decisione \u00e8 dell&#8217;amministrazione comunale del sindaco Roberto Chissal\u00e8\u00a0 Radio Pi\u00f9 ne parla l&#8217;assessore al turismo Chiara Fontanive<\/p><\/blockquote>\n<audio class=\"wp-audio-shortcode\" id=\"audio-130292-3\" preload=\"none\" style=\"width: 100%;\" controls=\"controls\"><source type=\"audio\/mpeg\" src=\"https:\/\/www.radiopiu.net\/wordpress\/wp-content\/uploads\/2020\/04\/CHIARA-FONTANIVE.mp3?_=3\" \/><a href=\"https:\/\/www.radiopiu.net\/wordpress\/wp-content\/uploads\/2020\/04\/CHIARA-FONTANIVE.mp3\">https:\/\/www.radiopiu.net\/wordpress\/wp-content\/uploads\/2020\/04\/CHIARA-FONTANIVE.mp3<\/a><\/audio>\n<p>&nbsp;<\/p>\n<p>&nbsp;<\/p>\n<hr \/>\n<p>&nbsp;<\/p>\n<p>&nbsp;<\/p>\n<p>&nbsp;<\/p>\n<h2>STASERA CONSIGLIO COMUNALE A SAN TOMASO, A PORTE CHIUSE<\/h2>\n<p>&nbsp;<\/p>\n<p><strong>DI GIANNI SANTOMASO<\/strong><\/p>\n<audio class=\"wp-audio-shortcode\" id=\"audio-130292-4\" preload=\"none\" style=\"width: 100%;\" controls=\"controls\"><source type=\"audio\/mpeg\" src=\"https:\/\/www.radiopiu.net\/wordpress\/wp-content\/uploads\/2020\/04\/gianni-santomao.mp3?_=4\" \/><a href=\"https:\/\/www.radiopiu.net\/wordpress\/wp-content\/uploads\/2020\/04\/gianni-santomao.mp3\">https:\/\/www.radiopiu.net\/wordpress\/wp-content\/uploads\/2020\/04\/gianni-santomao.mp3<\/a><\/audio>\n<p>&nbsp;<\/p>\n<p>&nbsp;<\/p>\n<hr \/>\n<h3><\/h3>\n<p>&nbsp;<\/p>\n<h3>ESSERE INSIEME A DISTANZA, IL DIGITALE NON IN SOSTITUZIONE MA COME RISORSA<\/h3>\n<p><strong><a class=\"dt-pswp-item\" href=\"https:\/\/www.radiopiu.net\/wordpress\/wp-content\/uploads\/2020\/04\/SCUOLA-A-DISTANZA.jpg\" data-dt-img-description=\"\" data-large_image_width=\"509\" data-large_image_height=\"340\"><img loading=\"lazy\" decoding=\"async\" class=\"wp-image-130421 alignleft\" src=\"https:\/\/www.radiopiu.net\/wordpress\/wp-content\/uploads\/2020\/04\/SCUOLA-A-DISTANZA.jpg\" alt=\"\" width=\"218\" height=\"146\" srcset=\"https:\/\/www.radiopiu.net\/wordpress\/wp-content\/uploads\/2020\/04\/SCUOLA-A-DISTANZA.jpg 509w, https:\/\/www.radiopiu.net\/wordpress\/wp-content\/uploads\/2020\/04\/SCUOLA-A-DISTANZA-300x200.jpg 300w\" sizes=\"auto, (max-width: 218px) 100vw, 218px\" \/><\/a>FELTRE<\/strong>\u00a0 Al via dal 21 aprile un servizio gratuito on line per gli studenti delle medie che vogliono imparare a studiare e migliorare l&#8217;apprendimento.\u00a0 Il Comune di Feltre si prepara a lanciare il servizio &#8220;Crescere insieme a distanza&#8221;: una serie di lezioni on-line concepite come spazio virtuale in cui ragazzi che frequentano le scuole medie potranno sperimentarsi nella capacit\u00e0 di pensare al proprio apprendimento, alle proprie capacit\u00e0 e difficolt\u00e0, tenendo in considerazione i propri interessi e attitudini. Le lezioni sono gratuite. Per partecipare \u00e8 necessario iscriversi, mandando una mail all&#8217;indirizzo doposcuolafeltre@gmail.com. Il primo appuntamento \u00e8 fissato per marted\u00ec 21 aprile 2020 alle ore 17.30 con una diretta Facebook dalla pagina del Centro Giovani.<\/p>\n<p>AI MICROFONI DI RADIO PIU&#8217; L&#8217;ASSESSORE ALLE POLITICHE SOCIALI GIORGIA LI CASTRI<\/p>\n<audio class=\"wp-audio-shortcode\" id=\"audio-130292-5\" preload=\"none\" style=\"width: 100%;\" controls=\"controls\"><source type=\"audio\/mpeg\" src=\"https:\/\/www.radiopiu.net\/wordpress\/wp-content\/uploads\/2020\/04\/GIORGIA.mp3?_=5\" \/><a href=\"https:\/\/www.radiopiu.net\/wordpress\/wp-content\/uploads\/2020\/04\/GIORGIA.mp3\">https:\/\/www.radiopiu.net\/wordpress\/wp-content\/uploads\/2020\/04\/GIORGIA.mp3<\/a><\/audio>\n<p>&nbsp;<\/p>\n<p>&nbsp;<\/p>\n<hr \/>\n<p>&nbsp;<\/p>\n<p>&nbsp;<\/p>\n<blockquote>\n<h2>CEDIMENTI AL CASTELLO DI ANDRAZ PER LE INFILTRAZIONI D&#8217;ACQUA<\/h2>\n<\/blockquote>\n<p><strong>LIVINALLONGO<\/strong> Non \u00e8 pregiudicata la struttura, ma i problemi causati dai fenomeni meteorologici sono evidenti. Abbiamo chiesto al sindaco di Livinallongo di spiegarci cosa \u00e8 successo.<\/p>\n<p><strong>AI MICROFONI DI RADIO PIU&#8217; LEANDRO GRONES<\/strong><\/p>\n<audio class=\"wp-audio-shortcode\" id=\"audio-130292-6\" preload=\"none\" style=\"width: 100%;\" controls=\"controls\"><source type=\"audio\/mpeg\" src=\"https:\/\/www.radiopiu.net\/wordpress\/wp-content\/uploads\/2020\/04\/LEANDRO.mp3?_=6\" \/><a href=\"https:\/\/www.radiopiu.net\/wordpress\/wp-content\/uploads\/2020\/04\/LEANDRO.mp3\">https:\/\/www.radiopiu.net\/wordpress\/wp-content\/uploads\/2020\/04\/LEANDRO.mp3<\/a><\/audio>\n<p>&nbsp;<\/p>\n<p><a class=\"dt-pswp-item\" href=\"https:\/\/www.radiopiu.net\/wordpress\/wp-content\/uploads\/2020\/04\/13c5c2f5-0243-44ac-aa0a-292b7ff64cf0.jpg\" data-dt-img-description=\"\" data-large_image_width=\"841\" data-large_image_height=\"1024\"><img loading=\"lazy\" decoding=\"async\" class=\"alignnone wp-image-130567\" src=\"https:\/\/www.radiopiu.net\/wordpress\/wp-content\/uploads\/2020\/04\/13c5c2f5-0243-44ac-aa0a-292b7ff64cf0.jpg\" alt=\"\" width=\"357\" height=\"435\" srcset=\"https:\/\/www.radiopiu.net\/wordpress\/wp-content\/uploads\/2020\/04\/13c5c2f5-0243-44ac-aa0a-292b7ff64cf0.jpg 841w, https:\/\/www.radiopiu.net\/wordpress\/wp-content\/uploads\/2020\/04\/13c5c2f5-0243-44ac-aa0a-292b7ff64cf0-246x300.jpg 246w, https:\/\/www.radiopiu.net\/wordpress\/wp-content\/uploads\/2020\/04\/13c5c2f5-0243-44ac-aa0a-292b7ff64cf0-768x935.jpg 768w\" sizes=\"auto, (max-width: 357px) 100vw, 357px\" \/><\/a><a class=\"dt-pswp-item\" href=\"https:\/\/www.radiopiu.net\/wordpress\/wp-content\/uploads\/2020\/04\/7d964414-ab43-40f9-8b62-f589dce3b29b.jpg\" data-dt-img-description=\"\" data-large_image_width=\"768\" data-large_image_height=\"1024\"><img loading=\"lazy\" decoding=\"async\" class=\"alignnone wp-image-130566\" src=\"https:\/\/www.radiopiu.net\/wordpress\/wp-content\/uploads\/2020\/04\/7d964414-ab43-40f9-8b62-f589dce3b29b.jpg\" alt=\"\" width=\"324\" height=\"432\" srcset=\"https:\/\/www.radiopiu.net\/wordpress\/wp-content\/uploads\/2020\/04\/7d964414-ab43-40f9-8b62-f589dce3b29b.jpg 768w, https:\/\/www.radiopiu.net\/wordpress\/wp-content\/uploads\/2020\/04\/7d964414-ab43-40f9-8b62-f589dce3b29b-225x300.jpg 225w\" sizes=\"auto, (max-width: 324px) 100vw, 324px\" \/><\/a><\/p>\n<p>&nbsp;<\/p>\n<p>&nbsp;<\/p>\n<p>&nbsp;<\/p>\n<blockquote>\n<h3>I VIGILI DEL FUOCO VOLONTARI DI SELVA DI CADORE SANIFICANO LE STRADE<\/h3>\n<\/blockquote>\n<p><strong><a class=\"dt-pswp-item\" href=\"https:\/\/www.radiopiu.net\/wordpress\/wp-content\/uploads\/2020\/04\/SILVA-CESTARO-2020.jpg\" data-dt-img-description=\"\" data-large_image_width=\"1200\" data-large_image_height=\"1600\"><img loading=\"lazy\" decoding=\"async\" class=\"alignleft wp-image-130287\" src=\"https:\/\/www.radiopiu.net\/wordpress\/wp-content\/uploads\/2020\/04\/SILVA-CESTARO-2020-225x300.jpg\" alt=\"\" width=\"122\" height=\"163\" srcset=\"https:\/\/www.radiopiu.net\/wordpress\/wp-content\/uploads\/2020\/04\/SILVA-CESTARO-2020-225x300.jpg 225w, https:\/\/www.radiopiu.net\/wordpress\/wp-content\/uploads\/2020\/04\/SILVA-CESTARO-2020-768x1024.jpg 768w, https:\/\/www.radiopiu.net\/wordpress\/wp-content\/uploads\/2020\/04\/SILVA-CESTARO-2020-1152x1536.jpg 1152w, https:\/\/www.radiopiu.net\/wordpress\/wp-content\/uploads\/2020\/04\/SILVA-CESTARO-2020.jpg 1200w\" sizes=\"auto, (max-width: 122px) 100vw, 122px\" \/><\/a>SELVA DI CADORE<\/strong> Nella giornata di marted\u00ec i Vigili Del Fuoco volontari di Selva di Cadore hanno sanificato tutte le aree pubbliche e private con la soluzione fornito dalla provincia su indicazione dalla OSS.<\/p>\n<p>&nbsp;<\/p>\n<p><strong>IL SINDACO DI SELVA DI CADORE SILVIA CESTARO<\/strong><\/p>\n<audio class=\"wp-audio-shortcode\" id=\"audio-130292-7\" preload=\"none\" style=\"width: 100%;\" controls=\"controls\"><source type=\"audio\/mpeg\" src=\"https:\/\/www.radiopiu.net\/wordpress\/wp-content\/uploads\/2020\/04\/SILVIA-CESTARO-SANIFICAZIONE-VIGILI.mp3?_=7\" \/><a href=\"https:\/\/www.radiopiu.net\/wordpress\/wp-content\/uploads\/2020\/04\/SILVIA-CESTARO-SANIFICAZIONE-VIGILI.mp3\">https:\/\/www.radiopiu.net\/wordpress\/wp-content\/uploads\/2020\/04\/SILVIA-CESTARO-SANIFICAZIONE-VIGILI.mp3<\/a><\/audio>\n<p>&nbsp;<\/p>\n<p><a class=\"dt-pswp-item\" href=\"https:\/\/www.radiopiu.net\/wordpress\/wp-content\/uploads\/2020\/04\/352b1b93-a88f-43dd-b19e-1dc27cdd436b.jpg\" data-dt-img-description=\"\" data-large_image_width=\"960\" data-large_image_height=\"1280\"><img loading=\"lazy\" decoding=\"async\" class=\"alignnone wp-image-130290\" src=\"https:\/\/www.radiopiu.net\/wordpress\/wp-content\/uploads\/2020\/04\/352b1b93-a88f-43dd-b19e-1dc27cdd436b-768x1024.jpg\" alt=\"\" width=\"203\" height=\"271\" srcset=\"https:\/\/www.radiopiu.net\/wordpress\/wp-content\/uploads\/2020\/04\/352b1b93-a88f-43dd-b19e-1dc27cdd436b-768x1024.jpg 768w, https:\/\/www.radiopiu.net\/wordpress\/wp-content\/uploads\/2020\/04\/352b1b93-a88f-43dd-b19e-1dc27cdd436b-225x300.jpg 225w, https:\/\/www.radiopiu.net\/wordpress\/wp-content\/uploads\/2020\/04\/352b1b93-a88f-43dd-b19e-1dc27cdd436b.jpg 960w\" sizes=\"auto, (max-width: 203px) 100vw, 203px\" \/><\/a><a class=\"dt-pswp-item\" href=\"https:\/\/www.radiopiu.net\/wordpress\/wp-content\/uploads\/2020\/04\/acc713ce-9b88-4433-9138-7bbf02394110.jpg\" data-dt-img-description=\"\" data-large_image_width=\"960\" data-large_image_height=\"1280\"><img loading=\"lazy\" decoding=\"async\" class=\"alignnone wp-image-130289\" src=\"https:\/\/www.radiopiu.net\/wordpress\/wp-content\/uploads\/2020\/04\/acc713ce-9b88-4433-9138-7bbf02394110-768x1024.jpg\" alt=\"\" width=\"202\" height=\"271\" \/><\/a><\/p>\n<p>&nbsp;<\/p>\n<p>&nbsp;<\/p>\n<hr \/>\n<p>&nbsp;<\/p>\n<p>&nbsp;<\/p>\n<h2>RIPRENDE A PIENO REGIME IL CANTIERE DI CANCIA, OBIETTIVO: COMPLETARE LE OPERE ENTRO LA FINE DELL&#8217;ESTATE MOLTO PRIMA DEL CRONOPROGRAMMA<\/h2>\n<p><strong><a class=\"dt-pswp-item\" href=\"https:\/\/www.radiopiu.net\/wordpress\/wp-content\/uploads\/2020\/04\/cancia.jpg\" data-dt-img-description=\"\" data-large_image_width=\"1600\" data-large_image_height=\"1200\"><img loading=\"lazy\" decoding=\"async\" class=\"wp-image-130399 alignleft\" src=\"https:\/\/www.radiopiu.net\/wordpress\/wp-content\/uploads\/2020\/04\/cancia-1024x768.jpg\" alt=\"\" width=\"181\" height=\"137\" srcset=\"https:\/\/www.radiopiu.net\/wordpress\/wp-content\/uploads\/2020\/04\/cancia-1024x768.jpg 1024w, https:\/\/www.radiopiu.net\/wordpress\/wp-content\/uploads\/2020\/04\/cancia-300x225.jpg 300w, https:\/\/www.radiopiu.net\/wordpress\/wp-content\/uploads\/2020\/04\/cancia-768x576.jpg 768w, https:\/\/www.radiopiu.net\/wordpress\/wp-content\/uploads\/2020\/04\/cancia-1536x1152.jpg 1536w, https:\/\/www.radiopiu.net\/wordpress\/wp-content\/uploads\/2020\/04\/cancia.jpg 1600w\" sizes=\"auto, (max-width: 181px) 100vw, 181px\" \/><\/a>BORCA DI CADORE<\/strong>\u00a0 Nei prossimi giorni riprender\u00e0 a pieno regime il cantiere di messa in sicurezza dell\u2019abitato di Cancia. L\u2019obiettivo, completare le operazioni del primo stralcio (da 4.135.000 euro) entro la fine dell\u2019estate e assicurare cos\u00ec la mitigazione del rischio di colata detritica che interessa il canalone di Cancia e che da anni minaccia le abitazioni sottostanti. <em>\u00abLe maestranze ci hanno fatto sapere di essere pronte a ripartire, visto che neve e ghiaccio, anche in quota, non ci sono pi\u00f9. I lavori riprenderanno a breve, al pi\u00f9 tardi il 4 maggio &#8211; spiega il consigliere provinciale delegato alla Difesa del Suolo, Massimo Bortoluzzi -. In questo modo possiamo completare l\u2019operazione prima dei tempi previsti, con la chiusura dei lavori per fine luglio, o al massimo a settembre<\/em>. Il consigliere Bortoluzzi insieme agli uffici provinciali ha contattato la direzione lavori del cantiere e diversi sindaci della Valboite, in modo da trovare un posto in cui gli operai possono fermarsi a mangiare e dormire,\u00a0 la ditta che opera sulcanalone dell\u2019Antelao, infatti, proviene da fuori provincia.<\/p>\n<p><strong>AI MICROFONI DI RADIO PIU&#8217; IL CONSIGLIERE MASSIMO BORTOLUZZI<\/strong><\/p>\n<audio class=\"wp-audio-shortcode\" id=\"audio-130292-8\" preload=\"none\" style=\"width: 100%;\" controls=\"controls\"><source type=\"audio\/mpeg\" src=\"https:\/\/www.radiopiu.net\/wordpress\/wp-content\/uploads\/2020\/04\/bortoluzzi-1.mp3?_=8\" \/><a href=\"https:\/\/www.radiopiu.net\/wordpress\/wp-content\/uploads\/2020\/04\/bortoluzzi-1.mp3\">https:\/\/www.radiopiu.net\/wordpress\/wp-content\/uploads\/2020\/04\/bortoluzzi-1.mp3<\/a><\/audio>\n<p>&nbsp;<\/p>\n<p>&nbsp;<\/p>\n<hr \/>\n<p>&nbsp;<\/p>\n<p>&nbsp;<\/p>\n<blockquote>\n<h2>IL SOCCORSO ALPINO DI LONGARONE DONA MILLE EURO ALLA ULSS 1<\/h2>\n<\/blockquote>\n<p><strong><a class=\"dt-pswp-item\" href=\"https:\/\/www.radiopiu.net\/wordpress\/wp-content\/uploads\/2020\/04\/IMG-20200415-WA0005.jpg\" data-dt-img-description=\"\" data-large_image_width=\"1200\" data-large_image_height=\"1600\"><img loading=\"lazy\" decoding=\"async\" class=\"wp-image-130388 alignleft\" src=\"https:\/\/www.radiopiu.net\/wordpress\/wp-content\/uploads\/2020\/04\/IMG-20200415-WA0005-768x1024.jpg\" alt=\"\" width=\"146\" height=\"194\" srcset=\"https:\/\/www.radiopiu.net\/wordpress\/wp-content\/uploads\/2020\/04\/IMG-20200415-WA0005-768x1024.jpg 768w, https:\/\/www.radiopiu.net\/wordpress\/wp-content\/uploads\/2020\/04\/IMG-20200415-WA0005-225x300.jpg 225w, https:\/\/www.radiopiu.net\/wordpress\/wp-content\/uploads\/2020\/04\/IMG-20200415-WA0005-1152x1536.jpg 1152w, https:\/\/www.radiopiu.net\/wordpress\/wp-content\/uploads\/2020\/04\/IMG-20200415-WA0005.jpg 1200w\" sizes=\"auto, (max-width: 146px) 100vw, 146px\" \/><\/a>LONGARONE<\/strong>\u00a0 Per sottolineare la vicinanza a tutti gli operatori della sanit\u00e0, che in questo momento si stanno impegnando senza risparmiarsi nell&#8217;emergenza Covid &#8211; 19, il Soccorso alpino di Longarone ha donato mille euro alla Ulss 1 Dolomiti. Una decisione presa all&#8217;unanimit\u00e0 dalla Stazione per ringraziare quanti si stanno prodigando ogni giorno per aiutare la comunit\u00e0.<\/p>\n<p>&nbsp;<\/p>\n<p>&nbsp;<\/p>\n<p>&nbsp;<\/p>\n<p>&nbsp;<\/p>\n<p>&nbsp;<\/p>\n<hr \/>\n<p>&nbsp;<\/p>\n<p>&nbsp;<\/p>\n<blockquote>\n<h2>DAL VIVAIO SCARIOT 1000 MASCHERINE PER I FELTRINI<\/h2>\n<\/blockquote>\n<p align=\"JUSTIFY\"><span style=\"font-size: large;\"><b><a class=\"dt-pswp-item\" href=\"https:\/\/www.radiopiu.net\/wordpress\/wp-content\/uploads\/2020\/04\/Scariot-2.jpg\" data-dt-img-description=\"\" data-large_image_width=\"2000\" data-large_image_height=\"1500\"><img loading=\"lazy\" decoding=\"async\" class=\"wp-image-130393 alignleft\" src=\"https:\/\/www.radiopiu.net\/wordpress\/wp-content\/uploads\/2020\/04\/Scariot-2-1024x768.jpg\" alt=\"\" width=\"161\" height=\"121\" srcset=\"https:\/\/www.radiopiu.net\/wordpress\/wp-content\/uploads\/2020\/04\/Scariot-2-1024x768.jpg 1024w, https:\/\/www.radiopiu.net\/wordpress\/wp-content\/uploads\/2020\/04\/Scariot-2-300x225.jpg 300w, https:\/\/www.radiopiu.net\/wordpress\/wp-content\/uploads\/2020\/04\/Scariot-2-768x576.jpg 768w, https:\/\/www.radiopiu.net\/wordpress\/wp-content\/uploads\/2020\/04\/Scariot-2-1536x1152.jpg 1536w, https:\/\/www.radiopiu.net\/wordpress\/wp-content\/uploads\/2020\/04\/Scariot-2.jpg 2000w\" sizes=\"auto, (max-width: 161px) 100vw, 161px\" \/><\/a>FELTRE Un&#8217;altra importante donazione<\/b><\/span><span style=\"font-size: large;\"> a favore della comunit\u00e0 feltrina. Il <\/span><span style=\"font-size: large;\">Vivaio Scariot di via Casonetto, si \u00e8 reso protagonista di una iniziativa tanto utile quanto particolare. <\/span><span style=\"font-size: large;\">In queste settimane, in concomitanza con la chiusura dell\u2019attivit\u00e0 al pubblico prevista dalle norme sul contenimento dell\u2019epidemia, il Vivaio si \u00e8 attrezzato \u2013 come molte altre aziende &#8211; per la consegna a domicilio dei propri prodotti. <em>\u201cIndipendentemente dalla spesa sostenuta dai clienti &#8211; racconta il titolare, Marco Scariot \u2013 abbiamo deciso di non chiedere nessun sovrapprezzo per la consegna a casa; molte persone hanno per\u00f2 deciso di lasciarci comunque una piccola cifra quale segno di gratitudine e riconoscenza. Abbiamo cos\u00ec deciso, continua Scariot, di accantonare tutte queste somme, alle quali abbiamo poi aggiunto la cifra necessaria per arrivare all\u2019acquisto delle mascherine che abbiamo donato oggi al Comune di Feltre\u201d. <\/em><\/span><span style=\"font-size: large;\">Si tratta di una dotazione di 1.000 mascherine lavabili, adatte a vari utilizzi, che l\u2019Amministrazione valuter\u00e0 ora come destinare.<\/span><\/p>\n<blockquote>\n<p align=\"JUSTIFY\"><em>\u201c<span style=\"font-size: large;\">Ringrazio di cuore Marco Scariot e tutti suoi collaboratori per il gesto di solidariet\u00e0 che con questa donazione compiono a beneficio soprattutto delle persone pi\u00f9 esposte all\u2019epidemia di Coronavirus\u201d, commenta il sindaco Paolo Perenzin, che aggiunge: \u201c Mi piace sottolineare in particolar modo la modalit\u00e0 \u201cdi condivisione\u201d con cui \u00e8 maturata questa iniziativa e che testimonia una volta di pi\u00f9 il grande spirito di unione che pervade, anche in questi momenti difficili, la nostra comunit\u00e0 feltrina\u201d.<\/span><\/em><\/p>\n<\/blockquote>\n<p>&nbsp;<\/p>\n<p>&nbsp;<\/p>\n<hr \/>\n<p>&nbsp;<\/p>\n<p>&nbsp;<\/p>\n<p>&nbsp;<\/p>\n<blockquote class=\"wp-embedded-content\" data-secret=\"GdQ5CSaKZA\"><p><a href=\"https:\/\/www.radiopiu.net\/wordpress\/domegge-falcade-farra-dalpago-feltre-fonzaso-e-forno-di-zoldo-di-renato-bona\/\">DOMEGGE, FALCADE, FARRA D\u2019ALPAGO FELTRE, FONZASO E FORNO DI ZOLDO di RENATO BONA<\/a><\/p><\/blockquote>\n<p><iframe loading=\"lazy\" title=\"&#8220;DOMEGGE, FALCADE, FARRA D\u2019ALPAGO FELTRE, FONZASO E FORNO DI ZOLDO di RENATO BONA&#8221; &#8212; Radio Pi\u00f9\" class=\"wp-embedded-content\" sandbox=\"allow-scripts\" security=\"restricted\" style=\"position: absolute; clip: rect(1px, 1px, 1px, 1px);\" src=\"https:\/\/www.radiopiu.net\/wordpress\/domegge-falcade-farra-dalpago-feltre-fonzaso-e-forno-di-zoldo-di-renato-bona\/embed\/#?secret=GdQ5CSaKZA\" data-secret=\"GdQ5CSaKZA\" width=\"600\" height=\"338\" frameborder=\"0\" marginwidth=\"0\" marginheight=\"0\" scrolling=\"no\"><\/iframe><\/p>\n<p>&nbsp;<\/p>\n<p>&nbsp;<\/p>\n<p>&nbsp;<\/p>\n<hr \/>\n<blockquote>\n<h3><\/h3>\n<h3><\/h3>\n<h3>AVVISO PER LA RICERCA DI INFERMIERI E OSS PER I CENTRI DI SERVIZIO<\/h3>\n<\/blockquote>\n<p><strong class=\"photoswipe-wrapper\"><img loading=\"lazy\" decoding=\"async\" class=\"alignleft wp-image-121256 jetpack-lazy-image jetpack-lazy-image--handled\" src=\"https:\/\/i1.wp.com\/www.radiopiu.net\/wordpress\/wp-content\/uploads\/2020\/03\/ULSS-1-DOLOMITI-LOGO.jpg?resize=216%2C159&amp;ssl=1\" alt=\"\" width=\"216\" height=\"159\" data-lazy-loaded=\"1\" \/>BELLUNO<\/strong>. E\u2019 stato indetto un avviso diretto alla formulazione di elenchi di infermieri ed operatori socio sanitari disponibili a prestare attivit\u00e0 assistenziale presso i Centri di Servizio Anziani presenti nell\u2019ambito territoriale dell\u2019Azienda ULSS n. 1 Dolomiti. L\u2019Azienda ULSS n. 1 Dolomiti, ricevute le comunicazioni di disponibilit\u00e0, inoltrer\u00e0 gli elenchi ai Centri di Servizio Anziani, che potranno contattare direttamente gli interessati ed eventualmente procedere a stipulare contratti individuali, di lavoro subordinato o di lavoro autonomo, secondo la vigente normativa. L\u2019avviso \u00e8 consultabile sul sito dell\u2019Ulss 1 Dolomiti: www.aulss1.veneto.it \u2013 concorsi e avvisi \u2013 servizio personale \u2013 concorsi e avvisi in scadenza.<\/p>\n<p>Nell\u2019ambito delle attivit\u00e0 a sostegno dei Centri di Servizio, \u00e8 stato indetto un avviso INTERNO per personale dipendente dell\u2019Ulss Dolomiti per la ricerca di disponibilit\u00e0\u00a0<b>di infermieri e OSS<\/b>\u00a0che vogliano essere\u00a0<b>assegnati temporaneamente ai Centri di Servizio<\/b>\u00a0in relazione all\u2019emergenza COVID per i mesi di aprile e maggio 2020.\u00a0L\u2019avviso \u00e8 consultabile in intranet aziendale e sul sito dell\u2019Ulss 1 Dolomiti: www.aulss1.veneto.it \u2013 concorsi e avvisi \u2013 servizio personale \u2013 avvisi al personale dipendente\u00a0Per manifestare la propria disponibilit\u00e0 \u00e8 necessario compilare il modulo presente nel sito e inviarlo via mail, allegando carta di identit\u00e0 , a protocollo.aulss1@pecveneto.it .L\u2019effettiva assegnazione temporanea<span class=\"Apple-converted-space\">\u00a0\u00a0<\/span>sar\u00e0 disposta avendo cura di contemperare le esigenze dell\u2019azienda Ulss con quelle dei centri servizi.<\/p>\n<p>&nbsp;<\/p>\n<hr \/>\n<p>&nbsp;<\/p>\n<p>&nbsp;<\/p>\n<blockquote>\n<h3>ASCA RICERCA PERSONALE INFERMIERISTICO<\/h3>\n<\/blockquote>\n<p><strong class=\"photoswipe-wrapper\"><img loading=\"lazy\" decoding=\"async\" class=\"alignleft size-full wp-image-53885 jetpack-lazy-image jetpack-lazy-image--handled\" src=\"https:\/\/i0.wp.com\/www.radiopiu.net\/wordpress\/wp-content\/uploads\/2018\/07\/logo-asca.png?resize=182%2C100&amp;ssl=1\" alt=\"\" width=\"182\" height=\"100\" data-lazy-loaded=\"1\" \/>AGORDO\u00a0<\/strong>ASCA ha indetto una nuova selezione pubblica finalizzata alla formulazione di una graduatoria di idoneit\u00e0 utile all\u2019inserimento a tempo indeterminato e determinato a tempo pieno presso la RSA di Agordo di INFERMIERE<strong>.\u00a0<\/strong>Le modalit\u00e0 di presentazione della domanda si trovano sulla home page del sito aziendale\u00a0www.servizisocialiasca.it\u00a0Il termine ultimo per la presentazione delle candidature \u00e8 fissato entro e non oltre le ore 12.00\u00a0del giorno 15 maggio 2020.<\/p>\n<p>&nbsp;<\/p>\n<hr \/>\n<p>&nbsp;<\/p>\n<p>&nbsp;<\/p>\n<blockquote>\n<h3>VALPE RIAPRE GLI ECOCENTRI E PER INFORMAZIONI INVITA AD ANDARE SUL SITO INTERNET<\/h3>\n<\/blockquote>\n<p><strong><a class=\"dt-pswp-item\" href=\"https:\/\/www.radiopiu.net\/wordpress\/wp-content\/uploads\/2017\/03\/ECOCENTRO.jpg\" data-dt-img-description=\"\" data-large_image_width=\"593\" data-large_image_height=\"334\"><img loading=\"lazy\" decoding=\"async\" class=\"wp-image-30104 alignleft\" src=\"https:\/\/www.radiopiu.net\/wordpress\/wp-content\/uploads\/2017\/03\/ECOCENTRO.jpg\" alt=\"\" width=\"273\" height=\"154\" \/><\/a>AGORDO<\/strong> Valpe gli ecocentri deve riaprirli ed anche in fretta perch\u00e9 da ormai due giorni\u00a0 c&#8217;\u00e8 una precisa ordinanza della Regione che lo impone. Due giorni dopo l&#8217;azienda conferma che sta organizzando la riapertura con l&#8217;Unione Montana e il Comune di Sedico per <span style=\"color: #000000;\"><span style=\"font-family: Segoe UI, serif;\"><span style=\"font-size: medium;\"><span style=\"font-family: Arial, serif;\"><span style=\"font-size: small;\">\u00a0tutti gli Ecocentri, con il supporto di ogni Comune. <\/span><\/span><\/span><\/span><\/span><span style=\"font-size: small; font-family: Arial, serif; color: #000000;\">L\u2019apertura di ogni singolo Ecocentro avverr\u00e0 entro 24 ore dalla sua messa in sicurezza, nelle consuete giornate e con i soliti orari\u00a0 (www.valpeambiente.it). Restano valide\u00a0<\/span><span style=\"color: #000000;\"><span style=\"font-family: Segoe UI, serif;\"><span style=\"font-size: medium;\"><span style=\"font-family: Arial, serif;\"><span style=\"font-size: small;\"> le norme per il contenimento del COVID-19 che prevedono di evitare gli assembramenti e il mantenimento delle distanze di sicurezza; per questo \u00e8 consentito l\u2019accesso all\u2019interno dell\u2019Ecocentro al massimo a 2 utenti\u00a0 contemporaneamente. Inoltre in ogni autovettura potr\u00e0 essere presente una sola persona e \u201cdevono essere utilizzati mascherine o ogni altro idoneo dispositivo per la copertura di naso e bocca, nonch\u00e9 guanti o gel o altra soluzione igienizzante. L&#8217;invito <\/span><\/span><\/span><\/span><\/span><span style=\"color: #000000;\"><span style=\"font-family: Segoe UI, serif;\"><span style=\"font-size: medium;\"><span style=\"font-family: Arial, serif;\"><span style=\"font-size: small;\"><b>a recarsi all\u2019Ecocentro solo in caso di effettiva necessit\u00e0<\/b><\/span><\/span><span style=\"font-family: Arial, serif;\"><span style=\"font-size: small;\">. Valpe chiede anche di moderare i quantitativi di rifiuto da conferire, rispettando i limiti fissati e riportati anche nell\u2019Ecocalendario. Se non sar\u00e0 possibile accedere ad internet, comunque per saperne di pi\u00f9 questi i numeri di telefono: 0437 640462 oppure 0437 643621. Per Sedico\u00a0 366 7691310.<\/span><\/span><\/span><\/span><\/span><\/p>\n<p>&nbsp;<\/p>\n<hr \/>\n<p>&nbsp;<\/p>\n<p>&nbsp;<\/p>\n<p>&nbsp;<\/p>\n<blockquote class=\"wp-embedded-content\" data-secret=\"GEax9KbA1J\"><p><a href=\"https:\/\/www.radiopiu.net\/wordpress\/dalla-scuola-dellinfanzia-di-taibon-ai-nostri-bambini-e-il-congilio-un-po-tananai\/\">DALLA SCUOLA DELL&#8217;INFANZIA DI TAIBON&#8230; AI NOSTRI BAMBINI E IL CONGILIO UN PO&#8217; &#8220;TANANAI&#8221;<\/a><\/p><\/blockquote>\n<p><iframe loading=\"lazy\" title=\"&#8220;DALLA SCUOLA DELL&#8217;INFANZIA DI TAIBON&#8230; AI NOSTRI BAMBINI E IL CONGILIO UN PO&#8217; &#8220;TANANAI&#8221;&#8221; &#8212; Radio Pi\u00f9\" class=\"wp-embedded-content\" sandbox=\"allow-scripts\" security=\"restricted\" style=\"position: absolute; clip: rect(1px, 1px, 1px, 1px);\" src=\"https:\/\/www.radiopiu.net\/wordpress\/dalla-scuola-dellinfanzia-di-taibon-ai-nostri-bambini-e-il-congilio-un-po-tananai\/embed\/#?secret=GEax9KbA1J\" data-secret=\"GEax9KbA1J\" width=\"600\" height=\"338\" frameborder=\"0\" marginwidth=\"0\" marginheight=\"0\" scrolling=\"no\"><\/iframe><\/p>\n<p>&nbsp;<\/p>\n<p>&nbsp;<\/p>\n<p>&nbsp;<\/p>\n<hr \/>\n<h2><\/h2>\n<p>&nbsp;<\/p>\n<h2><img loading=\"lazy\" decoding=\"async\" class=\"alignleft\" src=\"https:\/\/www.radiopiu.net\/wordpress\/wp-content\/uploads\/2020\/04\/WhatsApp-Image-2020-04-07-at-21.31.39.jpeg\" width=\"164\" height=\"247\" \/>ALESSANDRO PADOVANI, UN BELLUNESE IN FINALE AL PREMIO CALVINO<\/h2>\n<p><strong>BELLUNO<\/strong> Il racconto &#8220;Parole al vento&#8221; del bellunese Alessandro Padovani, \u00e8 in finale al Premio Calvino, il terzo premio letterario pi\u00f9 importante in Italia con Strega e Campiello. E&#8217;\u00a0 aperta la votazione per il premio della giuria popolare\u00a0 fino a sabato 18 aprile.<\/p>\n<p><span style=\"color: #0000ff;\"><a style=\"color: #0000ff;\" href=\"https:\/\/www.premiocalvino.it\/\">IL SITO<\/a><\/span><\/p>\n<p><span style=\"color: #0000ff;\"><a style=\"color: #0000ff;\" href=\"https:\/\/www.ilsole24ore.com\/art\/votate-racconto-vincitore-premio-calvino-AD0kjKI?fbclid=IwAR0ocZEANYKHBuNNYngmzbikT8K9ZCTCBEUW6DjK4kp6BuxiqV1LnCapBfY\">CLICCA QUI PER VOTARE\u00a0<\/a><\/span><\/p>\n<p>&nbsp;<\/p>\n<h2><\/h2>\n<hr \/>\n<h2><\/h2>\n<h2><\/h2>\n<h2>IERI ALLA RADIO<\/h2>\n<p><a class=\"dt-pswp-item\" href=\"https:\/\/www.radiopiu.net\/wordpress\/wp-content\/uploads\/2020\/04\/MACELLERIA-COSTA.jpg\" data-dt-img-description=\"\" data-large_image_width=\"968\" data-large_image_height=\"1600\"><img loading=\"lazy\" decoding=\"async\" class=\"alignleft size-medium wp-image-130332\" src=\"https:\/\/www.radiopiu.net\/wordpress\/wp-content\/uploads\/2020\/04\/MACELLERIA-COSTA-182x300.jpg\" alt=\"\" width=\"182\" height=\"300\" srcset=\"https:\/\/www.radiopiu.net\/wordpress\/wp-content\/uploads\/2020\/04\/MACELLERIA-COSTA-182x300.jpg 182w, https:\/\/www.radiopiu.net\/wordpress\/wp-content\/uploads\/2020\/04\/MACELLERIA-COSTA-620x1024.jpg 620w, https:\/\/www.radiopiu.net\/wordpress\/wp-content\/uploads\/2020\/04\/MACELLERIA-COSTA-768x1269.jpg 768w, https:\/\/www.radiopiu.net\/wordpress\/wp-content\/uploads\/2020\/04\/MACELLERIA-COSTA-929x1536.jpg 929w, https:\/\/www.radiopiu.net\/wordpress\/wp-content\/uploads\/2020\/04\/MACELLERIA-COSTA.jpg 968w\" sizes=\"auto, (max-width: 182px) 100vw, 182px\" \/><\/a><strong>MACELLERIA COSTA, LA CARNE A DOMICILIO<\/strong><\/p>\n<p><strong>di Claudio Fontanive<\/strong><\/p>\n<audio class=\"wp-audio-shortcode\" id=\"audio-130292-9\" preload=\"none\" style=\"width: 100%;\" controls=\"controls\"><source type=\"audio\/mpeg\" src=\"https:\/\/www.radiopiu.net\/wordpress\/wp-content\/uploads\/2020\/04\/cladio-costa.mp3?_=9\" \/><a href=\"https:\/\/www.radiopiu.net\/wordpress\/wp-content\/uploads\/2020\/04\/cladio-costa.mp3\">https:\/\/www.radiopiu.net\/wordpress\/wp-content\/uploads\/2020\/04\/cladio-costa.mp3<\/a><\/audio>\n<p>&nbsp;<\/p>\n<p>&nbsp;<\/p>\n<hr \/>\n<p>&nbsp;<\/p>\n<p>&nbsp;<\/p>\n<p><a class=\"dt-pswp-item\" href=\"https:\/\/www.radiopiu.net\/wordpress\/wp-content\/uploads\/2020\/04\/FISIOTERAPIA.jpg\" data-dt-img-description=\"\" data-large_image_width=\"1920\" data-large_image_height=\"1440\"><img loading=\"lazy\" decoding=\"async\" class=\"alignleft size-medium wp-image-130337\" src=\"https:\/\/www.radiopiu.net\/wordpress\/wp-content\/uploads\/2020\/04\/FISIOTERAPIA-300x225.jpg\" alt=\"\" width=\"300\" height=\"225\" srcset=\"https:\/\/www.radiopiu.net\/wordpress\/wp-content\/uploads\/2020\/04\/FISIOTERAPIA-300x225.jpg 300w, https:\/\/www.radiopiu.net\/wordpress\/wp-content\/uploads\/2020\/04\/FISIOTERAPIA-1024x768.jpg 1024w, https:\/\/www.radiopiu.net\/wordpress\/wp-content\/uploads\/2020\/04\/FISIOTERAPIA-768x576.jpg 768w, https:\/\/www.radiopiu.net\/wordpress\/wp-content\/uploads\/2020\/04\/FISIOTERAPIA-1536x1152.jpg 1536w, https:\/\/www.radiopiu.net\/wordpress\/wp-content\/uploads\/2020\/04\/FISIOTERAPIA.jpg 1920w\" sizes=\"auto, (max-width: 300px) 100vw, 300px\" \/><\/a><strong>ANTONIO SCALCO, LA FISIOTERAPIA AI TEMPI DEL CORONAVIRUS<\/strong><\/p>\n<p><strong>di Claudio Fontanive<\/strong><\/p>\n<audio class=\"wp-audio-shortcode\" id=\"audio-130292-10\" preload=\"none\" style=\"width: 100%;\" controls=\"controls\"><source type=\"audio\/mpeg\" src=\"https:\/\/www.radiopiu.net\/wordpress\/wp-content\/uploads\/2020\/04\/antonio-scalco.mp3?_=10\" \/><a href=\"https:\/\/www.radiopiu.net\/wordpress\/wp-content\/uploads\/2020\/04\/antonio-scalco.mp3\">https:\/\/www.radiopiu.net\/wordpress\/wp-content\/uploads\/2020\/04\/antonio-scalco.mp3<\/a><\/audio>\n<p>&nbsp;<\/p>\n<h3><span style=\"color: #ff0000;\"><strong>I DIARI DEL PESCE ROSSO<\/strong><\/span><\/h3>\n<p><strong>LA COLLEZIONE COMPLETA<\/strong><\/p>\n<p><iframe loading=\"lazy\" class=\"wp-embedded-content\" title=\"\u201cDiari del pesce rosso\u201d \u2014 Radio Pi\u00f9\" src=\"https:\/\/www.radiopiu.net\/wordpress\/diari-del-pesce-rosso\/embed\/#?secret=YKsPMYpEez\" width=\"600\" height=\"200\" frameborder=\"0\" marginwidth=\"0\" marginheight=\"0\" scrolling=\"no\" sandbox=\"allow-scripts\" data-secret=\"YKsPMYpEez\" data-mce-fragment=\"1\"><\/iframe><\/p>\n<h3><\/h3>\n<h3><\/h3>\n<hr \/>\n<h3><\/h3>\n<h3><span style=\"color: #ff00ff;\">IN VIVO VERSO<\/span><\/h3>\n<blockquote class=\"wp-embedded-content\" data-secret=\"eTpHtGqYp8\"><p><a href=\"https:\/\/www.radiopiu.net\/wordpress\/lultimo-abbraccio-di-angelo-barilari\/\">L&#8217;ULTIMO ABBRACCIO di ANGELO BARILARI<\/a><\/p><\/blockquote>\n<p><iframe loading=\"lazy\" title=\"&#8220;L&#8217;ULTIMO ABBRACCIO di ANGELO BARILARI&#8221; &#8212; Radio Pi\u00f9\" class=\"wp-embedded-content\" sandbox=\"allow-scripts\" security=\"restricted\" style=\"position: absolute; clip: rect(1px, 1px, 1px, 1px);\" src=\"https:\/\/www.radiopiu.net\/wordpress\/lultimo-abbraccio-di-angelo-barilari\/embed\/#?secret=eTpHtGqYp8\" data-secret=\"eTpHtGqYp8\" width=\"600\" height=\"338\" frameborder=\"0\" marginwidth=\"0\" marginheight=\"0\" scrolling=\"no\"><\/iframe><\/p>\n<h2>COLLEZIONE COMPLETA<\/h2>\n<p><iframe loading=\"lazy\" class=\"wp-embedded-content\" title=\"\u201cIn Vivo Verso\u201d \u2014 Radio Pi\u00f9\" src=\"https:\/\/www.radiopiu.net\/wordpress\/in-vivo-verso\/embed\/#?secret=NaF4sdAhPS\" width=\"600\" height=\"200\" frameborder=\"0\" marginwidth=\"0\" marginheight=\"0\" scrolling=\"no\" sandbox=\"allow-scripts\" data-secret=\"NaF4sdAhPS\" data-mce-fragment=\"1\"><\/iframe><\/p>\n<h3><\/h3>\n<h3><\/h3>\n<hr \/>\n<h3><\/h3>\n<h3><span style=\"color: #333399;\">DUE MINUTI UN LIBRO<\/span><\/h3>\n<blockquote class=\"wp-embedded-content\" data-secret=\"yvxcq6tUHP\"><p><a href=\"https:\/\/www.radiopiu.net\/wordpress\/questa-e-lamerica\/\">QUESTA E&#8217; L&#8217;AMERICA<\/a><\/p><\/blockquote>\n<p><iframe loading=\"lazy\" title=\"&#8220;QUESTA E&#8217; L&#8217;AMERICA&#8221; &#8212; Radio Pi\u00f9\" class=\"wp-embedded-content\" sandbox=\"allow-scripts\" security=\"restricted\" style=\"position: absolute; clip: rect(1px, 1px, 1px, 1px);\" src=\"https:\/\/www.radiopiu.net\/wordpress\/questa-e-lamerica\/embed\/#?secret=yvxcq6tUHP\" data-secret=\"yvxcq6tUHP\" width=\"600\" height=\"338\" frameborder=\"0\" marginwidth=\"0\" marginheight=\"0\" scrolling=\"no\"><\/iframe><\/p>\n<h2>LE ALTRE PUNTATE<\/h2>\n<p><iframe loading=\"lazy\" class=\"wp-embedded-content\" title=\"\u201cDue minuti un libro\u201d \u2014 Radio Pi\u00f9\" src=\"https:\/\/www.radiopiu.net\/wordpress\/due-minuti-un-libro\/embed\/#?secret=HZQp6sP6GS\" width=\"600\" height=\"251\" frameborder=\"0\" marginwidth=\"0\" marginheight=\"0\" scrolling=\"no\" sandbox=\"allow-scripts\" data-secret=\"HZQp6sP6GS\" data-mce-fragment=\"1\"><\/iframe><\/p>\n<h3><\/h3>\n<hr \/>\n<h3><\/h3>\n<h3><span style=\"color: #339966;\">AGORDINOMERON<\/span><\/h3>\n<p><iframe loading=\"lazy\" class=\"wp-embedded-content\" title=\"\u201cAGORDINOMERON, IL TERRITORIO SI RACCONTA Da un\u2019idea di Gianni Santomaso\u201d \u2014 Radio Pi\u00f9\" src=\"https:\/\/www.radiopiu.net\/wordpress\/agordinomeron\/embed\/#?secret=UvrWyUbFRC\" width=\"600\" height=\"346\" frameborder=\"0\" marginwidth=\"0\" marginheight=\"0\" scrolling=\"no\" sandbox=\"allow-scripts\" data-secret=\"UvrWyUbFRC\" data-mce-fragment=\"1\"><\/iframe><\/p>\n<h3><\/h3>\n<h3><\/h3>\n<h3><span style=\"color: #808080;\"><strong>IL MESSAGGIO DEI SACERDOTI SU RADIO PIU\u2019<\/strong><\/span><\/h3>\n<h3><iframe loading=\"lazy\" class=\"wp-embedded-content\" title=\"\u201cIL MESSAGGIO DAI SACERDOTI SU RADIO PIU\u2019 ALLE 7.30 E 19.30\u201d \u2014 Radio Pi\u00f9\" src=\"https:\/\/www.radiopiu.net\/wordpress\/il-messaggio-dai-sacerdoti-della-conca-su-radio-piu-alle-7-30-e-19-30\/embed\/#?secret=GCz27lyCw3\" width=\"600\" height=\"381\" frameborder=\"0\" marginwidth=\"0\" marginheight=\"0\" scrolling=\"no\" sandbox=\"allow-scripts\" data-secret=\"GCz27lyCw3\" data-mce-fragment=\"1\"><\/iframe><\/h3>\n<p>&nbsp;<\/p>\n<hr \/>\n<p>&nbsp;<\/p>\n<p>A TAIBON LA FARMACIA FA SERVIZIO A DOMICILIO<\/p>\n<p>ORTOFRUTTA MARTINI AGORDO RUTTA E VERDURA A CASA 0437 640307<\/p>\n<p>LA PIZZERIA BOCCON DIVINO A TAIBON AGORDINO EFFETTUA SERVIZIO CONSEGNE PIZZE A DOMICILIO, TUTTI I GIORNI A PARTIRE DALLE ORE 18,\u00a0NEI COMUNI DI TAIBON AGORDINO E AGORDO340 2986275<\/p>\n<p>DA SAPPADE DI FALCADE PICCOLA BAITA PORTA SULLE VOSTRE TAVOLE I SAPORI DEL TERRITORIO WWW.PICCOLABAITA.NET 0437 590491<\/p>\n<p>L\u2019AZIENDA AGRICOLA MILCHHOF AGOSTINI DI SELVA DI CADORE. INFORMA CHE E\u2019 A DISPOSIZONE PER CONSEGNE GRATUITE A DOMICILIO IN TUTTA LA VALLATA 380 3957409<\/p>\n<p>DOLOMITI VIAGGI DI FALCADE,\u00a0 COME UN TAXI:\u00a0 AUTOVETTURE E PULMINO NOLEGGIO CON CONDUCENTE. CHIAMA IL NUMERO 329 35,26,156<\/p>\n<p>ZUMBRILLENBER AGORDO CONSEGNA A DOMICILIO. PIATTI DI CARNE, PESCE, E PIZZE. A DOMICILIO, NEL RAGGIO DI 15 CHILOMETRI DA AGORDO 345 9135042<\/p>\n<p>LA PASTICCERIA LES BON BON DI AGORDO TI INFORMA CHE E\u2019 ATTIVO IL SERVIZIO DI CONSEGNA A DOMICILIO 342 59,80,559.<\/p>\n<p>A RIVAMONTE DAISY! PANINI, BRUSCHETTE, TOAST. PER LA TUA CENA ALTERNATIVA E GUSTOSA. LE PRENOTAZIONI SI RICEVONO ENTRO LE ORE 17 AL 348 56,42,568.<\/p>\n<p>La Profumeria Wanda di Agordo consegna i prodotti a domicilio. 331 4662006. Negozio aperto dalle 10.30 alle 11.30 e dalle 16 alle 17<\/p>\n<p>L\u2019AZIENDA AGRICOLA ZANCHETTA, SPACCIO DI AGORDO INFORMA CHE EFFETTUA LA CONSEGNA A DOMICILIO DEL VINO DELLA PROPRIA PRODUZIONE. 335 6285096<\/p>\n<p>LA MACELLERIA COSTA INFORMA CHE EFFETTUA CONSEGNE A DOMICILIO GRATUITE IN TUTTO L\u2019AGORDINO. 340 9714699<\/p>\n<p>LA PASTICCERIA SAINT HONORE DI AGORDO EFFETTUA CONSEGNE A DOMICILIO AD AGORDO E PAESI LIMITROFI 0437 62585<\/p>\n<p>PREPARIAMO UNA SELEZIONE DELLE NOSTRE FAMOSE SPECIALITA\u2019, DA CONSEGNARVI A DOMICILIO. SAN MARTIN \u2013 RISTORO E BAR. LOCALITA\u2019 LA MUDA STRADA AGORDO BELLUNO AL 333 1432468<\/p>\n<p>&nbsp;<\/p>\n<hr \/>\n<p>&nbsp;<\/p>\n<p>&nbsp;<\/p>\n<p><a class=\"dt-pswp-item\" href=\"https:\/\/www.radiopiu.net\/wordpress\/wp-content\/uploads\/2018\/09\/viabilita.jpeg\" data-dt-img-description=\"\" data-large_image_width=\"800\" data-large_image_height=\"100\"><img loading=\"lazy\" decoding=\"async\" class=\"alignnone size-full wp-image-61954\" src=\"https:\/\/www.radiopiu.net\/wordpress\/wp-content\/uploads\/2018\/09\/viabilita.jpeg\" alt=\"\" width=\"800\" height=\"100\" srcset=\"https:\/\/www.radiopiu.net\/wordpress\/wp-content\/uploads\/2018\/09\/viabilita.jpeg 800w, https:\/\/www.radiopiu.net\/wordpress\/wp-content\/uploads\/2018\/09\/viabilita-300x38.jpeg 300w, https:\/\/www.radiopiu.net\/wordpress\/wp-content\/uploads\/2018\/09\/viabilita-768x96.jpeg 768w\" sizes=\"auto, (max-width: 800px) 100vw, 800px\" \/><\/a><\/p>\n<p>&nbsp;<\/p>\n<p><span style=\"color: #000000;\">PROVINCIALE 20 DELLA VAL FIORENTINA, SELVA DI CADORE: DAL 14 FEBBRAIO AL 13 GIUGNO, CHIUSURA TOTALE TRA SOLATOR E IL CENTRO DEL PAESE ANCHE NEI GIORNI FESTIVI E PREFESTIVI, DAL CHILOMETRO 4.850 AL CHILOMETRO 5.100. TRANSITO CONSENTITO AI LOCALI CON TEMPI DI ATTESA MASSIMI STIMATI IN 30 MINUTI IN LOCALITA\u2019 SOLATOR DAL CHILOMETRO 4.400 AL CHILOMETRO 4.850<\/span><\/p>\n<p><span style=\"color: #000000;\">DALL&#8217;11 APRILE AL 01 MAGGIO IN LOCALITA&#8217; LA MUDA DEVIAZIONE SU VIABILITA&#8217; PROVVISORIA PER IL COMPLETAMENTO DEL NUOVO ATTRAVERSAMENTO IDRAULICO RIO VAL SCURE LUNGO LA REGIONALE 203 AGORDINA<\/span><\/p>\n<p><span style=\"color: #000000;\">sp346 SAN PELLEGRINO localita VALLADA dal 14 al 30 aprile senso unico alternato con semaforo<\/span><\/p>\n<p><span style=\"color: #000000;\">sp251 in localit\u00e0 Cernadoi di Livinallongo dal 14 al 17 aprile senso unico con semaforo<\/span><\/p>\n<p>sp347 DURAN E CEREDA (Comune di Valle di Cadore tra Cibiana e innesto Venas) dal 16 al 30 aprile (festivi e sabati esclusi) senso unico alternato con movieri. Interruzioni massimo 10 minuti.<\/p>\n<p>&nbsp;<\/p>\n<p>&nbsp;<\/p>\n<p>&nbsp;<\/p>\n<h3><a class=\"dt-pswp-item\" href=\"https:\/\/www.radiopiu.net\/wordpress\/wp-content\/uploads\/2018\/09\/sport.jpg\" data-dt-img-description=\"\" data-large_image_width=\"800\" data-large_image_height=\"100\"><img loading=\"lazy\" decoding=\"async\" class=\"aligncenter wp-image-60761 size-full\" src=\"https:\/\/www.radiopiu.net\/wordpress\/wp-content\/uploads\/2018\/09\/sport.jpg\" alt=\"\" width=\"800\" height=\"100\" srcset=\"https:\/\/www.radiopiu.net\/wordpress\/wp-content\/uploads\/2018\/09\/sport.jpg 800w, https:\/\/www.radiopiu.net\/wordpress\/wp-content\/uploads\/2018\/09\/sport-300x38.jpg 300w, https:\/\/www.radiopiu.net\/wordpress\/wp-content\/uploads\/2018\/09\/sport-768x96.jpg 768w\" sizes=\"auto, (max-width: 800px) 100vw, 800px\" \/><\/a><\/h3>\n<p>&nbsp;<\/p>\n<blockquote>\n<h3>IL DOLOMITI RALLY RINVIATO A DATA DA DESTINARSI<\/h3>\n<\/blockquote>\n<p><a class=\"dt-pswp-item\" href=\"https:\/\/www.radiopiu.net\/wordpress\/wp-content\/uploads\/2019\/05\/DolomitiRally1.jpg\" data-dt-img-description=\"\" data-large_image_width=\"780\" data-large_image_height=\"387\"><img loading=\"lazy\" decoding=\"async\" class=\"alignleft size-medium wp-image-86504\" src=\"https:\/\/www.radiopiu.net\/wordpress\/wp-content\/uploads\/2019\/05\/DolomitiRally1-300x149.jpg\" alt=\"\" width=\"300\" height=\"149\" srcset=\"https:\/\/www.radiopiu.net\/wordpress\/wp-content\/uploads\/2019\/05\/DolomitiRally1-300x149.jpg 300w, https:\/\/www.radiopiu.net\/wordpress\/wp-content\/uploads\/2019\/05\/DolomitiRally1-768x381.jpg 768w, https:\/\/www.radiopiu.net\/wordpress\/wp-content\/uploads\/2019\/05\/DolomitiRally1.jpg 780w\" sizes=\"auto, (max-width: 300px) 100vw, 300px\" \/><\/a>di Roberto Bona<\/p>\n<audio class=\"wp-audio-shortcode\" id=\"audio-130292-11\" preload=\"none\" style=\"width: 100%;\" controls=\"controls\"><source type=\"audio\/mpeg\" src=\"https:\/\/www.radiopiu.net\/wordpress\/wp-content\/uploads\/2020\/04\/ROBERTO-BONA-RALLY.mp3?_=11\" \/><a href=\"https:\/\/www.radiopiu.net\/wordpress\/wp-content\/uploads\/2020\/04\/ROBERTO-BONA-RALLY.mp3\">https:\/\/www.radiopiu.net\/wordpress\/wp-content\/uploads\/2020\/04\/ROBERTO-BONA-RALLY.mp3<\/a><\/audio>\n<p>&nbsp;<\/p>\n<hr \/>\n<p>&nbsp;<\/p>\n<p>&nbsp;<\/p>\n<p><img decoding=\"async\" class=\"aligncenter jetpack-lazy-image jetpack-lazy-image--handled\" src=\"https:\/\/i0.wp.com\/www.radiopiu.net\/wordpress\/wp-content\/uploads\/2018\/09\/WhatsApp-Image-2018-09-20-at-16.04.06.jpeg?resize=800%2C100&amp;ssl=1\" data-lazy-loaded=\"1\" \/><\/p>\n<p>&nbsp;<\/p>\n<p><center><b>Giovedi 16<\/b><\/center><b>Tempo atteso:\u00a0<\/b>Tempo stabile e in prevalenza soleggiato, nonostante il transito di sottili nubi alte, gi\u00e0 al mattino sulle Prealpi occidentali, mentre il cielo sar\u00e0 ancora sereno sul Bellunese. Al pomeriggio le sottili nubi alte saranno pi\u00f9 estese e presenti ovunque. Clima notturno pi\u00f9 fresco nelle valli che non in alta quota, con inversione termica, mentre di giorno l&#8217;atmosfera torner\u00e0 ad essere primaverile nelle valli e alle quote medie.<br \/>\n<b>Precipitazioni:\u00a0<\/b>Assenti (0%).<br \/>\n<b>Temperature:\u00a0<\/b>In generale ripresa, specie le massime, eccetto stazionariet\u00e0 delle minime in alcuni fondovalle prealpini. Sono previste punte di 22\/23\u00b0C nei fondovalle prealpini e di 16\/18\u00b0C a 1000\/1200 m. Su Prealpi a 1500 m min 8\u00b0C max 12\u00b0C, a 2000 m min 6\u00b0C max 10\u00b0C, sulle Dolomiti a 2000 m min 5\u00b0C max 11\u00b0C, a 3000 m min 1\u00b0C max 2\u00b0C.<br \/>\n<b>Venti:\u00a0<\/b>Nelle valli perlopi\u00f9 deboli a regime di brezze, salvo consueti rinforzi notturni su alcuni settori prealpini; in quota deboli\/moderati da sud-ovest al mattino e da nord-ovest al pomeriggio, a 5\/10 km\/h a 2000 m e 10\/20 km\/h a 3000 m.<\/p>\n<hr \/>\n<p><center><b>Venerdi 17<\/b><\/center><b>Tempo atteso:\u00a0<\/b>Tempo stabile e ben soleggiato, nonostante il transito di sottili nubi alte, le quali saranno meno presenti rispetto a gioved\u00ec, specie al pomeriggio. Clima diurno assai mite in quota e di stampo primaverile nelle valli.<br \/>\n<b>Precipitazioni:\u00a0<\/b>Assenti (0%)<br \/>\n<b>Temperature:\u00a0<\/b>Minime in generale aumento, eccetto lievissimo calo sulle vette dolomitiche pi\u00f9 alte; massime in leggera flessione oltre i 1800 m e in aumento sotto tale quota, con clima diurno primaverile nei fondovalle prealpini e nelle valli dolomitiche solitamente pi\u00f9 calde. Su Prealpi a 1500 m min 9\u00b0C max 13\u00b0C, a 2000 m min 6\u00b0C max 10\u00b0C, sulle Dolomiti a 2000 m min 5\u00b0C max 9\u00b0C, a 3000 m min -2\u00b0C max 0\u00b0C.<br \/>\n<b>Venti:\u00a0<\/b>Deboli a regime di brezze nelle valli, salvo consueti rinforzi notturni su alcuni settori prealpini; in quota deboli da ovest nord-ovest, a 5-10 km\/h a 2000 m e 10-15 km\/h a 3000 m.<\/p>\n<hr \/>\n<p><center><b>Sabato 18<\/b><\/center>Tempo stabile e ben soleggiato al mattino, nonostante la presenza di qualche cirro. Al pomeriggio sulle Prealpi sviluppo di cumuli con parziale riduzione del soleggiamento; sulle Dolomiti addensamenti pi\u00f9 intensi, ma il rischio di brevi rovesci rimarr\u00e0 piuttosto basso. Temperature senza notevoli variazioni, eccetto lieve flessione delle massime nei settori interessati da minore soleggiamento. Venti deboli da nord-ovest in quota e brezze nelle valli.<\/p>\n<hr \/>\n<p><center><b>Domenica 19<\/b><\/center>Schiarite, pi\u00f9 probabili sulle Dolomiti, e annuvolamenti irregolari, pi\u00f9 presenti sulle Prealpi, dove la probabilit\u00e0 di qualche sporadico rovescio, seppur molto contenuta, non sar\u00e0 da escludere da met\u00e0 pomeriggio in poi. Temperature diurne in leggera flessione. Venti deboli di direzione variabile nelle valli e deboli o molto deboli da nord nord-ovest in quota. Previsore: R.L.Th<\/p>\n","protected":false},"excerpt":{"rendered":"<p>PER RICEVERE QUESTO NOTIZIARIO DIRETTAMENTE SUL TUO CELLULARE ISCRIVITI AL CANALE\u00a0TELEGRAM\u00a0\u201cRADIO PIU\u00a0 INFORMAZIONE\u201d &nbsp; #celafaremoinsieme\u00a0 il Buongiorno dalla Pneumologia COVID &nbsp; &nbsp; &nbsp; \u2022 Il bollettino della Protezione Civile: gli attualmente positivi sono in totale 105.418, 1.127 in pi\u00f9 rispetto a ieri. I morti totali sono 21.645, 578 nelle ultime 24 ore. Aumentano i guariti,&hellip;<\/p>\n","protected":false},"author":4,"featured_media":130390,"comment_status":"closed","ping_status":"closed","sticky":false,"template":"","format":"standard","meta":{"_monsterinsights_skip_tracking":false,"_monsterinsights_sitenote_active":false,"_monsterinsights_sitenote_note":"","_monsterinsights_sitenote_category":0,"footnotes":""},"categories":[1,51,86],"tags":[],"class_list":["post-130292","post","type-post","status-publish","format-standard","has-post-thumbnail","hentry","category-senza-categoria","category-evidenza-top","category-gr","category-1","category-51","category-86","description-off"],"img_url":"https:\/\/www.radiopiu.net\/wordpress\/wp-content\/uploads\/2020\/04\/93419771_914947222298533_4649157310277484544_o.jpg","_links":{"self":[{"href":"https:\/\/www.radiopiu.net\/wordpress\/wp-json\/wp\/v2\/posts\/130292","targetHints":{"allow":["GET"]}}],"collection":[{"href":"https:\/\/www.radiopiu.net\/wordpress\/wp-json\/wp\/v2\/posts"}],"about":[{"href":"https:\/\/www.radiopiu.net\/wordpress\/wp-json\/wp\/v2\/types\/post"}],"author":[{"embeddable":true,"href":"https:\/\/www.radiopiu.net\/wordpress\/wp-json\/wp\/v2\/users\/4"}],"replies":[{"embeddable":true,"href":"https:\/\/www.radiopiu.net\/wordpress\/wp-json\/wp\/v2\/comments?post=130292"}],"version-history":[{"count":0,"href":"https:\/\/www.radiopiu.net\/wordpress\/wp-json\/wp\/v2\/posts\/130292\/revisions"}],"wp:featuredmedia":[{"embeddable":true,"href":"https:\/\/www.radiopiu.net\/wordpress\/wp-json\/wp\/v2\/media\/130390"}],"wp:attachment":[{"href":"https:\/\/www.radiopiu.net\/wordpress\/wp-json\/wp\/v2\/media?parent=130292"}],"wp:term":[{"taxonomy":"category","embeddable":true,"href":"https:\/\/www.radiopiu.net\/wordpress\/wp-json\/wp\/v2\/categories?post=130292"},{"taxonomy":"post_tag","embeddable":true,"href":"https:\/\/www.radiopiu.net\/wordpress\/wp-json\/wp\/v2\/tags?post=130292"}],"curies":[{"name":"wp","href":"https:\/\/api.w.org\/{rel}","templated":true}]}}