{"id":130347,"date":"2020-04-15T19:37:44","date_gmt":"2020-04-15T17:37:44","guid":{"rendered":"https:\/\/www.radiopiu.net\/wordpress\/?p=130347"},"modified":"2020-04-15T19:37:44","modified_gmt":"2020-04-15T17:37:44","slug":"dati-e-grafici-del-giorno-provincia-regione-15-aprile-2020","status":"publish","type":"post","link":"https:\/\/www.radiopiu.net\/wordpress\/dati-e-grafici-del-giorno-provincia-regione-15-aprile-2020\/","title":{"rendered":"DATI E GRAFICI DEL GIORNO, PROVINCIA \u2013 REGIONE 15 APRILE 2020"},"content":{"rendered":"<p><strong>Con la collaborazione di Tiziano De Col<\/strong><\/p>\n<p>&nbsp;<\/p>\n<div class=\"su-document su-u-responsive-media-yes\"><iframe loading=\"lazy\" src=\"\/\/docs.google.com\/viewer?embedded=true&url=https:\/\/www.radiopiu.net\/wordpress\/wp-content\/uploads\/2020\/04\/Dati-Veneto_15-aprile-2020_ore-18_fonte-Sole24-1.pdf\" width=\"600\" height=\"800\" class=\"su-document\" title=\"prot\"><\/iframe><\/div>\n<p>I dati dei contagi odierni , riportano l&#8217;incremento giornaliero per la Provincia di Belluno che\u00a0 fa segnare un incremento giornaliero che \u00e8 il pi\u00f9 alto del Veneto. La provincia di Belluno resta con il rapporto contagi &#8211; popolazione tra i pi\u00f9 alti tra le Province Venete,\u00a0 dopo Padova e Verona e , purtroppo, ben al di sopra di Treviso, Vicenza, Venezia e Rovigo e si sta,giorno dopo giorno, avvicinando a Padova<\/p>\n<p><a class=\"dt-pswp-item\" href=\"https:\/\/www.radiopiu.net\/wordpress\/wp-content\/uploads\/2020\/04\/WhatsApp-Image-2020-04-15-at-19.17.34.jpeg\" data-dt-img-description=\"\" data-large_image_width=\"480\" data-large_image_height=\"289\"><img loading=\"lazy\" decoding=\"async\" class=\"alignnone size-full wp-image-130501\" src=\"https:\/\/www.radiopiu.net\/wordpress\/wp-content\/uploads\/2020\/04\/WhatsApp-Image-2020-04-15-at-19.17.34.jpeg\" alt=\"\" width=\"480\" height=\"289\" srcset=\"https:\/\/www.radiopiu.net\/wordpress\/wp-content\/uploads\/2020\/04\/WhatsApp-Image-2020-04-15-at-19.17.34.jpeg 480w, https:\/\/www.radiopiu.net\/wordpress\/wp-content\/uploads\/2020\/04\/WhatsApp-Image-2020-04-15-at-19.17.34-300x181.jpeg 300w\" sizes=\"auto, (max-width: 480px) 100vw, 480px\" \/><\/a><a class=\"dt-pswp-item\" href=\"https:\/\/www.radiopiu.net\/wordpress\/wp-content\/uploads\/2020\/04\/WhatsApp-Image-2020-04-15-at-19.18.35.jpeg\" data-dt-img-description=\"\" data-large_image_width=\"654\" data-large_image_height=\"378\"><img loading=\"lazy\" decoding=\"async\" class=\"alignnone size-full wp-image-130500\" src=\"https:\/\/www.radiopiu.net\/wordpress\/wp-content\/uploads\/2020\/04\/WhatsApp-Image-2020-04-15-at-19.18.35.jpeg\" alt=\"\" width=\"654\" height=\"378\" srcset=\"https:\/\/www.radiopiu.net\/wordpress\/wp-content\/uploads\/2020\/04\/WhatsApp-Image-2020-04-15-at-19.18.35.jpeg 654w, https:\/\/www.radiopiu.net\/wordpress\/wp-content\/uploads\/2020\/04\/WhatsApp-Image-2020-04-15-at-19.18.35-300x173.jpeg 300w\" sizes=\"auto, (max-width: 654px) 100vw, 654px\" \/><\/a><a class=\"dt-pswp-item\" href=\"https:\/\/www.radiopiu.net\/wordpress\/wp-content\/uploads\/2020\/04\/WhatsApp-Image-2020-04-15-at-19.18.04.jpeg\" data-dt-img-description=\"\" data-large_image_width=\"664\" data-large_image_height=\"381\"><img loading=\"lazy\" decoding=\"async\" class=\"alignnone size-full wp-image-130499\" src=\"https:\/\/www.radiopiu.net\/wordpress\/wp-content\/uploads\/2020\/04\/WhatsApp-Image-2020-04-15-at-19.18.04.jpeg\" alt=\"\" width=\"664\" height=\"381\" srcset=\"https:\/\/www.radiopiu.net\/wordpress\/wp-content\/uploads\/2020\/04\/WhatsApp-Image-2020-04-15-at-19.18.04.jpeg 664w, https:\/\/www.radiopiu.net\/wordpress\/wp-content\/uploads\/2020\/04\/WhatsApp-Image-2020-04-15-at-19.18.04-300x172.jpeg 300w\" sizes=\"auto, (max-width: 664px) 100vw, 664px\" \/><\/a><\/p>\n","protected":false},"excerpt":{"rendered":"<p>Con la collaborazione di Tiziano De Col &nbsp; I dati dei contagi odierni , riportano l&#8217;incremento giornaliero per la Provincia di Belluno che\u00a0 fa segnare un incremento giornaliero che \u00e8 il pi\u00f9 alto del Veneto. La provincia di Belluno resta con il rapporto contagi &#8211; popolazione tra i pi\u00f9 alti tra le Province Venete,\u00a0 dopo&hellip;<\/p>\n","protected":false},"author":4,"featured_media":130500,"comment_status":"closed","ping_status":"closed","sticky":false,"template":"","format":"standard","meta":{"_monsterinsights_skip_tracking":false,"_monsterinsights_sitenote_active":false,"_monsterinsights_sitenote_note":"","_monsterinsights_sitenote_category":0,"footnotes":""},"categories":[49],"tags":[],"class_list":["post-130347","post","type-post","status-publish","format-standard","has-post-thumbnail","hentry","category-news-18","category-49","description-off"],"img_url":"https:\/\/www.radiopiu.net\/wordpress\/wp-content\/uploads\/2020\/04\/WhatsApp-Image-2020-04-15-at-19.18.35.jpeg","_links":{"self":[{"href":"https:\/\/www.radiopiu.net\/wordpress\/wp-json\/wp\/v2\/posts\/130347","targetHints":{"allow":["GET"]}}],"collection":[{"href":"https:\/\/www.radiopiu.net\/wordpress\/wp-json\/wp\/v2\/posts"}],"about":[{"href":"https:\/\/www.radiopiu.net\/wordpress\/wp-json\/wp\/v2\/types\/post"}],"author":[{"embeddable":true,"href":"https:\/\/www.radiopiu.net\/wordpress\/wp-json\/wp\/v2\/users\/4"}],"replies":[{"embeddable":true,"href":"https:\/\/www.radiopiu.net\/wordpress\/wp-json\/wp\/v2\/comments?post=130347"}],"version-history":[{"count":0,"href":"https:\/\/www.radiopiu.net\/wordpress\/wp-json\/wp\/v2\/posts\/130347\/revisions"}],"wp:featuredmedia":[{"embeddable":true,"href":"https:\/\/www.radiopiu.net\/wordpress\/wp-json\/wp\/v2\/media\/130500"}],"wp:attachment":[{"href":"https:\/\/www.radiopiu.net\/wordpress\/wp-json\/wp\/v2\/media?parent=130347"}],"wp:term":[{"taxonomy":"category","embeddable":true,"href":"https:\/\/www.radiopiu.net\/wordpress\/wp-json\/wp\/v2\/categories?post=130347"},{"taxonomy":"post_tag","embeddable":true,"href":"https:\/\/www.radiopiu.net\/wordpress\/wp-json\/wp\/v2\/tags?post=130347"}],"curies":[{"name":"wp","href":"https:\/\/api.w.org\/{rel}","templated":true}]}}