{"id":130352,"date":"2020-04-15T12:29:13","date_gmt":"2020-04-15T10:29:13","guid":{"rendered":"https:\/\/www.radiopiu.net\/wordpress\/?p=130352"},"modified":"2020-04-15T13:37:15","modified_gmt":"2020-04-15T11:37:15","slug":"la-conferenza-stampa-del-presidente-del-veneto-luca-zaia-15-aprile-2020","status":"publish","type":"post","link":"https:\/\/www.radiopiu.net\/wordpress\/la-conferenza-stampa-del-presidente-del-veneto-luca-zaia-15-aprile-2020\/","title":{"rendered":"INIZIATA LA RIPARTENZA, ECCO LA SECONDA FASE. LA CONFERENZA STAMPA DEL PRESIDENTE DEL VENETO LUCA ZAIA 15 APRILE 2020"},"content":{"rendered":"<p><strong>VENEZIA<\/strong> Luca Zaia nella consueta conferenza stampa su l&#8217;emergenza COVID-19<\/p>\n<blockquote>\n<h2>LEGGI LA CONFERENZA DEL PRESIDENTE LUCA ZAIA<\/h2>\n<\/blockquote>\n<p><em>Mi fa arrabbiare che qualcuno ignori l&#8217;uso della mascherina. Passeggiata singolarmente e non lontano da casa. No ai pic nic. Le mascherine \u00a0se non le trovate compratele online. Le scuole devono restare chiuse per non riportare il virus in famiglia. Da luned\u00ec Schiavonia riaprir\u00e0 il punto nascita. In spiaggia la storia del box in plexiglass \u00e8 inquietante, avete presente? Facciamo le saune sotto il sole.<\/em><\/p>\n<p><span style=\"color: #ff0000;\"><strong>216.000 TAMPONI EFFETTUATI CON LA MACCHINA ORMAI A REGIME<\/strong><\/span><\/p>\n<p><strong>NUMERI<\/strong> 16858 IN ISOLAMENTO, 14624 POSITIVI 1621 RICOVERATI 219 TERAPI INTENSIVA Salvo sorprese per i primi di maggio si dovrebbe andare verso la fase finale 1824 DIMESSI, 825 MORTI IN OSPEDALE, 940 CON LE CASE DI RIPOSO, 96 I NUOVI NATI<\/p>\n<p><strong>LA DIREZIONE<\/strong> Non abbassare la guardia, noi con l&#8217;ordinanza abbiamo applicato il DPCM con ulteriori restrizioni dando la possibilit\u00e0 di aprire i negozi per bimbi 2 giorni la settimana cosi&#8217; come le librerie con chiusura alla domenica anche dei supermercati. La ripartenza di fatto sta avvenendo. Abbiamo un piano con la parti sociali e il mondo del lavoro (avremo un confronto) che diventa per noi la base per dialogare e ripartire definitivamente. Il Governo lavora ad un suo piano. La vicinanza da casa non significa far chilometri e sempre uscite individuali e la mascherina va usata sempre perch\u00e9 non \u00e8 corretto nei confronti degli altri, l&#8217;abbiamo prodotto, distribuita e incentivata nella produzione a livello locale. Stiamo lavorando perch\u00e9 si eliminino le confische, abbiamo un magazzino per 6 mesi (24 milioni e mezzo di mascherine) ma bisogna usarle con impegno, sar\u00e0 la condizione per il percorso di vita in presenza del virus, per mesi. Torneremo pi\u00f9 liberi di prima al termine del percorso. La mascherina diventa accessorio della nostra vita per molto tempo. <strong>PROIEZIONE DEL VIDEO PER DARE LA DIMENSIONE DI COSA SIGNIFICA LA MASCHERINA<\/strong> Su Amazon consegna il 6 maggio, 12 euro per 50 mascherine.<\/p>\n<p><strong>DONAZIONI<\/strong> La donazione di Davide di Vazzola, 41 euro dal salvadanaio, ha tenuto 1 euro per il lecca lecca e il resto lo ha devoluto alla sanit\u00e0 della Regione. L&#8217;uovo gigante all&#8217;asta se l&#8217;\u00e8 aggiudicato Sensi Bunir della Star System Srl di Mestre: 30 mila euro, venduto a 3000 euro al chilogrammo<\/p>\n<p><strong>DATO SUPERPOSITIVO<\/strong> Rispettato la tradizione, i trapianti sono stati quest&#8217;anno fino ad oggi 162, addirittura in pieno periodo di cover_19 superati i 145 dello scorso anno.<\/p>\n<h2>DOMANDE<\/h2>\n<p><strong>FASE 2 INIZIATA, COSA VI PREPARATE A FARE SE LE COSE VANNO MALE?<\/strong> Abbiamo un progetto molto chiaro di sanit\u00e0 pubblica, la macchina dei tamponi \u00e8 sempre attiva.Vogliamo comperarne un&#8217;altra se ci riusciamo, sono 9000 tampone in pi\u00f9 per arrivare ad un bel numero. In caso di focolaio in un&#8217;azienda si testa l&#8217;azienda intera e i contatti personai. Se chiuder\u00e0? DIpende cosa accade se c&#8217;\u00e8 la necessit\u00e0 di isolamento l&#8217;azienda va ovviamente in crisi<\/p>\n<p><strong>UN IMPRESA CHE VUOLE EFFETTUARE TEST?<\/strong> Non abbiamo la capacit\u00e0 per fare tamponi a tappeto, ci sono i sintomatici e i loro contatti nonch\u00e9 il personale della sanit\u00e0 e case di riposo.\u00a0 Serve prelievo, operatore, laboratorio, il test rapido \u00e8 un&#8217;altra cosa che si compera sul mercato internazionale con un costo sotto i 10 euro. Ne abbiamo 700 mia in arrivo, 230 mila gi\u00e0 arrivati e distribuiti e&#8217; abbinato pero&#8217; al tampone. Noi applichiamo il nostro piano alle imprese gi\u00e0 aperte e continueremo a controllare. La redazione del piano della ripartenza per le aziende \u00e8 in mano alla dottoressa Russo, l&#8217;impresa deve essere condivisa da tutti.<\/p>\n<p><strong>CATEGORIE PIU&#8217; PREOCCUPANTI?<\/strong> Tutti siamo a rischio, ogni forma di distanziamento sociale non rispettato mette a rischio gli altri, serve la mascherina lo ribadisco.<\/p>\n<p><strong>SE I DATI CONTINUANO A ESSERE DI CONFORTO SI RIAPRONO LE SCUOLE?<\/strong> Sto dicendo da due giorni di non riparire pi\u00f9 le scuole \u00e8 troppo rischioso ce lo dicono anche gli esperti, non per contraddire l&#8217;assessore Elena Donazzan, l&#8217;ho sempre detto fin dall&#8217;inizio. Il virus alla volta di giugno ci sar\u00e0 ancora \u00e8 inevitabile che se confino dei ragazzi a maggio prendono il virus e lo portano in famiglia. A settembre affronteremo il problema sperando non ci sia il ritorno del virus, saranno adottate nuove modalit\u00e0 e i dispositivi potranno essere fondamentali, abbiamo scoperto che l&#8217;attivit\u00e0 on line funziona bene.Ci sono ragazzi che preferirebbero tornare a scuola il sistema funziona cosi&#8217; bene che \u00e8 un controllo a vista.<\/p>\n<p><strong>ORDINANZA SVUOTA MAGAZZIN<\/strong>I La stiamo preparando \u00e8 una grande opportunit\u00e0 per le imprese.<\/p>\n<p><strong>HO DETTO AL PRESIDENTE DEL CONSIGLIO<\/strong> Che abbiamo i nostro piano che lo manderemo, forse vedere il piano degli altri aiuta a far sintesi e scoprire nuove idee.<\/p>\n<p><strong>DA LUNEDI SCHIAVONIA APRE IL PUNTO NASCITE<\/strong> E&#8217; un buon segnale, a chi fa fatto catastrofismo il 21 febbraio, sessanta giorni dopo siamo gi\u00e0 alla ripartenze degli ospedali, avevamo detto che era una questione di qualche mese, sapevamo quale era il decorso<\/p>\n<p><strong>24 ORE DI TEMPO E POI RIMETTO I 200 METRI?<\/strong> Non \u00e8 una questione da scolaretti. La maggior parte dei veneti rispettano le regole. Molti invocano il rispetto delle regole, soprattutto i giovani. Al momento l&#8217;ordinanza resta com&#8217;\u00e8.<\/p>\n<p><strong>SPIAGGE<\/strong> Non credo sar\u00e0 un disastro, il turismo sta soffrendo gli operatori non hanno gettato la spugna. Faremo qualche giorno di vacanza in montagna, lago, mare per dare una mano agli operatori turistici. I turisti tedeschi che hanno gi\u00e0 prenotato nei campeggi e alberghi &#8211; mi dice Calzavara da Jesolo &#8211; hanno disdettato per il 7% se ci crede chi viene da fuori chiediamoci ancora di pi\u00f9 noi. Il box di plastica \u00e8 idea assurda.<\/p>\n<p><strong>PASSEGGERI DI AUTOBUS E VAPORETTI STRETTI PER IL TAGLIO DELLE CORSE PREVISTE SANZIONI?<\/strong> Dobbiamo garantire le corse, la mascherina fondamentale \u00e8 la mascherina dove non\u00e8 posssibile rispettare\u00a0 la distanza<\/p>\n<p><strong>OSPEDALI CHE ERANO CHIUSI APERTI PER L&#8217;EMERGENZA?<\/strong> Non sono a norma, rimarranno dei polmoni in caso di necessit\u00e0. Sapevamo che pur chiusi da anni sarebbero tornati utili. Sapevamo che c&#8217;erano. Abbiamo un piano che li definisce &#8220;polmoni&#8221; ma sono transitori, la loro destinazione \u00e8 quella dell&#8217;emergenza estrema li&#8217; abbiamo messo 740 posti letto. Sono ospedali da 100-150 posti letto che porterebbero solo dispersioni. La deroga vale solo per la fase emergenziale.<\/p>\n<p><strong>BAR, SALE DA GIOCHI?<\/strong> Sono quesiti per il Governo.<\/p>\n<p><strong>SE POTESSI RIAVVOLGERE IL NASTRO RIPARTIREI DAGLI ANZIANI, E&#8217; ORA DI DARE REGOLE AGLI OVER 75?<\/strong> Prevediamo anche questo<\/p>\n<p><strong>CASSE REGIONALI IN SALUTE?<\/strong> 47 milioni di euro raccolti ma siamo in forte tensione per le 825 terapia intensive Lo stress \u00e8 forte. Abbiamo il problema di tutto il personale assunto in via straordinaria da stabilizzare e il buco nel trasporto pubblico locale. Abbiamo una voragine, non intendiamo applicare tasse ma non sar\u00e0 facile. Le spese ci sono. Dal Governo abbiamo avuto donazioni in respiratori meccanici e mascherine.<\/p>\n<p>&nbsp;<\/p>\n<p>https:\/\/www.facebook.com\/zaiaufficiale\/videos\/234656547738678<\/p>\n","protected":false},"excerpt":{"rendered":"<p>VENEZIA Luca Zaia nella consueta conferenza stampa su l&#8217;emergenza COVID-19 LEGGI LA CONFERENZA DEL PRESIDENTE LUCA ZAIA Mi fa arrabbiare che qualcuno ignori l&#8217;uso della mascherina. Passeggiata singolarmente e non lontano da casa. No ai pic nic. Le mascherine \u00a0se non le trovate compratele online. Le scuole devono restare chiuse per non riportare il virus&hellip;<\/p>\n","protected":false},"author":4,"featured_media":121391,"comment_status":"closed","ping_status":"closed","sticky":false,"template":"","format":"standard","meta":{"_monsterinsights_skip_tracking":false,"_monsterinsights_sitenote_active":false,"_monsterinsights_sitenote_note":"","_monsterinsights_sitenote_category":0,"footnotes":""},"categories":[51,49],"tags":[],"class_list":["post-130352","post","type-post","status-publish","format-standard","has-post-thumbnail","hentry","category-evidenza-top","category-news-18","category-51","category-49","description-off"],"img_url":"https:\/\/www.radiopiu.net\/wordpress\/wp-content\/uploads\/2020\/03\/covid-zaia.jpg","_links":{"self":[{"href":"https:\/\/www.radiopiu.net\/wordpress\/wp-json\/wp\/v2\/posts\/130352","targetHints":{"allow":["GET"]}}],"collection":[{"href":"https:\/\/www.radiopiu.net\/wordpress\/wp-json\/wp\/v2\/posts"}],"about":[{"href":"https:\/\/www.radiopiu.net\/wordpress\/wp-json\/wp\/v2\/types\/post"}],"author":[{"embeddable":true,"href":"https:\/\/www.radiopiu.net\/wordpress\/wp-json\/wp\/v2\/users\/4"}],"replies":[{"embeddable":true,"href":"https:\/\/www.radiopiu.net\/wordpress\/wp-json\/wp\/v2\/comments?post=130352"}],"version-history":[{"count":0,"href":"https:\/\/www.radiopiu.net\/wordpress\/wp-json\/wp\/v2\/posts\/130352\/revisions"}],"wp:featuredmedia":[{"embeddable":true,"href":"https:\/\/www.radiopiu.net\/wordpress\/wp-json\/wp\/v2\/media\/121391"}],"wp:attachment":[{"href":"https:\/\/www.radiopiu.net\/wordpress\/wp-json\/wp\/v2\/media?parent=130352"}],"wp:term":[{"taxonomy":"category","embeddable":true,"href":"https:\/\/www.radiopiu.net\/wordpress\/wp-json\/wp\/v2\/categories?post=130352"},{"taxonomy":"post_tag","embeddable":true,"href":"https:\/\/www.radiopiu.net\/wordpress\/wp-json\/wp\/v2\/tags?post=130352"}],"curies":[{"name":"wp","href":"https:\/\/api.w.org\/{rel}","templated":true}]}}