{"id":130420,"date":"2020-04-15T16:27:59","date_gmt":"2020-04-15T14:27:59","guid":{"rendered":"https:\/\/www.radiopiu.net\/wordpress\/?p=130420"},"modified":"2020-04-15T16:27:59","modified_gmt":"2020-04-15T14:27:59","slug":"crescere-insieme-a-distanza","status":"publish","type":"post","link":"https:\/\/www.radiopiu.net\/wordpress\/crescere-insieme-a-distanza\/","title":{"rendered":"CRESCERE INSIEME A DISTANZA"},"content":{"rendered":"<p><strong> <a class=\"dt-pswp-item\" href=\"https:\/\/www.radiopiu.net\/wordpress\/wp-content\/uploads\/2020\/04\/SCUOLA-A-DISTANZA.jpg\" data-dt-img-description=\"\" data-large_image_width=\"509\" data-large_image_height=\"340\"><img loading=\"lazy\" decoding=\"async\" class=\"wp-image-130421 alignleft\" src=\"https:\/\/www.radiopiu.net\/wordpress\/wp-content\/uploads\/2020\/04\/SCUOLA-A-DISTANZA.jpg\" alt=\"\" width=\"245\" height=\"163\" srcset=\"https:\/\/www.radiopiu.net\/wordpress\/wp-content\/uploads\/2020\/04\/SCUOLA-A-DISTANZA.jpg 509w, https:\/\/www.radiopiu.net\/wordpress\/wp-content\/uploads\/2020\/04\/SCUOLA-A-DISTANZA-300x200.jpg 300w\" sizes=\"auto, (max-width: 245px) 100vw, 245px\" \/><\/a>FELTRE<\/strong>\u00a0 Al via dal 21 aprile un servizio gratuito on line per gli studenti delle medie che vogliono imparare a studiare e migliorare l&#8217;apprendimento.\u00a0 Il Comune di Feltre si prepara a lanciare il servizio &#8220;Crescere insieme a distanza&#8221;: una serie di lezioni on-line concepite come spazio virtuale in cui ragazzi che frequentano le scuole medie potranno sperimentarsi nella capacit\u00e0 di pensare al proprio apprendimento, alle proprie capacit\u00e0 e difficolt\u00e0, tenendo in considerazione i propri interessi e attitudini. Le lezioni sono gratuite. Per partecipare \u00e8 necessario iscriversi, mandando una mail all&#8217;indirizzo doposcuolafeltre@gmail.com. Il primo appuntamento \u00e8 fissato per marted\u00ec 21 aprile 2020 alle ore 17.30 con una diretta Facebook dalla pagina del Centro Giovani.<\/p>\n<p>AI MICROFONI DI RADIO PIU&#8217; L&#8217;ASSESSORE ALLE POLITICHE SOCIALI GIORGIA LI CASTRI<\/p>\n<audio class=\"wp-audio-shortcode\" id=\"audio-130420-1\" preload=\"none\" style=\"width: 100%;\" controls=\"controls\"><source type=\"audio\/mpeg\" src=\"https:\/\/www.radiopiu.net\/wordpress\/wp-content\/uploads\/2020\/04\/GIORGIA.mp3?_=1\" \/><a href=\"https:\/\/www.radiopiu.net\/wordpress\/wp-content\/uploads\/2020\/04\/GIORGIA.mp3\">https:\/\/www.radiopiu.net\/wordpress\/wp-content\/uploads\/2020\/04\/GIORGIA.mp3<\/a><\/audio>\n<p>&nbsp;<\/p>\n<p>&nbsp;<\/p>\n<p>&nbsp;<\/p>\n<p>&nbsp;<\/p>\n","protected":false},"excerpt":{"rendered":"<p>FELTRE\u00a0 Al via dal 21 aprile un servizio gratuito on line per gli studenti delle medie che vogliono imparare a studiare e migliorare l&#8217;apprendimento.\u00a0 Il Comune di Feltre si prepara a lanciare il servizio &#8220;Crescere insieme a distanza&#8221;: una serie di lezioni on-line concepite come spazio virtuale in cui ragazzi che frequentano le scuole medie&hellip;<\/p>\n","protected":false},"author":1,"featured_media":130421,"comment_status":"closed","ping_status":"closed","sticky":false,"template":"","format":"standard","meta":{"_monsterinsights_skip_tracking":false,"_monsterinsights_sitenote_active":false,"_monsterinsights_sitenote_note":"","_monsterinsights_sitenote_category":0,"footnotes":""},"categories":[49],"tags":[],"class_list":["post-130420","post","type-post","status-publish","format-standard","has-post-thumbnail","hentry","category-news-18","category-49","description-off"],"img_url":"https:\/\/www.radiopiu.net\/wordpress\/wp-content\/uploads\/2020\/04\/SCUOLA-A-DISTANZA.jpg","_links":{"self":[{"href":"https:\/\/www.radiopiu.net\/wordpress\/wp-json\/wp\/v2\/posts\/130420","targetHints":{"allow":["GET"]}}],"collection":[{"href":"https:\/\/www.radiopiu.net\/wordpress\/wp-json\/wp\/v2\/posts"}],"about":[{"href":"https:\/\/www.radiopiu.net\/wordpress\/wp-json\/wp\/v2\/types\/post"}],"author":[{"embeddable":true,"href":"https:\/\/www.radiopiu.net\/wordpress\/wp-json\/wp\/v2\/users\/1"}],"replies":[{"embeddable":true,"href":"https:\/\/www.radiopiu.net\/wordpress\/wp-json\/wp\/v2\/comments?post=130420"}],"version-history":[{"count":0,"href":"https:\/\/www.radiopiu.net\/wordpress\/wp-json\/wp\/v2\/posts\/130420\/revisions"}],"wp:featuredmedia":[{"embeddable":true,"href":"https:\/\/www.radiopiu.net\/wordpress\/wp-json\/wp\/v2\/media\/130421"}],"wp:attachment":[{"href":"https:\/\/www.radiopiu.net\/wordpress\/wp-json\/wp\/v2\/media?parent=130420"}],"wp:term":[{"taxonomy":"category","embeddable":true,"href":"https:\/\/www.radiopiu.net\/wordpress\/wp-json\/wp\/v2\/categories?post=130420"},{"taxonomy":"post_tag","embeddable":true,"href":"https:\/\/www.radiopiu.net\/wordpress\/wp-json\/wp\/v2\/tags?post=130420"}],"curies":[{"name":"wp","href":"https:\/\/api.w.org\/{rel}","templated":true}]}}