{"id":130445,"date":"2020-04-15T23:59:06","date_gmt":"2020-04-15T21:59:06","guid":{"rendered":"https:\/\/www.radiopiu.net\/wordpress\/?p=130445"},"modified":"2020-04-16T06:25:39","modified_gmt":"2020-04-16T04:25:39","slug":"domegge-falcade-farra-dalpago-feltre-fonzaso-e-forno-di-zoldo-di-renato-bona","status":"publish","type":"post","link":"https:\/\/www.radiopiu.net\/wordpress\/domegge-falcade-farra-dalpago-feltre-fonzaso-e-forno-di-zoldo-di-renato-bona\/","title":{"rendered":"DOMEGGE, FALCADE, FARRA D\u2019ALPAGO FELTRE, FONZASO E FORNO DI ZOLDO di RENATO BONA"},"content":{"rendered":"<div class=\"_3_bl\">\n<div class=\"_5w1r _3_om _5wdf\">\n<div class=\"_4gx_\">\n<div class=\"_1aa6\">\n<div class=\"\"><span class=\"_5yl5\"><strong><a class=\"dt-pswp-item\" href=\"https:\/\/www.radiopiu.net\/wordpress\/wp-content\/uploads\/2020\/04\/93496679_785071895653486_1421852342134767616_n.jpg\" data-dt-img-description=\"\" data-large_image_width=\"1773\" data-large_image_height=\"2048\"><img loading=\"lazy\" decoding=\"async\" class=\"wp-image-130448 alignleft\" src=\"https:\/\/www.radiopiu.net\/wordpress\/wp-content\/uploads\/2020\/04\/93496679_785071895653486_1421852342134767616_n-887x1024.jpg\" alt=\"\" width=\"128\" height=\"148\" srcset=\"https:\/\/www.radiopiu.net\/wordpress\/wp-content\/uploads\/2020\/04\/93496679_785071895653486_1421852342134767616_n-887x1024.jpg 887w, https:\/\/www.radiopiu.net\/wordpress\/wp-content\/uploads\/2020\/04\/93496679_785071895653486_1421852342134767616_n-260x300.jpg 260w, https:\/\/www.radiopiu.net\/wordpress\/wp-content\/uploads\/2020\/04\/93496679_785071895653486_1421852342134767616_n-768x887.jpg 768w, https:\/\/www.radiopiu.net\/wordpress\/wp-content\/uploads\/2020\/04\/93496679_785071895653486_1421852342134767616_n-1330x1536.jpg 1330w, https:\/\/www.radiopiu.net\/wordpress\/wp-content\/uploads\/2020\/04\/93496679_785071895653486_1421852342134767616_n.jpg 1773w\" sizes=\"auto, (max-width: 128px) 100vw, 128px\" \/><\/a>BELLUNO\u00a0<\/strong> Quinta tappa del \u201cviaggio\u201d tra storia e stemmi dei 69 comuni che formavano la Provincia di Belluno, guidati dal libretto dell\u2019assessorato all\u2019urbanistica del Comune capoluogo \u201cI Comuni della Provincia di Belluno. Storia e simboli\u201d, edito nel luglio 1990 per l\u2019inaugurazione della rinnovata Fontana di Piazza dei Martiri nella quale sono stati apposti stemmi di Massimo Facchin. Proponiamo in rigoroso ordine anche la sintetica storia dei singoli comuni , sintetizzata dal giornalista Fiorello Zangrando. <strong>DOMEGGE<\/strong>. \u201cA Vallesella si \u00e8 trovato un elmo gallico, tombe celtiche nel centro del paese, a Crodola e a Medol oggetti ritenuti d\u2019epoca romana. Il nome del santo patrono di Domegge fa pensare ad un insediamento longobardico e al diritto regoliero. La Parrocchia \u00e8 dichiarata sciolta da Pieve il 21 marzo 1208. Nel 1394 gli abitanti di Domegge deliberarono di mettere per iscritto i propri Laudi. Durante la guerra di Cambrai, il 9 agosto 1509 il capitano Barnaba Barnab\u00f2 e Giovanni Piazza di Domegge, con Cristoforo Palatini al comando di 800 armati dei centenari cadorini liberano Belluno dagli imperiali e partecipano alla battaglia di Vallesella sconfiggendo le truppe tedesche dell\u2019Hanault. La storia contemporanea \u00e8 segnata dall\u2019industria degli occhiali. Nel 1907 Marco Barnab\u00f2 fonda la prima Azienda di autotrasporti con Belluno. L\u2019invaso idroelettrico di Sottocastello dal 1949 danneggia l\u2019abitato di Vallesella\u201d.<\/span><\/div>\n<div><\/div>\n<div class=\"\"><span class=\"_5yl5\"><strong><a class=\"dt-pswp-item\" href=\"https:\/\/www.radiopiu.net\/wordpress\/wp-content\/uploads\/2020\/04\/93256836_1122562908097378_2341811805539532800_n.jpg\" data-dt-img-description=\"\" data-large_image_width=\"1804\" data-large_image_height=\"2048\"><img loading=\"lazy\" decoding=\"async\" class=\"wp-image-130451 alignleft\" src=\"https:\/\/www.radiopiu.net\/wordpress\/wp-content\/uploads\/2020\/04\/93256836_1122562908097378_2341811805539532800_n-902x1024.jpg\" alt=\"\" width=\"127\" height=\"144\" srcset=\"https:\/\/www.radiopiu.net\/wordpress\/wp-content\/uploads\/2020\/04\/93256836_1122562908097378_2341811805539532800_n-902x1024.jpg 902w, https:\/\/www.radiopiu.net\/wordpress\/wp-content\/uploads\/2020\/04\/93256836_1122562908097378_2341811805539532800_n-264x300.jpg 264w, https:\/\/www.radiopiu.net\/wordpress\/wp-content\/uploads\/2020\/04\/93256836_1122562908097378_2341811805539532800_n-768x872.jpg 768w, https:\/\/www.radiopiu.net\/wordpress\/wp-content\/uploads\/2020\/04\/93256836_1122562908097378_2341811805539532800_n-1353x1536.jpg 1353w, https:\/\/www.radiopiu.net\/wordpress\/wp-content\/uploads\/2020\/04\/93256836_1122562908097378_2341811805539532800_n.jpg 1804w\" sizes=\"auto, (max-width: 127px) 100vw, 127px\" \/><\/a>FALCADE.<\/strong> \u201cL\u2019attivit\u00e0 dei primi abitanti, dediti a falciare l\u2019erba nella vallata, sarebbe dimostrata dallo stesso nome del paese. Ma trova credito anche la tradizione che i primi insediamenti siano collegati ai carbonai, stabilitisi nel secolo XII in aiuto ai lavoratori del ferro e del rame delle zone vicine. Verso il 1200 il luogo percorso da una buona mulattiera \u00e8 gi\u00e0 congiunto alla valle di Fiemme. Dal 1473 al 1774 si eseguono parecchie confinazioni tra la Repubblica Veneta e il vicino Principato di Trento. Usurpazioni di territorio da parte dei confinanti si registrano nel 1528, 1763, 1778. Divenuto paese di confine dopo l\u2019unione del Bellunese all\u2019Italia, Falcade consolida la propria posizione sociale e vede la nascita di istituzioni e di servizi pubblici. Ma la Grande guerra lascia segni profondi. Nel 1944 le orde tedesche massacrano la gente della Val Biois. L\u2019alluvione del 1966 <\/span><\/div>\n<div class=\"\"><span class=\"_5yl5\">provoca vittime e distrugge abitazioni\u201d.<\/span><\/div>\n<div><\/div>\n<div class=\"\"><span class=\"_5yl5\"><strong><a class=\"dt-pswp-item\" href=\"https:\/\/www.radiopiu.net\/wordpress\/wp-content\/uploads\/2020\/04\/93679836_522149835360095_6957378777890422784_n.jpg\" data-dt-img-description=\"\" data-large_image_width=\"1759\" data-large_image_height=\"2048\"><img loading=\"lazy\" decoding=\"async\" class=\"wp-image-130446 alignleft\" src=\"https:\/\/www.radiopiu.net\/wordpress\/wp-content\/uploads\/2020\/04\/93679836_522149835360095_6957378777890422784_n-880x1024.jpg\" alt=\"\" width=\"129\" height=\"150\" srcset=\"https:\/\/www.radiopiu.net\/wordpress\/wp-content\/uploads\/2020\/04\/93679836_522149835360095_6957378777890422784_n-880x1024.jpg 880w, https:\/\/www.radiopiu.net\/wordpress\/wp-content\/uploads\/2020\/04\/93679836_522149835360095_6957378777890422784_n-258x300.jpg 258w, https:\/\/www.radiopiu.net\/wordpress\/wp-content\/uploads\/2020\/04\/93679836_522149835360095_6957378777890422784_n-768x894.jpg 768w, https:\/\/www.radiopiu.net\/wordpress\/wp-content\/uploads\/2020\/04\/93679836_522149835360095_6957378777890422784_n-1319x1536.jpg 1319w, https:\/\/www.radiopiu.net\/wordpress\/wp-content\/uploads\/2020\/04\/93679836_522149835360095_6957378777890422784_n.jpg 1759w\" sizes=\"auto, (max-width: 129px) 100vw, 129px\" \/><\/a>FARRA D\u2019ALPAGO<\/strong>. \u201cTralasciando la malaccorta tradizione che vorrebbe l\u2019esistenza di due castellieri a fianco della via romana lungo il Fadalto, il nome indica un incolato longobardo. Farra \u00e8 l\u2019insediamento di famiglie e riserve non troppo esposte ai pericoli derivanti dalle grandi strade. Fa parte della decania di Pieve e quindi della sculdascia di Belluno. Il paese \u00e8 lasciato abbastanza tranquillo quando in molti altri territori infuriano le scorribande degli imperiali tra il 1508 e il 1511. Tra 1600 e 1700 conosce una fortuna economica. Il lago di Santa Croce, nominato la prima volta come \u201claca Papacinense\u201d nel diploma di Berengario che nel 923 conferma i possessi di Aimone vescovo di Belluno, \u00e8 utilizzato per convogliare il legname disboscato in Cansiglio. Nel 1700 il patrizio Marino Cavalli adatta il Rai alla navigazione delle zattere facendolo convogliare nel Piave con un canale di 7200 metri\u2026\u201d.<\/span><\/div>\n<div><\/div>\n<div class=\"\"><span class=\"_5yl5\"><strong><a class=\"dt-pswp-item\" href=\"https:\/\/www.radiopiu.net\/wordpress\/wp-content\/uploads\/2020\/04\/93790675_517872868901128_7262902101125103616_n.jpg\" data-dt-img-description=\"\" data-large_image_width=\"1772\" data-large_image_height=\"2048\"><img loading=\"lazy\" decoding=\"async\" class=\"wp-image-130450 alignleft\" src=\"https:\/\/www.radiopiu.net\/wordpress\/wp-content\/uploads\/2020\/04\/93790675_517872868901128_7262902101125103616_n-886x1024.jpg\" alt=\"\" width=\"127\" height=\"147\" srcset=\"https:\/\/www.radiopiu.net\/wordpress\/wp-content\/uploads\/2020\/04\/93790675_517872868901128_7262902101125103616_n-886x1024.jpg 886w, https:\/\/www.radiopiu.net\/wordpress\/wp-content\/uploads\/2020\/04\/93790675_517872868901128_7262902101125103616_n-260x300.jpg 260w, https:\/\/www.radiopiu.net\/wordpress\/wp-content\/uploads\/2020\/04\/93790675_517872868901128_7262902101125103616_n-768x888.jpg 768w, https:\/\/www.radiopiu.net\/wordpress\/wp-content\/uploads\/2020\/04\/93790675_517872868901128_7262902101125103616_n-1329x1536.jpg 1329w, https:\/\/www.radiopiu.net\/wordpress\/wp-content\/uploads\/2020\/04\/93790675_517872868901128_7262902101125103616_n.jpg 1772w\" sizes=\"auto, (max-width: 127px) 100vw, 127px\" \/><\/a>FELTRE.<\/strong> Sul Monte Avena si trovano tracce di un uomo vissuto fino a sessantamila anni fa. Ma l\u2019insediamento attorno alla \u2018collina delle capre\u2019 \u00e8 assai pi\u00f9 recente e viene definito etrusco. Le prove sono ricavate pure dal nome Feltre, con radicale affine a Felsina cio\u00e8 Bologna. In periodo romano \u00e8 municipium e iscritta alla trib\u00f9 Menenia. Ci sono sacerdoti e fabbri, zattieri e lavoratori di panni (attivit\u00e0 che nel medioevo produrr\u00e0 una particolare lana) che denotano un notevole grado di sviluppo economico e civile\u2026 Il cristianesimo entra forse ad opera di san Prosdocimo vescovo di Padova\u2026 Importante \u00e8 il santuario dei santi Vittore e Corona sul Miesna, di ordine romanico-bizantino \u2026 Nel 1404 Feltre si d\u00e0 a Venezia ma nel 1509 e 1510 \u00e8 rasa al suolo dalle truppe di Massimiliano d\u2019Asburgo. Nel 1848 combatte contro il ritorno degli austriaci; ne subisce la presenza durante l\u2019invasione del 1917-18 e se ne libera quando alpini e fanti scendono dal Grappa. Durante la Resistenza i tedeschi compiono anche qui atti di terrorismo\u2026 L\u2019industria mette radici negli anni Trenta\u2026\u201d.<\/span><\/div>\n<div><\/div>\n<div class=\"\"><span class=\"_5yl5\"><a class=\"dt-pswp-item\" href=\"https:\/\/www.radiopiu.net\/wordpress\/wp-content\/uploads\/2020\/04\/93548826_219882299343566_9071591835394113536_n.jpg\" data-dt-img-description=\"\" data-large_image_width=\"1783\" data-large_image_height=\"2048\"><img loading=\"lazy\" decoding=\"async\" class=\"wp-image-130447 alignleft\" src=\"https:\/\/www.radiopiu.net\/wordpress\/wp-content\/uploads\/2020\/04\/93548826_219882299343566_9071591835394113536_n-892x1024.jpg\" alt=\"\" width=\"128\" height=\"147\" srcset=\"https:\/\/www.radiopiu.net\/wordpress\/wp-content\/uploads\/2020\/04\/93548826_219882299343566_9071591835394113536_n-892x1024.jpg 892w, https:\/\/www.radiopiu.net\/wordpress\/wp-content\/uploads\/2020\/04\/93548826_219882299343566_9071591835394113536_n-261x300.jpg 261w, https:\/\/www.radiopiu.net\/wordpress\/wp-content\/uploads\/2020\/04\/93548826_219882299343566_9071591835394113536_n-768x882.jpg 768w, https:\/\/www.radiopiu.net\/wordpress\/wp-content\/uploads\/2020\/04\/93548826_219882299343566_9071591835394113536_n-1337x1536.jpg 1337w, https:\/\/www.radiopiu.net\/wordpress\/wp-content\/uploads\/2020\/04\/93548826_219882299343566_9071591835394113536_n.jpg 1783w\" sizes=\"auto, (max-width: 128px) 100vw, 128px\" \/><\/a> <strong>FONZASO<\/strong>. \u201cE\u2019 tradizione che i fondatori del paese siano etruschi\u2026 Il nome deriva probabilmente da un personale latino Fundius. La via romana Claudia Augusta Altinate a Pedesalto \u00e8 munita di un fortilizio. Re Berengario assegna il territorio alla diocesi di Padova. Nel paese fiorisce, durante il medioevo e fino all\u2019et\u00e0 moderna, accanto all\u2019agricoltura e alla pastorizia, la lavorazione del legname in numerose segherie e del ferro portato dalla valle di Primiero. La localit\u00e0 Fol ricorda nel nome la produzione di lana. Il borgo appartiene alla famiglia Fonzasia, divisa in due rami, l\u2019uno di parte guelfa e l\u2019altra ghibellina. E\u2019 totalmente incendiato durante la guerra di Cambrai nel 1511 dai soldati di Johann Obigny. Risorge ben presto ma l\u2019alluvione del 27 giugno 1564 nuovamente lo prostra. Altri incendi registra la cronaca nel 1610 e nel 1695, altre alluvioni nel 1823, 1825, 1882 e 1966.<\/span><\/div>\n<div><\/div>\n<div class=\"\"><span class=\"_5yl5\"><strong><a class=\"dt-pswp-item\" href=\"https:\/\/www.radiopiu.net\/wordpress\/wp-content\/uploads\/2020\/04\/93049830_160117495294547_3566236814748418048_n.jpg\" data-dt-img-description=\"\" data-large_image_width=\"1728\" data-large_image_height=\"2048\"><img loading=\"lazy\" decoding=\"async\" class=\"wp-image-130449 alignleft\" src=\"https:\/\/www.radiopiu.net\/wordpress\/wp-content\/uploads\/2020\/04\/93049830_160117495294547_3566236814748418048_n-864x1024.jpg\" alt=\"\" width=\"127\" height=\"151\" srcset=\"https:\/\/www.radiopiu.net\/wordpress\/wp-content\/uploads\/2020\/04\/93049830_160117495294547_3566236814748418048_n-864x1024.jpg 864w, https:\/\/www.radiopiu.net\/wordpress\/wp-content\/uploads\/2020\/04\/93049830_160117495294547_3566236814748418048_n-253x300.jpg 253w, https:\/\/www.radiopiu.net\/wordpress\/wp-content\/uploads\/2020\/04\/93049830_160117495294547_3566236814748418048_n-768x910.jpg 768w, https:\/\/www.radiopiu.net\/wordpress\/wp-content\/uploads\/2020\/04\/93049830_160117495294547_3566236814748418048_n-1296x1536.jpg 1296w, https:\/\/www.radiopiu.net\/wordpress\/wp-content\/uploads\/2020\/04\/93049830_160117495294547_3566236814748418048_n.jpg 1728w\" sizes=\"auto, (max-width: 127px) 100vw, 127px\" \/><\/a>FORNO DI ZOLDO<\/strong>. \u201cE\u2019 probabile che Zoldo sia abitato soltanto nel primo medioevo. Il nome della vallata viene forse dal latino \u2018zoldum\u2019 da \u2018galbinus\u2019 (giallo per i colori dei boschi); quello di Forno si ricollega all\u2019attivit\u00e0 metallurgica. Ai tempi di Ezzelino sopra Astragal si costruisce un castello. Divenuto dominio del Comune di Belluno, nel 1224 Zoldo ottiene di eleggere un console. Ai tempi della lega di Cambrai per qualche anno si aggrega al Cadore ma poi deve tornare con Cividal. La strada che vi porta assume vera importanza con la Serenissima e lo sfruttamento delle miniere che dura 400 anni ed \u00e8 ed \u00e8 legata alla produzione dei chiodi, Intanto quelli che emigrano a Venezia sono qualificati squeraroli, quelli che raggiungono altri paesi nobilitano l\u2019arte del gelato. Nel 1848 a Mezzo Canale poche decina di zoldani contrastano tremila austriaci. Tremenda la peste del 1631\u2026\u201d.<\/span><\/div>\n<\/div>\n<\/div>\n<\/div>\n<\/div>\n<div class=\"_4tdt _ua1\">\n<div class=\"_ua2\">\n<div class=\"_4tdv\">\n<div class=\"_5wd4 _1nc7\">\n<div class=\"_40qi\"><\/div>\n<\/div>\n<\/div>\n<\/div>\n<\/div>\n<div class=\"_4tdt _ua1\">\n<div class=\"_31o4\">\n<div class=\"_6--1\" aria-hidden=\"true\">\n<div class=\"_1gyw _55lt\"><\/div>\n<div class=\"_1gyx\"><\/div>\n<\/div>\n<\/div>\n<div class=\"_ua2\">\n<div class=\"_4tdv\">\n<div class=\"_5wd4 _1nc7 _2_-t\">\n<div class=\"._1dlq _h8t\">\n<div class=\"_5wd9 direction_ltr clearfix\">\n<div class=\"_3e7u _n4o _1a6y \">\n<div class=\"_55pk\"><\/div>\n<\/div>\n<\/div>\n<\/div>\n<\/div>\n<\/div>\n<\/div>\n<\/div>\n","protected":false},"excerpt":{"rendered":"<p>BELLUNO\u00a0 Quinta tappa del \u201cviaggio\u201d tra storia e stemmi dei 69 comuni che formavano la Provincia di Belluno, guidati dal libretto dell\u2019assessorato all\u2019urbanistica del Comune capoluogo \u201cI Comuni della Provincia di Belluno. Storia e simboli\u201d, edito nel luglio 1990 per l\u2019inaugurazione della rinnovata Fontana di Piazza dei Martiri nella quale sono stati apposti stemmi di&hellip;<\/p>\n","protected":false},"author":1,"featured_media":130451,"comment_status":"closed","ping_status":"closed","sticky":false,"template":"","format":"standard","meta":{"_monsterinsights_skip_tracking":false,"_monsterinsights_sitenote_active":false,"_monsterinsights_sitenote_note":"","_monsterinsights_sitenote_category":0,"footnotes":""},"categories":[49],"tags":[],"class_list":["post-130445","post","type-post","status-publish","format-standard","has-post-thumbnail","hentry","category-news-18","category-49","description-off"],"img_url":"https:\/\/www.radiopiu.net\/wordpress\/wp-content\/uploads\/2020\/04\/93256836_1122562908097378_2341811805539532800_n.jpg","_links":{"self":[{"href":"https:\/\/www.radiopiu.net\/wordpress\/wp-json\/wp\/v2\/posts\/130445","targetHints":{"allow":["GET"]}}],"collection":[{"href":"https:\/\/www.radiopiu.net\/wordpress\/wp-json\/wp\/v2\/posts"}],"about":[{"href":"https:\/\/www.radiopiu.net\/wordpress\/wp-json\/wp\/v2\/types\/post"}],"author":[{"embeddable":true,"href":"https:\/\/www.radiopiu.net\/wordpress\/wp-json\/wp\/v2\/users\/1"}],"replies":[{"embeddable":true,"href":"https:\/\/www.radiopiu.net\/wordpress\/wp-json\/wp\/v2\/comments?post=130445"}],"version-history":[{"count":0,"href":"https:\/\/www.radiopiu.net\/wordpress\/wp-json\/wp\/v2\/posts\/130445\/revisions"}],"wp:featuredmedia":[{"embeddable":true,"href":"https:\/\/www.radiopiu.net\/wordpress\/wp-json\/wp\/v2\/media\/130451"}],"wp:attachment":[{"href":"https:\/\/www.radiopiu.net\/wordpress\/wp-json\/wp\/v2\/media?parent=130445"}],"wp:term":[{"taxonomy":"category","embeddable":true,"href":"https:\/\/www.radiopiu.net\/wordpress\/wp-json\/wp\/v2\/categories?post=130445"},{"taxonomy":"post_tag","embeddable":true,"href":"https:\/\/www.radiopiu.net\/wordpress\/wp-json\/wp\/v2\/tags?post=130445"}],"curies":[{"name":"wp","href":"https:\/\/api.w.org\/{rel}","templated":true}]}}