{"id":130576,"date":"2020-04-16T10:33:26","date_gmt":"2020-04-16T08:33:26","guid":{"rendered":"https:\/\/www.radiopiu.net\/wordpress\/?p=130576"},"modified":"2020-04-16T10:30:08","modified_gmt":"2020-04-16T08:30:08","slug":"oggi-la-rassegna-stampa-labbiamo-aperta-cosi-la-mossa-lombarda-un-rischio-per-tutti","status":"publish","type":"post","link":"https:\/\/www.radiopiu.net\/wordpress\/oggi-la-rassegna-stampa-labbiamo-aperta-cosi-la-mossa-lombarda-un-rischio-per-tutti\/","title":{"rendered":"OGGI LA RASSEGNA STAMPA L&#8217;ABBIAMO APERTA COSI&#8217;&#8230; LA MOSSA LOMBARDA, UN RISCHIO PER TUTTI"},"content":{"rendered":"<blockquote>\n<h1><\/h1>\n<\/blockquote>\n<h3><span style=\"color: #339966;\">IL BALLETTO DELLE IDEE, IL PRESIDENTE FONTANA FINO A IERI PER LA LINEA DURA VUOLE RIAPRIRE LE INDUSTRIE IL 4 MAGGIO MENTRE SI INDAGA SULLA TRAGEDIA DELLE CASE DI RIPOSO TRA I FLOP,\u00a0 COME QUELLO DELL&#8217;OSPEDALE<\/span> DELLA FIERA MAI PARTITO (LEONARDO DEL VECCHIO PER QUESTO HA DESTINATO 10 MILIONI DI EURO). IL GOVERNO E&#8217; IRRITATO E RICORDA <span style=\"color: #ff0000;\">AL PRESIDENTE &#8211; AVVERSARIO IN POLITICA- CHE SENZA IL DPCM NON VA DA NESSUNA PARTE.<\/span><\/h3>\n<p><em>Nel Veneto meno pazienti in terapia intensiva e in ospedale ma il numero delle vittime \u00e8 sempre alto, 29 anche ieri. Da ieri in arrivo il bonus dei 600 euro per 12mila\u00a0 bellunesi con partita iva, sono ancora oltre 2000 le pratiche in giacenza. Il modello Veneto prevede la fine dell&#8217;emergenza per met\u00e0 maggio ma al contempo allerta<\/em><em>\u00a0sulla possibilit\u00e0 di un ritorno del virus con la stagione fredda.Un altro decesso al San Martino il 36esimo in provincia, tamponi effettuati oltre 6000. Ieri primi sanzionati perch\u00e8 facevano la legna nel bosco, nel collegamento serale l&#8217;assessore Gianpaolo Bottacin conferma che non si pu\u00f2, ma apre anche a una possibilit\u00e0: il DPCM permette\u00a0 di lavorare in caso di emergenza soprattutto in un territorio dove il pericolo idrogeologico \u00e8 marcato e le piogge prima o poi arriveranno, forse anche copiose. Nuova iniziativa in Luxottica<span class=\"s1\">\u00a0 a partire dalle prossime settimane, fornir\u00e0 mascherine sanitarie monouso a tutti i lavoratori, per s\u00e9 o per i propri cari.<\/span><\/em><\/p>\n<p>&nbsp;<\/p>\n<p><span style=\"color: #339966;\">di Mirk<\/span>o Mezz<span style=\"color: #ff0000;\">acasa\u00a0<\/span><\/p>\n<p>Accennavano ieri alla scarsa collaborazione Governo-Regioni, al mancato dialogo tra il Premier televisivo Conte e i Presidenti da gennaio sul campo. Ribadiamo oggi la rottura tra il Governo centrale e le strutture periferiche, lo strappo pi\u00f9 evidente arriva dalla Lombardia dove il presidente Fontana ha deciso di riaprire le aziende con il 4 maggio obbligando all&#8217;uso della mascherina, al rispetto delle distanze, ai test sierologici e al lavoro a casa dove possibile. Dopo l&#8217;annuncio apriti cielo, Giuseppe Conte circondato dai sui esperti si dichiara sorpreso, amareggiato e vorrebbe dire di no. La decisione \u00e8 criticata dal Pd e dai 5Stelle mentre Salvini appoggia in toto Fontana, anche l&#8217;Oms &#8211; abbandonato anche da Donald Trump, che taglia i finanziamenti<em> &#8220;perch\u00e9 ha fallito&#8221;<\/em> invita alla cautela la regione Lombardia. In Veneto si dice che ormai il 60% delle aziende sia aperto grazie al tacito assenso delle Prefetture, ma su questo non abbiamo mai sentito una mezza critica dal Premier Conte nonostante il concetto sia stato ribadito a pi\u00f9 riprese dal Governatore Luca Zaia. In Veneto se non ci saranno recrudescenze tra un mese ci potrebbe essere la svolta, almeno stando al famoso modello che detta la linea d&#8217;azione e che si basa sui ricoveri in ospedale, prevede il miglioramento per met\u00e0 maggio. Sulla scuola gli amministratori regionali hanno idee diverse, l&#8217;assessore Elena Donazzan vorrebbe che gli studenti tornassero sui banchi a giugno, oppure durante l&#8217;estate mettendo a rischio anche le ferie dei loro genitori con un&#8217;altra mazzata per il settore turistico che dovr\u00e0 contare sul cliente &#8220;locale&#8221; anche se i tedeschi non hanno ancora disdettato, non tutti, solo il 7% con riferimento alle spiagge di Jesolo. Il Presidente Luca Zaia della riapertura delle scuole prima di settembre non ne vuole nemmeno sentire parlare, anzi \u00e8 contrario anche alle elezioni autunnali che metterebbero e serio rischio la popolazione in caso di ritorno del virus con i primi freddi. Dal mondo scolastico ancora ipotesi: gli studenti potrebbero sostenere l&#8217;esame di stato on line con un colloquio, ma al Ministero si valuta anche la possibilit\u00e0 di una prova in aula. A proposito di turismo, \u00e8 partito il piano per le spiagge, allo studio la possibilit\u00e0 di accesso solo su prenotazione e di App che garantiscano le distanze tra gli ombrelloni, per questo saranno attrezzate tutte le spiagge anche quelle libere. Un altro problema \u00e8 quello dei trasporti, non solo perch\u00e9 affollati dove la gente si inscatola come sardine, ma anche perch\u00e9 sono drasticamente calate le entrate nelle casse regionali, si accenna ad un buco da 100 milioni di euro nel trasporto pubblico. Le opposizioni della regione ieri hanno chiesto alla Giunta di mettere mano al bilancio e di erogare 1000 euro a ciascun dipendente per il servizio sanitario, a medici, infermieri, Oss, personale delle case di riposo,\u00a0 la stessa proposta \u00e8 gi\u00e0 stata fatta nei giorni scorsi in Emilia Romagna e Toscana e la manovra in Veneto costerebbe 60 milioni di euro. A chi invece ha chiesto all&#8217;assessore Elena Donazzan un benefit una tantum per gli insegnati scolastici e soprattutto ferie estive la stessa ha risposto <em>&#8220;Non \u00e8 questo il tempo delle rivendicazioni, ma \u00e8 il tempo di un sacrificio. Ci sono lavoratori non statali in cassa integrazione, a zero reddito, con il posto a rischio. Gli insegnanti che rivendicano un aumento dello stipendio si escluderebbero dalla \u201csolidariet\u00e0 nazionale\u201d.\u00a0 Da contratto di lavoro, i professori sono in servizio per un certo numero di giornate. Non sono in ferie per tre mesi, altrimenti farei anch\u2019io l\u2019insegnante&#8221;.<\/em> I numeri: oltre 216 mila tamponi effettuati in Veneto, l&#8217;obiettivo \u00e8 sempre quello di arrivare a 20 mila tamponi al giorno ed \u00e8 attuabile con la nuova macchina olandese ormai quasi a regime, ieri \u00e8 stato ipotizzato di acquistarne una seconda. Anche per questo i positivi sono sempre pi\u00f9 in aumento, da lunedi 370 in pi\u00f9, numero ovviamente direttamente proporzionale ai tamponi effettuati. Da ieri i conti correnti degli imprenditori con <a class=\"dt-pswp-item\" href=\"https:\/\/www.radiopiu.net\/wordpress\/wp-content\/uploads\/2020\/04\/6c684c98-2515-4e47-b1c3-c506035b79ae.jpg\" data-dt-img-description=\"\" data-large_image_width=\"514\" data-large_image_height=\"677\"><img loading=\"lazy\" decoding=\"async\" class=\" wp-image-130506 alignright\" src=\"https:\/\/www.radiopiu.net\/wordpress\/wp-content\/uploads\/2020\/04\/6c684c98-2515-4e47-b1c3-c506035b79ae.jpg\" alt=\"\" width=\"401\" height=\"529\" srcset=\"https:\/\/www.radiopiu.net\/wordpress\/wp-content\/uploads\/2020\/04\/6c684c98-2515-4e47-b1c3-c506035b79ae.jpg 514w, https:\/\/www.radiopiu.net\/wordpress\/wp-content\/uploads\/2020\/04\/6c684c98-2515-4e47-b1c3-c506035b79ae-228x300.jpg 228w\" sizes=\"auto, (max-width: 401px) 100vw, 401px\" \/><\/a>partita iva si sono arricchiti di 600 euro per effetto del Decreto Cura Italia, in provincia di Belluno sono 12.558 gli autonomi che ne hanno fatto richiesta allo Stato e l&#8217;Inps ha gi\u00e0 chiuso l&#8217;80% delle pratiche accreditando l&#8217;atteso bonus, per la provincia sono previsti 7,5 milioni di euro. Sono 2413 le pratiche per ora bloccate e in fase di studio. Anche in Prefettura si continua a lavorare per far ripartire le aziende in deroga, 47 ditte sono state bocciate senza possibilit\u00e0 di appello perch\u00e9 prive dei requisiti richiesti. No alla riapertura delle attivit\u00e0 commerciali al dettaglio eccetto: alimentari, tabacchi, edicole, farmacie, parafarmacie, lavanderie, pulitura tessili, tintorie e ovviamente pompe funebri. In REGIONE Il numero complessivo di positivi sfiora ormai i 15 mila (14.884), gli attualmente positivi sono poco pi\u00f9 di 10 mila (10879). In calo le persone in isolamento domiciliare (16.958) oltre 1000 in meno dallo scorso fine settimana. In calo anche i pazienti in corsia, 1403 (-11) e in terapia intensiva che sono 214 (-4), ma il numero dei decessi \u00e8 sempre alto, si saranno anche liberati 4 letti di terapia intensiva ma in una sola giornata si sono contate 24 vittime alle quali vanno aggiunte altri 5 decessi in casa di riposo. Il numero totale dei decessi \u00e8 pari a 952, negli ospedali 842. Il cluster di Vo&#8217; rimane la bandiera anche ieri nessun positivo mentre Treviso che da due giorni non registrava contagi ieri anche grazie all&#8217;alto numero di tamponi ha visto il dato schizzare a +100. IN PROVINCIA Anche ieri un decesso, ieri \u00e8 mancato Giuseppe Rossa di Belluno, un 75enne ricoverato in terapia intensiva, 36 il totale dei decessi negli ospedali bellunesi, 15 nelle case di riposo. A Feltre non ci sono pi\u00f9 pazienti ricoverati ed \u00e8 stata chiusa l&#8217;area Covid. \u00a0Aumentano i ricoverati in area non critica a Belluno, +4 al San Martino, -1 nell\u2019ospedale di Comunit\u00e0, +1 ad Agordo. Un paziente in meno in terapia intensiva. Quindi in totale sono 80 i pazienti in ospedale: San Martino 58 e 8 pazienti in terapia intensiva, Feltre 0, Agordo 14. I bellunesi positivi sono 623 (+ 32 rispetto a martedi, da inizio epidemia 751) sono invece 62 i bellunesi dimessi dagli ospedali dal 21 febbraio inizio della pandemia. Ieri il direttore Caldogno \u00e8 intervenuto in diretta facebook e in diretta su RADIO PIU, dettando numeri: tamponi effettuati\u00a0 12.688 Totale tamponi effettuati ai dipendenti ulss 6.032 (i tamponi sono stati effettuati a 2.249 teste comprensive di dipendenti,e medici di continuit\u00e0 assistenziale) su circa 2.490 personale sanitario.test sierologici totali 4.349. Nelle case di riposo ospiti con test sierologico effettuato 2037 tampone effettuato 723 tampone positivo 126. Personale (dipendenti e non)\u00a0\u00a0test sierologici effettuati 1842 tampone effettuato 1086\u00a0\u00a0tampone positivo 79.\u00a0 Le nuove assunzioni: personale aggiuntivo assunto e operativo 34 di cui 15 medici 10 operatori sanitari, 8 infermieri, 1 tecnico di laboratorio. Dei 34 professionisti 14 sono a tempo indeterminato,\u00a0 12 in libera professione,\u00a0 5 rientri di personale in quiescenza,\u00a0 2 trattenuti in servizio,\u00a0 1 tempo determinato.<\/p>\n<p>&nbsp;<\/p>\n","protected":false},"excerpt":{"rendered":"<p>IL BALLETTO DELLE IDEE, IL PRESIDENTE FONTANA FINO A IERI PER LA LINEA DURA VUOLE RIAPRIRE LE INDUSTRIE IL 4 MAGGIO MENTRE SI INDAGA SULLA TRAGEDIA DELLE CASE DI RIPOSO TRA I FLOP,\u00a0 COME QUELLO DELL&#8217;OSPEDALE DELLA FIERA MAI PARTITO (LEONARDO DEL VECCHIO PER QUESTO HA DESTINATO 10 MILIONI DI EURO). IL GOVERNO E&#8217; IRRITATO&hellip;<\/p>\n","protected":false},"author":1,"featured_media":130506,"comment_status":"closed","ping_status":"closed","sticky":false,"template":"","format":"standard","meta":{"_monsterinsights_skip_tracking":false,"_monsterinsights_sitenote_active":false,"_monsterinsights_sitenote_note":"","_monsterinsights_sitenote_category":0,"footnotes":""},"categories":[51,49],"tags":[],"class_list":["post-130576","post","type-post","status-publish","format-standard","has-post-thumbnail","hentry","category-evidenza-top","category-news-18","category-51","category-49","description-off"],"img_url":"https:\/\/www.radiopiu.net\/wordpress\/wp-content\/uploads\/2020\/04\/6c684c98-2515-4e47-b1c3-c506035b79ae.jpg","_links":{"self":[{"href":"https:\/\/www.radiopiu.net\/wordpress\/wp-json\/wp\/v2\/posts\/130576","targetHints":{"allow":["GET"]}}],"collection":[{"href":"https:\/\/www.radiopiu.net\/wordpress\/wp-json\/wp\/v2\/posts"}],"about":[{"href":"https:\/\/www.radiopiu.net\/wordpress\/wp-json\/wp\/v2\/types\/post"}],"author":[{"embeddable":true,"href":"https:\/\/www.radiopiu.net\/wordpress\/wp-json\/wp\/v2\/users\/1"}],"replies":[{"embeddable":true,"href":"https:\/\/www.radiopiu.net\/wordpress\/wp-json\/wp\/v2\/comments?post=130576"}],"version-history":[{"count":0,"href":"https:\/\/www.radiopiu.net\/wordpress\/wp-json\/wp\/v2\/posts\/130576\/revisions"}],"wp:featuredmedia":[{"embeddable":true,"href":"https:\/\/www.radiopiu.net\/wordpress\/wp-json\/wp\/v2\/media\/130506"}],"wp:attachment":[{"href":"https:\/\/www.radiopiu.net\/wordpress\/wp-json\/wp\/v2\/media?parent=130576"}],"wp:term":[{"taxonomy":"category","embeddable":true,"href":"https:\/\/www.radiopiu.net\/wordpress\/wp-json\/wp\/v2\/categories?post=130576"},{"taxonomy":"post_tag","embeddable":true,"href":"https:\/\/www.radiopiu.net\/wordpress\/wp-json\/wp\/v2\/tags?post=130576"}],"curies":[{"name":"wp","href":"https:\/\/api.w.org\/{rel}","templated":true}]}}