{"id":130650,"date":"2020-04-16T12:33:26","date_gmt":"2020-04-16T10:33:26","guid":{"rendered":"https:\/\/www.radiopiu.net\/wordpress\/?p=130650"},"modified":"2020-04-16T13:25:52","modified_gmt":"2020-04-16T11:25:52","slug":"la-conferenza-stampa-del-presidente-del-veneto-luca-zaia-16-aprile-2020","status":"publish","type":"post","link":"https:\/\/www.radiopiu.net\/wordpress\/la-conferenza-stampa-del-presidente-del-veneto-luca-zaia-16-aprile-2020\/","title":{"rendered":"&#8220;LA DIREZIONE E&#8217; PRESA, ABBASSIAMO IL LIVELLO DI GUARDIA NEGLI OSPEDALI, MA LI DENTRO CERCATE DI ANDARCI SEMPRE MENO PER NON INCONTRARE IL VIRUS&#8221;LA CONFERENZA STAMPA DEL PRESIDENTE DEL VENETO LUCA ZAIA 16 APRILE 2020"},"content":{"rendered":"<p><strong>VENEZIA<\/strong> La conferenza stampa di Luca Zaia<\/p>\n<p>&nbsp;<\/p>\n<h2>LEGGI LA CONFERENZA STAMPA DI LUCA ZAIA<\/h2>\n<p><em>Premio? Non applichiamo l&#8217;addizionale Irpef che \u00e8 gi\u00e0 un premio, non fatemela applicare per poi fare un premio come fanno altre Regioni. L&#8217;Avigan? Spero di darvi notizie nelle prossime ore? Le scelte della Lombardia non le valutiamo, stiamo parlando di una riapertura omnicomprensiva a livello nazionale, la Lombardia ha presentato il suo progetto che si rivolve a cittadini sani. Il documento di Confindustria ha presentato un progetto ma noi abbiamo il nostro con la dottoressa Russo, \u00e8 il giusto contributo come molti altri da tenere presente e raccogliere spunti ma non passi l&#8217;idea che lavoriamo sui progetti degli altri. La Germania ha chiuso tutto? Bene qui troveranno qualcuno che li ospita e il tedesco si sente a casa sua.\u00a0<\/em><\/p>\n<p>&nbsp;<\/p>\n<p><strong>I NUMERI<\/strong> 222 644 tamponi effettuati la macchina funziona, nel tempo vi daremo altre informazioni su ulteriori sperimentazioni. 13 902 persone in isolamente si abbassa il numero 14 990 positivi ci sono almeno un centinaio di persone al giorno che vanno dai medici o al pronto soccorso con positivit\u00e0, i dati sono incoraggianti ma il virus continua a creare proeccupazione 1597 ricoverati (-15 rispetto a ieri) terapia intensive 209 (5 in meno di ieri sera) 1895 dimessi, morti 851 in ospedale, 89 i nuovi nati.<\/p>\n<p><strong>LA DIREZIONE E&#8217; PRESA<\/strong> abbassiamo il livello di guardia su alcuni ospedali i malati covid vengono portati altrove,\u00a0 ma temiamo la ricomparsa del virus per questo bisogna rispettare le regole soprattutto usare la mascherina che salva la vita. Oggi Zaia fa lezione di come si indossa. &#8220;Scusatemi se insisto ma \u00e8 un investimento e un fatto sociale e etico che meno cittadini abbiamo bisogno deglio ospedali&#8221;. In strada la mascherina va portata, bisogna abituarsi al suo uso.<\/p>\n<p><strong>LOMBARDIA VUOLE APRIRE DAL 4 MAGGIO L&#8217;ATTIVITA&#8217; ECONOMICA CI SONO RISCHI DI ULTERIORE ESPANSIONE DEL VIRUS?<\/strong> Dal 4 maggio dovremo essere pronti per aprire. E&#8217; un lavoro a livello nazionale, alcune attivit\u00e0 potrebbero essere messe in line di partenza qualche giorno prima. <strong>IN LOMBARDIA 12% DEGENTI A LIVELLO GLOBALE, SE LA SENTE CON QUESTI NUMERI DI APRIRE<\/strong> Fontana vuole adottare alcuni provvedimenti quindi scelta leggittima, non conosco i particolari. Parti sociali e monto imprenditoriale con il Ministero per la Sanit\u00e0 decideranno come riaprire, noi potremo solo inasprire le scelte. Quando si parla di aperture ci rivolgiamo a cittadini sani,\u00a0 opportunaente bardati di mascherina, gel guanti. E&#8217; da decidere se puntare alla convivenza o morire in attes che il virus scompaia come ha fatto Whuan sempre secondo le indicazioni del mondo scientifico. Il comitato scientifico le indicazioni le ha date gi\u00e0.<\/p>\n<p><strong>LA BELLA NOTIZIA L&#8217;INTUIZIONE DEL PROFESSOR PAGANO pubblicazione in corso sul New England Journal of Medicine, potrebbe essere la chiave di volta nella lotta contro il Covid-19.\u00a0<\/strong> Sar\u00e0 pubblicata sulla rivista specializzata in medicina, la fondazione per la ricerca biomedica avanzata e istituto medico medicina molecolare con l&#8217;Universit\u00e0 di Padova e Regione in virtu&#8217; di un&#8217;intuizione del professor Pagano &#8211; visti i dati dei malti di covid- ha visto che i maschi sono quasi il doppio delle donne, intuizione perch\u00e9 c&#8217;\u00e8 una proteina che veicola l&#8217;infezione delle cellule. E&#8217; lo stesso enzima del tumore alla prostata, il farmaco inibisce l&#8217;enzima e la malattia. Chi \u00e8 stato trattato con questo farmaco in teoria non ha avuto problemi con il coronavirus. Potrebbe essere la chiave di volta. Cio\u00e8 sia il tumore alla prostata che il coronavirus utilizzano questo mezzo di trasporto per entrare nell&#8217;organismo e infettarlo.<\/p>\n<p><strong>INCENTIVO AI MEDICI?<\/strong> Confermo che vogliamo farlo. Deve essere meritocratico in base a chi era nei reparti piu&#8217; a rischio. Va discusso con le parti sociali. Non applicando l&#8217;addizionale\u00a0 Irpef e le tasse in questa regione significa per un medico con stipendio medio di 73 mila euro l&#8217;anno significa che ha 4875 euro in piu&#8217;. Tutte le altre regioni questi soldi li prelevano, anche di piu&#8217; a seconda degli scaglioni. Non accetto lezioni in questo senso, vogliamo dare un premio come abbiamo fatto negli ultimi 10 anni non applicando l&#8217;addizionale Irpef. Sono i nostri eroi tutto il personale anche le persone delle pulizia e il premio lo vogliamo comunque dare.<\/p>\n<p><strong>DONAZIONI<\/strong> Damiano ha mandato 20 uova (tre razze) Federico sovraintende si \u00e8 letto le istruzioni per far nascere i pulcini. In totale 52 milioni 260 mila di donazioni importanti. Associazioni Carabinieri San Polo 5000 euro, Aurora e Luca Lovisetto versano 400 euro rinunciando i regali e poi abbiamo un popolo di allevatori tra 8 e 12 anni come Edoardo che si \u00e8 fatto l&#8217;incubtrice con la scatola di scarpe e la stagnola e ha fatto nascere un pulcino.UN VIDEO PER IL MACEDONE INTEGRATO IN VENETO CHE HA DONATO 30 MILA EURO PER L&#8217;UOVO GIGANTE DI CIOCCOLATO l&#8217;uovo sar\u00e0 donato ad un&#8217;associazione. dettaglio: 26 milioni alla Regione (33 mila versamenti), 13 milioni alle Ulss, importo non versati 1.330.000 devono arrivare e 4 milioni 220 mila euro di materiale donato. TOTALE FA 52 MILIONI 260 MILA EURO.<\/p>\n<p><strong>OSPEDALI NO COVID<\/strong> Si dedicheranno solo all&#8217;attivit\u00e0 ospedaliera classica e i covid cerchiamo sempre piu&#8217; di concentrarli non li spostiamo, parliamo di nuovi ricoveri in centri specializzati anche per la facilit\u00e0 degli operatori. Conegliano ad esempio sa che il Covid \u00e8 a Vittorio Veneto.Il consiglio: l&#8217;ospedale \u00e8 il posto meno indicato riguardo a virus e batteri,\u00a0 l&#8217;esposizione al rischio \u00e8 alta, pi\u00f9 che altrove. Per due mesi stiamo avendo un terzo degli accessi, codici bianchi e verdi sono spariti: fate in modo di andarci il meno possibile.<\/p>\n<p><strong>CORRENDO IPOSSIA CON LA MASCHERINA PER SCARSO OSSIGENO NEL SANGUE<\/strong> La mascherina va utilizzata ci vuole ci vuole il buon senso. Prima la salute, poi l&#8217;allenamento, Abbiamo chiuso gli stadi. Se uno pensa di fare allenamenti estremi e non porta la mascherina perche&#8217; deve allenarsi \u00e8 da irresponsabili<\/p>\n<p><strong>OZONO TERAPIA<\/strong> Stiamo andando avanti, dovete avere pazienza non<\/p>\n<p><strong>BUONO SCOLASTICO<\/strong> sarebbe opportuno usarlo in alternativa all&#8217;acquisto del libro per il tablet.<\/p>\n<p><strong>RIPARTENZA<\/strong> Dal 4 se ci sono i presupposti si puo&#8217; ripartire con tutto, estetiste e parrucchieri compresi<\/p>\n<p><strong>CON IL GOVERNO?<\/strong> Speranza sentito anche questa mattina, so che stanno definendo la bozza per il DPCM noi abbiamo di fatto completato il nostro plan per la riapertura scrivendo regole uguali per tutti per la messa in sicurezza domani conferenza con parti sociali e mondo datoriale. Proporremo la nostra bozza.<\/p>\n<p><strong>STRUTTURE PER IMMIGRATI C&#8217;E&#8217; UN PIANO<\/strong> Quello che abbiamo per tutti i cittadini, tamponi, isolamento e cure. Il piano di sanit\u00e0 pubblica \u00e8 uguale per tutti.<\/p>\n<p>&nbsp;<\/p>\n<p>&nbsp;<\/p>\n<p>https:\/\/www.facebook.com\/zaiaufficiale\/videos\/1085923838453061<\/p>\n","protected":false},"excerpt":{"rendered":"<p>VENEZIA La conferenza stampa di Luca Zaia &nbsp; LEGGI LA CONFERENZA STAMPA DI LUCA ZAIA Premio? Non applichiamo l&#8217;addizionale Irpef che \u00e8 gi\u00e0 un premio, non fatemela applicare per poi fare un premio come fanno altre Regioni. L&#8217;Avigan? Spero di darvi notizie nelle prossime ore? Le scelte della Lombardia non le valutiamo, stiamo parlando di&hellip;<\/p>\n","protected":false},"author":4,"featured_media":121391,"comment_status":"closed","ping_status":"closed","sticky":false,"template":"","format":"standard","meta":{"_monsterinsights_skip_tracking":false,"_monsterinsights_sitenote_active":false,"_monsterinsights_sitenote_note":"","_monsterinsights_sitenote_category":0,"footnotes":""},"categories":[51,49],"tags":[],"class_list":["post-130650","post","type-post","status-publish","format-standard","has-post-thumbnail","hentry","category-evidenza-top","category-news-18","category-51","category-49","description-off"],"img_url":"https:\/\/www.radiopiu.net\/wordpress\/wp-content\/uploads\/2020\/03\/covid-zaia.jpg","_links":{"self":[{"href":"https:\/\/www.radiopiu.net\/wordpress\/wp-json\/wp\/v2\/posts\/130650","targetHints":{"allow":["GET"]}}],"collection":[{"href":"https:\/\/www.radiopiu.net\/wordpress\/wp-json\/wp\/v2\/posts"}],"about":[{"href":"https:\/\/www.radiopiu.net\/wordpress\/wp-json\/wp\/v2\/types\/post"}],"author":[{"embeddable":true,"href":"https:\/\/www.radiopiu.net\/wordpress\/wp-json\/wp\/v2\/users\/4"}],"replies":[{"embeddable":true,"href":"https:\/\/www.radiopiu.net\/wordpress\/wp-json\/wp\/v2\/comments?post=130650"}],"version-history":[{"count":0,"href":"https:\/\/www.radiopiu.net\/wordpress\/wp-json\/wp\/v2\/posts\/130650\/revisions"}],"wp:featuredmedia":[{"embeddable":true,"href":"https:\/\/www.radiopiu.net\/wordpress\/wp-json\/wp\/v2\/media\/121391"}],"wp:attachment":[{"href":"https:\/\/www.radiopiu.net\/wordpress\/wp-json\/wp\/v2\/media?parent=130650"}],"wp:term":[{"taxonomy":"category","embeddable":true,"href":"https:\/\/www.radiopiu.net\/wordpress\/wp-json\/wp\/v2\/categories?post=130650"},{"taxonomy":"post_tag","embeddable":true,"href":"https:\/\/www.radiopiu.net\/wordpress\/wp-json\/wp\/v2\/tags?post=130650"}],"curies":[{"name":"wp","href":"https:\/\/api.w.org\/{rel}","templated":true}]}}