{"id":130718,"date":"2020-04-16T15:24:05","date_gmt":"2020-04-16T13:24:05","guid":{"rendered":"https:\/\/www.radiopiu.net\/wordpress\/?p=130718"},"modified":"2020-04-16T15:24:05","modified_gmt":"2020-04-16T13:24:05","slug":"generosita-che-commuove-grazie-martina","status":"publish","type":"post","link":"https:\/\/www.radiopiu.net\/wordpress\/generosita-che-commuove-grazie-martina\/","title":{"rendered":"GENEROSITA&#8217; CHE COMMUOVE, GRAZIE MARTINA"},"content":{"rendered":"<p><strong><a class=\"dt-pswp-item\" href=\"https:\/\/www.radiopiu.net\/wordpress\/wp-content\/uploads\/2020\/04\/martina-scaled.jpg\" data-dt-img-description=\"\" data-large_image_width=\"1920\" data-large_image_height=\"2560\"><img loading=\"lazy\" decoding=\"async\" class=\"size-medium wp-image-130720 alignleft\" src=\"https:\/\/www.radiopiu.net\/wordpress\/wp-content\/uploads\/2020\/04\/martina-225x300.jpg\" alt=\"\" width=\"225\" height=\"300\" srcset=\"https:\/\/www.radiopiu.net\/wordpress\/wp-content\/uploads\/2020\/04\/martina-225x300.jpg 225w, https:\/\/www.radiopiu.net\/wordpress\/wp-content\/uploads\/2020\/04\/martina-768x1024.jpg 768w, https:\/\/www.radiopiu.net\/wordpress\/wp-content\/uploads\/2020\/04\/martina-1152x1536.jpg 1152w, https:\/\/www.radiopiu.net\/wordpress\/wp-content\/uploads\/2020\/04\/martina-1536x2048.jpg 1536w, https:\/\/www.radiopiu.net\/wordpress\/wp-content\/uploads\/2020\/04\/martina-scaled.jpg 1920w\" sizes=\"auto, (max-width: 225px) 100vw, 225px\" \/><\/a>BELLUNO\u00a0<\/strong> Martina ha recapitato all\u2019ospedale di Belluno, tramite i volontari della Protezione Civile una letterina per i sanitari e i pazienti delle aree COVID con un colorato messaggio e i suoi risparmi. Questo il messaggio: <em>\u201cPer l\u2019ospedale da Martina. Ciao a tutte le dottoresse e ai dottori, spero che stiate bene. io sono molto preoccupata per voi e soprattutto per gli ammalati che hanno il coronavirus. State tranquilli, io vi proteggo. Spero che nessuno di voi abbia questo virus comunque io rispetto le regole. Vi mando tanti baci e abbracci. (Ho un pensiero dalla mia musina)\u201d<\/em> Dalla sua \u201cmusina\u201d infatti, la piccola Martina ha inviato 10,20 euro che sono stati versati sul conto corrente dedicato dell\u2019Ulss Dolomiti per l\u2019emergenza COVID. L\u2019Ulss Dolomiti ringrazia Martina per la generosit\u00e0 e la sensibilit\u00e0 dimostrata, con creativit\u00e0 e un messaggio molto forte che ha commosso.<\/p>\n","protected":false},"excerpt":{"rendered":"<p>BELLUNO\u00a0 Martina ha recapitato all\u2019ospedale di Belluno, tramite i volontari della Protezione Civile una letterina per i sanitari e i pazienti delle aree COVID con un colorato messaggio e i suoi risparmi. Questo il messaggio: \u201cPer l\u2019ospedale da Martina. Ciao a tutte le dottoresse e ai dottori, spero che stiate bene. io sono molto preoccupata&hellip;<\/p>\n","protected":false},"author":1,"featured_media":130720,"comment_status":"closed","ping_status":"closed","sticky":false,"template":"","format":"standard","meta":{"_monsterinsights_skip_tracking":false,"_monsterinsights_sitenote_active":false,"_monsterinsights_sitenote_note":"","_monsterinsights_sitenote_category":0,"footnotes":""},"categories":[49],"tags":[],"class_list":["post-130718","post","type-post","status-publish","format-standard","has-post-thumbnail","hentry","category-news-18","category-49","description-off"],"img_url":"https:\/\/www.radiopiu.net\/wordpress\/wp-content\/uploads\/2020\/04\/martina-scaled.jpg","_links":{"self":[{"href":"https:\/\/www.radiopiu.net\/wordpress\/wp-json\/wp\/v2\/posts\/130718","targetHints":{"allow":["GET"]}}],"collection":[{"href":"https:\/\/www.radiopiu.net\/wordpress\/wp-json\/wp\/v2\/posts"}],"about":[{"href":"https:\/\/www.radiopiu.net\/wordpress\/wp-json\/wp\/v2\/types\/post"}],"author":[{"embeddable":true,"href":"https:\/\/www.radiopiu.net\/wordpress\/wp-json\/wp\/v2\/users\/1"}],"replies":[{"embeddable":true,"href":"https:\/\/www.radiopiu.net\/wordpress\/wp-json\/wp\/v2\/comments?post=130718"}],"version-history":[{"count":0,"href":"https:\/\/www.radiopiu.net\/wordpress\/wp-json\/wp\/v2\/posts\/130718\/revisions"}],"wp:featuredmedia":[{"embeddable":true,"href":"https:\/\/www.radiopiu.net\/wordpress\/wp-json\/wp\/v2\/media\/130720"}],"wp:attachment":[{"href":"https:\/\/www.radiopiu.net\/wordpress\/wp-json\/wp\/v2\/media?parent=130718"}],"wp:term":[{"taxonomy":"category","embeddable":true,"href":"https:\/\/www.radiopiu.net\/wordpress\/wp-json\/wp\/v2\/categories?post=130718"},{"taxonomy":"post_tag","embeddable":true,"href":"https:\/\/www.radiopiu.net\/wordpress\/wp-json\/wp\/v2\/tags?post=130718"}],"curies":[{"name":"wp","href":"https:\/\/api.w.org\/{rel}","templated":true}]}}