{"id":130812,"date":"2020-04-16T23:59:37","date_gmt":"2020-04-16T21:59:37","guid":{"rendered":"https:\/\/www.radiopiu.net\/wordpress\/?p=130812"},"modified":"2020-04-16T23:17:34","modified_gmt":"2020-04-16T21:17:34","slug":"val-belluna-e-il-libro-atlante-di-capitelli-cappelle-ed-edicole-di-renato-bona","status":"publish","type":"post","link":"https:\/\/www.radiopiu.net\/wordpress\/val-belluna-e-il-libro-atlante-di-capitelli-cappelle-ed-edicole-di-renato-bona\/","title":{"rendered":"VAL BELLUNA E  IL LIBRO-ATLANTE DI CAPITELLI, CAPPELLE ED EDICOLE di Renato Bona"},"content":{"rendered":"<p><strong><a class=\"dt-pswp-item\" href=\"https:\/\/www.radiopiu.net\/wordpress\/wp-content\/uploads\/2019\/08\/553085_385905871470280_1626001170_n-1.jpg\" data-dt-img-description=\"\" data-large_image_width=\"855\" data-large_image_height=\"569\"><img loading=\"lazy\" decoding=\"async\" class=\"alignleft  wp-image-94594\" src=\"https:\/\/www.radiopiu.net\/wordpress\/wp-content\/uploads\/2019\/08\/553085_385905871470280_1626001170_n-1-300x200.jpg\" alt=\"\" width=\"173\" height=\"115\" srcset=\"https:\/\/www.radiopiu.net\/wordpress\/wp-content\/uploads\/2019\/08\/553085_385905871470280_1626001170_n-1-300x200.jpg 300w, https:\/\/www.radiopiu.net\/wordpress\/wp-content\/uploads\/2019\/08\/553085_385905871470280_1626001170_n-1-768x511.jpg 768w, https:\/\/www.radiopiu.net\/wordpress\/wp-content\/uploads\/2019\/08\/553085_385905871470280_1626001170_n-1.jpg 855w\" sizes=\"auto, (max-width: 173px) 100vw, 173px\" \/><\/a>di Renato Bona\u00a0<\/strong><\/p>\n<p>Il 14 dicembre 1998 la comunit\u00e0 montana Val Belluna ha approvato il progetto \u201cI capitelli del territorio di Limana, Sedico e Sospirolo &#8211; Il recupero della Via Crucis\u201d per interventi di restauro e conservazione che hanno beneficiato di finanziamento comunitario nell\u2019ambito del Programma Leader II attuato dal Gruppo di azione locale Gal 2 Prealpi e Dolomiti bellunesi e feltrine\u201d. La \u201cVal Belluna\u201d ha quindi affidato il relativo incarico di inventariazione, catalogazione, schedatura delle \u201ctestimonianze minori\u201d, oltre alla redazione di un piano di intervento-progetto di recupero per la \u201cVia Crucis di Limana, al gruppo professionale coordinato dall\u2019architetto Renato Da Re di Sedico (architetto Lio Parcianello; Gianni De Vecchi per le ricerche storiche su Sedico e Sospirolo; Michele Buoso per quelle su Limana). In conclusione dell\u2019intensa attivit\u00e0 \u00e8 stato dato alle stampe nel novembre del 2001 (Promotor di Cal de Formiga di Santa Giustina) un prezioso volume intitolato \u201cAtlante dei capitelli, cappelle, edicole, con piani di restauro e conservazione. Inventario e catalogo del patrimonio esistente\u201d. SEDICO. 26 soggetti tra capitelli, edicole ed altari \u201ctari\u00f2l\u201d) lungo due itinerari nella parte bassa ed in quella alta del comune, col primo che parte da Sedico e termina a Carmegn al confine con Belluno toccando Landris, Seghe di Villa, Villa, Meli, Bribano. Bribanet, Villabrosa, Longano, Maieran, Gresal, Roncada, Noal, Roe Alte, Poian, Roe Basse, Prapavei, Boscon e appunto Carmegn: 10 capitelli, 4 nicchie, 4 tra altarioli e croci; c\u2019\u00e8 a questo punto un\u2019opportuna segnalazione: la presenza di \u201cimportanti emergenze architettoniche che arricchiscono l\u2019offerta turistico-culturale: le residenze nobiliari di Landris, villa Patt, villa Crotta, numerose chiese e chiesette, nuclei e borghi rurali, il castelliere di No\u00e0l\u201d. L\u2019altro itinerario muove da Peron, per concludersi a Barp; anche questo confina con Belluno dopo aver toccato Peron, Casate, Passo Cervo, Bolago, Libano e Barp\u00ac: individuati 6 capitelli, 1 nicchia ed un altari olio. Altra utile segnalazione: \u201clungo questo itinerario sono collocate due tra le pi\u00f9 importanti testimonianze architettoniche: il capitello della Madonna \u2018del la Son\u2019 (o Madonna di Pescul) a Passo Cervo, sopra Peron, e quello della Madonna del Carmine di Libano. Il percorso si caratterizza per le particolari caratteristiche del paesaggio ai piedi del monte Peron, per le vedute panoramiche (la Certosa di Vedana sull\u2019altra sponda del Cordevole) ed i paesaggi della Val Belluna che si godono dai dintorni di Libano\u201d. SOSPIROLO. 26 tra capitelli, edicole, pitture murali ed altari. Anche qui due itinerari: uno nella parte sud-occidentale del paese, l\u2019altro in quella nord-orientale e nella valle del Mis. Nel primo, da Sospirolo ad Oregne ai confini con Santa Giustina, si trovano 6 capitelli, 3 edicole, 3 pitture murali ed altrettanti altarioli e tocca Sospirolo, Campanil, Susin, Maras, Levinoz, Moldoi, San Zenon e Campaz; il secondo che va dalla Certosa di Vedana termina nella Valle del Mis, contempla 4 capitelli, 1 edicola e 6 altarioli passando per Torbe, Belvedere, Gron, Camolino, Mezzaterra, Mis, Pascoli, Gena Bassa, Media, Alta, Nusieda. Qui si trovano \u201calcuni degli esempi pi\u00f9 importanti dell\u2019architettura religiosa della zona: la Certosa di Vedana, la chiesa di Santa Giuliana e quella di San Michele sopra Mis. Inoltre il percorso si caratterizza per le contraddizioni del paesaggio: dalle campagne di Gron alla selvaggia valle del Mis, dal paesaggio lunare delle Masiere all\u2019oasi naturale delle Torbe\u201d. LIMANA. 29 tra capitelli, edicole, pitture murali ed altari. Qui gli itinerari sono tre oltre a quello della Via Crucis (per la sua unicit\u00e0 \u00e8 stato considerato itinerario a se stante ed accompagnato da un piano di valorizzazione con progetto di restauro \u201cpilota\u201d). Il primo da Limana attraverso la comunale di Val Fiera termina a Valmorel ed \u00e8 il pi\u00f9 ricco di testimonianze dato che vi sono 12 capitelli e 5 edicole attraverso Cesa, Pieve, Can\u00e8, Triches, Navenze e Valmorel, oltre a due brevi deviazioni a Polentes e Cross. Interessante in particolare per \u201cpregevoli nuclei ed edifici di antico impianto\u201d. Il secondo parte da Valmorel e torna a Limana lungo la comunale della Val Piana, toccando Laste e Gia\u00f2n. Due importanti capitelli: Laste (il pi\u00f9 antico del comune) e quello di Santa Rita in Val Piana, legato alla figura del giornalista e scrittore bellunese Dino Buzzati; considerati minori un \u201ctariol\u201d ed una piccola edicola. Ed eccoci al terzo che muove da Limana e tocca Navasa e Ceresera; qui vi sono solo tre manufatti uno dei quali \u00e8 il capitello di Col di Navasa, originale per forma e materiali utilizzati. NELLE FOTO (riproduzioni delle immagini di Renato Da Re dall\u2019Atlante dei capitelli, Cappelle, Edicole): il capitello di Sant\u2019Antonio a Landris, di Vincenzo Pagnussat; la nicchia di Sant\u2019Antonio a Seghe di Villa; il capitello case Tibolla di Villa, tutti di Sedico; l\u2019edicola della Madonna presso la Certosa di Vedana; il capitello della Madonna a Maras; la pittura murale di S. Antonio da Padova e Madonna con Bambino a San Zenon, tutti di Sospirolo; l\u2019antico capitello a Laste; l\u2019edicola di Santa Barbara a Triches; il capitello di Santa Chiara a Navasa, tutti di Limana.<\/p>\n\n\t\t\t<style type='text\/css'>\n\t\t\t\t#gallery-1 {\n\t\t\t\t\tmargin: auto;\n\t\t\t\t}\n\t\t\t\t#gallery-1 .gallery-item {\n\t\t\t\t\tfloat: left;\n\t\t\t\t\tmargin-top: 10px;\n\t\t\t\t\ttext-align: center;\n\t\t\t\t\twidth: 33%;\n\t\t\t\t}\n\t\t\t\t#gallery-1 img {\n\t\t\t\t\tborder: 2px solid #cfcfcf;\n\t\t\t\t}\n\t\t\t\t#gallery-1 .gallery-caption {\n\t\t\t\t\tmargin-left: 0;\n\t\t\t\t}\n\t\t\t\t\/* see gallery_shortcode() in wp-includes\/media.php *\/\n\t\t\t<\/style>\n\t\t<div id='gallery-1' class='dt-gallery-container gallery galleryid-130812 gallery-columns-3 gallery-size-thumbnail'><dl class='gallery-item'>\n\t\t\t\t<dt class='gallery-icon landscape'>\n\t\t\t\t\t<a class=\"rollover\" href='https:\/\/www.radiopiu.net\/wordpress\/val-belluna-e-il-libro-atlante-di-capitelli-cappelle-ed-edicole-di-renato-bona\/93683483_2701886983272203_4874263534172635136_n\/'><img loading=\"lazy\" decoding=\"async\" width=\"150\" height=\"150\" src=\"https:\/\/www.radiopiu.net\/wordpress\/wp-content\/uploads\/2020\/04\/93683483_2701886983272203_4874263534172635136_n-150x150.jpg\" class=\"attachment-thumbnail size-thumbnail\" alt=\"\" \/><\/a>\n\t\t\t\t<\/dt><\/dl><dl class='gallery-item'>\n\t\t\t\t<dt class='gallery-icon landscape'>\n\t\t\t\t\t<a class=\"rollover\" href='https:\/\/www.radiopiu.net\/wordpress\/val-belluna-e-il-libro-atlante-di-capitelli-cappelle-ed-edicole-di-renato-bona\/93387174_541065516813168_6388930836833501184_n\/'><img loading=\"lazy\" decoding=\"async\" width=\"150\" height=\"150\" src=\"https:\/\/www.radiopiu.net\/wordpress\/wp-content\/uploads\/2020\/04\/93387174_541065516813168_6388930836833501184_n-150x150.jpg\" class=\"attachment-thumbnail size-thumbnail\" alt=\"\" srcset=\"https:\/\/www.radiopiu.net\/wordpress\/wp-content\/uploads\/2020\/04\/93387174_541065516813168_6388930836833501184_n-150x150.jpg 150w, https:\/\/www.radiopiu.net\/wordpress\/wp-content\/uploads\/2020\/04\/93387174_541065516813168_6388930836833501184_n-300x300.jpg 300w, https:\/\/www.radiopiu.net\/wordpress\/wp-content\/uploads\/2020\/04\/93387174_541065516813168_6388930836833501184_n-1024x1021.jpg 1024w, https:\/\/www.radiopiu.net\/wordpress\/wp-content\/uploads\/2020\/04\/93387174_541065516813168_6388930836833501184_n-768x766.jpg 768w, https:\/\/www.radiopiu.net\/wordpress\/wp-content\/uploads\/2020\/04\/93387174_541065516813168_6388930836833501184_n-1536x1532.jpg 1536w, https:\/\/www.radiopiu.net\/wordpress\/wp-content\/uploads\/2020\/04\/93387174_541065516813168_6388930836833501184_n-2048x2042.jpg 2048w\" sizes=\"auto, (max-width: 150px) 100vw, 150px\" \/><\/a>\n\t\t\t\t<\/dt><\/dl><dl class='gallery-item'>\n\t\t\t\t<dt class='gallery-icon landscape'>\n\t\t\t\t\t<a class=\"rollover\" href='https:\/\/www.radiopiu.net\/wordpress\/val-belluna-e-il-libro-atlante-di-capitelli-cappelle-ed-edicole-di-renato-bona\/94036241_247939206612294_4723585086312677376_n\/'><img loading=\"lazy\" decoding=\"async\" width=\"150\" height=\"150\" src=\"https:\/\/www.radiopiu.net\/wordpress\/wp-content\/uploads\/2020\/04\/94036241_247939206612294_4723585086312677376_n-150x150.jpg\" class=\"attachment-thumbnail size-thumbnail\" alt=\"\" \/><\/a>\n\t\t\t\t<\/dt><\/dl><br style=\"clear: both\" \/><dl class='gallery-item'>\n\t\t\t\t<dt class='gallery-icon landscape'>\n\t\t\t\t\t<a class=\"rollover\" href='https:\/\/www.radiopiu.net\/wordpress\/val-belluna-e-il-libro-atlante-di-capitelli-cappelle-ed-edicole-di-renato-bona\/93485351_227315558489493_8476323039049416704_n\/'><img loading=\"lazy\" decoding=\"async\" width=\"150\" height=\"150\" src=\"https:\/\/www.radiopiu.net\/wordpress\/wp-content\/uploads\/2020\/04\/93485351_227315558489493_8476323039049416704_n-150x150.jpg\" class=\"attachment-thumbnail size-thumbnail\" alt=\"\" srcset=\"https:\/\/www.radiopiu.net\/wordpress\/wp-content\/uploads\/2020\/04\/93485351_227315558489493_8476323039049416704_n-150x150.jpg 150w, https:\/\/www.radiopiu.net\/wordpress\/wp-content\/uploads\/2020\/04\/93485351_227315558489493_8476323039049416704_n-300x300.jpg 300w, https:\/\/www.radiopiu.net\/wordpress\/wp-content\/uploads\/2020\/04\/93485351_227315558489493_8476323039049416704_n-1024x1022.jpg 1024w, https:\/\/www.radiopiu.net\/wordpress\/wp-content\/uploads\/2020\/04\/93485351_227315558489493_8476323039049416704_n-768x766.jpg 768w, https:\/\/www.radiopiu.net\/wordpress\/wp-content\/uploads\/2020\/04\/93485351_227315558489493_8476323039049416704_n-1536x1533.jpg 1536w, https:\/\/www.radiopiu.net\/wordpress\/wp-content\/uploads\/2020\/04\/93485351_227315558489493_8476323039049416704_n-2048x2043.jpg 2048w\" sizes=\"auto, (max-width: 150px) 100vw, 150px\" \/><\/a>\n\t\t\t\t<\/dt><\/dl><dl class='gallery-item'>\n\t\t\t\t<dt class='gallery-icon portrait'>\n\t\t\t\t\t<a class=\"rollover\" href='https:\/\/www.radiopiu.net\/wordpress\/val-belluna-e-il-libro-atlante-di-capitelli-cappelle-ed-edicole-di-renato-bona\/93494203_660468241455156_7712975155751813120_n\/'><img loading=\"lazy\" decoding=\"async\" width=\"150\" height=\"150\" src=\"https:\/\/www.radiopiu.net\/wordpress\/wp-content\/uploads\/2020\/04\/93494203_660468241455156_7712975155751813120_n-150x150.jpg\" class=\"attachment-thumbnail size-thumbnail\" alt=\"\" \/><\/a>\n\t\t\t\t<\/dt><\/dl><dl class='gallery-item'>\n\t\t\t\t<dt class='gallery-icon landscape'>\n\t\t\t\t\t<a class=\"rollover\" href='https:\/\/www.radiopiu.net\/wordpress\/val-belluna-e-il-libro-atlante-di-capitelli-cappelle-ed-edicole-di-renato-bona\/93714052_2692428030885762_3833128762581450752_n\/'><img loading=\"lazy\" decoding=\"async\" width=\"150\" height=\"150\" src=\"https:\/\/www.radiopiu.net\/wordpress\/wp-content\/uploads\/2020\/04\/93714052_2692428030885762_3833128762581450752_n-150x150.jpg\" class=\"attachment-thumbnail size-thumbnail\" alt=\"\" \/><\/a>\n\t\t\t\t<\/dt><\/dl><br style=\"clear: both\" \/><dl class='gallery-item'>\n\t\t\t\t<dt class='gallery-icon portrait'>\n\t\t\t\t\t<a class=\"rollover\" href='https:\/\/www.radiopiu.net\/wordpress\/val-belluna-e-il-libro-atlante-di-capitelli-cappelle-ed-edicole-di-renato-bona\/93776944_216087333162600_6288229302739664896_n\/'><img loading=\"lazy\" decoding=\"async\" width=\"150\" height=\"150\" src=\"https:\/\/www.radiopiu.net\/wordpress\/wp-content\/uploads\/2020\/04\/93776944_216087333162600_6288229302739664896_n-150x150.jpg\" class=\"attachment-thumbnail size-thumbnail\" alt=\"\" \/><\/a>\n\t\t\t\t<\/dt><\/dl><dl class='gallery-item'>\n\t\t\t\t<dt class='gallery-icon portrait'>\n\t\t\t\t\t<a class=\"rollover\" href='https:\/\/www.radiopiu.net\/wordpress\/val-belluna-e-il-libro-atlante-di-capitelli-cappelle-ed-edicole-di-renato-bona\/93856338_235229404224610_7216539217654972416_n\/'><img loading=\"lazy\" decoding=\"async\" width=\"150\" height=\"150\" src=\"https:\/\/www.radiopiu.net\/wordpress\/wp-content\/uploads\/2020\/04\/93856338_235229404224610_7216539217654972416_n-150x150.jpg\" class=\"attachment-thumbnail size-thumbnail\" alt=\"\" \/><\/a>\n\t\t\t\t<\/dt><\/dl><dl class='gallery-item'>\n\t\t\t\t<dt class='gallery-icon portrait'>\n\t\t\t\t\t<a class=\"rollover\" href='https:\/\/www.radiopiu.net\/wordpress\/val-belluna-e-il-libro-atlante-di-capitelli-cappelle-ed-edicole-di-renato-bona\/93219751_572102893409590_933031655931641856_n\/'><img loading=\"lazy\" decoding=\"async\" width=\"150\" height=\"150\" src=\"https:\/\/www.radiopiu.net\/wordpress\/wp-content\/uploads\/2020\/04\/93219751_572102893409590_933031655931641856_n-150x150.jpg\" class=\"attachment-thumbnail size-thumbnail\" alt=\"\" \/><\/a>\n\t\t\t\t<\/dt><\/dl><br style=\"clear: both\" \/>\n\t\t\t<\/div>\n\n","protected":false},"excerpt":{"rendered":"<p>di Renato Bona\u00a0 Il 14 dicembre 1998 la comunit\u00e0 montana Val Belluna ha approvato il progetto \u201cI capitelli del territorio di Limana, Sedico e Sospirolo &#8211; Il recupero della Via Crucis\u201d per interventi di restauro e conservazione che hanno beneficiato di finanziamento comunitario nell\u2019ambito del Programma Leader II attuato dal Gruppo di azione locale Gal&hellip;<\/p>\n","protected":false},"author":4,"featured_media":130818,"comment_status":"closed","ping_status":"closed","sticky":false,"template":"","format":"standard","meta":{"_monsterinsights_skip_tracking":false,"_monsterinsights_sitenote_active":false,"_monsterinsights_sitenote_note":"","_monsterinsights_sitenote_category":0,"footnotes":""},"categories":[49],"tags":[],"class_list":["post-130812","post","type-post","status-publish","format-standard","has-post-thumbnail","hentry","category-news-18","category-49","description-off"],"img_url":"https:\/\/www.radiopiu.net\/wordpress\/wp-content\/uploads\/2020\/04\/93714052_2692428030885762_3833128762581450752_n.jpg","_links":{"self":[{"href":"https:\/\/www.radiopiu.net\/wordpress\/wp-json\/wp\/v2\/posts\/130812","targetHints":{"allow":["GET"]}}],"collection":[{"href":"https:\/\/www.radiopiu.net\/wordpress\/wp-json\/wp\/v2\/posts"}],"about":[{"href":"https:\/\/www.radiopiu.net\/wordpress\/wp-json\/wp\/v2\/types\/post"}],"author":[{"embeddable":true,"href":"https:\/\/www.radiopiu.net\/wordpress\/wp-json\/wp\/v2\/users\/4"}],"replies":[{"embeddable":true,"href":"https:\/\/www.radiopiu.net\/wordpress\/wp-json\/wp\/v2\/comments?post=130812"}],"version-history":[{"count":0,"href":"https:\/\/www.radiopiu.net\/wordpress\/wp-json\/wp\/v2\/posts\/130812\/revisions"}],"wp:featuredmedia":[{"embeddable":true,"href":"https:\/\/www.radiopiu.net\/wordpress\/wp-json\/wp\/v2\/media\/130818"}],"wp:attachment":[{"href":"https:\/\/www.radiopiu.net\/wordpress\/wp-json\/wp\/v2\/media?parent=130812"}],"wp:term":[{"taxonomy":"category","embeddable":true,"href":"https:\/\/www.radiopiu.net\/wordpress\/wp-json\/wp\/v2\/categories?post=130812"},{"taxonomy":"post_tag","embeddable":true,"href":"https:\/\/www.radiopiu.net\/wordpress\/wp-json\/wp\/v2\/tags?post=130812"}],"curies":[{"name":"wp","href":"https:\/\/api.w.org\/{rel}","templated":true}]}}