{"id":130869,"date":"2020-04-17T06:51:37","date_gmt":"2020-04-17T04:51:37","guid":{"rendered":"https:\/\/www.radiopiu.net\/wordpress\/?p=130869"},"modified":"2020-04-17T06:51:37","modified_gmt":"2020-04-17T04:51:37","slug":"la-lettera-del-cai","status":"publish","type":"post","link":"https:\/\/www.radiopiu.net\/wordpress\/la-lettera-del-cai\/","title":{"rendered":"LA LETTERA DEL CAI\u00a0"},"content":{"rendered":"<h2><\/h2>\n<p><strong>di Renato Frigo_Presidente.<\/strong><\/p>\n<p>Oramai sono passati 40 giorni da quando le giuste ordinanze per il contenimento della diffusione del virus COVID-19 hanno obbligato quasi tutti a rimanere a casa. A detta degli esperti sembra che la fase pi\u00f9 aggressiva sia passata e si stia avvicinando il momento in cui si dovr\u00e0 convivere con il virus, in attesa di cure mirate e di un vaccino. Conviverci e ripartire, pur tra mille incertezze diventa un imperativo. Una delle grande incertezze riguarda le strutture alpine in quota, i rifugi. Quelli che si raggiungono dopo ore di cammino, che presentano spazi ridotti e camere con pi\u00f9 letti a castello prive di servizi privati, garantire il distanziamento, la continua sanificazione degli ambienti e il minor contatto sociale risulta molto difficile. I rifugi non sono solo \u00abstrutture\u00bb di ricezione turistica, contenitori di presenze o una meta gastronomica, , ma sono luoghi di vita, anche alternativa per chi li gestisce e per chi li frequenta, elementi fondamentali dell\u2019offerta turistica delle montagna Veneta. I rifugi di propriet\u00e0 o gestiti dalle sezioni CAI del Veneto sono 37, per un complessivo di 1904 posti letto e 2931 posti a sedere. Vista la peculiarit\u00e0 del problema, il CAI del Veneto si far\u00e0 promotore nei prossimi giorni di contattare medici esperti, rifugisti e altre figure competenti, affinch\u00e9 possano elaborare una serie di indicazioni a supporto delle regole che le autorit\u00e0 regionali dovranno emanare nei prossimi giorni per la riapertura della stagione turistica. Ai rifugisti ribadiamo la disponibilit\u00e0 nel valutare le difficolt\u00e0 che potrebbero insorgere nei prossimi mesi per una rigorosa applicazione del distanziamento sociale, con conseguente consistente riduzione delle presenze. Ognuno per la propria parte, con un rinnovato senso civico e solidale \u201cinsieme ce la faremo\u201d.<\/p>\n","protected":false},"excerpt":{"rendered":"<p>di Renato Frigo_Presidente. Oramai sono passati 40 giorni da quando le giuste ordinanze per il contenimento della diffusione del virus COVID-19 hanno obbligato quasi tutti a rimanere a casa. A detta degli esperti sembra che la fase pi\u00f9 aggressiva sia passata e si stia avvicinando il momento in cui si dovr\u00e0 convivere con il virus,&hellip;<\/p>\n","protected":false},"author":1,"featured_media":108669,"comment_status":"closed","ping_status":"closed","sticky":false,"template":"","format":"standard","meta":{"_monsterinsights_skip_tracking":false,"_monsterinsights_sitenote_active":false,"_monsterinsights_sitenote_note":"","_monsterinsights_sitenote_category":0,"footnotes":""},"categories":[49],"tags":[],"class_list":["post-130869","post","type-post","status-publish","format-standard","has-post-thumbnail","hentry","category-news-18","category-49","description-off"],"img_url":"https:\/\/www.radiopiu.net\/wordpress\/wp-content\/uploads\/2019\/12\/cai-auronzo-2019-tabellazione.jpg","_links":{"self":[{"href":"https:\/\/www.radiopiu.net\/wordpress\/wp-json\/wp\/v2\/posts\/130869","targetHints":{"allow":["GET"]}}],"collection":[{"href":"https:\/\/www.radiopiu.net\/wordpress\/wp-json\/wp\/v2\/posts"}],"about":[{"href":"https:\/\/www.radiopiu.net\/wordpress\/wp-json\/wp\/v2\/types\/post"}],"author":[{"embeddable":true,"href":"https:\/\/www.radiopiu.net\/wordpress\/wp-json\/wp\/v2\/users\/1"}],"replies":[{"embeddable":true,"href":"https:\/\/www.radiopiu.net\/wordpress\/wp-json\/wp\/v2\/comments?post=130869"}],"version-history":[{"count":0,"href":"https:\/\/www.radiopiu.net\/wordpress\/wp-json\/wp\/v2\/posts\/130869\/revisions"}],"wp:featuredmedia":[{"embeddable":true,"href":"https:\/\/www.radiopiu.net\/wordpress\/wp-json\/wp\/v2\/media\/108669"}],"wp:attachment":[{"href":"https:\/\/www.radiopiu.net\/wordpress\/wp-json\/wp\/v2\/media?parent=130869"}],"wp:term":[{"taxonomy":"category","embeddable":true,"href":"https:\/\/www.radiopiu.net\/wordpress\/wp-json\/wp\/v2\/categories?post=130869"},{"taxonomy":"post_tag","embeddable":true,"href":"https:\/\/www.radiopiu.net\/wordpress\/wp-json\/wp\/v2\/tags?post=130869"}],"curies":[{"name":"wp","href":"https:\/\/api.w.org\/{rel}","templated":true}]}}